{"id":15827,"date":"2021-01-04T12:33:45","date_gmt":"2021-01-04T12:33:45","guid":{"rendered":"https:\/\/www.africa-press.net\/togo\/politique\/cedeao-limitation-de-mandat-le-syndicat-interpelle"},"modified":"2021-01-04T12:33:45","modified_gmt":"2021-01-04T12:33:45","slug":"cedeao-limitation-de-mandat-le-syndicat-interpelle","status":"publish","type":"post","link":"https:\/\/www.africa-press.net\/togo\/culture-et-art\/cedeao-limitation-de-mandat-le-syndicat-interpelle","title":{"rendered":"CEDEAO-Limitation de mandat : Le syndicat interpell\u00e9"},"content":{"rendered":"<p><span style=\"color: #ff6600\"><strong>Africa-Press &#8211; Togo. <\/strong><\/span><b>Le Collectif des artistes panafricains (CAP) engage\u0301s dans la campagne pour la limitation des mandats dans la sous-re\u0301gion et initie\u0301e par l\u2019Ong Tournons La Page (TLP) et le Front citoyen Togo Debout (FCTD), vient de saisir par courrier le Pre\u0301sident de la CEDEAO, le Bissau-Guine\u0301en Umaro Sissoco Embalo. Ces artistes demandent l\u2019amendement du protocole additionnel de la CEDEAO sur la de\u0301mocratie et la bonne gouvernance et l\u2019inscription formelle de la limitation des mandats, apre\u0300s la dernie\u0300re tentative avorte\u0301e de 2022 a\u0300 laquelle se sont oppose\u0301s trois pays, la Co\u0302te d\u2019Ivoire, le Se\u0301ne\u0301gal et le Togo, de me\u0302me que l\u2019affirmation de son caracte\u0300re coercitif.<\/b><\/p>\n<p>Lire ci-dessous le communique\u0301 annonc\u0327ant la transmission de la lettre ainsi que le courrier lui-me\u0302me.<\/p>\n<p>Les artistes de la campagne de limitation des mandats interpellent la CEDEAO et 12 chefs d\u2019E\u0301tat<\/p>\n<p>Dans le cadre de la campagne de limitation des mandats coordonne\u0301e par Tournons La Page et au vu de la situation politique alarmante en Afrique de l\u2019Ouest, les artistes du Collectif des Artistes Panafricains (CAP) ont re\u0301dige\u0301 une lettre adresse\u0301e au Pre\u0301sident en exercice de la CEDEAO, envoye\u0301e e\u0301galement a\u0300 douze Chefs d\u2019E\u0301tat de la zone, afin d\u2019appeler a\u0300 une re\u0301forme sur la limitation des mandats.<\/p>\n<p>La situation politique en Afrique de l\u2019Ouest ne cesse de se de\u0301grader et nous assistons a\u0300 des actes et discours allant a\u0300 l\u2019encontre des principes de\u0301mocratiques et de la bonne gouvernance. La dernie\u0300re de\u0301monstration en date est la tentative avorte\u0301e en juin 2022 de la CEDEAO de limiter les mandats a\u0300 deux. En cause, trois E\u0301tats qui ont e\u0301mis une re\u0301serve au nom de la souverainete\u0301 e\u0301tatique : la Co\u0302te d\u2019Ivoire, le Se\u0301ne\u0301gal et le Togo pour la deuxie\u0300me fois. Un signal d\u2019autant plus inquie\u0301tant pour le Se\u0301ne\u0301gal ou\u0300 le pre\u0301sident Macky Sall laisse toujours planer le doute sur la possibilite\u0301 d\u2019un troisie\u0300me mandat. Il a de\u0301clare\u0301 dernie\u0300rement au New York Times : \u00ab Il est clair qu\u2019aujourd\u2019hui le de\u0301bat juridique ne se pose pas. Maintenant, est-ce que je vais e\u0302tre candidat ou pas, c\u2019est ma de\u0301cision \u00bb, confirmant la de\u0301te\u0301rioration du respect de l\u2019E\u0301tat de droit en Afrique de l\u2019Ouest.<\/p>\n<p>Pour cette raison, le CAP a adresse\u0301 cette lettre au Pre\u0301sident de la CEDEAO, e\u0301galement envoye\u0301e a\u0300 12 Chefs d\u2019E\u0301tat de la zone, favorables au principe de limitation consolidateur de l\u2019E\u0301tat de droit.<\/p>\n<p>Dans cette missive, le CAP appelle le Pre\u0301sident a\u0300 prendre des dispositions afin d\u2019ente\u0301riner la limitation des mandats pre\u0301sidentiels au niveau re\u0301gional. Pour cela, les 11 artistes, par l\u2019interme\u0301diaire de Tournons La Page et du Front Citoyen \u2013 Togo Debout demandent un amendement du protocole additionnel A\/SP1\/12\/01 de la CEDEAO.<\/p>\n<p>Tournons La Page et le CAP appellent conjointement les E\u0301tats membres de la CEDEAO ayant valide\u0301 ce projet de re\u0301forme de limitation des mandats, a\u0300 pe\u0301renniser cet amendement afin de consolider l\u2019E\u0301tat de droit dans la sous-re\u0301gion qui pa\u0302tit des velle\u0301ite\u0301s de certains chefs d\u2019E\u0301tat de s\u2019e\u0301terniser au pouvoir et de bafouer les principes de\u0301mocratiques.<\/p>\n<p>Contenu de la lettre :<\/p>\n<p>Collectif des Artistes Panafricains (CAP)<\/p>\n<p>Campagne pour la limitation des mandats<\/p>\n<p>ONG Tournons La Page<\/p>\n<p>Umaro Sissoco Embalo<\/p>\n<p>Pre\u0301sident de la CEDEAO<\/p>\n<p>Objet : Demande de re\u0301forme sur la limitation des mandats en Afrique de l\u2019Ouest<\/p>\n<p>Excellence Monsieur le Pre\u0301sident,<\/p>\n<p>Depuis les inde\u0301pendances, la multiplicite\u0301 des crises de gouvernance politique a freine\u0301 l\u2019Afrique dans son de\u0301veloppement et l\u2019e\u0301panouissement de ses populations. En de\u0301pit de ses e\u0301normes potentialite\u0301s, le berceau de l\u2019humanite\u0301 a du mal a\u0300 assumer son destin.<\/p>\n<p>En 1993, l\u2019Afrique de l\u2019Ouest a signe\u0301 le traite\u0301 de la CEDEAO, en vue d\u2019une meilleure inte\u0301gration e\u0301conomique et du de\u0301veloppement de la re\u0301gion. Mais face aux ravages des conflits, l\u2019Organisation a du\u0302 se doter, en 1999, d\u2019un dispositif de maintien de la paix de\u0301nomme\u0301 \u00ab Protocole relatif au me\u0301canisme de pre\u0301vention, de gestion, de re\u0300glement des conflits, de maintien de la paix et de la se\u0301curite\u0301 \u00bb. En 2001, ce dispositif a e\u0301te\u0301 comple\u0301te\u0301 par le protocole additionnel a\/sp1\/12\/01 sur la de\u0301mocratie et la bonne gouvernance. Il e\u0301tait devenu e\u0301vident que les enjeux de de\u0301veloppement e\u0301conomique e\u0301taient intimement lie\u0301s a\u0300 la consolidation de l\u2019Etat de droit et de la de\u0301mocratie.<\/p>\n<p>Malgre\u0301 ces efforts d\u2019e\u0301dification d\u2019un cadre de gouvernance politique de\u0301mocratique, moteur d\u2019un de\u0301veloppement socio-e\u0301conomique, d\u2019e\u0301normes difficulte\u0301s subsistent encore. Notre Me\u0300re Afrique est toujours conside\u0301re\u0301e comme un continent pauvre et vulne\u0301rable, alors qu\u2019elle dispose de richesses inestimables. Ces richesses soutiennent malheureusement une politique de pre\u0301dation au de\u0301triment des populations et de la jeunesse du continent, oblige\u0301es de partir par milliers sur les sentiers pe\u0301rilleux de l\u2019exil.<\/p>\n<p>Excellence, le de\u0301veloppement du continent et l\u2019e\u0301panouissement de la jeunesse ne se feront pas sans le respect des liberte\u0301s et de la dignite\u0301. Malheureusement, le constat d\u2019un recul de la de\u0301mocratie et des liberte\u0301s est e\u0301difiant dans notre espace communautaire. Avec la recrudescence de coups d\u2019Etat au sein de la zone CEDEAO, la menace se\u0301curitaire, la situation est extre\u0302mement grave et nous interpelle. C\u2019est pour cette raison que nous avons de\u0301cide\u0301, en artistes africains filles et fils de ce continent, de nous unir pour apporter notre contribution a\u0300 l\u2019e\u0301dification d\u2019une Afrique plus consciente des besoins de ses enfants. Nous voulons aider a\u0300 consolider la de\u0301mocratie et souhaitons vivement que votre mandature a\u0300 la te\u0302te de l\u2019institution re\u0301gionale permette d\u2019obtenir la re\u0301forme sur la limitation des mandats, apre\u0300s la dernie\u0300re tentative avorte\u0301e de 2022. Sur le continent, la majorite\u0301 souhaite ardemment que la limitation des mandats s\u2019inscrive en lettres d\u2019or dans le protocole additionnel de la CEDEAO et s\u2019impose a\u0300 tous. Il y va de la sauvegarde des liberte\u0301s et de la dignite\u0301 des femmes et hommes pour le de\u0301veloppement du continent. C\u2019est pour cette raison que nous avons accepte\u0301 de prendre part activement a\u0300 la campagne citoyenne panafricaine pour la limitation des mandats, lance\u0301e en septembre 2022 a\u0300 Dakar.<\/p>\n<p>Croyant fermement en votre volonte\u0301 de consolider la justice, la de\u0301mocratie et le de\u0301veloppement en Afrique (de l\u2019Ouest), nous vous assurons de notre volonte\u0301 de vous accompagner dans votre mission.<\/p>\n<p>Veuillez agre\u0301er, Excellence M. Le Pre\u0301sident en exercice de la CEDEAO, l\u2019expression de notre conside\u0301ration distingue\u0301e.<\/p>\n<p>Le Collectif des Artistes Panafricains (CAP) :<\/p>\n<p>Fre\u0301de\u0301ric EHUI dit Meiway<\/p>\n<p>Amen Ahlonko GBADAGO dit Amen Jah CISSE<\/p>\n<p>Didier AWADI<\/p>\n<p>Elom KOSSI dit Elom20ce<\/p>\n<p>Joseph USENI KAPITA dit Papy Kerro<\/p>\n<p>Komi LAKLE dit Don Stash<\/p>\n<p>Le\u0301man BALOGOUN<\/p>\n<p>Line ZOKRO dite Lyne des mots<\/p>\n<p>Komla Mawuli KLUTSE NANE dit Momo KANKUA<\/p>\n<p>Nae\u0308lle NANDA dite Nanda<\/p>\n<p>Nourratou OUMAROU HEGA dite Nourrath La Debboslam<\/p>\n<p>Ampliations :<\/p>\n<p>Pre\u0301sident de la Commission de la CEDEAO<\/p>\n<p>Pre\u0301sident de l\u2019UA<\/p>\n<p>Pre\u0301sident de la Commission de l\u2019UA<\/p>\n<p>12 Chefs d\u2019Etat en exercice<\/p>\n<p><strong>Pour plus d&rsquo;informations et d&rsquo;analyses sur la <a href=\"https:\/\/www.africa-press.net\/togo\">Togo<\/a>, suivez <a href=\"https:\/\/www.africa-press.net\/\">Africa-Press<\/a><\/strong><\/p>\n","protected":false},"excerpt":{"rendered":"<p>Africa-Press &#8211; Togo. Le Collectif des artistes panafricains (CAP) engage\u0301s dans la campagne pour la limitation des mandats dans la sous-re\u0301gion et initie\u0301e par l\u2019Ong Tournons La Page (TLP) et le Front citoyen Togo Debout (FCTD), vient de saisir par courrier le Pre\u0301sident de la CEDEAO, le Bissau-Guine\u0301en Umaro Sissoco Embalo. Ces artistes demandent l\u2019amendement [&hellip;]<\/p>\n","protected":false},"author":82,"featured_media":15826,"comment_status":"open","ping_status":"closed","sticky":false,"template":"","format":"standard","meta":{"footnotes":""},"categories":[5,10],"tags":[36,49,50],"class_list":["post-15827","post","type-post","status-publish","format-standard","has-post-thumbnail","hentry","category-culture-et-art","category-toutes-les-actualites","tag-africa-press","tag-africa-press-togo","tag-togo"],"yoast_head":"<!-- This site is optimized with the Yoast SEO Premium plugin v26.1 (Yoast SEO v27.0) - https:\/\/yoast.com\/product\/yoast-seo-premium-wordpress\/ -->\n<title>CEDEAO-Limitation de mandat : Le syndicat interpell\u00e9 - Togo<\/title>\n<meta name=\"robots\" content=\"index, follow, max-snippet:-1, max-image-preview:large, max-video-preview:-1\" \/>\n<link rel=\"canonical\" href=\"https:\/\/www.africa-press.net\/togo\/politique\/cedeao-limitation-de-mandat-le-syndicat-interpelle\" \/>\n<meta property=\"og:locale\" content=\"fr_FR\" \/>\n<meta property=\"og:type\" content=\"article\" \/>\n<meta property=\"og:title\" content=\"CEDEAO-Limitation de mandat : Le syndicat interpell\u00e9\" \/>\n<meta property=\"og:description\" content=\"Africa-Press &#8211; Togo. Le Collectif des artistes panafricains (CAP) engage\u0301s dans la campagne pour la limitation des mandats dans la sous-re\u0301gion et initie\u0301e par l\u2019Ong Tournons La Page (TLP) et le Front citoyen Togo Debout (FCTD), vient de saisir par courrier le Pre\u0301sident de la CEDEAO, le Bissau-Guine\u0301en Umaro Sissoco Embalo. Ces artistes demandent l\u2019amendement [&hellip;]\" \/>\n<meta property=\"og:url\" content=\"https:\/\/www.africa-press.net\/togo\/politique\/cedeao-limitation-de-mandat-le-syndicat-interpelle\" \/>\n<meta property=\"og:site_name\" content=\"Togo\" \/>\n<meta property=\"article:published_time\" content=\"2021-01-04T12:33:45+00:00\" \/>\n<meta name=\"author\" content=\"cfeditorfr\" \/>\n<meta name=\"twitter:card\" content=\"summary_large_image\" \/>\n<meta name=\"twitter:label1\" content=\"\u00c9crit par\" \/>\n\t<meta name=\"twitter:data1\" content=\"cfeditorfr\" \/>\n\t<meta name=\"twitter:label2\" content=\"Dur\u00e9e de lecture estim\u00e9e\" \/>\n\t<meta name=\"twitter:data2\" content=\"6 minutes\" \/>\n<script type=\"application\/ld+json\" class=\"yoast-schema-graph\">{\"@context\":\"https:\/\/schema.org\",\"@graph\":[{\"@type\":\"Article\",\"@id\":\"https:\/\/www.africa-press.net\/togo\/politique\/cedeao-limitation-de-mandat-le-syndicat-interpelle#article\",\"isPartOf\":{\"@id\":\"https:\/\/www.africa-press.net\/togo\/politique\/cedeao-limitation-de-mandat-le-syndicat-interpelle\"},\"author\":{\"name\":\"cfeditorfr\",\"@id\":\"https:\/\/www.africa-press.net\/togo\/#\/schema\/person\/2b1cf3cd81a31e3cd26889ca66d677f1\"},\"headline\":\"CEDEAO-Limitation de mandat : Le syndicat interpell\u00e9\",\"datePublished\":\"2021-01-04T12:33:45+00:00\",\"mainEntityOfPage\":{\"@id\":\"https:\/\/www.africa-press.net\/togo\/politique\/cedeao-limitation-de-mandat-le-syndicat-interpelle\"},\"wordCount\":1296,\"commentCount\":0,\"image\":{\"@id\":\"https:\/\/www.africa-press.net\/togo\/politique\/cedeao-limitation-de-mandat-le-syndicat-interpelle#primaryimage\"},\"thumbnailUrl\":\"https:\/\/static.africa-press.net\/togo\/sites\/58\/2023\/01\/postQueueImg_1672823030.06.jpg\",\"keywords\":[\"Africa Press\",\"Africa Press-Togo\",\"Togo\"],\"articleSection\":[\"Culture et Art\",\"Toutes les actualit\u00e9s\"],\"inLanguage\":\"fr-FR\",\"potentialAction\":[{\"@type\":\"CommentAction\",\"name\":\"Comment\",\"target\":[\"https:\/\/www.africa-press.net\/togo\/politique\/cedeao-limitation-de-mandat-le-syndicat-interpelle#respond\"]}]},{\"@type\":\"WebPage\",\"@id\":\"https:\/\/www.africa-press.net\/togo\/politique\/cedeao-limitation-de-mandat-le-syndicat-interpelle\",\"url\":\"https:\/\/www.africa-press.net\/togo\/politique\/cedeao-limitation-de-mandat-le-syndicat-interpelle\",\"name\":\"CEDEAO-Limitation de mandat : Le syndicat interpell\u00e9 - Togo\",\"isPartOf\":{\"@id\":\"https:\/\/www.africa-press.net\/togo\/#website\"},\"primaryImageOfPage\":{\"@id\":\"https:\/\/www.africa-press.net\/togo\/politique\/cedeao-limitation-de-mandat-le-syndicat-interpelle#primaryimage\"},\"image\":{\"@id\":\"https:\/\/www.africa-press.net\/togo\/politique\/cedeao-limitation-de-mandat-le-syndicat-interpelle#primaryimage\"},\"thumbnailUrl\":\"https:\/\/static.africa-press.net\/togo\/sites\/58\/2023\/01\/postQueueImg_1672823030.06.jpg\",\"datePublished\":\"2021-01-04T12:33:45+00:00\",\"author\":{\"@id\":\"https:\/\/www.africa-press.net\/togo\/#\/schema\/person\/2b1cf3cd81a31e3cd26889ca66d677f1\"},\"breadcrumb\":{\"@id\":\"https:\/\/www.africa-press.net\/togo\/politique\/cedeao-limitation-de-mandat-le-syndicat-interpelle#breadcrumb\"},\"inLanguage\":\"fr-FR\",\"potentialAction\":[{\"@type\":\"ReadAction\",\"target\":[\"https:\/\/www.africa-press.net\/togo\/politique\/cedeao-limitation-de-mandat-le-syndicat-interpelle\"]}]},{\"@type\":\"ImageObject\",\"inLanguage\":\"fr-FR\",\"@id\":\"https:\/\/www.africa-press.net\/togo\/politique\/cedeao-limitation-de-mandat-le-syndicat-interpelle#primaryimage\",\"url\":\"https:\/\/static.africa-press.net\/togo\/sites\/58\/2023\/01\/postQueueImg_1672823030.06.jpg\",\"contentUrl\":\"https:\/\/static.africa-press.net\/togo\/sites\/58\/2023\/01\/postQueueImg_1672823030.06.jpg\",\"width\":1280,\"height\":805,\"caption\":\"CEDEAO-Limitation de mandat : Le syndicat interpell\u00e9\"},{\"@type\":\"BreadcrumbList\",\"@id\":\"https:\/\/www.africa-press.net\/togo\/politique\/cedeao-limitation-de-mandat-le-syndicat-interpelle#breadcrumb\",\"itemListElement\":[{\"@type\":\"ListItem\",\"position\":1,\"name\":\"Accueil\",\"item\":\"https:\/\/www.africa-press.net\/togo\/\"},{\"@type\":\"ListItem\",\"position\":2,\"name\":\"CEDEAO-Limitation de mandat : Le syndicat interpell\u00e9\"}]},{\"@type\":\"WebSite\",\"@id\":\"https:\/\/www.africa-press.net\/togo\/#website\",\"url\":\"https:\/\/www.africa-press.net\/togo\/\",\"name\":\"Togo\",\"description\":\"Just another Africa News Agency Sites site\",\"potentialAction\":[{\"@type\":\"SearchAction\",\"target\":{\"@type\":\"EntryPoint\",\"urlTemplate\":\"https:\/\/www.africa-press.net\/togo\/?s={search_term_string}\"},\"query-input\":{\"@type\":\"PropertyValueSpecification\",\"valueRequired\":true,\"valueName\":\"search_term_string\"}}],\"inLanguage\":\"fr-FR\"},{\"@type\":\"Person\",\"@id\":\"https:\/\/www.africa-press.net\/togo\/#\/schema\/person\/2b1cf3cd81a31e3cd26889ca66d677f1\",\"name\":\"cfeditorfr\"}]}<\/script>\n<!-- \/ Yoast SEO Premium plugin. -->","yoast_head_json":{"title":"CEDEAO-Limitation de mandat : Le syndicat interpell\u00e9 - Togo","robots":{"index":"index","follow":"follow","max-snippet":"max-snippet:-1","max-image-preview":"max-image-preview:large","max-video-preview":"max-video-preview:-1"},"canonical":"https:\/\/www.africa-press.net\/togo\/politique\/cedeao-limitation-de-mandat-le-syndicat-interpelle","og_locale":"fr_FR","og_type":"article","og_title":"CEDEAO-Limitation de mandat : Le syndicat interpell\u00e9","og_description":"Africa-Press &#8211; Togo. Le Collectif des artistes panafricains (CAP) engage\u0301s dans la campagne pour la limitation des mandats dans la sous-re\u0301gion et initie\u0301e par l\u2019Ong Tournons La Page (TLP) et le Front citoyen Togo Debout (FCTD), vient de saisir par courrier le Pre\u0301sident de la CEDEAO, le Bissau-Guine\u0301en Umaro Sissoco Embalo. Ces artistes demandent l\u2019amendement [&hellip;]","og_url":"https:\/\/www.africa-press.net\/togo\/politique\/cedeao-limitation-de-mandat-le-syndicat-interpelle","og_site_name":"Togo","article_published_time":"2021-01-04T12:33:45+00:00","author":"cfeditorfr","twitter_card":"summary_large_image","twitter_misc":{"\u00c9crit par":"cfeditorfr","Dur\u00e9e de lecture estim\u00e9e":"6 minutes"},"schema":{"@context":"https:\/\/schema.org","@graph":[{"@type":"Article","@id":"https:\/\/www.africa-press.net\/togo\/politique\/cedeao-limitation-de-mandat-le-syndicat-interpelle#article","isPartOf":{"@id":"https:\/\/www.africa-press.net\/togo\/politique\/cedeao-limitation-de-mandat-le-syndicat-interpelle"},"author":{"name":"cfeditorfr","@id":"https:\/\/www.africa-press.net\/togo\/#\/schema\/person\/2b1cf3cd81a31e3cd26889ca66d677f1"},"headline":"CEDEAO-Limitation de mandat : Le syndicat interpell\u00e9","datePublished":"2021-01-04T12:33:45+00:00","mainEntityOfPage":{"@id":"https:\/\/www.africa-press.net\/togo\/politique\/cedeao-limitation-de-mandat-le-syndicat-interpelle"},"wordCount":1296,"commentCount":0,"image":{"@id":"https:\/\/www.africa-press.net\/togo\/politique\/cedeao-limitation-de-mandat-le-syndicat-interpelle#primaryimage"},"thumbnailUrl":"https:\/\/static.africa-press.net\/togo\/sites\/58\/2023\/01\/postQueueImg_1672823030.06.jpg","keywords":["Africa Press","Africa Press-Togo","Togo"],"articleSection":["Culture et Art","Toutes les actualit\u00e9s"],"inLanguage":"fr-FR","potentialAction":[{"@type":"CommentAction","name":"Comment","target":["https:\/\/www.africa-press.net\/togo\/politique\/cedeao-limitation-de-mandat-le-syndicat-interpelle#respond"]}]},{"@type":"WebPage","@id":"https:\/\/www.africa-press.net\/togo\/politique\/cedeao-limitation-de-mandat-le-syndicat-interpelle","url":"https:\/\/www.africa-press.net\/togo\/politique\/cedeao-limitation-de-mandat-le-syndicat-interpelle","name":"CEDEAO-Limitation de mandat : Le syndicat interpell\u00e9 - Togo","isPartOf":{"@id":"https:\/\/www.africa-press.net\/togo\/#website"},"primaryImageOfPage":{"@id":"https:\/\/www.africa-press.net\/togo\/politique\/cedeao-limitation-de-mandat-le-syndicat-interpelle#primaryimage"},"image":{"@id":"https:\/\/www.africa-press.net\/togo\/politique\/cedeao-limitation-de-mandat-le-syndicat-interpelle#primaryimage"},"thumbnailUrl":"https:\/\/static.africa-press.net\/togo\/sites\/58\/2023\/01\/postQueueImg_1672823030.06.jpg","datePublished":"2021-01-04T12:33:45+00:00","author":{"@id":"https:\/\/www.africa-press.net\/togo\/#\/schema\/person\/2b1cf3cd81a31e3cd26889ca66d677f1"},"breadcrumb":{"@id":"https:\/\/www.africa-press.net\/togo\/politique\/cedeao-limitation-de-mandat-le-syndicat-interpelle#breadcrumb"},"inLanguage":"fr-FR","potentialAction":[{"@type":"ReadAction","target":["https:\/\/www.africa-press.net\/togo\/politique\/cedeao-limitation-de-mandat-le-syndicat-interpelle"]}]},{"@type":"ImageObject","inLanguage":"fr-FR","@id":"https:\/\/www.africa-press.net\/togo\/politique\/cedeao-limitation-de-mandat-le-syndicat-interpelle#primaryimage","url":"https:\/\/static.africa-press.net\/togo\/sites\/58\/2023\/01\/postQueueImg_1672823030.06.jpg","contentUrl":"https:\/\/static.africa-press.net\/togo\/sites\/58\/2023\/01\/postQueueImg_1672823030.06.jpg","width":1280,"height":805,"caption":"CEDEAO-Limitation de mandat : Le syndicat interpell\u00e9"},{"@type":"BreadcrumbList","@id":"https:\/\/www.africa-press.net\/togo\/politique\/cedeao-limitation-de-mandat-le-syndicat-interpelle#breadcrumb","itemListElement":[{"@type":"ListItem","position":1,"name":"Accueil","item":"https:\/\/www.africa-press.net\/togo\/"},{"@type":"ListItem","position":2,"name":"CEDEAO-Limitation de mandat : Le syndicat interpell\u00e9"}]},{"@type":"WebSite","@id":"https:\/\/www.africa-press.net\/togo\/#website","url":"https:\/\/www.africa-press.net\/togo\/","name":"Togo","description":"Just another Africa News Agency Sites site","potentialAction":[{"@type":"SearchAction","target":{"@type":"EntryPoint","urlTemplate":"https:\/\/www.africa-press.net\/togo\/?s={search_term_string}"},"query-input":{"@type":"PropertyValueSpecification","valueRequired":true,"valueName":"search_term_string"}}],"inLanguage":"fr-FR"},{"@type":"Person","@id":"https:\/\/www.africa-press.net\/togo\/#\/schema\/person\/2b1cf3cd81a31e3cd26889ca66d677f1","name":"cfeditorfr"}]}},"_links":{"self":[{"href":"https:\/\/www.africa-press.net\/togo\/wp-json\/wp\/v2\/posts\/15827","targetHints":{"allow":["GET"]}}],"collection":[{"href":"https:\/\/www.africa-press.net\/togo\/wp-json\/wp\/v2\/posts"}],"about":[{"href":"https:\/\/www.africa-press.net\/togo\/wp-json\/wp\/v2\/types\/post"}],"author":[{"embeddable":true,"href":"https:\/\/www.africa-press.net\/togo\/wp-json\/wp\/v2\/users\/82"}],"replies":[{"embeddable":true,"href":"https:\/\/www.africa-press.net\/togo\/wp-json\/wp\/v2\/comments?post=15827"}],"version-history":[{"count":0,"href":"https:\/\/www.africa-press.net\/togo\/wp-json\/wp\/v2\/posts\/15827\/revisions"}],"wp:featuredmedia":[{"embeddable":true,"href":"https:\/\/www.africa-press.net\/togo\/wp-json\/wp\/v2\/media\/15826"}],"wp:attachment":[{"href":"https:\/\/www.africa-press.net\/togo\/wp-json\/wp\/v2\/media?parent=15827"}],"wp:term":[{"taxonomy":"category","embeddable":true,"href":"https:\/\/www.africa-press.net\/togo\/wp-json\/wp\/v2\/categories?post=15827"},{"taxonomy":"post_tag","embeddable":true,"href":"https:\/\/www.africa-press.net\/togo\/wp-json\/wp\/v2\/tags?post=15827"}],"curies":[{"name":"wp","href":"https:\/\/api.w.org\/{rel}","templated":true}]}}