{"id":16145,"date":"2023-01-14T18:59:40","date_gmt":"2023-01-14T18:59:40","guid":{"rendered":"https:\/\/www.africa-press.net\/togo\/politique\/togo-le-general-kadanga-mis-aux-arrets-les-raisons"},"modified":"2023-01-14T20:11:15","modified_gmt":"2023-01-14T20:11:15","slug":"togo-le-general-kadanga-mis-aux-arrets-les-raisons","status":"publish","type":"post","link":"https:\/\/www.africa-press.net\/togo\/politique\/togo-le-general-kadanga-mis-aux-arrets-les-raisons","title":{"rendered":"Togo: Le G\u00e9n\u00e9ral Kadanga mis aux arr\u00eats. Les raisons"},"content":{"rendered":"<p><span style=\"color: #ff6600\"><strong>Africa-Press &#8211; Togo. <\/strong><\/span>Depuis ce 13 janvier 2023 (ironie de date) le Ge\u0301ne\u0301ral Fe\u0301lix Abalo Kadanga est mis aux arre\u0302ts. Plusieurs versions circulent en ce qui concerne cette arrestation qui est une certitude.<\/p>\n<p>Si d\u2019aucuns pensent que cette arrestation serait lie\u0301e aux enque\u0302tes concernant la mort du Colonel Madjoulba, d\u2019autres pre\u0301tendent que son interpellation serait lie\u0301e a\u0300 sa gestion des commandes de l\u2019arme\u0301e lorsqu\u2019il e\u0301tait Chef d\u2019E\u0301tat-Major des Forces de de\u0301fense et de se\u0301curite\u0301 ex FAT (Forces arme\u0301es togolaises).<\/p>\n<p>Quoi qu\u2019il en soit, cette arrestation est un grand se\u0301isme au Togo et dans la grande muette.<\/p>\n<p>Dans la foule\u0301e a e\u0301te\u0301 annonce\u0301e sur les re\u0301seaux sociaux une rencontre a\u0300 Pya localite\u0301 situe\u0301e a\u0300 450 km au nord de Lome\u0301, une rencontre entre le Chef supre\u0302me des arme\u0301es et Chef de l\u2019E\u0301tat le pre\u0301sident Faure Gnassingbe\u0301 et les officiers supe\u0301rieurs des forces de de\u0301fense et de se\u0301curite\u0301. Il s\u2019agirait du rapport annuel de l\u2019arme\u0301e confie une indiscre\u0301tion.<\/p>\n<p>Qu\u2019on se rappelle: il y a quelques semaines la Ministre de la de\u0301fense et le Chef d\u2019E\u0301tat-Major des arme\u0301es ont e\u0301te\u0301 vire\u0301s de leurs postes pour des motifs encore inconnus mais les spe\u0301culations vont bon train. Il s\u2019agirait pour plusieurs sources des revers subis par l\u2019arme\u0301e au Nord du pays en proie a\u0300 des incursions djihadistes et e\u0301galement a\u0300 des malversations dans la fourniture d\u2019armes aux forces de de\u0301fense et de se\u0301curite\u0301.<\/p>\n<p>Est-ce le de\u0301but de la fin de l\u2019impunite\u0301 au Togo?<\/p>\n<p><strong>Pour plus d&rsquo;informations et d&rsquo;analyses sur la <a href=\"https:\/\/www.africa-press.net\/togo\">Togo<\/a>, suivez <a href=\"https:\/\/www.africa-press.net\/\">Africa-Press<\/a><\/strong><\/p>\n","protected":false},"excerpt":{"rendered":"<p>Africa-Press &#8211; Togo. Depuis ce 13 janvier 2023 (ironie de date) le Ge\u0301ne\u0301ral Fe\u0301lix Abalo Kadanga est mis aux arre\u0302ts. Plusieurs versions circulent en ce qui concerne cette arrestation qui est une certitude. Si d\u2019aucuns pensent que cette arrestation serait lie\u0301e aux enque\u0302tes concernant la mort du Colonel Madjoulba, d\u2019autres pre\u0301tendent que son interpellation serait [&hellip;]<\/p>\n","protected":false},"author":82,"featured_media":16144,"comment_status":"open","ping_status":"closed","sticky":false,"template":"","format":"standard","meta":{"footnotes":""},"categories":[2,20,10],"tags":[36,49,50],"class_list":["post-16145","post","type-post","status-publish","format-standard","has-post-thumbnail","hentry","category-politique","category-top-nouvelles","category-toutes-les-actualites","tag-africa-press","tag-africa-press-togo","tag-togo"],"yoast_head":"<!-- This site is optimized with the Yoast SEO Premium plugin v26.1 (Yoast SEO v27.0) - https:\/\/yoast.com\/product\/yoast-seo-premium-wordpress\/ -->\n<title>Togo: Le G\u00e9n\u00e9ral Kadanga mis aux arr\u00eats. Les raisons - Togo<\/title>\n<meta name=\"description\" content=\"Depuis ce 13 janvier 2023 (ironie de date) le Ge\u0301ne\u0301ral Fe\u0301lix Abalo Kadanga est mis aux arre\u0302ts. Plusieurs versions cir ...\" \/>\n<meta name=\"robots\" content=\"index, follow, max-snippet:-1, max-image-preview:large, max-video-preview:-1\" \/>\n<link rel=\"canonical\" href=\"https:\/\/www.africa-press.net\/togo\/politique\/togo-le-general-kadanga-mis-aux-arrets-les-raisons\" \/>\n<meta property=\"og:locale\" content=\"fr_FR\" \/>\n<meta property=\"og:type\" content=\"article\" \/>\n<meta property=\"og:title\" content=\"Togo: Le G\u00e9n\u00e9ral Kadanga mis aux arr\u00eats. Les raisons\" \/>\n<meta property=\"og:description\" content=\"Depuis ce 13 janvier 2023 (ironie de date) le Ge\u0301ne\u0301ral Fe\u0301lix Abalo Kadanga est mis aux arre\u0302ts. Plusieurs versions cir ...\" \/>\n<meta property=\"og:url\" content=\"https:\/\/www.africa-press.net\/togo\/politique\/togo-le-general-kadanga-mis-aux-arrets-les-raisons\" \/>\n<meta property=\"og:site_name\" content=\"Togo\" \/>\n<meta property=\"article:published_time\" content=\"2023-01-14T18:59:40+00:00\" \/>\n<meta property=\"article:modified_time\" content=\"2023-01-14T20:11:15+00:00\" \/>\n<meta property=\"og:image\" content=\"https:\/\/static.africa-press.net\/togo\/sites\/58\/2023\/01\/postQueueImg_1673710186.64.jpg\" \/>\n\t<meta property=\"og:image:width\" content=\"720\" \/>\n\t<meta property=\"og:image:height\" content=\"479\" \/>\n\t<meta property=\"og:image:type\" content=\"image\/jpeg\" \/>\n<meta name=\"author\" content=\"cfeditorfr\" \/>\n<meta name=\"twitter:card\" content=\"summary_large_image\" \/>\n<meta name=\"twitter:label1\" content=\"\u00c9crit par\" \/>\n\t<meta name=\"twitter:data1\" content=\"cfeditorfr\" \/>\n\t<meta name=\"twitter:label2\" content=\"Dur\u00e9e de lecture estim\u00e9e\" \/>\n\t<meta name=\"twitter:data2\" content=\"2 minutes\" \/>\n<script type=\"application\/ld+json\" class=\"yoast-schema-graph\">{\"@context\":\"https:\/\/schema.org\",\"@graph\":[{\"@type\":\"Article\",\"@id\":\"https:\/\/www.africa-press.net\/togo\/politique\/togo-le-general-kadanga-mis-aux-arrets-les-raisons#article\",\"isPartOf\":{\"@id\":\"https:\/\/www.africa-press.net\/togo\/politique\/togo-le-general-kadanga-mis-aux-arrets-les-raisons\"},\"author\":{\"name\":\"cfeditorfr\",\"@id\":\"https:\/\/www.africa-press.net\/togo\/#\/schema\/person\/2b1cf3cd81a31e3cd26889ca66d677f1\"},\"headline\":\"Togo: Le G\u00e9n\u00e9ral Kadanga mis aux arr\u00eats. Les raisons\",\"datePublished\":\"2023-01-14T18:59:40+00:00\",\"dateModified\":\"2023-01-14T20:11:15+00:00\",\"mainEntityOfPage\":{\"@id\":\"https:\/\/www.africa-press.net\/togo\/politique\/togo-le-general-kadanga-mis-aux-arrets-les-raisons\"},\"wordCount\":314,\"commentCount\":0,\"image\":{\"@id\":\"https:\/\/www.africa-press.net\/togo\/politique\/togo-le-general-kadanga-mis-aux-arrets-les-raisons#primaryimage\"},\"thumbnailUrl\":\"https:\/\/static.africa-press.net\/togo\/sites\/58\/2023\/01\/postQueueImg_1673710186.64.jpg\",\"keywords\":[\"Africa Press\",\"Africa Press-Togo\",\"Togo\"],\"articleSection\":[\"Politique\",\"Top Nouvelles\",\"Toutes les actualit\u00e9s\"],\"inLanguage\":\"fr-FR\",\"potentialAction\":[{\"@type\":\"CommentAction\",\"name\":\"Comment\",\"target\":[\"https:\/\/www.africa-press.net\/togo\/politique\/togo-le-general-kadanga-mis-aux-arrets-les-raisons#respond\"]}]},{\"@type\":\"WebPage\",\"@id\":\"https:\/\/www.africa-press.net\/togo\/politique\/togo-le-general-kadanga-mis-aux-arrets-les-raisons\",\"url\":\"https:\/\/www.africa-press.net\/togo\/politique\/togo-le-general-kadanga-mis-aux-arrets-les-raisons\",\"name\":\"Togo: Le G\u00e9n\u00e9ral Kadanga mis aux arr\u00eats. Les raisons - Togo\",\"isPartOf\":{\"@id\":\"https:\/\/www.africa-press.net\/togo\/#website\"},\"primaryImageOfPage\":{\"@id\":\"https:\/\/www.africa-press.net\/togo\/politique\/togo-le-general-kadanga-mis-aux-arrets-les-raisons#primaryimage\"},\"image\":{\"@id\":\"https:\/\/www.africa-press.net\/togo\/politique\/togo-le-general-kadanga-mis-aux-arrets-les-raisons#primaryimage\"},\"thumbnailUrl\":\"https:\/\/static.africa-press.net\/togo\/sites\/58\/2023\/01\/postQueueImg_1673710186.64.jpg\",\"datePublished\":\"2023-01-14T18:59:40+00:00\",\"dateModified\":\"2023-01-14T20:11:15+00:00\",\"author\":{\"@id\":\"https:\/\/www.africa-press.net\/togo\/#\/schema\/person\/2b1cf3cd81a31e3cd26889ca66d677f1\"},\"description\":\"Depuis ce 13 janvier 2023 (ironie de date) le Ge\u0301ne\u0301ral Fe\u0301lix Abalo Kadanga est mis aux arre\u0302ts. Plusieurs versions cir ...\",\"breadcrumb\":{\"@id\":\"https:\/\/www.africa-press.net\/togo\/politique\/togo-le-general-kadanga-mis-aux-arrets-les-raisons#breadcrumb\"},\"inLanguage\":\"fr-FR\",\"potentialAction\":[{\"@type\":\"ReadAction\",\"target\":[\"https:\/\/www.africa-press.net\/togo\/politique\/togo-le-general-kadanga-mis-aux-arrets-les-raisons\"]}]},{\"@type\":\"ImageObject\",\"inLanguage\":\"fr-FR\",\"@id\":\"https:\/\/www.africa-press.net\/togo\/politique\/togo-le-general-kadanga-mis-aux-arrets-les-raisons#primaryimage\",\"url\":\"https:\/\/static.africa-press.net\/togo\/sites\/58\/2023\/01\/postQueueImg_1673710186.64.jpg\",\"contentUrl\":\"https:\/\/static.africa-press.net\/togo\/sites\/58\/2023\/01\/postQueueImg_1673710186.64.jpg\",\"width\":720,\"height\":479,\"caption\":\"Togo: Le G\u00e9n\u00e9ral Kadanga mis aux arr\u00eats. Les raisons\"},{\"@type\":\"BreadcrumbList\",\"@id\":\"https:\/\/www.africa-press.net\/togo\/politique\/togo-le-general-kadanga-mis-aux-arrets-les-raisons#breadcrumb\",\"itemListElement\":[{\"@type\":\"ListItem\",\"position\":1,\"name\":\"Accueil\",\"item\":\"https:\/\/www.africa-press.net\/togo\/\"},{\"@type\":\"ListItem\",\"position\":2,\"name\":\"Togo: Le G\u00e9n\u00e9ral Kadanga mis aux arr\u00eats. Les raisons\"}]},{\"@type\":\"WebSite\",\"@id\":\"https:\/\/www.africa-press.net\/togo\/#website\",\"url\":\"https:\/\/www.africa-press.net\/togo\/\",\"name\":\"Togo\",\"description\":\"Just another Africa News Agency Sites site\",\"potentialAction\":[{\"@type\":\"SearchAction\",\"target\":{\"@type\":\"EntryPoint\",\"urlTemplate\":\"https:\/\/www.africa-press.net\/togo\/?s={search_term_string}\"},\"query-input\":{\"@type\":\"PropertyValueSpecification\",\"valueRequired\":true,\"valueName\":\"search_term_string\"}}],\"inLanguage\":\"fr-FR\"},{\"@type\":\"Person\",\"@id\":\"https:\/\/www.africa-press.net\/togo\/#\/schema\/person\/2b1cf3cd81a31e3cd26889ca66d677f1\",\"name\":\"cfeditorfr\"}]}<\/script>\n<!-- \/ Yoast SEO Premium plugin. -->","yoast_head_json":{"title":"Togo: Le G\u00e9n\u00e9ral Kadanga mis aux arr\u00eats. Les raisons - Togo","description":"Depuis ce 13 janvier 2023 (ironie de date) le Ge\u0301ne\u0301ral Fe\u0301lix Abalo Kadanga est mis aux arre\u0302ts. Plusieurs versions cir ...","robots":{"index":"index","follow":"follow","max-snippet":"max-snippet:-1","max-image-preview":"max-image-preview:large","max-video-preview":"max-video-preview:-1"},"canonical":"https:\/\/www.africa-press.net\/togo\/politique\/togo-le-general-kadanga-mis-aux-arrets-les-raisons","og_locale":"fr_FR","og_type":"article","og_title":"Togo: Le G\u00e9n\u00e9ral Kadanga mis aux arr\u00eats. Les raisons","og_description":"Depuis ce 13 janvier 2023 (ironie de date) le Ge\u0301ne\u0301ral Fe\u0301lix Abalo Kadanga est mis aux arre\u0302ts. Plusieurs versions cir ...","og_url":"https:\/\/www.africa-press.net\/togo\/politique\/togo-le-general-kadanga-mis-aux-arrets-les-raisons","og_site_name":"Togo","article_published_time":"2023-01-14T18:59:40+00:00","article_modified_time":"2023-01-14T20:11:15+00:00","og_image":[{"width":720,"height":479,"url":"https:\/\/static.africa-press.net\/togo\/sites\/58\/2023\/01\/postQueueImg_1673710186.64.jpg","type":"image\/jpeg"}],"author":"cfeditorfr","twitter_card":"summary_large_image","twitter_misc":{"\u00c9crit par":"cfeditorfr","Dur\u00e9e de lecture estim\u00e9e":"2 minutes"},"schema":{"@context":"https:\/\/schema.org","@graph":[{"@type":"Article","@id":"https:\/\/www.africa-press.net\/togo\/politique\/togo-le-general-kadanga-mis-aux-arrets-les-raisons#article","isPartOf":{"@id":"https:\/\/www.africa-press.net\/togo\/politique\/togo-le-general-kadanga-mis-aux-arrets-les-raisons"},"author":{"name":"cfeditorfr","@id":"https:\/\/www.africa-press.net\/togo\/#\/schema\/person\/2b1cf3cd81a31e3cd26889ca66d677f1"},"headline":"Togo: Le G\u00e9n\u00e9ral Kadanga mis aux arr\u00eats. Les raisons","datePublished":"2023-01-14T18:59:40+00:00","dateModified":"2023-01-14T20:11:15+00:00","mainEntityOfPage":{"@id":"https:\/\/www.africa-press.net\/togo\/politique\/togo-le-general-kadanga-mis-aux-arrets-les-raisons"},"wordCount":314,"commentCount":0,"image":{"@id":"https:\/\/www.africa-press.net\/togo\/politique\/togo-le-general-kadanga-mis-aux-arrets-les-raisons#primaryimage"},"thumbnailUrl":"https:\/\/static.africa-press.net\/togo\/sites\/58\/2023\/01\/postQueueImg_1673710186.64.jpg","keywords":["Africa Press","Africa Press-Togo","Togo"],"articleSection":["Politique","Top Nouvelles","Toutes les actualit\u00e9s"],"inLanguage":"fr-FR","potentialAction":[{"@type":"CommentAction","name":"Comment","target":["https:\/\/www.africa-press.net\/togo\/politique\/togo-le-general-kadanga-mis-aux-arrets-les-raisons#respond"]}]},{"@type":"WebPage","@id":"https:\/\/www.africa-press.net\/togo\/politique\/togo-le-general-kadanga-mis-aux-arrets-les-raisons","url":"https:\/\/www.africa-press.net\/togo\/politique\/togo-le-general-kadanga-mis-aux-arrets-les-raisons","name":"Togo: Le G\u00e9n\u00e9ral Kadanga mis aux arr\u00eats. Les raisons - Togo","isPartOf":{"@id":"https:\/\/www.africa-press.net\/togo\/#website"},"primaryImageOfPage":{"@id":"https:\/\/www.africa-press.net\/togo\/politique\/togo-le-general-kadanga-mis-aux-arrets-les-raisons#primaryimage"},"image":{"@id":"https:\/\/www.africa-press.net\/togo\/politique\/togo-le-general-kadanga-mis-aux-arrets-les-raisons#primaryimage"},"thumbnailUrl":"https:\/\/static.africa-press.net\/togo\/sites\/58\/2023\/01\/postQueueImg_1673710186.64.jpg","datePublished":"2023-01-14T18:59:40+00:00","dateModified":"2023-01-14T20:11:15+00:00","author":{"@id":"https:\/\/www.africa-press.net\/togo\/#\/schema\/person\/2b1cf3cd81a31e3cd26889ca66d677f1"},"description":"Depuis ce 13 janvier 2023 (ironie de date) le Ge\u0301ne\u0301ral Fe\u0301lix Abalo Kadanga est mis aux arre\u0302ts. Plusieurs versions cir ...","breadcrumb":{"@id":"https:\/\/www.africa-press.net\/togo\/politique\/togo-le-general-kadanga-mis-aux-arrets-les-raisons#breadcrumb"},"inLanguage":"fr-FR","potentialAction":[{"@type":"ReadAction","target":["https:\/\/www.africa-press.net\/togo\/politique\/togo-le-general-kadanga-mis-aux-arrets-les-raisons"]}]},{"@type":"ImageObject","inLanguage":"fr-FR","@id":"https:\/\/www.africa-press.net\/togo\/politique\/togo-le-general-kadanga-mis-aux-arrets-les-raisons#primaryimage","url":"https:\/\/static.africa-press.net\/togo\/sites\/58\/2023\/01\/postQueueImg_1673710186.64.jpg","contentUrl":"https:\/\/static.africa-press.net\/togo\/sites\/58\/2023\/01\/postQueueImg_1673710186.64.jpg","width":720,"height":479,"caption":"Togo: Le G\u00e9n\u00e9ral Kadanga mis aux arr\u00eats. Les raisons"},{"@type":"BreadcrumbList","@id":"https:\/\/www.africa-press.net\/togo\/politique\/togo-le-general-kadanga-mis-aux-arrets-les-raisons#breadcrumb","itemListElement":[{"@type":"ListItem","position":1,"name":"Accueil","item":"https:\/\/www.africa-press.net\/togo\/"},{"@type":"ListItem","position":2,"name":"Togo: Le G\u00e9n\u00e9ral Kadanga mis aux arr\u00eats. Les raisons"}]},{"@type":"WebSite","@id":"https:\/\/www.africa-press.net\/togo\/#website","url":"https:\/\/www.africa-press.net\/togo\/","name":"Togo","description":"Just another Africa News Agency Sites site","potentialAction":[{"@type":"SearchAction","target":{"@type":"EntryPoint","urlTemplate":"https:\/\/www.africa-press.net\/togo\/?s={search_term_string}"},"query-input":{"@type":"PropertyValueSpecification","valueRequired":true,"valueName":"search_term_string"}}],"inLanguage":"fr-FR"},{"@type":"Person","@id":"https:\/\/www.africa-press.net\/togo\/#\/schema\/person\/2b1cf3cd81a31e3cd26889ca66d677f1","name":"cfeditorfr"}]}},"_links":{"self":[{"href":"https:\/\/www.africa-press.net\/togo\/wp-json\/wp\/v2\/posts\/16145","targetHints":{"allow":["GET"]}}],"collection":[{"href":"https:\/\/www.africa-press.net\/togo\/wp-json\/wp\/v2\/posts"}],"about":[{"href":"https:\/\/www.africa-press.net\/togo\/wp-json\/wp\/v2\/types\/post"}],"author":[{"embeddable":true,"href":"https:\/\/www.africa-press.net\/togo\/wp-json\/wp\/v2\/users\/82"}],"replies":[{"embeddable":true,"href":"https:\/\/www.africa-press.net\/togo\/wp-json\/wp\/v2\/comments?post=16145"}],"version-history":[{"count":0,"href":"https:\/\/www.africa-press.net\/togo\/wp-json\/wp\/v2\/posts\/16145\/revisions"}],"wp:featuredmedia":[{"embeddable":true,"href":"https:\/\/www.africa-press.net\/togo\/wp-json\/wp\/v2\/media\/16144"}],"wp:attachment":[{"href":"https:\/\/www.africa-press.net\/togo\/wp-json\/wp\/v2\/media?parent=16145"}],"wp:term":[{"taxonomy":"category","embeddable":true,"href":"https:\/\/www.africa-press.net\/togo\/wp-json\/wp\/v2\/categories?post=16145"},{"taxonomy":"post_tag","embeddable":true,"href":"https:\/\/www.africa-press.net\/togo\/wp-json\/wp\/v2\/tags?post=16145"}],"curies":[{"name":"wp","href":"https:\/\/api.w.org\/{rel}","templated":true}]}}