{"id":16320,"date":"2023-01-20T20:23:05","date_gmt":"2023-01-20T20:23:05","guid":{"rendered":"https:\/\/www.africa-press.net\/togo\/politique\/togo-fat-larmee-de-terre-a-un-nouveau-chef-detat-major"},"modified":"2023-01-20T21:32:11","modified_gmt":"2023-01-20T21:32:11","slug":"togo-fat-larmee-de-terre-a-un-nouveau-chef-detat-major","status":"publish","type":"post","link":"https:\/\/www.africa-press.net\/togo\/politique\/togo-fat-larmee-de-terre-a-un-nouveau-chef-detat-major","title":{"rendered":"Togo\/FAT : l\u2019arm\u00e9e de terre a un nouveau chef d\u2019\u00e9tat-major"},"content":{"rendered":"<p><span style=\"color: #ff6600\"><strong>Africa-Press &#8211; Togo. <\/strong><\/span>L\u2019arme\u0301e de terre a un nouveau chef d\u2019Etat-major. Il s\u2019agit du colonel Manzama-Esso Kilimou.<\/p>\n<p>Le colonel Manzama-Esso Kilimou e\u0301tait pre\u0301ce\u0301demment commandant de l\u2019Ecole de Formation des Officiers des Forces Arme\u0301es Togolaises (EFOFAT) sise a\u0300 Pya dans la pre\u0301fecture de la Kozah.<\/p>\n<p>Il remplace a\u0300 ce poste, le ge\u0301ne\u0301ral Kolemagah Kassawa. Rappelons qu\u2019il y a quelques jours, Faure Gnassingbe\u0301 a fait monter 345 officiers en grade.<\/p>\n<p>L\u2019Arme\u0301e de terre est l\u2019une des composantes des Forces arme\u0301es togolaises la Marine nationale, l\u2019Arme\u0301e de l\u2019air, la Gendarmerie nationale et les services de soutien interarme\u0301es.<\/p>\n<p><strong>Pour plus d&rsquo;informations et d&rsquo;analyses sur la <a href=\"https:\/\/www.africa-press.net\/togo\">Togo<\/a>, suivez <a href=\"https:\/\/www.africa-press.net\/\">Africa-Press<\/a><\/strong><\/p>\n","protected":false},"excerpt":{"rendered":"<p>Africa-Press &#8211; Togo. L\u2019arme\u0301e de terre a un nouveau chef d\u2019Etat-major. Il s\u2019agit du colonel Manzama-Esso Kilimou. Le colonel Manzama-Esso Kilimou e\u0301tait pre\u0301ce\u0301demment commandant de l\u2019Ecole de Formation des Officiers des Forces Arme\u0301es Togolaises (EFOFAT) sise a\u0300 Pya dans la pre\u0301fecture de la Kozah. Il remplace a\u0300 ce poste, le ge\u0301ne\u0301ral Kolemagah Kassawa. Rappelons qu\u2019il [&hellip;]<\/p>\n","protected":false},"author":82,"featured_media":16319,"comment_status":"open","ping_status":"closed","sticky":false,"template":"","format":"standard","meta":{"footnotes":""},"categories":[2,10],"tags":[36,49,505,50],"class_list":["post-16320","post","type-post","status-publish","format-standard","has-post-thumbnail","hentry","category-politique","category-toutes-les-actualites","tag-africa-press","tag-africa-press-togo","tag-fat","tag-togo"],"yoast_head":"<!-- This site is optimized with the Yoast SEO Premium plugin v26.1 (Yoast SEO v27.0) - https:\/\/yoast.com\/product\/yoast-seo-premium-wordpress\/ -->\n<title>Togo\/FAT : l\u2019arm\u00e9e de terre a un nouveau chef d\u2019\u00e9tat-major - Togo<\/title>\n<meta name=\"description\" content=\"L\u2019arme\u0301e de terre a un nouveau chef d\u2019Etat-major. Il s\u2019agit du colonel Manzama-Esso Kilimou. Le colonel Manzama-Esso Ki ...\" \/>\n<meta name=\"robots\" content=\"index, follow, max-snippet:-1, max-image-preview:large, max-video-preview:-1\" \/>\n<link rel=\"canonical\" href=\"https:\/\/www.africa-press.net\/togo\/politique\/togo-fat-larmee-de-terre-a-un-nouveau-chef-detat-major\" \/>\n<meta property=\"og:locale\" content=\"fr_FR\" \/>\n<meta property=\"og:type\" content=\"article\" \/>\n<meta property=\"og:title\" content=\"Togo\/FAT : l\u2019arm\u00e9e de terre a un nouveau chef d\u2019\u00e9tat-major\" \/>\n<meta property=\"og:description\" content=\"L\u2019arme\u0301e de terre a un nouveau chef d\u2019Etat-major. Il s\u2019agit du colonel Manzama-Esso Kilimou. Le colonel Manzama-Esso Ki ...\" \/>\n<meta property=\"og:url\" content=\"https:\/\/www.africa-press.net\/togo\/politique\/togo-fat-larmee-de-terre-a-un-nouveau-chef-detat-major\" \/>\n<meta property=\"og:site_name\" content=\"Togo\" \/>\n<meta property=\"article:published_time\" content=\"2023-01-20T20:23:05+00:00\" \/>\n<meta property=\"article:modified_time\" content=\"2023-01-20T21:32:11+00:00\" \/>\n<meta property=\"og:image\" content=\"https:\/\/static.africa-press.net\/togo\/sites\/58\/2023\/01\/postQueueImg_1674233588.21.jpg\" \/>\n\t<meta property=\"og:image:width\" content=\"720\" \/>\n\t<meta property=\"og:image:height\" content=\"479\" \/>\n\t<meta property=\"og:image:type\" content=\"image\/jpeg\" \/>\n<meta name=\"author\" content=\"cfeditorfr\" \/>\n<meta name=\"twitter:card\" content=\"summary_large_image\" \/>\n<meta name=\"twitter:label1\" content=\"\u00c9crit par\" \/>\n\t<meta name=\"twitter:data1\" content=\"cfeditorfr\" \/>\n\t<meta name=\"twitter:label2\" content=\"Dur\u00e9e de lecture estim\u00e9e\" \/>\n\t<meta name=\"twitter:data2\" content=\"1 minute\" \/>\n<script type=\"application\/ld+json\" class=\"yoast-schema-graph\">{\"@context\":\"https:\/\/schema.org\",\"@graph\":[{\"@type\":\"Article\",\"@id\":\"https:\/\/www.africa-press.net\/togo\/politique\/togo-fat-larmee-de-terre-a-un-nouveau-chef-detat-major#article\",\"isPartOf\":{\"@id\":\"https:\/\/www.africa-press.net\/togo\/politique\/togo-fat-larmee-de-terre-a-un-nouveau-chef-detat-major\"},\"author\":{\"name\":\"cfeditorfr\",\"@id\":\"https:\/\/www.africa-press.net\/togo\/#\/schema\/person\/2b1cf3cd81a31e3cd26889ca66d677f1\"},\"headline\":\"Togo\/FAT : l\u2019arm\u00e9e de terre a un nouveau chef d\u2019\u00e9tat-major\",\"datePublished\":\"2023-01-20T20:23:05+00:00\",\"dateModified\":\"2023-01-20T21:32:11+00:00\",\"mainEntityOfPage\":{\"@id\":\"https:\/\/www.africa-press.net\/togo\/politique\/togo-fat-larmee-de-terre-a-un-nouveau-chef-detat-major\"},\"wordCount\":139,\"commentCount\":0,\"image\":{\"@id\":\"https:\/\/www.africa-press.net\/togo\/politique\/togo-fat-larmee-de-terre-a-un-nouveau-chef-detat-major#primaryimage\"},\"thumbnailUrl\":\"https:\/\/static.africa-press.net\/togo\/sites\/58\/2023\/01\/postQueueImg_1674233588.21.jpg\",\"keywords\":[\"Africa Press\",\"Africa Press-Togo\",\"FAT\",\"Togo\"],\"articleSection\":[\"Politique\",\"Toutes les actualit\u00e9s\"],\"inLanguage\":\"fr-FR\",\"potentialAction\":[{\"@type\":\"CommentAction\",\"name\":\"Comment\",\"target\":[\"https:\/\/www.africa-press.net\/togo\/politique\/togo-fat-larmee-de-terre-a-un-nouveau-chef-detat-major#respond\"]}]},{\"@type\":\"WebPage\",\"@id\":\"https:\/\/www.africa-press.net\/togo\/politique\/togo-fat-larmee-de-terre-a-un-nouveau-chef-detat-major\",\"url\":\"https:\/\/www.africa-press.net\/togo\/politique\/togo-fat-larmee-de-terre-a-un-nouveau-chef-detat-major\",\"name\":\"Togo\/FAT : l\u2019arm\u00e9e de terre a un nouveau chef d\u2019\u00e9tat-major - Togo\",\"isPartOf\":{\"@id\":\"https:\/\/www.africa-press.net\/togo\/#website\"},\"primaryImageOfPage\":{\"@id\":\"https:\/\/www.africa-press.net\/togo\/politique\/togo-fat-larmee-de-terre-a-un-nouveau-chef-detat-major#primaryimage\"},\"image\":{\"@id\":\"https:\/\/www.africa-press.net\/togo\/politique\/togo-fat-larmee-de-terre-a-un-nouveau-chef-detat-major#primaryimage\"},\"thumbnailUrl\":\"https:\/\/static.africa-press.net\/togo\/sites\/58\/2023\/01\/postQueueImg_1674233588.21.jpg\",\"datePublished\":\"2023-01-20T20:23:05+00:00\",\"dateModified\":\"2023-01-20T21:32:11+00:00\",\"author\":{\"@id\":\"https:\/\/www.africa-press.net\/togo\/#\/schema\/person\/2b1cf3cd81a31e3cd26889ca66d677f1\"},\"description\":\"L\u2019arme\u0301e de terre a un nouveau chef d\u2019Etat-major. Il s\u2019agit du colonel Manzama-Esso Kilimou. Le colonel Manzama-Esso Ki ...\",\"breadcrumb\":{\"@id\":\"https:\/\/www.africa-press.net\/togo\/politique\/togo-fat-larmee-de-terre-a-un-nouveau-chef-detat-major#breadcrumb\"},\"inLanguage\":\"fr-FR\",\"potentialAction\":[{\"@type\":\"ReadAction\",\"target\":[\"https:\/\/www.africa-press.net\/togo\/politique\/togo-fat-larmee-de-terre-a-un-nouveau-chef-detat-major\"]}]},{\"@type\":\"ImageObject\",\"inLanguage\":\"fr-FR\",\"@id\":\"https:\/\/www.africa-press.net\/togo\/politique\/togo-fat-larmee-de-terre-a-un-nouveau-chef-detat-major#primaryimage\",\"url\":\"https:\/\/static.africa-press.net\/togo\/sites\/58\/2023\/01\/postQueueImg_1674233588.21.jpg\",\"contentUrl\":\"https:\/\/static.africa-press.net\/togo\/sites\/58\/2023\/01\/postQueueImg_1674233588.21.jpg\",\"width\":720,\"height\":479,\"caption\":\"Togo\/FAT : l\u2019arm\u00e9e de terre a un nouveau chef d\u2019\u00e9tat-major\"},{\"@type\":\"BreadcrumbList\",\"@id\":\"https:\/\/www.africa-press.net\/togo\/politique\/togo-fat-larmee-de-terre-a-un-nouveau-chef-detat-major#breadcrumb\",\"itemListElement\":[{\"@type\":\"ListItem\",\"position\":1,\"name\":\"Accueil\",\"item\":\"https:\/\/www.africa-press.net\/togo\/\"},{\"@type\":\"ListItem\",\"position\":2,\"name\":\"Togo\/FAT : l\u2019arm\u00e9e de terre a un nouveau chef d\u2019\u00e9tat-major\"}]},{\"@type\":\"WebSite\",\"@id\":\"https:\/\/www.africa-press.net\/togo\/#website\",\"url\":\"https:\/\/www.africa-press.net\/togo\/\",\"name\":\"Togo\",\"description\":\"Just another Africa News Agency Sites site\",\"potentialAction\":[{\"@type\":\"SearchAction\",\"target\":{\"@type\":\"EntryPoint\",\"urlTemplate\":\"https:\/\/www.africa-press.net\/togo\/?s={search_term_string}\"},\"query-input\":{\"@type\":\"PropertyValueSpecification\",\"valueRequired\":true,\"valueName\":\"search_term_string\"}}],\"inLanguage\":\"fr-FR\"},{\"@type\":\"Person\",\"@id\":\"https:\/\/www.africa-press.net\/togo\/#\/schema\/person\/2b1cf3cd81a31e3cd26889ca66d677f1\",\"name\":\"cfeditorfr\"}]}<\/script>\n<!-- \/ Yoast SEO Premium plugin. -->","yoast_head_json":{"title":"Togo\/FAT : l\u2019arm\u00e9e de terre a un nouveau chef d\u2019\u00e9tat-major - Togo","description":"L\u2019arme\u0301e de terre a un nouveau chef d\u2019Etat-major. Il s\u2019agit du colonel Manzama-Esso Kilimou. Le colonel Manzama-Esso Ki ...","robots":{"index":"index","follow":"follow","max-snippet":"max-snippet:-1","max-image-preview":"max-image-preview:large","max-video-preview":"max-video-preview:-1"},"canonical":"https:\/\/www.africa-press.net\/togo\/politique\/togo-fat-larmee-de-terre-a-un-nouveau-chef-detat-major","og_locale":"fr_FR","og_type":"article","og_title":"Togo\/FAT : l\u2019arm\u00e9e de terre a un nouveau chef d\u2019\u00e9tat-major","og_description":"L\u2019arme\u0301e de terre a un nouveau chef d\u2019Etat-major. Il s\u2019agit du colonel Manzama-Esso Kilimou. Le colonel Manzama-Esso Ki ...","og_url":"https:\/\/www.africa-press.net\/togo\/politique\/togo-fat-larmee-de-terre-a-un-nouveau-chef-detat-major","og_site_name":"Togo","article_published_time":"2023-01-20T20:23:05+00:00","article_modified_time":"2023-01-20T21:32:11+00:00","og_image":[{"width":720,"height":479,"url":"https:\/\/static.africa-press.net\/togo\/sites\/58\/2023\/01\/postQueueImg_1674233588.21.jpg","type":"image\/jpeg"}],"author":"cfeditorfr","twitter_card":"summary_large_image","twitter_misc":{"\u00c9crit par":"cfeditorfr","Dur\u00e9e de lecture estim\u00e9e":"1 minute"},"schema":{"@context":"https:\/\/schema.org","@graph":[{"@type":"Article","@id":"https:\/\/www.africa-press.net\/togo\/politique\/togo-fat-larmee-de-terre-a-un-nouveau-chef-detat-major#article","isPartOf":{"@id":"https:\/\/www.africa-press.net\/togo\/politique\/togo-fat-larmee-de-terre-a-un-nouveau-chef-detat-major"},"author":{"name":"cfeditorfr","@id":"https:\/\/www.africa-press.net\/togo\/#\/schema\/person\/2b1cf3cd81a31e3cd26889ca66d677f1"},"headline":"Togo\/FAT : l\u2019arm\u00e9e de terre a un nouveau chef d\u2019\u00e9tat-major","datePublished":"2023-01-20T20:23:05+00:00","dateModified":"2023-01-20T21:32:11+00:00","mainEntityOfPage":{"@id":"https:\/\/www.africa-press.net\/togo\/politique\/togo-fat-larmee-de-terre-a-un-nouveau-chef-detat-major"},"wordCount":139,"commentCount":0,"image":{"@id":"https:\/\/www.africa-press.net\/togo\/politique\/togo-fat-larmee-de-terre-a-un-nouveau-chef-detat-major#primaryimage"},"thumbnailUrl":"https:\/\/static.africa-press.net\/togo\/sites\/58\/2023\/01\/postQueueImg_1674233588.21.jpg","keywords":["Africa Press","Africa Press-Togo","FAT","Togo"],"articleSection":["Politique","Toutes les actualit\u00e9s"],"inLanguage":"fr-FR","potentialAction":[{"@type":"CommentAction","name":"Comment","target":["https:\/\/www.africa-press.net\/togo\/politique\/togo-fat-larmee-de-terre-a-un-nouveau-chef-detat-major#respond"]}]},{"@type":"WebPage","@id":"https:\/\/www.africa-press.net\/togo\/politique\/togo-fat-larmee-de-terre-a-un-nouveau-chef-detat-major","url":"https:\/\/www.africa-press.net\/togo\/politique\/togo-fat-larmee-de-terre-a-un-nouveau-chef-detat-major","name":"Togo\/FAT : l\u2019arm\u00e9e de terre a un nouveau chef d\u2019\u00e9tat-major - Togo","isPartOf":{"@id":"https:\/\/www.africa-press.net\/togo\/#website"},"primaryImageOfPage":{"@id":"https:\/\/www.africa-press.net\/togo\/politique\/togo-fat-larmee-de-terre-a-un-nouveau-chef-detat-major#primaryimage"},"image":{"@id":"https:\/\/www.africa-press.net\/togo\/politique\/togo-fat-larmee-de-terre-a-un-nouveau-chef-detat-major#primaryimage"},"thumbnailUrl":"https:\/\/static.africa-press.net\/togo\/sites\/58\/2023\/01\/postQueueImg_1674233588.21.jpg","datePublished":"2023-01-20T20:23:05+00:00","dateModified":"2023-01-20T21:32:11+00:00","author":{"@id":"https:\/\/www.africa-press.net\/togo\/#\/schema\/person\/2b1cf3cd81a31e3cd26889ca66d677f1"},"description":"L\u2019arme\u0301e de terre a un nouveau chef d\u2019Etat-major. Il s\u2019agit du colonel Manzama-Esso Kilimou. Le colonel Manzama-Esso Ki ...","breadcrumb":{"@id":"https:\/\/www.africa-press.net\/togo\/politique\/togo-fat-larmee-de-terre-a-un-nouveau-chef-detat-major#breadcrumb"},"inLanguage":"fr-FR","potentialAction":[{"@type":"ReadAction","target":["https:\/\/www.africa-press.net\/togo\/politique\/togo-fat-larmee-de-terre-a-un-nouveau-chef-detat-major"]}]},{"@type":"ImageObject","inLanguage":"fr-FR","@id":"https:\/\/www.africa-press.net\/togo\/politique\/togo-fat-larmee-de-terre-a-un-nouveau-chef-detat-major#primaryimage","url":"https:\/\/static.africa-press.net\/togo\/sites\/58\/2023\/01\/postQueueImg_1674233588.21.jpg","contentUrl":"https:\/\/static.africa-press.net\/togo\/sites\/58\/2023\/01\/postQueueImg_1674233588.21.jpg","width":720,"height":479,"caption":"Togo\/FAT : l\u2019arm\u00e9e de terre a un nouveau chef d\u2019\u00e9tat-major"},{"@type":"BreadcrumbList","@id":"https:\/\/www.africa-press.net\/togo\/politique\/togo-fat-larmee-de-terre-a-un-nouveau-chef-detat-major#breadcrumb","itemListElement":[{"@type":"ListItem","position":1,"name":"Accueil","item":"https:\/\/www.africa-press.net\/togo\/"},{"@type":"ListItem","position":2,"name":"Togo\/FAT : l\u2019arm\u00e9e de terre a un nouveau chef d\u2019\u00e9tat-major"}]},{"@type":"WebSite","@id":"https:\/\/www.africa-press.net\/togo\/#website","url":"https:\/\/www.africa-press.net\/togo\/","name":"Togo","description":"Just another Africa News Agency Sites site","potentialAction":[{"@type":"SearchAction","target":{"@type":"EntryPoint","urlTemplate":"https:\/\/www.africa-press.net\/togo\/?s={search_term_string}"},"query-input":{"@type":"PropertyValueSpecification","valueRequired":true,"valueName":"search_term_string"}}],"inLanguage":"fr-FR"},{"@type":"Person","@id":"https:\/\/www.africa-press.net\/togo\/#\/schema\/person\/2b1cf3cd81a31e3cd26889ca66d677f1","name":"cfeditorfr"}]}},"_links":{"self":[{"href":"https:\/\/www.africa-press.net\/togo\/wp-json\/wp\/v2\/posts\/16320","targetHints":{"allow":["GET"]}}],"collection":[{"href":"https:\/\/www.africa-press.net\/togo\/wp-json\/wp\/v2\/posts"}],"about":[{"href":"https:\/\/www.africa-press.net\/togo\/wp-json\/wp\/v2\/types\/post"}],"author":[{"embeddable":true,"href":"https:\/\/www.africa-press.net\/togo\/wp-json\/wp\/v2\/users\/82"}],"replies":[{"embeddable":true,"href":"https:\/\/www.africa-press.net\/togo\/wp-json\/wp\/v2\/comments?post=16320"}],"version-history":[{"count":0,"href":"https:\/\/www.africa-press.net\/togo\/wp-json\/wp\/v2\/posts\/16320\/revisions"}],"wp:featuredmedia":[{"embeddable":true,"href":"https:\/\/www.africa-press.net\/togo\/wp-json\/wp\/v2\/media\/16319"}],"wp:attachment":[{"href":"https:\/\/www.africa-press.net\/togo\/wp-json\/wp\/v2\/media?parent=16320"}],"wp:term":[{"taxonomy":"category","embeddable":true,"href":"https:\/\/www.africa-press.net\/togo\/wp-json\/wp\/v2\/categories?post=16320"},{"taxonomy":"post_tag","embeddable":true,"href":"https:\/\/www.africa-press.net\/togo\/wp-json\/wp\/v2\/tags?post=16320"}],"curies":[{"name":"wp","href":"https:\/\/api.w.org\/{rel}","templated":true}]}}