{"id":16446,"date":"2023-01-25T12:01:53","date_gmt":"2023-01-25T12:01:53","guid":{"rendered":"https:\/\/www.africa-press.net\/togo\/politique\/togo-freau-jardin-temoignage-de-dr-kodjo-sur-le-massacre"},"modified":"2023-01-25T12:01:53","modified_gmt":"2023-01-25T12:01:53","slug":"togo-freau-jardin-temoignage-de-dr-kodjo-sur-le-massacre","status":"publish","type":"post","link":"https:\/\/www.africa-press.net\/togo\/politique\/togo-freau-jardin-temoignage-de-dr-kodjo-sur-le-massacre","title":{"rendered":"Togo-Fr\u00e9au Jardin: T\u00e9moignage de Dr Kodjo sur le massacre"},"content":{"rendered":"<p><span style=\"color: #ff6600\"><strong>Africa-Press &#8211; Togo. <\/strong><\/span><b>Il a e\u0301te\u0301 cite\u0301 comme l\u2019un des commanditaires du massacre de Fre\u0301au Jardin. Devant la CVJR, l\u2019ancien Premier ministre, ministre de l\u2019Administration territoriale et de la Se\u0301curite\u0301 au moment des faits, Dr Gabriel Messan Agbe\u0301yome\u0301 Kodjo a rejete\u0301 les accusations porte\u0301es contre sa personne et donne\u0301 sa version des faits. Voici son te\u0301moignage !<\/b><br \/>\n<b>TE\u0301MOIGNAGE DE AGBE\u0301YOME\u0301 KODJO EN PLE\u0301NIE\u0300RE DEVANT LA COMMISSION VE\u0301RITE\u0301 JUSTICE ET RE\u0301CONCILIATION<\/b><\/p>\n<p>J\u2019ai l\u2019honneur de porter devant votre commission, te\u0301moignage authentique et since\u0300re, de faits politiques ainsi que des circonstances au cours desquelles le 25 janvier 1993 des Togolaises et Togolais furent expose\u0301s a\u0300 l\u2019irre\u0301parable.<\/p>\n<p>C\u2019est de\u0300s lors avec une grande e\u0301motion et le c\u0153ur tout entier ouvert que je m\u2019incline devant la me\u0301moire de tous les martyrs illustres et anonymes qui ont e\u0301crit en lettres de sang l\u2019histoire politique re\u0301cente de notre pays.<\/p>\n<p>J\u2019adresse tout particulie\u0300rement aux familles meurtries par de longues anne\u0301es de douleur, mes vives condole\u0301ances, et m\u2019engage solennellement devant Dieu et le Peuple togolais a\u0300 livrer ma part de ve\u0301rite\u0301 sur la trage\u0301die de la Place Fre\u0301au Jardin qui a endeuille\u0301 depuis le 25 janvier 1993 la Nation togolaise.<\/p>\n<p>L\u2019heure de ve\u0301rite\u0301 est enfin arrive\u0301e ! C\u2019est pourquoi, je formule le v\u0153u que le Peuple togolais se fasse une juste opinion relativement a\u0300 l\u2019une des trage\u0301dies les plus meurtrie\u0300res du cheminement vers la de\u0301mocratisation de la vie politique au Togo.<\/p>\n<p>Un terme doit maintenant e\u0302tre mis a\u0300 la me\u0301connaissance de la ve\u0301rite\u0301 afin de permettre a\u0300 chacun et a\u0300 tous d\u2019accomplir un ve\u0301ritable travail de me\u0301moire, gage d\u2019une bonne e\u0301criture de l\u2019histoire, seule a\u0300 me\u0302me de situer sans falsification les responsabilite\u0301s, et de rendre justice aux victimes.<\/p>\n<p>Monseigneur Pre\u0301sident,<\/p>\n<p>C\u2019est en toute se\u0301re\u0301nite\u0301 que vous me permettrez de faire le rappel de tout ce que courant de\u0301cembre 2010, dans ma de\u0301claration, j\u2019avais de\u0301ja\u0300 publiquement livre\u0301 relativement aux faits incrimine\u0301s, pour e\u0301viter un outrage a\u0300 la me\u0301moire collective des Togolais, dans la droite ligne de ma rupture avec le mensonge d\u2019Etat ope\u0301re\u0301 le 27 juin 2002 lors de ma de\u0301mission du poste de Premier Ministre.<\/p>\n<p>De\u0300s lors, convenez de ce que c\u2019est librement que j\u2019ai de longue date, de\u0301cide\u0301 de contribuer activement et honne\u0302tement a\u0300 un travail collectif de recherche de la ve\u0301rite\u0301 pour faciliter l\u2019\u0153uvre de re\u0301conciliation et de cohe\u0301sion nationales.<\/p>\n<p>En l\u2019e\u0301tat, devant l\u2019histoire et devant ma conscience, je conside\u0300re cette audience comme la suite logique de mon ante\u0301rieure de\u0301marche de de\u0301passement de soi. De\u0301passement de soi qui puise sa source dans la conscience du fervent chre\u0301tien que je suis et que j\u2019ai toujours e\u0301te\u0301.<\/p>\n<p>De toutes mes forces et au plus profond de mon e\u0302tre, je soutiens le travail d\u2019investigation de la CVJR tendant a\u0300 e\u0301clairer l\u2019opinion publique nationale et la communaute\u0301 internationale sur la trage\u0301die dite de Fre\u0301au jardin qui a endeuille\u0301 et traumatise\u0301 le Peuple togolais il y a un peu plus de 18 anne\u0301es.<\/p>\n<p>Une remonte\u0301e pre\u0301cise dans le temps parai\u0302t ine\u0301luctable pour saisir d\u2019une part, l\u2019imbrication des e\u0301ve\u0301nements, et d\u2019autre part, ce qui s\u2019est re\u0301ellement joue\u0301 lors de la trage\u0301die nationale survenue a\u0300 l\u2019occasion du passage a\u0300 Lome\u0301 du Ministre franc\u0327ais de la Coope\u0301ration de l\u2019e\u0301poque , monsieur Marcel DEBARGES, et du Secre\u0301taire d\u2019Etat Allemand de l\u2019e\u0301poque, monsieur Helmut SCHAEFFER , tous deux de\u0301pe\u0302che\u0301s a\u0300 l\u2019e\u0301poque par leur pays respectif afin d\u2019aider autant que faire se pouvait, la classe politique togolaise a\u0300 de\u0301nouer la crise qui compromettait lourdement le processus de transition vers un Etat de droit au Togo.<\/p>\n<p>Factuellement :<\/p>\n<p>*Point 1 : Le 27 septembre 1992, les Togolais ple\u0301biscitent lors d\u2019un referendum la nouvelle Constitution de la Re\u0301publique.<\/p>\n<p>*Point 2 : Le 22 octobre 1992, les murs de l\u2019enceinte du sie\u0300ge de la mission franc\u0327aise de coope\u0301ration ont e\u0301te\u0301 souffle\u0301s par une charge explosive causant de conside\u0301rables de\u0301ga\u0302ts mate\u0301riels.<\/p>\n<p>*Point 3 : Les 22 et 23 octobre 1992, une centaine de militaires environ prennent en otage les membres du Haut Conseil de la Re\u0301publique (Assemble\u0301e le\u0301gislative de Transition) re\u0301unis au Palais des Congre\u0300s. Le Garde des Sceaux, Ministre de la Justice, celui de la De\u0301fense Nationale, et celui de l\u2019Administration territoriale interpelle\u0301s par le HCR figuraient au nombre des otages.<\/p>\n<p>*Point 4 : Le 26 octobre 1992, une gre\u0300ve de protestation de 72 heures contre la prise en otage des membres du Haut Conseil de la Re\u0301publique a e\u0301te\u0301 lance\u0301e.<\/p>\n<p>*Point 5 : Le 9 novembre 1992, le Premier Ministre Joseph Kokou KOFFIGOH limoge deux Ministres du RPT (Komlan Agbe\u0301ka et Agbe\u0301yome\u0301 KODJO) que maintient dans leurs fonctions le Ge\u0301ne\u0301ral Eyade\u0301ma.<\/p>\n<p>C\u2019est le de\u0301but d\u2019un bras de fer ouvert entre le Premier Ministre et le Chef de l\u2019Etat.<\/p>\n<p>*Point 6 : Le 13 novembre 1992, le Collectif de l\u2019Opposition De\u0301mocratique (CODII) annonce une gre\u0300ve ge\u0301ne\u0301rale illimite\u0301e a\u0300 compter du 16 Novembre 1992 et appelle la population a\u0300 la de\u0301sobe\u0301issance civile sur l\u2019ensemble du territoire national, invitant l\u2019exe\u0301cutif a\u0300 honorer leurs revendications sous peine de de\u0301mission.<\/p>\n<p>*Point 7 : Le 9 de\u0301cembre 1992, le Patronat togolais condamne les me\u0301thodes de l\u2019arme\u0301e togolaise et lance un appel aux organisations internationales notamment l\u2019OUA, l\u2019ONU, la CEDEAO pour superviser les futures e\u0301lections au Togo. Il invite e\u0301galement le gouvernement a\u0300 fixer au plus vite le calendrier e\u0301lectoral.<\/p>\n<p>*Point 8 : Le 13 de\u0301cembre 1992, le Comite\u0301 Togolais de Re\u0301sistance organise a\u0300 Paris une grande marche (de Re\u0301publique a\u0300 Nation) de soutien a\u0300 la gre\u0300ve ge\u0301ne\u0301rale illimite\u0301e.<\/p>\n<p>*Point 9 : Le 19 de\u0301cembre 1992, le se\u0301nateur RPR des Hauts de Seine, Charles Pasqua, entreprend une visite de 48 heures au Togo au cours de laquelle il a e\u0301te\u0301 rec\u0327u en grande pompe dans le nord par le Ge\u0301ne\u0301ral Eyade\u0301ma a\u0300 qui il a de\u0301clare\u0301 apporter son soutien.<\/p>\n<p>*Point 10 : Le 7 janvier 1993, rencontre COD II \u2013 sensibilite\u0301 pre\u0301sidentielle sur la ne\u0301cessite\u0301 de former un nouveau gouvernement. Il a e\u0301te\u0301 convenu la mise sur pied d\u2019une \u00ab Force spe\u0301ciale de se\u0301curite\u0301 \u00bb. Mais le Ge\u0301ne\u0301ral Eyadema exige d\u2019abord la fin de la gre\u0300ve ge\u0301ne\u0301rale illimite\u0301e, tandis que l\u2019opposition re\u0301clame des garanties.<\/p>\n<p>*Point 11 : Le 13 janvier 1993, dans un message a\u0300 la nation, le Ge\u0301ne\u0301ral Eyade\u0301ma annonce la formation prochaine d\u2019un nouveau gouvernement.<\/p>\n<p>*Point 12 : Le 18 janvier 1993, au cours d\u2019une re\u0301union du CODII a\u0300 Pa de Souza, Me Agboyibo rapporte dans son livre \u00abMon Combat pour le Togo \u00bb, publie\u0301 aux Editions Karthala, novembre 1999, pages 102 a\u0300 104, qu\u2019il avait interroge\u0301 le Professeur Gnininvi, Pre\u0301sident du COD II, sur le proce\u0301de\u0301 par lequel une gre\u0300ve illimite\u0301e pouvait de\u0301boucher sur la de\u0301mission du Chef de l\u2019Etat. Il aurait obtenu du Professeur GNININVI la re\u0301ponse suivante : je cite \u00ab la communaute\u0301 internationale sera effectivement indiffe\u0301rente a\u0300 notre sort, tant que la gre\u0300ve continuera a\u0300 e\u0302tre plate. Que voudrais-tu dire par la\u0300 ? Lui ai-je demande\u0301 pre\u0301cise Me AGBOYIBO ; J\u2019ai compris a\u0300 sa re\u0301ponse qu\u2019on allait vers des journe\u0301es chaudes \u00bb poursuit Me AGBOYIBO.<\/p>\n<p>*Point 13 : Le 19 janvier 1993, le Ge\u0301ne\u0301ral Eyade\u0301ma signe un de\u0301cret reconduisant le Premier Ministre Koffigoh dans ses fonctions. L\u2019opposition et le HCR contestent au Chef de l\u2019Etat le droit de nommer le Premier Ministre, car selon les dispositions transitoires de la Constitution du 27 septembre 1992 cette pre\u0301rogative rele\u0300ve de la compe\u0301tence du HCR. Le me\u0302me jour, une manifestation particulie\u0300rement impressionnante se tenait devant les ambassades occidentales, avec son lot de de\u0301vastations des e\u0301quipements publics et de blesse\u0301s graves.<\/p>\n<p>*Point 14 : Le 21 janvier 1993, les officiers de l\u2019arme\u0301e apportent un soutien public au Ge\u0301ne\u0301ral Eyadema ainsi qu\u2019au Premier Ministre, Joseph Koffigoh. Les militaires affirment alors que \u00ab la transition a lamentablement e\u0301choue\u0301 \u00bb.<\/p>\n<p>*Point 15 : Le 23 janvier 1993, Monsieur Alain Madelin, vice-pre\u0301sident du Parti Re\u0301publicain franc\u0327ais, branche de l\u2019UDF, de passage a\u0300 Lome\u0301 de\u0301clare : \u00ab Je suis un ami de longue date de la de\u0301mocratie africaine. J\u2019exprime ici mon admiration et mon amitie\u0301 pour les de\u0301mocrates qui, ici ou\u0300 ailleurs en Afrique se battent pour la liberte\u0301 et la dignite\u0301 de la personne, souvent au pe\u0301ril de leur vie \u00bb.<\/p>\n<p>*Point 16 : Le 25 janvier 1993, au cours d\u2019une manifestation pacifique rassemblant un nombre de personnes estime\u0301 a\u0300 300 000 dans la capitale Lome\u0301, plus de 19 personnes (certaines sources e\u0301valuent leur nombre a\u0300 une centaine) auraient e\u0301te\u0301 tue\u0301es par des e\u0301le\u0301ments arme\u0301s qui ont tire\u0301 de manie\u0300re indiscrimine\u0301e sur la foule.<\/p>\n<p>*Point 17 : Le 28 janvier 1993, l\u2019ex-pre\u0301sident franc\u0327ais, Giscard d\u2019Estaing envoie un message de soutien au Ge\u0301ne\u0301ral Eyade\u0301ma.<\/p>\n<p>*Point 18 : Le 30 janvier 1993, en repre\u0301sailles au de\u0301ce\u0300s d\u2019un militaire et d\u2019un gendarme vraisemblablement tue\u0301s par des civils, des membres de la Garde pre\u0301sidentielle sont descendus dans la rue et ont tire\u0301 de manie\u0300re indiscrimine\u0301e sur des civils et se sont livre\u0301s a\u0300 des pillages ainsi qu\u2019a\u0300 des exactions graves jusqu\u2019au lendemain.<\/p>\n<p>Cette expe\u0301dition punitive a e\u0301te\u0301 de\u0301clenche\u0301e par un reportage de la te\u0301le\u0301vision togolaise montrant des images de militaires blesse\u0301s ou morts.<\/p>\n<p>Pour me\u0301moire, les faits rapporte\u0301s dans le cadre de la trage\u0301die de Fre\u0301au Jardin survenaient a\u0300 un moment ou\u0300 le Premier Ministre en fonction, Joseph KOFFIGOH e\u0301voluait dans un contexte ou\u0300 il e\u0301tait a\u0300 la fois soumis a\u0300 des pressions militaires, de\u0301savoue\u0301 par les siens de l\u2019opposition et accuse\u0301 par la population, d\u2019avoir liquide\u0301 les acquis de la Confe\u0301rence Nationale Souveraine en acceptant de conserver ses fonctions par un de\u0301cret de nomination du Ge\u0301ne\u0301ral Eyade\u0301ma en violation de la Constitution du 27 septembre 1992.<\/p>\n<p>Le replacement dans le contexte politique de l\u2019e\u0301poque que je viens d\u2019exposer pour que la cohe\u0301rence et la clarte\u0301 n\u2019e\u0301chappent gue\u0300re au travail actuel de de\u0301construction des n\u0153uds de l\u2019histoire, il importe a\u0300 pre\u0301sent que je vous livre ma part de te\u0301moignage sur la trame de ces de\u0301chirants e\u0301ve\u0301nements tragiques tels qu\u2019ils se sont produits le 25 janvier 1993.<\/p>\n<p>L\u2019opposition re\u0301unie au sein du COD II avait informe\u0301 le gouvernement par le biais du Ministe\u0300re de l\u2019Administration territoriale dont j\u2019avais la charge a\u0300 l\u2019e\u0301poque, de son intention d\u2019organiser un rassemblement devant le palais des Congre\u0300s pour manifester son soutien a\u0300 l\u2019initiative des gouvernements franc\u0327ais et allemand visant a\u0300 trouver une solution a\u0300 l\u2019impasse politique entre le Chef de l\u2019Etat, le gouvernement de transition et le Haut Conseil de la Re\u0301publique.<\/p>\n<p>Les e\u0301missaires franc\u0327ais et allemand e\u0301tant loge\u0301s a\u0300 l\u2019Ho\u0302tel du 2 Fe\u0301vrier, le Gouvernement dans le souci de pre\u0301server leur quie\u0301tude avait demande\u0301 aux organisateurs de de\u0301placer sur la place Fre\u0301au Jardin la manifestation qu\u2019ils projetaient d\u2019entreprendre.<\/p>\n<p>Ainsi que l\u2019usage administratif le requiert en matie\u0300re de se\u0301curite\u0301 sur la voie publique, nous avons pris comme cela sied en pareille occasion, toutes les dispositions approprie\u0301es pour assurer la police de la manifestation pre\u0301vue pour 15 heures.<\/p>\n<p>Au moment de quitter ma re\u0301sidence pour me rendre a\u0300 mon Ministe\u0300re afin d\u2019assurer le suivi en temps re\u0301el du de\u0301roulement de la manifestation, une demi-heure avant que ne de\u0301bute le rassemblement, j\u2019ai e\u0301te\u0301 informe\u0301 de l\u2019existence d\u2019un plan d\u2019agression des manifestants, par Monsieur Komikpim BAMNATE De\u0301pute\u0301 a\u0300 l\u2019Assemble\u0301e Nationale, Secre\u0301taire Ge\u0301ne\u0301ral Adjoint du RPT \u2013 qui au moment des faits e\u0301tait proche du Colonel Narcisse DJOUA. Il m\u2019a dit en substance ceci. Je cite : \u00ab ce qui va se passer aujourd\u2019hui, si demain l\u2019opposition demande a\u0300 ses militants de participer a\u0300 une manifestation organise\u0301e par elle ils refuseraient \u00bb.<\/p>\n<p>Je pris cette information tre\u0300s au se\u0301rieux avant me\u0302me de chercher a\u0300 faire des recoupements. Au regard du caracte\u0300re gravissime de la communication qui me fut ainsi transmise, j\u2019ai pre\u0301fe\u0301re\u0301 rebrousser chemin pour instamment tenir informe\u0301 le Professeur Gnininvi avant de me rendre a\u0300 mon bureau au Ministe\u0300re.<\/p>\n<p>Le Professeur GNININVI ne reconnaitra publiquement qu\u2019en 2009 soit 16 ans apre\u0300s les faits, la re\u0301alite\u0301 de la de\u0301marche que j\u2019ai entreprise a\u0300 son endroit tendant a\u0300 pre\u0301cise\u0301ment l\u2019informer sur l\u2019heure, de la communication alarmante qui m\u2019e\u0301tait parvenue.<\/p>\n<p>Ainsi, j\u2019avais a\u0300 l\u2019e\u0301poque, rapporte\u0301 au Pre\u0301sident du COD II que j\u2019e\u0301tais en possession d\u2019une information aux termes de laquelle le camp politique auquel j\u2019appartenais aurait planifie\u0301 des actes de violence de\u0301termine\u0301e, en vue de perturber la manifestation pre\u0301vue. Aussi, avais-je insiste\u0301 pour que le Pre\u0301sident du COD II proce\u0300de par pre\u0301caution a\u0300 l\u2019annulation de la manifestation. En outre, je lui avais recommande\u0301 de pre\u0301fe\u0301rablement inviter les manifestants a\u0300 se rendre a\u0300 l\u2019ae\u0301roport pour saluer les e\u0301missaires europe\u0301ens au moment de leur de\u0301part, afin de leur exprimer leur sentiment de de\u0301sarroi et de cole\u0300re contre les violences et les perse\u0301cutions dont ils sont l\u2019objet, et de de\u0301noncer explicitement les obstacles au processus de de\u0301mocratisation du Togo.<\/p>\n<p>Malheureusement je ne suis pas parvenu a\u0300 convaincre le Professeur GNININVI car il avait estime\u0301 que mes propos proce\u0301daient d\u2019une re\u0301currente man\u0153uvre dilatoire visant a\u0300 empe\u0302cher l\u2019opposition de manifester.<\/p>\n<p>Enfin, je pre\u0301cise que j\u2019ai en des termes clairs, indique\u0301 au Pre\u0301sident du COD II qu\u2019il sera tenu pour responsable de ce qui adviendra car je l\u2019aurais pre\u0301venu.<\/p>\n<p>Par suite, j\u2019ai vainement tente\u0301 de joindre le Ge\u0301ne\u0301ral Eyadema afin de lui rendre compte de la situation mais le standard de Pya ou\u0300 il se trouvait m\u2019a re\u0301pondu qu\u2019il e\u0301tait en audience. J\u2019avais donc compris qu\u2019il e\u0301tait avec les e\u0301missaires europe\u0301ens.<\/p>\n<p>Le Professeur Gnininvi a cependant certainement rendu compte des e\u0301changes que j\u2019ai eues avec lui a\u0300 ses colle\u0300gues puisqu\u2019ils s\u2019e\u0301taient rassemble\u0301s au domicile du Pre\u0301sident de l\u2019UTD et Pre\u0301sident sortant du COD II, Edem KODJO, avant le de\u0301but des fusillades.<\/p>\n<p>Les premiers e\u0301le\u0301ments d\u2019information du drame qui nous ont e\u0301te\u0301 transmis a\u0300 la fin de cette journe\u0301e e\u0301prouvante du 25 janvier 1993 indiquaient que des policiers auraient riposte\u0301 en tirant sur les manifestants suite a\u0300 la mort d\u2019un de leurs colle\u0300gues abattu par un coup de feu en provenance de la foule.<\/p>\n<p>Cette information a fait l\u2019objet d\u2019une confe\u0301rence de presse que j\u2019ai organise\u0301e dans le vif de l\u2019actualite\u0301 a\u0300 mon Ministe\u0300re pour expliquer les circonstances du drame survenu au Peuple togolais.<\/p>\n<p>Il se trouve que suite a\u0300 une enque\u0302te administrative interne, diligente\u0301e par mes soins de\u0300s le lendemain du drame, les explications fournies par la police aux premie\u0300res heures du drame s\u2019ave\u0301re\u0300rent inexactes. En effet :<\/p>\n<p>\u2013 Le policier qui a trouve\u0301 la mort dans le car de police l\u2019a e\u0301te\u0301 accidentellement par une maladresse d\u2019un de ses coe\u0301quipiers.<\/p>\n<p>\u2013 Les armes dont les assassins ont fait usage ne rele\u0300vent pas de la dotation officielle de la police nationale.<\/p>\n<p>\u2013 Une poigne\u0301e d\u2019e\u0301le\u0301ments isole\u0301s de la police nationale implique\u0301s dans ce drame appartenait a\u0300 un groupuscule de\u0301nomme\u0301 \u00ab BRIGADE ROUGE \u00bb qui fort de ses appuis au sein du pouvoir e\u0301tait insoumis a\u0300 l\u2019autorite\u0301 de la hie\u0301rarchie, notamment du Commissaire Central de la ville de Lome\u0301. Le chef de file de ce groupuscule e\u0301tait le Commissaire ALAZA, charge\u0301 du Jalonnement du parcours pre\u0301sidentiel, aujourd\u2019hui de\u0301ce\u0301de\u0301.<\/p>\n<p>Le Commissaire central de l\u2019e\u0301poque, Jean Gabriel BABA, confia n\u2019avoir donne\u0301 de mandat a\u0300 aucun e\u0301le\u0301ment relevant de son autorite\u0301 pour prendre part a\u0300 cette barbarie, monsieur ASSIGUIME, Directeur de la Police Nationale au moment des faits confirma en tous points les propos du Commissaire central.<\/p>\n<p>Tout indique que les ve\u0301hicules de la police aperc\u0327us sur le lieu du drame n\u2019e\u0301taient qu\u2019une ope\u0301ration de diversion pour masquer l\u2019identite\u0301 des ve\u0301ritables commanditaires de cette trage\u0301die. Qu\u2019ainsi les forces de police et le Ministre de l\u2019Administration territoriale ne furent que des boucs e\u0301missaires dans cette trage\u0301die !<\/p>\n<p>D\u2019ou\u0300 s\u2019en suivit ma reque\u0302te adresse\u0301e de\u0300s le lendemain du drame au Chef de l\u2019Etat afin d\u2019e\u0302tre de\u0301charge\u0301 de mes fonctions ministe\u0301rielles. C\u2019est ainsi que le 13 fe\u0301vrier 1993, soit trois semaines environ apre\u0300s la trage\u0301die, je quittais le Ministe\u0300re de l\u2019Administration territoriale et de la se\u0301curite\u0301.<\/p>\n<p>Les leaders de l\u2019opposition togolaise de l\u2019e\u0301poque, re\u0301uni au sein du COD II ne peuvent valablement pre\u0301tendre ignorer les commanditaires et les criminels qui ont endeuille\u0301 la Nation. Ce d\u2019autant que Mai\u0302tre Zeus AJAVON, membre e\u0301minent du COD II, me confia un jour devant des te\u0301moins encore vivants, qu\u2019ils savaient tous que je ne suis ni de pre\u0300s ni de loin me\u0302le\u0301 a\u0300 l\u2019organisation et a\u0300 l\u2019exe\u0301cution du plan macabre qui a endeuille\u0301 la Nation le 25 janvier 1993.<\/p>\n<p>Il me parai\u0302t essentiel de relever qu\u2019il est connu de l\u2019opinion publique togolaise ainsi que certains le confessent en prive\u0301 que ce drame rele\u0300ve de la responsabilite\u0301 des e\u0301le\u0301ments des forces arme\u0301es togolaises ainsi que de certains e\u0301tudiants de l\u2019Universite\u0301 du Be\u0301nin (actuellement universite\u0301 de Lome\u0301) membres du HACAME.<\/p>\n<p>D\u2019ailleurs des te\u0301moignages de militaires en rupture de banc avec les FAT font e\u0301tat de ce que le rassemblement des exe\u0301cutants de cette basse besogne provenant de plusieurs bataillons eut lieu sur le terrain de football du Camp RIT to\u0302t dans la matine\u0301e du 25 janvier 1993, sous les ordres du Commandant Narcisse DJOUA, avec pour mission de \u00ab de\u0301capitez toute l\u2019opposition politique \u00bb.<\/p>\n<p>La Haute Hie\u0301rarchie Militaire de l\u2019e\u0301poque doit pouvoir e\u0301clairer utilement a\u0300 pre\u0301sent la Nation toute entie\u0300re sur ces tragiques e\u0301ve\u0301nements pour la manifestation de la ve\u0301rite\u0301 afin que justice soit faite !<\/p>\n<p>Le 13 mai 1993, dans une correspondance adresse\u0301e au Secre\u0301taire Ge\u0301ne\u0301ral des Nations Unies, Mai\u0302tre Ahlonko DOVI, Pre\u0301sident de la Commission Nationale des Droits de l\u2019Homme du Togo (CNDH), indiquait formellement que les e\u0301ve\u0301nements tragiques des 25 et 30 Janvier 1993 relevaient de la responsabilite\u0301 des FAT.<\/p>\n<p>\u00ab Dans son rapport du 5 Octobre 1993, d\u2019Amnesty International, Intitule\u0301 \u00ab les FAT tuent impune\u0301ment \u00bb Amnesty International, affirme que la responsabilite\u0301 des massacres de Fre\u0301au Jardin incombe aux FAT, et demande instamment au Gouvernement l\u2019ouverture d\u2019une enque\u0302te sur les violations des droits de l\u2019homme afin de traduire les responsables en justice et mettre fin au cercle de violence et d\u2019impunite\u0301 qui se\u0301vit au Togo. Ce rapport souligne par ailleurs que les ministres europe\u0301ens en visite avaient de\u0301clare\u0301 a\u0300 la presse au terme de leur se\u0301jour au Togo, qu\u2019ils avaient conseille\u0301 au pre\u0301sident Eyade\u0301ma de renvoyer l\u2019arme\u0301e dans ses casernes pour empe\u0302cher toute immixtion dans le domaine politique. \u00bb<\/p>\n<p>Par ailleurs, le rapport du 20 janvier 1994 de la Commission des Droits de l\u2019Homme de l\u2019ONU sur la situation des droits de l\u2019homme au Togo apre\u0300s une enque\u0302te minutieuse situe clairement un an apre\u0300s le drame de Fre\u0301au Jardin les responsabilite\u0301s en identifiant les FAT ainsi que des individus habille\u0301s en civil comme e\u0301tant les auteurs du drame du 25 janvier 1993.<\/p>\n<p>Je tiens a\u0300 souligner que depuis ma mise au point publique sur la trage\u0301die de Fre\u0301au Jardin fin septembre 2009 jusqu\u2019a\u0300 ce jour, a\u0300 ma connaissance aucun de mes contempteurs n\u2019a releve\u0301 le de\u0301fi que j\u2019ai lance\u0301 au pouvoir RPT comme a\u0300 l\u2019opposition, ainsi qu\u2019aux forces de se\u0301curite\u0301, en ces termes : \u00ab s\u2019il y en a qui pensent de\u0301tenir la moindre preuve de mon implication dans le drame de FREAU Jardin, qu\u2019ils l\u2019exposent aux yeux de la Nation ! \u00bb.<\/p>\n<p>Les supputations et autres alle\u0301gations tendancieuses profe\u0301re\u0301es qui focalisent l\u2019attention sur ma personne et lui imputent une responsabilite\u0301 qui n\u2019est pas la mienne, occultent les de\u0301ga\u0302ts collate\u0301raux et le pre\u0301judice subi par ma famille et moi-me\u0302me dans le cadre de la tuerie du 25 janvier 1993 a\u0300 la Place Fre\u0301au Jardin.<\/p>\n<p>Etait-il ne\u0301cessaire de relever que ces alle\u0301gations ne sont que des supputations de\u0301nue\u0301es de tout fondement dont le mobile s\u2019apparente davantage a\u0300 une entreprise d\u2019avilissement de ma personne qu\u2019a\u0300 la recherche de la manifestation de la ve\u0301rite\u0301 dans cet ignoble e\u0301ve\u0300nement.<\/p>\n<p>Je n\u2019e\u0301piloguerais pas ici sur les e\u0301tats d\u2019a\u0302me de ma famille car ce qui importe aujourd\u2019hui me semble prioritairement l\u2019exigence de justice et de re\u0301paration a\u0300 l\u2019endroit des victimes, et une responsabilite\u0301 e\u0301thique a\u0300 l\u2019endroit de toutes les filles et de tous les fils du Togo tout entier en cette pe\u0301riode de grande de\u0301sespe\u0301rance sociale ou\u0300 sont re\u0301duites a\u0300 portion congrue nos maigres ressources de fraternite\u0301.<\/p>\n<p>Au-dela\u0300 du de\u0301chirement, des meurtrissures et des frustrations qui marquent les fe\u0302lures dans le tissu social de notre pays, je sais que par notre engagement re\u0301solu a\u0300 de\u0301fendre l\u2019e\u0301thique au c\u0153ur de l\u2019action politique au Togo, se tissent inlassablement et patiemment les fils de la ve\u0301rite\u0301, de la justice, de la dignite\u0301, de la confiance, de la solidarite\u0301, de la paix et de la prospe\u0301rite\u0301 partage\u0301e au canevas de l\u2019histoire de la Terre de nos Ai\u0308eux.<\/p>\n<p>Je souhaite que vos travaux puissent permettre que la ve\u0301rite\u0301 historique des faits soit re\u0301tablie, les responsabilite\u0301s situe\u0301es, les vrais coupables de\u0301signe\u0301s, afin que cessent de\u0301finitivement les re\u0301criminations a\u0300 l\u2019endroit de ma famille et moi-me\u0302me, et que puisse s\u2019ouvrir devant chacun de nous le chemin d\u2019une ve\u0301ritable re\u0301conciliation nationale.<\/p>\n<p>Je formule le v\u0153u que le souci de la ve\u0301rite\u0301 et de la fraternite\u0301 partage\u0301e guide vos travaux afin que les audiences publiques de votre commission puissent consacrer l\u2019e\u0301thique et le respect de la dignite\u0301 humaine ; et que justice soit faite aux victimes pour mettre un terme a\u0300 l\u2019impunite\u0301, permettre un ve\u0301ritable travail de deuil et de re\u0301habilitation de notre histoire commune.<\/p>\n<p>Je reste persuade\u0301 que ce n\u2019est qu\u2019ainsi que tous ensemble nos efforts conjugue\u0301s contribueront a\u0300 faire passer le Togo de son statut actuel d\u2019 \u00ab orphelinat \u00bb de l\u2019Humanite\u0301 a\u0300 celui de la promesse de Dieu a\u0300 nos pe\u0300res fondateurs d\u2019 \u00ab or \u00bb de l\u2019Humanite\u0301.<\/p>\n<p>Je vous remercie pour votre attention et me tiens a\u0300 votre disposition. Que Dieu be\u0301nisse le Togo et chacun de ses enfants !<\/p>\n<p><strong>Pour plus d&rsquo;informations et d&rsquo;analyses sur la <a href=\"https:\/\/www.africa-press.net\/togo\">Togo<\/a>, suivez <a href=\"https:\/\/www.africa-press.net\/\">Africa-Press<\/a><\/strong><\/p>\n","protected":false},"excerpt":{"rendered":"<p>Africa-Press &#8211; Togo. Il a e\u0301te\u0301 cite\u0301 comme l\u2019un des commanditaires du massacre de Fre\u0301au Jardin. Devant la CVJR, l\u2019ancien Premier ministre, ministre de l\u2019Administration territoriale et de la Se\u0301curite\u0301 au moment des faits, Dr Gabriel Messan Agbe\u0301yome\u0301 Kodjo a rejete\u0301 les accusations porte\u0301es contre sa personne et donne\u0301 sa version des faits. Voici son [&hellip;]<\/p>\n","protected":false},"author":82,"featured_media":16445,"comment_status":"open","ping_status":"closed","sticky":false,"template":"","format":"standard","meta":{"footnotes":""},"categories":[2,10],"tags":[36,49,50],"class_list":["post-16446","post","type-post","status-publish","format-standard","has-post-thumbnail","hentry","category-politique","category-toutes-les-actualites","tag-africa-press","tag-africa-press-togo","tag-togo"],"yoast_head":"<!-- This site is optimized with the Yoast SEO Premium plugin v26.1 (Yoast SEO v27.0) - https:\/\/yoast.com\/product\/yoast-seo-premium-wordpress\/ -->\n<title>Togo-Fr\u00e9au Jardin: T\u00e9moignage de Dr Kodjo sur le massacre - Togo<\/title>\n<meta name=\"robots\" content=\"index, follow, max-snippet:-1, max-image-preview:large, max-video-preview:-1\" \/>\n<link rel=\"canonical\" href=\"https:\/\/www.africa-press.net\/togo\/politique\/togo-freau-jardin-temoignage-de-dr-kodjo-sur-le-massacre\" \/>\n<meta property=\"og:locale\" content=\"fr_FR\" \/>\n<meta property=\"og:type\" content=\"article\" \/>\n<meta property=\"og:title\" content=\"Togo-Fr\u00e9au Jardin: T\u00e9moignage de Dr Kodjo sur le massacre\" \/>\n<meta property=\"og:description\" content=\"Africa-Press &#8211; Togo. Il a e\u0301te\u0301 cite\u0301 comme l\u2019un des commanditaires du massacre de Fre\u0301au Jardin. Devant la CVJR, l\u2019ancien Premier ministre, ministre de l\u2019Administration territoriale et de la Se\u0301curite\u0301 au moment des faits, Dr Gabriel Messan Agbe\u0301yome\u0301 Kodjo a rejete\u0301 les accusations porte\u0301es contre sa personne et donne\u0301 sa version des faits. Voici son [&hellip;]\" \/>\n<meta property=\"og:url\" content=\"https:\/\/www.africa-press.net\/togo\/politique\/togo-freau-jardin-temoignage-de-dr-kodjo-sur-le-massacre\" \/>\n<meta property=\"og:site_name\" content=\"Togo\" \/>\n<meta property=\"article:published_time\" content=\"2023-01-25T12:01:53+00:00\" \/>\n<meta name=\"author\" content=\"cfeditorfr\" \/>\n<meta name=\"twitter:card\" content=\"summary_large_image\" \/>\n<meta name=\"twitter:label1\" content=\"\u00c9crit par\" \/>\n\t<meta name=\"twitter:data1\" content=\"cfeditorfr\" \/>\n\t<meta name=\"twitter:label2\" content=\"Dur\u00e9e de lecture estim\u00e9e\" \/>\n\t<meta name=\"twitter:data2\" content=\"20 minutes\" \/>\n<script type=\"application\/ld+json\" class=\"yoast-schema-graph\">{\"@context\":\"https:\/\/schema.org\",\"@graph\":[{\"@type\":\"Article\",\"@id\":\"https:\/\/www.africa-press.net\/togo\/politique\/togo-freau-jardin-temoignage-de-dr-kodjo-sur-le-massacre#article\",\"isPartOf\":{\"@id\":\"https:\/\/www.africa-press.net\/togo\/politique\/togo-freau-jardin-temoignage-de-dr-kodjo-sur-le-massacre\"},\"author\":{\"name\":\"cfeditorfr\",\"@id\":\"https:\/\/www.africa-press.net\/togo\/#\/schema\/person\/2b1cf3cd81a31e3cd26889ca66d677f1\"},\"headline\":\"Togo-Fr\u00e9au Jardin: T\u00e9moignage de Dr Kodjo sur le massacre\",\"datePublished\":\"2023-01-25T12:01:53+00:00\",\"mainEntityOfPage\":{\"@id\":\"https:\/\/www.africa-press.net\/togo\/politique\/togo-freau-jardin-temoignage-de-dr-kodjo-sur-le-massacre\"},\"wordCount\":4085,\"commentCount\":0,\"image\":{\"@id\":\"https:\/\/www.africa-press.net\/togo\/politique\/togo-freau-jardin-temoignage-de-dr-kodjo-sur-le-massacre#primaryimage\"},\"thumbnailUrl\":\"https:\/\/static.africa-press.net\/togo\/sites\/58\/2023\/01\/postQueueImg_1674635518.69.jpg\",\"keywords\":[\"Africa Press\",\"Africa Press-Togo\",\"Togo\"],\"articleSection\":[\"Politique\",\"Toutes les actualit\u00e9s\"],\"inLanguage\":\"fr-FR\",\"potentialAction\":[{\"@type\":\"CommentAction\",\"name\":\"Comment\",\"target\":[\"https:\/\/www.africa-press.net\/togo\/politique\/togo-freau-jardin-temoignage-de-dr-kodjo-sur-le-massacre#respond\"]}]},{\"@type\":\"WebPage\",\"@id\":\"https:\/\/www.africa-press.net\/togo\/politique\/togo-freau-jardin-temoignage-de-dr-kodjo-sur-le-massacre\",\"url\":\"https:\/\/www.africa-press.net\/togo\/politique\/togo-freau-jardin-temoignage-de-dr-kodjo-sur-le-massacre\",\"name\":\"Togo-Fr\u00e9au Jardin: T\u00e9moignage de Dr Kodjo sur le massacre - Togo\",\"isPartOf\":{\"@id\":\"https:\/\/www.africa-press.net\/togo\/#website\"},\"primaryImageOfPage\":{\"@id\":\"https:\/\/www.africa-press.net\/togo\/politique\/togo-freau-jardin-temoignage-de-dr-kodjo-sur-le-massacre#primaryimage\"},\"image\":{\"@id\":\"https:\/\/www.africa-press.net\/togo\/politique\/togo-freau-jardin-temoignage-de-dr-kodjo-sur-le-massacre#primaryimage\"},\"thumbnailUrl\":\"https:\/\/static.africa-press.net\/togo\/sites\/58\/2023\/01\/postQueueImg_1674635518.69.jpg\",\"datePublished\":\"2023-01-25T12:01:53+00:00\",\"author\":{\"@id\":\"https:\/\/www.africa-press.net\/togo\/#\/schema\/person\/2b1cf3cd81a31e3cd26889ca66d677f1\"},\"breadcrumb\":{\"@id\":\"https:\/\/www.africa-press.net\/togo\/politique\/togo-freau-jardin-temoignage-de-dr-kodjo-sur-le-massacre#breadcrumb\"},\"inLanguage\":\"fr-FR\",\"potentialAction\":[{\"@type\":\"ReadAction\",\"target\":[\"https:\/\/www.africa-press.net\/togo\/politique\/togo-freau-jardin-temoignage-de-dr-kodjo-sur-le-massacre\"]}]},{\"@type\":\"ImageObject\",\"inLanguage\":\"fr-FR\",\"@id\":\"https:\/\/www.africa-press.net\/togo\/politique\/togo-freau-jardin-temoignage-de-dr-kodjo-sur-le-massacre#primaryimage\",\"url\":\"https:\/\/static.africa-press.net\/togo\/sites\/58\/2023\/01\/postQueueImg_1674635518.69.jpg\",\"contentUrl\":\"https:\/\/static.africa-press.net\/togo\/sites\/58\/2023\/01\/postQueueImg_1674635518.69.jpg\",\"width\":1280,\"height\":800,\"caption\":\"Togo-Fr\u00e9au Jardin: T\u00e9moignage de Dr Kodjo sur le massacre\"},{\"@type\":\"BreadcrumbList\",\"@id\":\"https:\/\/www.africa-press.net\/togo\/politique\/togo-freau-jardin-temoignage-de-dr-kodjo-sur-le-massacre#breadcrumb\",\"itemListElement\":[{\"@type\":\"ListItem\",\"position\":1,\"name\":\"Accueil\",\"item\":\"https:\/\/www.africa-press.net\/togo\/\"},{\"@type\":\"ListItem\",\"position\":2,\"name\":\"Togo-Fr\u00e9au Jardin: T\u00e9moignage de Dr Kodjo sur le massacre\"}]},{\"@type\":\"WebSite\",\"@id\":\"https:\/\/www.africa-press.net\/togo\/#website\",\"url\":\"https:\/\/www.africa-press.net\/togo\/\",\"name\":\"Togo\",\"description\":\"Just another Africa News Agency Sites site\",\"potentialAction\":[{\"@type\":\"SearchAction\",\"target\":{\"@type\":\"EntryPoint\",\"urlTemplate\":\"https:\/\/www.africa-press.net\/togo\/?s={search_term_string}\"},\"query-input\":{\"@type\":\"PropertyValueSpecification\",\"valueRequired\":true,\"valueName\":\"search_term_string\"}}],\"inLanguage\":\"fr-FR\"},{\"@type\":\"Person\",\"@id\":\"https:\/\/www.africa-press.net\/togo\/#\/schema\/person\/2b1cf3cd81a31e3cd26889ca66d677f1\",\"name\":\"cfeditorfr\"}]}<\/script>\n<!-- \/ Yoast SEO Premium plugin. -->","yoast_head_json":{"title":"Togo-Fr\u00e9au Jardin: T\u00e9moignage de Dr Kodjo sur le massacre - Togo","robots":{"index":"index","follow":"follow","max-snippet":"max-snippet:-1","max-image-preview":"max-image-preview:large","max-video-preview":"max-video-preview:-1"},"canonical":"https:\/\/www.africa-press.net\/togo\/politique\/togo-freau-jardin-temoignage-de-dr-kodjo-sur-le-massacre","og_locale":"fr_FR","og_type":"article","og_title":"Togo-Fr\u00e9au Jardin: T\u00e9moignage de Dr Kodjo sur le massacre","og_description":"Africa-Press &#8211; Togo. Il a e\u0301te\u0301 cite\u0301 comme l\u2019un des commanditaires du massacre de Fre\u0301au Jardin. Devant la CVJR, l\u2019ancien Premier ministre, ministre de l\u2019Administration territoriale et de la Se\u0301curite\u0301 au moment des faits, Dr Gabriel Messan Agbe\u0301yome\u0301 Kodjo a rejete\u0301 les accusations porte\u0301es contre sa personne et donne\u0301 sa version des faits. Voici son [&hellip;]","og_url":"https:\/\/www.africa-press.net\/togo\/politique\/togo-freau-jardin-temoignage-de-dr-kodjo-sur-le-massacre","og_site_name":"Togo","article_published_time":"2023-01-25T12:01:53+00:00","author":"cfeditorfr","twitter_card":"summary_large_image","twitter_misc":{"\u00c9crit par":"cfeditorfr","Dur\u00e9e de lecture estim\u00e9e":"20 minutes"},"schema":{"@context":"https:\/\/schema.org","@graph":[{"@type":"Article","@id":"https:\/\/www.africa-press.net\/togo\/politique\/togo-freau-jardin-temoignage-de-dr-kodjo-sur-le-massacre#article","isPartOf":{"@id":"https:\/\/www.africa-press.net\/togo\/politique\/togo-freau-jardin-temoignage-de-dr-kodjo-sur-le-massacre"},"author":{"name":"cfeditorfr","@id":"https:\/\/www.africa-press.net\/togo\/#\/schema\/person\/2b1cf3cd81a31e3cd26889ca66d677f1"},"headline":"Togo-Fr\u00e9au Jardin: T\u00e9moignage de Dr Kodjo sur le massacre","datePublished":"2023-01-25T12:01:53+00:00","mainEntityOfPage":{"@id":"https:\/\/www.africa-press.net\/togo\/politique\/togo-freau-jardin-temoignage-de-dr-kodjo-sur-le-massacre"},"wordCount":4085,"commentCount":0,"image":{"@id":"https:\/\/www.africa-press.net\/togo\/politique\/togo-freau-jardin-temoignage-de-dr-kodjo-sur-le-massacre#primaryimage"},"thumbnailUrl":"https:\/\/static.africa-press.net\/togo\/sites\/58\/2023\/01\/postQueueImg_1674635518.69.jpg","keywords":["Africa Press","Africa Press-Togo","Togo"],"articleSection":["Politique","Toutes les actualit\u00e9s"],"inLanguage":"fr-FR","potentialAction":[{"@type":"CommentAction","name":"Comment","target":["https:\/\/www.africa-press.net\/togo\/politique\/togo-freau-jardin-temoignage-de-dr-kodjo-sur-le-massacre#respond"]}]},{"@type":"WebPage","@id":"https:\/\/www.africa-press.net\/togo\/politique\/togo-freau-jardin-temoignage-de-dr-kodjo-sur-le-massacre","url":"https:\/\/www.africa-press.net\/togo\/politique\/togo-freau-jardin-temoignage-de-dr-kodjo-sur-le-massacre","name":"Togo-Fr\u00e9au Jardin: T\u00e9moignage de Dr Kodjo sur le massacre - Togo","isPartOf":{"@id":"https:\/\/www.africa-press.net\/togo\/#website"},"primaryImageOfPage":{"@id":"https:\/\/www.africa-press.net\/togo\/politique\/togo-freau-jardin-temoignage-de-dr-kodjo-sur-le-massacre#primaryimage"},"image":{"@id":"https:\/\/www.africa-press.net\/togo\/politique\/togo-freau-jardin-temoignage-de-dr-kodjo-sur-le-massacre#primaryimage"},"thumbnailUrl":"https:\/\/static.africa-press.net\/togo\/sites\/58\/2023\/01\/postQueueImg_1674635518.69.jpg","datePublished":"2023-01-25T12:01:53+00:00","author":{"@id":"https:\/\/www.africa-press.net\/togo\/#\/schema\/person\/2b1cf3cd81a31e3cd26889ca66d677f1"},"breadcrumb":{"@id":"https:\/\/www.africa-press.net\/togo\/politique\/togo-freau-jardin-temoignage-de-dr-kodjo-sur-le-massacre#breadcrumb"},"inLanguage":"fr-FR","potentialAction":[{"@type":"ReadAction","target":["https:\/\/www.africa-press.net\/togo\/politique\/togo-freau-jardin-temoignage-de-dr-kodjo-sur-le-massacre"]}]},{"@type":"ImageObject","inLanguage":"fr-FR","@id":"https:\/\/www.africa-press.net\/togo\/politique\/togo-freau-jardin-temoignage-de-dr-kodjo-sur-le-massacre#primaryimage","url":"https:\/\/static.africa-press.net\/togo\/sites\/58\/2023\/01\/postQueueImg_1674635518.69.jpg","contentUrl":"https:\/\/static.africa-press.net\/togo\/sites\/58\/2023\/01\/postQueueImg_1674635518.69.jpg","width":1280,"height":800,"caption":"Togo-Fr\u00e9au Jardin: T\u00e9moignage de Dr Kodjo sur le massacre"},{"@type":"BreadcrumbList","@id":"https:\/\/www.africa-press.net\/togo\/politique\/togo-freau-jardin-temoignage-de-dr-kodjo-sur-le-massacre#breadcrumb","itemListElement":[{"@type":"ListItem","position":1,"name":"Accueil","item":"https:\/\/www.africa-press.net\/togo\/"},{"@type":"ListItem","position":2,"name":"Togo-Fr\u00e9au Jardin: T\u00e9moignage de Dr Kodjo sur le massacre"}]},{"@type":"WebSite","@id":"https:\/\/www.africa-press.net\/togo\/#website","url":"https:\/\/www.africa-press.net\/togo\/","name":"Togo","description":"Just another Africa News Agency Sites site","potentialAction":[{"@type":"SearchAction","target":{"@type":"EntryPoint","urlTemplate":"https:\/\/www.africa-press.net\/togo\/?s={search_term_string}"},"query-input":{"@type":"PropertyValueSpecification","valueRequired":true,"valueName":"search_term_string"}}],"inLanguage":"fr-FR"},{"@type":"Person","@id":"https:\/\/www.africa-press.net\/togo\/#\/schema\/person\/2b1cf3cd81a31e3cd26889ca66d677f1","name":"cfeditorfr"}]}},"_links":{"self":[{"href":"https:\/\/www.africa-press.net\/togo\/wp-json\/wp\/v2\/posts\/16446","targetHints":{"allow":["GET"]}}],"collection":[{"href":"https:\/\/www.africa-press.net\/togo\/wp-json\/wp\/v2\/posts"}],"about":[{"href":"https:\/\/www.africa-press.net\/togo\/wp-json\/wp\/v2\/types\/post"}],"author":[{"embeddable":true,"href":"https:\/\/www.africa-press.net\/togo\/wp-json\/wp\/v2\/users\/82"}],"replies":[{"embeddable":true,"href":"https:\/\/www.africa-press.net\/togo\/wp-json\/wp\/v2\/comments?post=16446"}],"version-history":[{"count":0,"href":"https:\/\/www.africa-press.net\/togo\/wp-json\/wp\/v2\/posts\/16446\/revisions"}],"wp:featuredmedia":[{"embeddable":true,"href":"https:\/\/www.africa-press.net\/togo\/wp-json\/wp\/v2\/media\/16445"}],"wp:attachment":[{"href":"https:\/\/www.africa-press.net\/togo\/wp-json\/wp\/v2\/media?parent=16446"}],"wp:term":[{"taxonomy":"category","embeddable":true,"href":"https:\/\/www.africa-press.net\/togo\/wp-json\/wp\/v2\/categories?post=16446"},{"taxonomy":"post_tag","embeddable":true,"href":"https:\/\/www.africa-press.net\/togo\/wp-json\/wp\/v2\/tags?post=16446"}],"curies":[{"name":"wp","href":"https:\/\/api.w.org\/{rel}","templated":true}]}}