{"id":16448,"date":"2023-01-25T12:02:00","date_gmt":"2023-01-25T12:02:00","guid":{"rendered":"https:\/\/www.africa-press.net\/togo\/politique\/togo-ceremonie-de-remise-des-travaux-dextension-et-de-renovation-de-lecole-primaire-publique-dadetikope-centrale"},"modified":"2023-01-25T12:02:00","modified_gmt":"2023-01-25T12:02:00","slug":"togo-ceremonie-de-remise-des-travaux-dextension-et-de-renovation-de-lecole-primaire-publique-dadetikope-centrale","status":"publish","type":"post","link":"https:\/\/www.africa-press.net\/togo\/toutes-les-actualites\/togo-ceremonie-de-remise-des-travaux-dextension-et-de-renovation-de-lecole-primaire-publique-dadetikope-centrale","title":{"rendered":"Togo-C\u00e9r\u00e9monie de remise des travaux d\u2019extension et de renovation de l\u2019\u00e9cole primaire publique d\u2019Ad\u00e9tikop\u00e9 centrale"},"content":{"rendered":"<p><span style=\"color: #ff6600\"><strong>Africa-Press &#8211; Togo. <\/strong><\/span><b>Dans le cadre de la mise en \u0153uvre de sa Responsabilite\u0301 Socie\u0301talede l\u2019Entreprise, la Plateforme industrielle d\u2019Ade\u0301tikope\u0301 s\u2019est engage\u0301e dans l\u2019extension et la re\u0301novation des e\u0301coles dans le canton d\u2019Ade\u0301tikope\u0301 et ses environs. En l\u2019occurrence l\u2019Ecole Primaire Publique Centrale D\u2019Ade\u0301tikope\u0301.<\/b><\/p>\n<p>Le projet a de\u0301marre\u0301 en fe\u0301vrier 2022 avec un financement total de 300.000.000 FCAet les travaux de construction ont dure\u0301 11 mois. La construction des nouveaux blocs scolaires et l\u2019extension de l\u2019e\u0301tablissement scolaire ont e\u0301te\u0301 exe\u0301cute\u0301es par l\u2019entrepreneur et partenaire M\/s AFALCO.<\/p>\n<p>L\u2019objectif de la re\u0301novation e\u0301tait de fournir aux e\u0301le\u0300ves de l\u2019EPP d\u2019Ade\u0301tikope\u0301 Centrale et toute la population d\u2019Ade\u0301tikope\u0301 des ba\u0302timents modernes et des meilleures conditions d\u2019apprentissage. Puisque, PIA s\u2019est rendu compte que les e\u0301coliers e\u0301taient fortement expose\u0301s a\u0300 de graves facteurs de risque lie\u0301s au transport et a\u0300 certaines menaces de se\u0301curite\u0301 moyennes et mineures pendant les heures de classe.<\/p>\n<p>Dans cette perspective, 04 nouveaux blocs ont e\u0301te\u0301 construits, 04 anciennes salles de classe ont e\u0301te\u0301 re\u0301nove\u0301es et un mur de clo\u0302ture d\u2019environ 800m dote\u0301 de 03 portes d\u2019acce\u0300s pour les pie\u0301tons et 02 portes d\u2019acce\u0300s pour les ve\u0301hicules ont e\u0301te\u0301 e\u0301rige\u0301es.<\/p>\n<p>Dore\u0301navant, l\u2019EPP d\u2019Ade\u0301tikope\u0301 Centrale comporte, trois blocs scolaires de 03 grandes salles de classe chacun, ce qui fait un total de 9 salles de classe en tout. Chaque bloc scolaire est dote\u0301 d\u2019un bureau des enseignants et de toilettes et chaque salle comporte 02 tableaux noirs. L\u2019e\u0301cole dispose a\u0300 pre\u0301sent d\u2019un parking pour les voitures, d\u2019un support de drapeau et d\u2019un terrain de jeux pour les enfants.<\/p>\n<p>La conception de l\u2019agrandissement a e\u0301galement assure\u0301 que les alle\u0301es pie\u0301tonnes dans l\u2019enceinte de l\u2019e\u0301cole relient les blocs scolaires les uns aux autres afin d\u2019ame\u0301liorer la se\u0301curite\u0301 des e\u0301le\u0300ves par rapport aux autres ve\u0301hicules et moteurs en mouvement.<\/p>\n<p>A\u0300 la suite de ces actions de re\u0301novation, les dirigeants de PIA, les partenaires, et toutes les parties prenantes ont officiellementremis ce vendredi 20 janvier 2023, a\u0300 l\u2019administration locale, et aux enseignants les ba\u0302timents re\u0301nove\u0301s ainsi que les installations connexes, afin d\u2019e\u0302tre exploite\u0301s, pour ame\u0301liorer l\u2019enseignement, l\u2019apprentissage et le de\u0301veloppement de l\u2019e\u0301ducation.PIA est heureuse de faire cette remise avec tous ses Partenaires dont, AFALCO et ICC.<\/p>\n<p>La PIA et ses partenaires espe\u0300rent que ces installations seront maintenues pour continuer a\u0300 soutenir les objectifs de la Plateforme.<\/p>\n<p><b>A propos de PIA :<\/b><\/p>\n<p>La Plateforme Industrielle d\u2019Ade\u0301tikope\u0301 (PIA) est une spe\u0301ciale zone e\u0301conomique au service de l\u2019industrialisation du Togo. Elle est issue d\u2019un partenariat public prive\u0301 entre la Re\u0301publique togolaise et Arise IIP. Son investissement total s\u2019e\u0301le\u0300ve a\u0300 130 milliards de francs CFA. Elle a e\u0301te\u0301 inaugure\u0301e le 6 juin 2021, ope\u0301rationnelle depuis janvier 2021.<\/p>\n<p><b>A propos d\u2019Arise IIP :<\/b><\/p>\n<p>Arise Integrated Industrial Platforms (IIP) est un promoteur et ope\u0301rateur panafricain de parcs industriels, fortement engage\u0301 a\u0300 faire prospe\u0301rer l\u2019Afrique, par le de\u0301veloppement de son secteur industriel et la cre\u0301ation d\u2019emplois durables. ARISE IIP est une joint-venture entre Africa Finance Corporation (AFC) et Africa Transformation and Industrialization Fund (ATIF). Elle est spe\u0301cialise\u0301e dans les zones industrielles inte\u0301gre\u0301es, et son portefeuille comprend actuellement GSEZ (Gabon) ; GDIZ (Benin) ; PIA (Togo) ; SAG (Gabon)<\/p>\n<p><strong>Pour plus d&rsquo;informations et d&rsquo;analyses sur la <a href=\"https:\/\/www.africa-press.net\/togo\">Togo<\/a>, suivez <a href=\"https:\/\/www.africa-press.net\/\">Africa-Press<\/a><\/strong><\/p>\n","protected":false},"excerpt":{"rendered":"<p>Africa-Press &#8211; Togo. Dans le cadre de la mise en \u0153uvre de sa Responsabilite\u0301 Socie\u0301talede l\u2019Entreprise, la Plateforme industrielle d\u2019Ade\u0301tikope\u0301 s\u2019est engage\u0301e dans l\u2019extension et la re\u0301novation des e\u0301coles dans le canton d\u2019Ade\u0301tikope\u0301 et ses environs. En l\u2019occurrence l\u2019Ecole Primaire Publique Centrale D\u2019Ade\u0301tikope\u0301. Le projet a de\u0301marre\u0301 en fe\u0301vrier 2022 avec un financement total de [&hellip;]<\/p>\n","protected":false},"author":82,"featured_media":16447,"comment_status":"open","ping_status":"closed","sticky":false,"template":"","format":"standard","meta":{"footnotes":""},"categories":[21,10],"tags":[36,49,50],"class_list":["post-16448","post","type-post","status-publish","format-standard","has-post-thumbnail","hentry","category-communaute","category-toutes-les-actualites","tag-africa-press","tag-africa-press-togo","tag-togo"],"yoast_head":"<!-- This site is optimized with the Yoast SEO Premium plugin v26.1 (Yoast SEO v27.0) - https:\/\/yoast.com\/product\/yoast-seo-premium-wordpress\/ -->\n<title>Togo-C\u00e9r\u00e9monie de remise des travaux d\u2019extension et de renovation de l\u2019\u00e9cole primaire publique d\u2019Ad\u00e9tikop\u00e9 centrale - Togo<\/title>\n<meta name=\"robots\" content=\"index, follow, max-snippet:-1, max-image-preview:large, max-video-preview:-1\" \/>\n<link rel=\"canonical\" href=\"https:\/\/www.africa-press.net\/togo\/politique\/togo-ceremonie-de-remise-des-travaux-dextension-et-de-renovation-de-lecole-primaire-publique-dadetikope-centrale\" \/>\n<meta property=\"og:locale\" content=\"fr_FR\" \/>\n<meta property=\"og:type\" content=\"article\" \/>\n<meta property=\"og:title\" content=\"Togo-C\u00e9r\u00e9monie de remise des travaux d\u2019extension et de renovation de l\u2019\u00e9cole primaire publique d\u2019Ad\u00e9tikop\u00e9 centrale\" \/>\n<meta property=\"og:description\" content=\"Africa-Press &#8211; Togo. Dans le cadre de la mise en \u0153uvre de sa Responsabilite\u0301 Socie\u0301talede l\u2019Entreprise, la Plateforme industrielle d\u2019Ade\u0301tikope\u0301 s\u2019est engage\u0301e dans l\u2019extension et la re\u0301novation des e\u0301coles dans le canton d\u2019Ade\u0301tikope\u0301 et ses environs. En l\u2019occurrence l\u2019Ecole Primaire Publique Centrale D\u2019Ade\u0301tikope\u0301. Le projet a de\u0301marre\u0301 en fe\u0301vrier 2022 avec un financement total de [&hellip;]\" \/>\n<meta property=\"og:url\" content=\"https:\/\/www.africa-press.net\/togo\/politique\/togo-ceremonie-de-remise-des-travaux-dextension-et-de-renovation-de-lecole-primaire-publique-dadetikope-centrale\" \/>\n<meta property=\"og:site_name\" content=\"Togo\" \/>\n<meta property=\"article:published_time\" content=\"2023-01-25T12:02:00+00:00\" \/>\n<meta name=\"author\" content=\"cfeditorfr\" \/>\n<meta name=\"twitter:card\" content=\"summary_large_image\" \/>\n<meta name=\"twitter:label1\" content=\"\u00c9crit par\" \/>\n\t<meta name=\"twitter:data1\" content=\"cfeditorfr\" \/>\n\t<meta name=\"twitter:label2\" content=\"Dur\u00e9e de lecture estim\u00e9e\" \/>\n\t<meta name=\"twitter:data2\" content=\"3 minutes\" \/>\n<script type=\"application\/ld+json\" class=\"yoast-schema-graph\">{\"@context\":\"https:\/\/schema.org\",\"@graph\":[{\"@type\":\"Article\",\"@id\":\"https:\/\/www.africa-press.net\/togo\/politique\/togo-ceremonie-de-remise-des-travaux-dextension-et-de-renovation-de-lecole-primaire-publique-dadetikope-centrale#article\",\"isPartOf\":{\"@id\":\"https:\/\/www.africa-press.net\/togo\/politique\/togo-ceremonie-de-remise-des-travaux-dextension-et-de-renovation-de-lecole-primaire-publique-dadetikope-centrale\"},\"author\":{\"name\":\"cfeditorfr\",\"@id\":\"https:\/\/www.africa-press.net\/togo\/#\/schema\/person\/2b1cf3cd81a31e3cd26889ca66d677f1\"},\"headline\":\"Togo-C\u00e9r\u00e9monie de remise des travaux d\u2019extension et de renovation de l\u2019\u00e9cole primaire publique d\u2019Ad\u00e9tikop\u00e9 centrale\",\"datePublished\":\"2023-01-25T12:02:00+00:00\",\"mainEntityOfPage\":{\"@id\":\"https:\/\/www.africa-press.net\/togo\/politique\/togo-ceremonie-de-remise-des-travaux-dextension-et-de-renovation-de-lecole-primaire-publique-dadetikope-centrale\"},\"wordCount\":647,\"commentCount\":0,\"image\":{\"@id\":\"https:\/\/www.africa-press.net\/togo\/politique\/togo-ceremonie-de-remise-des-travaux-dextension-et-de-renovation-de-lecole-primaire-publique-dadetikope-centrale#primaryimage\"},\"thumbnailUrl\":\"https:\/\/static.africa-press.net\/togo\/sites\/58\/2023\/01\/postQueueImg_1674635527.67.jpg\",\"keywords\":[\"Africa Press\",\"Africa Press-Togo\",\"Togo\"],\"articleSection\":[\"Communaut\u00e9\",\"Toutes les actualit\u00e9s\"],\"inLanguage\":\"fr-FR\",\"potentialAction\":[{\"@type\":\"CommentAction\",\"name\":\"Comment\",\"target\":[\"https:\/\/www.africa-press.net\/togo\/politique\/togo-ceremonie-de-remise-des-travaux-dextension-et-de-renovation-de-lecole-primaire-publique-dadetikope-centrale#respond\"]}]},{\"@type\":\"WebPage\",\"@id\":\"https:\/\/www.africa-press.net\/togo\/politique\/togo-ceremonie-de-remise-des-travaux-dextension-et-de-renovation-de-lecole-primaire-publique-dadetikope-centrale\",\"url\":\"https:\/\/www.africa-press.net\/togo\/politique\/togo-ceremonie-de-remise-des-travaux-dextension-et-de-renovation-de-lecole-primaire-publique-dadetikope-centrale\",\"name\":\"Togo-C\u00e9r\u00e9monie de remise des travaux d\u2019extension et de renovation de l\u2019\u00e9cole primaire publique d\u2019Ad\u00e9tikop\u00e9 centrale - Togo\",\"isPartOf\":{\"@id\":\"https:\/\/www.africa-press.net\/togo\/#website\"},\"primaryImageOfPage\":{\"@id\":\"https:\/\/www.africa-press.net\/togo\/politique\/togo-ceremonie-de-remise-des-travaux-dextension-et-de-renovation-de-lecole-primaire-publique-dadetikope-centrale#primaryimage\"},\"image\":{\"@id\":\"https:\/\/www.africa-press.net\/togo\/politique\/togo-ceremonie-de-remise-des-travaux-dextension-et-de-renovation-de-lecole-primaire-publique-dadetikope-centrale#primaryimage\"},\"thumbnailUrl\":\"https:\/\/static.africa-press.net\/togo\/sites\/58\/2023\/01\/postQueueImg_1674635527.67.jpg\",\"datePublished\":\"2023-01-25T12:02:00+00:00\",\"author\":{\"@id\":\"https:\/\/www.africa-press.net\/togo\/#\/schema\/person\/2b1cf3cd81a31e3cd26889ca66d677f1\"},\"breadcrumb\":{\"@id\":\"https:\/\/www.africa-press.net\/togo\/politique\/togo-ceremonie-de-remise-des-travaux-dextension-et-de-renovation-de-lecole-primaire-publique-dadetikope-centrale#breadcrumb\"},\"inLanguage\":\"fr-FR\",\"potentialAction\":[{\"@type\":\"ReadAction\",\"target\":[\"https:\/\/www.africa-press.net\/togo\/politique\/togo-ceremonie-de-remise-des-travaux-dextension-et-de-renovation-de-lecole-primaire-publique-dadetikope-centrale\"]}]},{\"@type\":\"ImageObject\",\"inLanguage\":\"fr-FR\",\"@id\":\"https:\/\/www.africa-press.net\/togo\/politique\/togo-ceremonie-de-remise-des-travaux-dextension-et-de-renovation-de-lecole-primaire-publique-dadetikope-centrale#primaryimage\",\"url\":\"https:\/\/static.africa-press.net\/togo\/sites\/58\/2023\/01\/postQueueImg_1674635527.67.jpg\",\"contentUrl\":\"https:\/\/static.africa-press.net\/togo\/sites\/58\/2023\/01\/postQueueImg_1674635527.67.jpg\",\"width\":1280,\"height\":800,\"caption\":\"Togo-C\u00e9r\u00e9monie de remise des travaux d\u2019extension et de renovation de l\u2019\u00e9cole primaire publique d\u2019Ad\u00e9tikop\u00e9 centrale\"},{\"@type\":\"BreadcrumbList\",\"@id\":\"https:\/\/www.africa-press.net\/togo\/politique\/togo-ceremonie-de-remise-des-travaux-dextension-et-de-renovation-de-lecole-primaire-publique-dadetikope-centrale#breadcrumb\",\"itemListElement\":[{\"@type\":\"ListItem\",\"position\":1,\"name\":\"Accueil\",\"item\":\"https:\/\/www.africa-press.net\/togo\/\"},{\"@type\":\"ListItem\",\"position\":2,\"name\":\"Togo-C\u00e9r\u00e9monie de remise des travaux d\u2019extension et de renovation de l\u2019\u00e9cole primaire publique d\u2019Ad\u00e9tikop\u00e9 centrale\"}]},{\"@type\":\"WebSite\",\"@id\":\"https:\/\/www.africa-press.net\/togo\/#website\",\"url\":\"https:\/\/www.africa-press.net\/togo\/\",\"name\":\"Togo\",\"description\":\"Just another Africa News Agency Sites site\",\"potentialAction\":[{\"@type\":\"SearchAction\",\"target\":{\"@type\":\"EntryPoint\",\"urlTemplate\":\"https:\/\/www.africa-press.net\/togo\/?s={search_term_string}\"},\"query-input\":{\"@type\":\"PropertyValueSpecification\",\"valueRequired\":true,\"valueName\":\"search_term_string\"}}],\"inLanguage\":\"fr-FR\"},{\"@type\":\"Person\",\"@id\":\"https:\/\/www.africa-press.net\/togo\/#\/schema\/person\/2b1cf3cd81a31e3cd26889ca66d677f1\",\"name\":\"cfeditorfr\"}]}<\/script>\n<!-- \/ Yoast SEO Premium plugin. -->","yoast_head_json":{"title":"Togo-C\u00e9r\u00e9monie de remise des travaux d\u2019extension et de renovation de l\u2019\u00e9cole primaire publique d\u2019Ad\u00e9tikop\u00e9 centrale - Togo","robots":{"index":"index","follow":"follow","max-snippet":"max-snippet:-1","max-image-preview":"max-image-preview:large","max-video-preview":"max-video-preview:-1"},"canonical":"https:\/\/www.africa-press.net\/togo\/politique\/togo-ceremonie-de-remise-des-travaux-dextension-et-de-renovation-de-lecole-primaire-publique-dadetikope-centrale","og_locale":"fr_FR","og_type":"article","og_title":"Togo-C\u00e9r\u00e9monie de remise des travaux d\u2019extension et de renovation de l\u2019\u00e9cole primaire publique d\u2019Ad\u00e9tikop\u00e9 centrale","og_description":"Africa-Press &#8211; Togo. Dans le cadre de la mise en \u0153uvre de sa Responsabilite\u0301 Socie\u0301talede l\u2019Entreprise, la Plateforme industrielle d\u2019Ade\u0301tikope\u0301 s\u2019est engage\u0301e dans l\u2019extension et la re\u0301novation des e\u0301coles dans le canton d\u2019Ade\u0301tikope\u0301 et ses environs. En l\u2019occurrence l\u2019Ecole Primaire Publique Centrale D\u2019Ade\u0301tikope\u0301. Le projet a de\u0301marre\u0301 en fe\u0301vrier 2022 avec un financement total de [&hellip;]","og_url":"https:\/\/www.africa-press.net\/togo\/politique\/togo-ceremonie-de-remise-des-travaux-dextension-et-de-renovation-de-lecole-primaire-publique-dadetikope-centrale","og_site_name":"Togo","article_published_time":"2023-01-25T12:02:00+00:00","author":"cfeditorfr","twitter_card":"summary_large_image","twitter_misc":{"\u00c9crit par":"cfeditorfr","Dur\u00e9e de lecture estim\u00e9e":"3 minutes"},"schema":{"@context":"https:\/\/schema.org","@graph":[{"@type":"Article","@id":"https:\/\/www.africa-press.net\/togo\/politique\/togo-ceremonie-de-remise-des-travaux-dextension-et-de-renovation-de-lecole-primaire-publique-dadetikope-centrale#article","isPartOf":{"@id":"https:\/\/www.africa-press.net\/togo\/politique\/togo-ceremonie-de-remise-des-travaux-dextension-et-de-renovation-de-lecole-primaire-publique-dadetikope-centrale"},"author":{"name":"cfeditorfr","@id":"https:\/\/www.africa-press.net\/togo\/#\/schema\/person\/2b1cf3cd81a31e3cd26889ca66d677f1"},"headline":"Togo-C\u00e9r\u00e9monie de remise des travaux d\u2019extension et de renovation de l\u2019\u00e9cole primaire publique d\u2019Ad\u00e9tikop\u00e9 centrale","datePublished":"2023-01-25T12:02:00+00:00","mainEntityOfPage":{"@id":"https:\/\/www.africa-press.net\/togo\/politique\/togo-ceremonie-de-remise-des-travaux-dextension-et-de-renovation-de-lecole-primaire-publique-dadetikope-centrale"},"wordCount":647,"commentCount":0,"image":{"@id":"https:\/\/www.africa-press.net\/togo\/politique\/togo-ceremonie-de-remise-des-travaux-dextension-et-de-renovation-de-lecole-primaire-publique-dadetikope-centrale#primaryimage"},"thumbnailUrl":"https:\/\/static.africa-press.net\/togo\/sites\/58\/2023\/01\/postQueueImg_1674635527.67.jpg","keywords":["Africa Press","Africa Press-Togo","Togo"],"articleSection":["Communaut\u00e9","Toutes les actualit\u00e9s"],"inLanguage":"fr-FR","potentialAction":[{"@type":"CommentAction","name":"Comment","target":["https:\/\/www.africa-press.net\/togo\/politique\/togo-ceremonie-de-remise-des-travaux-dextension-et-de-renovation-de-lecole-primaire-publique-dadetikope-centrale#respond"]}]},{"@type":"WebPage","@id":"https:\/\/www.africa-press.net\/togo\/politique\/togo-ceremonie-de-remise-des-travaux-dextension-et-de-renovation-de-lecole-primaire-publique-dadetikope-centrale","url":"https:\/\/www.africa-press.net\/togo\/politique\/togo-ceremonie-de-remise-des-travaux-dextension-et-de-renovation-de-lecole-primaire-publique-dadetikope-centrale","name":"Togo-C\u00e9r\u00e9monie de remise des travaux d\u2019extension et de renovation de l\u2019\u00e9cole primaire publique d\u2019Ad\u00e9tikop\u00e9 centrale - Togo","isPartOf":{"@id":"https:\/\/www.africa-press.net\/togo\/#website"},"primaryImageOfPage":{"@id":"https:\/\/www.africa-press.net\/togo\/politique\/togo-ceremonie-de-remise-des-travaux-dextension-et-de-renovation-de-lecole-primaire-publique-dadetikope-centrale#primaryimage"},"image":{"@id":"https:\/\/www.africa-press.net\/togo\/politique\/togo-ceremonie-de-remise-des-travaux-dextension-et-de-renovation-de-lecole-primaire-publique-dadetikope-centrale#primaryimage"},"thumbnailUrl":"https:\/\/static.africa-press.net\/togo\/sites\/58\/2023\/01\/postQueueImg_1674635527.67.jpg","datePublished":"2023-01-25T12:02:00+00:00","author":{"@id":"https:\/\/www.africa-press.net\/togo\/#\/schema\/person\/2b1cf3cd81a31e3cd26889ca66d677f1"},"breadcrumb":{"@id":"https:\/\/www.africa-press.net\/togo\/politique\/togo-ceremonie-de-remise-des-travaux-dextension-et-de-renovation-de-lecole-primaire-publique-dadetikope-centrale#breadcrumb"},"inLanguage":"fr-FR","potentialAction":[{"@type":"ReadAction","target":["https:\/\/www.africa-press.net\/togo\/politique\/togo-ceremonie-de-remise-des-travaux-dextension-et-de-renovation-de-lecole-primaire-publique-dadetikope-centrale"]}]},{"@type":"ImageObject","inLanguage":"fr-FR","@id":"https:\/\/www.africa-press.net\/togo\/politique\/togo-ceremonie-de-remise-des-travaux-dextension-et-de-renovation-de-lecole-primaire-publique-dadetikope-centrale#primaryimage","url":"https:\/\/static.africa-press.net\/togo\/sites\/58\/2023\/01\/postQueueImg_1674635527.67.jpg","contentUrl":"https:\/\/static.africa-press.net\/togo\/sites\/58\/2023\/01\/postQueueImg_1674635527.67.jpg","width":1280,"height":800,"caption":"Togo-C\u00e9r\u00e9monie de remise des travaux d\u2019extension et de renovation de l\u2019\u00e9cole primaire publique d\u2019Ad\u00e9tikop\u00e9 centrale"},{"@type":"BreadcrumbList","@id":"https:\/\/www.africa-press.net\/togo\/politique\/togo-ceremonie-de-remise-des-travaux-dextension-et-de-renovation-de-lecole-primaire-publique-dadetikope-centrale#breadcrumb","itemListElement":[{"@type":"ListItem","position":1,"name":"Accueil","item":"https:\/\/www.africa-press.net\/togo\/"},{"@type":"ListItem","position":2,"name":"Togo-C\u00e9r\u00e9monie de remise des travaux d\u2019extension et de renovation de l\u2019\u00e9cole primaire publique d\u2019Ad\u00e9tikop\u00e9 centrale"}]},{"@type":"WebSite","@id":"https:\/\/www.africa-press.net\/togo\/#website","url":"https:\/\/www.africa-press.net\/togo\/","name":"Togo","description":"Just another Africa News Agency Sites site","potentialAction":[{"@type":"SearchAction","target":{"@type":"EntryPoint","urlTemplate":"https:\/\/www.africa-press.net\/togo\/?s={search_term_string}"},"query-input":{"@type":"PropertyValueSpecification","valueRequired":true,"valueName":"search_term_string"}}],"inLanguage":"fr-FR"},{"@type":"Person","@id":"https:\/\/www.africa-press.net\/togo\/#\/schema\/person\/2b1cf3cd81a31e3cd26889ca66d677f1","name":"cfeditorfr"}]}},"_links":{"self":[{"href":"https:\/\/www.africa-press.net\/togo\/wp-json\/wp\/v2\/posts\/16448","targetHints":{"allow":["GET"]}}],"collection":[{"href":"https:\/\/www.africa-press.net\/togo\/wp-json\/wp\/v2\/posts"}],"about":[{"href":"https:\/\/www.africa-press.net\/togo\/wp-json\/wp\/v2\/types\/post"}],"author":[{"embeddable":true,"href":"https:\/\/www.africa-press.net\/togo\/wp-json\/wp\/v2\/users\/82"}],"replies":[{"embeddable":true,"href":"https:\/\/www.africa-press.net\/togo\/wp-json\/wp\/v2\/comments?post=16448"}],"version-history":[{"count":0,"href":"https:\/\/www.africa-press.net\/togo\/wp-json\/wp\/v2\/posts\/16448\/revisions"}],"wp:featuredmedia":[{"embeddable":true,"href":"https:\/\/www.africa-press.net\/togo\/wp-json\/wp\/v2\/media\/16447"}],"wp:attachment":[{"href":"https:\/\/www.africa-press.net\/togo\/wp-json\/wp\/v2\/media?parent=16448"}],"wp:term":[{"taxonomy":"category","embeddable":true,"href":"https:\/\/www.africa-press.net\/togo\/wp-json\/wp\/v2\/categories?post=16448"},{"taxonomy":"post_tag","embeddable":true,"href":"https:\/\/www.africa-press.net\/togo\/wp-json\/wp\/v2\/tags?post=16448"}],"curies":[{"name":"wp","href":"https:\/\/api.w.org\/{rel}","templated":true}]}}