{"id":16466,"date":"2023-01-25T18:24:02","date_gmt":"2023-01-25T18:24:02","guid":{"rendered":"https:\/\/www.africa-press.net\/togo\/politique\/togo-la-deuxieme-edition-de-la-conference-avicole-panafricaine-a-lome"},"modified":"2023-01-25T19:39:25","modified_gmt":"2023-01-25T19:39:25","slug":"togo-la-deuxieme-edition-de-la-conference-avicole-panafricaine-a-lome","status":"publish","type":"post","link":"https:\/\/www.africa-press.net\/togo\/economie\/togo-la-deuxieme-edition-de-la-conference-avicole-panafricaine-a-lome","title":{"rendered":"Togo-La deuxi\u00e8me \u00e9dition de la conf\u00e9rence avicole panafricaine \u00e0 Lom\u00e9"},"content":{"rendered":"<p><span style=\"color: #ff6600\"><strong>Africa-Press &#8211; Togo. <\/strong><\/span>Apre\u0300s la premie\u0300re tenue en 2019, Lome\u0301 va accueillir la deuxie\u0300me e\u0301dition de la confe\u0301rence avicole panafricaine (CAP) cette anne\u0301e. Cette confe\u0301rence oo-organise\u0301e par le Centre d\u2019Excellence re\u0301gional sur les sciences Aviaires (CERSA) et le World Poultry Science Association (WPSA), est pre\u0301vue du 16 au 18 mai 2023.<\/p>\n<p>Place\u0301e sous le the\u0300me : \u00ab Compe\u0301titivite\u0301 et inclusivite\u0301 de la chai\u0302ne de valeurs de la filie\u0300re avicole en Afrique \u00bb, la rencontre re\u0301unira plus de 300 acteurs de la filie\u0300re avicole de plusieurs pays d\u2019Afrique, notamment des spe\u0301cialistes, des industriels, des formateurs et des chercheurs.<\/p>\n<p>Selon les informations, ces spe\u0301cialistes vont discuter des de\u0301fis de la production avicole en Afrique et de\u0301finir les strate\u0301gies pour ame\u0301liorer la compe\u0301titivite\u0301 de cette filie\u0300re en Afrique notamment les moyens pour accroi\u0302tre l\u2019inclusivite\u0301 e\u0301conomique dans la chai\u0302ne de valeur avicole.<\/p>\n<p>Plusieurs the\u0301matiques seront au programme. Notamment, environnement et syste\u0300mes de productions avicoles ; alimentation, nutrition et me\u0301tabolisme ; reproduction et incubation ; qualite\u0301 des produits, transformation et se\u0301curite\u0301 sanitaire ; e\u0301conomie de la production avicole.<\/p>\n<p>Le CERSA est un centre d\u2019excellence base\u0301 a\u0300 l\u2019Universite\u0301 de Lome\u0301.<\/p>\n<p><strong>Pour plus d&rsquo;informations et d&rsquo;analyses sur la <a href=\"https:\/\/www.africa-press.net\/togo\">Togo<\/a>, suivez <a href=\"https:\/\/www.africa-press.net\/\">Africa-Press<\/a><\/strong><\/p>\n","protected":false},"excerpt":{"rendered":"<p>Africa-Press &#8211; Togo. Apre\u0300s la premie\u0300re tenue en 2019, Lome\u0301 va accueillir la deuxie\u0300me e\u0301dition de la confe\u0301rence avicole panafricaine (CAP) cette anne\u0301e. Cette confe\u0301rence oo-organise\u0301e par le Centre d\u2019Excellence re\u0301gional sur les sciences Aviaires (CERSA) et le World Poultry Science Association (WPSA), est pre\u0301vue du 16 au 18 mai 2023. Place\u0301e sous le the\u0300me [&hellip;]<\/p>\n","protected":false},"author":82,"featured_media":16465,"comment_status":"open","ping_status":"closed","sticky":false,"template":"","format":"standard","meta":{"footnotes":""},"categories":[3,10],"tags":[36,49,50],"class_list":["post-16466","post","type-post","status-publish","format-standard","has-post-thumbnail","hentry","category-economie","category-toutes-les-actualites","tag-africa-press","tag-africa-press-togo","tag-togo"],"yoast_head":"<!-- This site is optimized with the Yoast SEO Premium plugin v26.1 (Yoast SEO v27.0) - https:\/\/yoast.com\/product\/yoast-seo-premium-wordpress\/ -->\n<title>Togo-La deuxi\u00e8me \u00e9dition de la conf\u00e9rence avicole panafricaine \u00e0 Lom\u00e9 - Togo<\/title>\n<meta name=\"description\" content=\"Apre\u0300s la premie\u0300re tenue en 2019, Lome\u0301 va accueillir la deuxie\u0300me e\u0301dition de la confe\u0301rence avicole panafricaine (CAP ...\" \/>\n<meta name=\"robots\" content=\"index, follow, max-snippet:-1, max-image-preview:large, max-video-preview:-1\" \/>\n<link rel=\"canonical\" href=\"https:\/\/www.africa-press.net\/togo\/economie\/togo-la-deuxieme-edition-de-la-conference-avicole-panafricaine-a-lome\" \/>\n<meta property=\"og:locale\" content=\"fr_FR\" \/>\n<meta property=\"og:type\" content=\"article\" \/>\n<meta property=\"og:title\" content=\"Togo-La deuxi\u00e8me \u00e9dition de la conf\u00e9rence avicole panafricaine \u00e0 Lom\u00e9\" \/>\n<meta property=\"og:description\" content=\"Apre\u0300s la premie\u0300re tenue en 2019, Lome\u0301 va accueillir la deuxie\u0300me e\u0301dition de la confe\u0301rence avicole panafricaine (CAP ...\" \/>\n<meta property=\"og:url\" content=\"https:\/\/www.africa-press.net\/togo\/economie\/togo-la-deuxieme-edition-de-la-conference-avicole-panafricaine-a-lome\" \/>\n<meta property=\"og:site_name\" content=\"Togo\" \/>\n<meta property=\"article:published_time\" content=\"2023-01-25T18:24:02+00:00\" \/>\n<meta property=\"article:modified_time\" content=\"2023-01-25T19:39:25+00:00\" \/>\n<meta property=\"og:image\" content=\"https:\/\/static.africa-press.net\/togo\/sites\/58\/2023\/01\/postQueueImg_1674658447.43.jpg\" \/>\n\t<meta property=\"og:image:width\" content=\"720\" \/>\n\t<meta property=\"og:image:height\" content=\"480\" \/>\n\t<meta property=\"og:image:type\" content=\"image\/jpeg\" \/>\n<meta name=\"author\" content=\"cfeditorfr\" \/>\n<meta name=\"twitter:card\" content=\"summary_large_image\" \/>\n<meta name=\"twitter:label1\" content=\"\u00c9crit par\" \/>\n\t<meta name=\"twitter:data1\" content=\"cfeditorfr\" \/>\n\t<meta name=\"twitter:label2\" content=\"Dur\u00e9e de lecture estim\u00e9e\" \/>\n\t<meta name=\"twitter:data2\" content=\"1 minute\" \/>\n<script type=\"application\/ld+json\" class=\"yoast-schema-graph\">{\"@context\":\"https:\/\/schema.org\",\"@graph\":[{\"@type\":\"Article\",\"@id\":\"https:\/\/www.africa-press.net\/togo\/economie\/togo-la-deuxieme-edition-de-la-conference-avicole-panafricaine-a-lome#article\",\"isPartOf\":{\"@id\":\"https:\/\/www.africa-press.net\/togo\/economie\/togo-la-deuxieme-edition-de-la-conference-avicole-panafricaine-a-lome\"},\"author\":{\"name\":\"cfeditorfr\",\"@id\":\"https:\/\/www.africa-press.net\/togo\/#\/schema\/person\/2b1cf3cd81a31e3cd26889ca66d677f1\"},\"headline\":\"Togo-La deuxi\u00e8me \u00e9dition de la conf\u00e9rence avicole panafricaine \u00e0 Lom\u00e9\",\"datePublished\":\"2023-01-25T18:24:02+00:00\",\"dateModified\":\"2023-01-25T19:39:25+00:00\",\"mainEntityOfPage\":{\"@id\":\"https:\/\/www.africa-press.net\/togo\/economie\/togo-la-deuxieme-edition-de-la-conference-avicole-panafricaine-a-lome\"},\"wordCount\":233,\"commentCount\":0,\"image\":{\"@id\":\"https:\/\/www.africa-press.net\/togo\/economie\/togo-la-deuxieme-edition-de-la-conference-avicole-panafricaine-a-lome#primaryimage\"},\"thumbnailUrl\":\"https:\/\/static.africa-press.net\/togo\/sites\/58\/2023\/01\/postQueueImg_1674658447.43.jpg\",\"keywords\":[\"Africa Press\",\"Africa Press-Togo\",\"Togo\"],\"articleSection\":[\"\u00c9conomie\",\"Toutes les actualit\u00e9s\"],\"inLanguage\":\"fr-FR\",\"potentialAction\":[{\"@type\":\"CommentAction\",\"name\":\"Comment\",\"target\":[\"https:\/\/www.africa-press.net\/togo\/economie\/togo-la-deuxieme-edition-de-la-conference-avicole-panafricaine-a-lome#respond\"]}]},{\"@type\":\"WebPage\",\"@id\":\"https:\/\/www.africa-press.net\/togo\/economie\/togo-la-deuxieme-edition-de-la-conference-avicole-panafricaine-a-lome\",\"url\":\"https:\/\/www.africa-press.net\/togo\/economie\/togo-la-deuxieme-edition-de-la-conference-avicole-panafricaine-a-lome\",\"name\":\"Togo-La deuxi\u00e8me \u00e9dition de la conf\u00e9rence avicole panafricaine \u00e0 Lom\u00e9 - Togo\",\"isPartOf\":{\"@id\":\"https:\/\/www.africa-press.net\/togo\/#website\"},\"primaryImageOfPage\":{\"@id\":\"https:\/\/www.africa-press.net\/togo\/economie\/togo-la-deuxieme-edition-de-la-conference-avicole-panafricaine-a-lome#primaryimage\"},\"image\":{\"@id\":\"https:\/\/www.africa-press.net\/togo\/economie\/togo-la-deuxieme-edition-de-la-conference-avicole-panafricaine-a-lome#primaryimage\"},\"thumbnailUrl\":\"https:\/\/static.africa-press.net\/togo\/sites\/58\/2023\/01\/postQueueImg_1674658447.43.jpg\",\"datePublished\":\"2023-01-25T18:24:02+00:00\",\"dateModified\":\"2023-01-25T19:39:25+00:00\",\"author\":{\"@id\":\"https:\/\/www.africa-press.net\/togo\/#\/schema\/person\/2b1cf3cd81a31e3cd26889ca66d677f1\"},\"description\":\"Apre\u0300s la premie\u0300re tenue en 2019, Lome\u0301 va accueillir la deuxie\u0300me e\u0301dition de la confe\u0301rence avicole panafricaine (CAP ...\",\"breadcrumb\":{\"@id\":\"https:\/\/www.africa-press.net\/togo\/economie\/togo-la-deuxieme-edition-de-la-conference-avicole-panafricaine-a-lome#breadcrumb\"},\"inLanguage\":\"fr-FR\",\"potentialAction\":[{\"@type\":\"ReadAction\",\"target\":[\"https:\/\/www.africa-press.net\/togo\/economie\/togo-la-deuxieme-edition-de-la-conference-avicole-panafricaine-a-lome\"]}]},{\"@type\":\"ImageObject\",\"inLanguage\":\"fr-FR\",\"@id\":\"https:\/\/www.africa-press.net\/togo\/economie\/togo-la-deuxieme-edition-de-la-conference-avicole-panafricaine-a-lome#primaryimage\",\"url\":\"https:\/\/static.africa-press.net\/togo\/sites\/58\/2023\/01\/postQueueImg_1674658447.43.jpg\",\"contentUrl\":\"https:\/\/static.africa-press.net\/togo\/sites\/58\/2023\/01\/postQueueImg_1674658447.43.jpg\",\"width\":720,\"height\":480,\"caption\":\"Togo-La deuxi\u00e8me \u00e9dition de la conf\u00e9rence avicole panafricaine \u00e0 Lom\u00e9\"},{\"@type\":\"BreadcrumbList\",\"@id\":\"https:\/\/www.africa-press.net\/togo\/economie\/togo-la-deuxieme-edition-de-la-conference-avicole-panafricaine-a-lome#breadcrumb\",\"itemListElement\":[{\"@type\":\"ListItem\",\"position\":1,\"name\":\"Accueil\",\"item\":\"https:\/\/www.africa-press.net\/togo\/\"},{\"@type\":\"ListItem\",\"position\":2,\"name\":\"Togo-La deuxi\u00e8me \u00e9dition de la conf\u00e9rence avicole panafricaine \u00e0 Lom\u00e9\"}]},{\"@type\":\"WebSite\",\"@id\":\"https:\/\/www.africa-press.net\/togo\/#website\",\"url\":\"https:\/\/www.africa-press.net\/togo\/\",\"name\":\"Togo\",\"description\":\"Just another Africa News Agency Sites site\",\"potentialAction\":[{\"@type\":\"SearchAction\",\"target\":{\"@type\":\"EntryPoint\",\"urlTemplate\":\"https:\/\/www.africa-press.net\/togo\/?s={search_term_string}\"},\"query-input\":{\"@type\":\"PropertyValueSpecification\",\"valueRequired\":true,\"valueName\":\"search_term_string\"}}],\"inLanguage\":\"fr-FR\"},{\"@type\":\"Person\",\"@id\":\"https:\/\/www.africa-press.net\/togo\/#\/schema\/person\/2b1cf3cd81a31e3cd26889ca66d677f1\",\"name\":\"cfeditorfr\"}]}<\/script>\n<!-- \/ Yoast SEO Premium plugin. -->","yoast_head_json":{"title":"Togo-La deuxi\u00e8me \u00e9dition de la conf\u00e9rence avicole panafricaine \u00e0 Lom\u00e9 - Togo","description":"Apre\u0300s la premie\u0300re tenue en 2019, Lome\u0301 va accueillir la deuxie\u0300me e\u0301dition de la confe\u0301rence avicole panafricaine (CAP ...","robots":{"index":"index","follow":"follow","max-snippet":"max-snippet:-1","max-image-preview":"max-image-preview:large","max-video-preview":"max-video-preview:-1"},"canonical":"https:\/\/www.africa-press.net\/togo\/economie\/togo-la-deuxieme-edition-de-la-conference-avicole-panafricaine-a-lome","og_locale":"fr_FR","og_type":"article","og_title":"Togo-La deuxi\u00e8me \u00e9dition de la conf\u00e9rence avicole panafricaine \u00e0 Lom\u00e9","og_description":"Apre\u0300s la premie\u0300re tenue en 2019, Lome\u0301 va accueillir la deuxie\u0300me e\u0301dition de la confe\u0301rence avicole panafricaine (CAP ...","og_url":"https:\/\/www.africa-press.net\/togo\/economie\/togo-la-deuxieme-edition-de-la-conference-avicole-panafricaine-a-lome","og_site_name":"Togo","article_published_time":"2023-01-25T18:24:02+00:00","article_modified_time":"2023-01-25T19:39:25+00:00","og_image":[{"width":720,"height":480,"url":"https:\/\/static.africa-press.net\/togo\/sites\/58\/2023\/01\/postQueueImg_1674658447.43.jpg","type":"image\/jpeg"}],"author":"cfeditorfr","twitter_card":"summary_large_image","twitter_misc":{"\u00c9crit par":"cfeditorfr","Dur\u00e9e de lecture estim\u00e9e":"1 minute"},"schema":{"@context":"https:\/\/schema.org","@graph":[{"@type":"Article","@id":"https:\/\/www.africa-press.net\/togo\/economie\/togo-la-deuxieme-edition-de-la-conference-avicole-panafricaine-a-lome#article","isPartOf":{"@id":"https:\/\/www.africa-press.net\/togo\/economie\/togo-la-deuxieme-edition-de-la-conference-avicole-panafricaine-a-lome"},"author":{"name":"cfeditorfr","@id":"https:\/\/www.africa-press.net\/togo\/#\/schema\/person\/2b1cf3cd81a31e3cd26889ca66d677f1"},"headline":"Togo-La deuxi\u00e8me \u00e9dition de la conf\u00e9rence avicole panafricaine \u00e0 Lom\u00e9","datePublished":"2023-01-25T18:24:02+00:00","dateModified":"2023-01-25T19:39:25+00:00","mainEntityOfPage":{"@id":"https:\/\/www.africa-press.net\/togo\/economie\/togo-la-deuxieme-edition-de-la-conference-avicole-panafricaine-a-lome"},"wordCount":233,"commentCount":0,"image":{"@id":"https:\/\/www.africa-press.net\/togo\/economie\/togo-la-deuxieme-edition-de-la-conference-avicole-panafricaine-a-lome#primaryimage"},"thumbnailUrl":"https:\/\/static.africa-press.net\/togo\/sites\/58\/2023\/01\/postQueueImg_1674658447.43.jpg","keywords":["Africa Press","Africa Press-Togo","Togo"],"articleSection":["\u00c9conomie","Toutes les actualit\u00e9s"],"inLanguage":"fr-FR","potentialAction":[{"@type":"CommentAction","name":"Comment","target":["https:\/\/www.africa-press.net\/togo\/economie\/togo-la-deuxieme-edition-de-la-conference-avicole-panafricaine-a-lome#respond"]}]},{"@type":"WebPage","@id":"https:\/\/www.africa-press.net\/togo\/economie\/togo-la-deuxieme-edition-de-la-conference-avicole-panafricaine-a-lome","url":"https:\/\/www.africa-press.net\/togo\/economie\/togo-la-deuxieme-edition-de-la-conference-avicole-panafricaine-a-lome","name":"Togo-La deuxi\u00e8me \u00e9dition de la conf\u00e9rence avicole panafricaine \u00e0 Lom\u00e9 - Togo","isPartOf":{"@id":"https:\/\/www.africa-press.net\/togo\/#website"},"primaryImageOfPage":{"@id":"https:\/\/www.africa-press.net\/togo\/economie\/togo-la-deuxieme-edition-de-la-conference-avicole-panafricaine-a-lome#primaryimage"},"image":{"@id":"https:\/\/www.africa-press.net\/togo\/economie\/togo-la-deuxieme-edition-de-la-conference-avicole-panafricaine-a-lome#primaryimage"},"thumbnailUrl":"https:\/\/static.africa-press.net\/togo\/sites\/58\/2023\/01\/postQueueImg_1674658447.43.jpg","datePublished":"2023-01-25T18:24:02+00:00","dateModified":"2023-01-25T19:39:25+00:00","author":{"@id":"https:\/\/www.africa-press.net\/togo\/#\/schema\/person\/2b1cf3cd81a31e3cd26889ca66d677f1"},"description":"Apre\u0300s la premie\u0300re tenue en 2019, Lome\u0301 va accueillir la deuxie\u0300me e\u0301dition de la confe\u0301rence avicole panafricaine (CAP ...","breadcrumb":{"@id":"https:\/\/www.africa-press.net\/togo\/economie\/togo-la-deuxieme-edition-de-la-conference-avicole-panafricaine-a-lome#breadcrumb"},"inLanguage":"fr-FR","potentialAction":[{"@type":"ReadAction","target":["https:\/\/www.africa-press.net\/togo\/economie\/togo-la-deuxieme-edition-de-la-conference-avicole-panafricaine-a-lome"]}]},{"@type":"ImageObject","inLanguage":"fr-FR","@id":"https:\/\/www.africa-press.net\/togo\/economie\/togo-la-deuxieme-edition-de-la-conference-avicole-panafricaine-a-lome#primaryimage","url":"https:\/\/static.africa-press.net\/togo\/sites\/58\/2023\/01\/postQueueImg_1674658447.43.jpg","contentUrl":"https:\/\/static.africa-press.net\/togo\/sites\/58\/2023\/01\/postQueueImg_1674658447.43.jpg","width":720,"height":480,"caption":"Togo-La deuxi\u00e8me \u00e9dition de la conf\u00e9rence avicole panafricaine \u00e0 Lom\u00e9"},{"@type":"BreadcrumbList","@id":"https:\/\/www.africa-press.net\/togo\/economie\/togo-la-deuxieme-edition-de-la-conference-avicole-panafricaine-a-lome#breadcrumb","itemListElement":[{"@type":"ListItem","position":1,"name":"Accueil","item":"https:\/\/www.africa-press.net\/togo\/"},{"@type":"ListItem","position":2,"name":"Togo-La deuxi\u00e8me \u00e9dition de la conf\u00e9rence avicole panafricaine \u00e0 Lom\u00e9"}]},{"@type":"WebSite","@id":"https:\/\/www.africa-press.net\/togo\/#website","url":"https:\/\/www.africa-press.net\/togo\/","name":"Togo","description":"Just another Africa News Agency Sites site","potentialAction":[{"@type":"SearchAction","target":{"@type":"EntryPoint","urlTemplate":"https:\/\/www.africa-press.net\/togo\/?s={search_term_string}"},"query-input":{"@type":"PropertyValueSpecification","valueRequired":true,"valueName":"search_term_string"}}],"inLanguage":"fr-FR"},{"@type":"Person","@id":"https:\/\/www.africa-press.net\/togo\/#\/schema\/person\/2b1cf3cd81a31e3cd26889ca66d677f1","name":"cfeditorfr"}]}},"_links":{"self":[{"href":"https:\/\/www.africa-press.net\/togo\/wp-json\/wp\/v2\/posts\/16466","targetHints":{"allow":["GET"]}}],"collection":[{"href":"https:\/\/www.africa-press.net\/togo\/wp-json\/wp\/v2\/posts"}],"about":[{"href":"https:\/\/www.africa-press.net\/togo\/wp-json\/wp\/v2\/types\/post"}],"author":[{"embeddable":true,"href":"https:\/\/www.africa-press.net\/togo\/wp-json\/wp\/v2\/users\/82"}],"replies":[{"embeddable":true,"href":"https:\/\/www.africa-press.net\/togo\/wp-json\/wp\/v2\/comments?post=16466"}],"version-history":[{"count":0,"href":"https:\/\/www.africa-press.net\/togo\/wp-json\/wp\/v2\/posts\/16466\/revisions"}],"wp:featuredmedia":[{"embeddable":true,"href":"https:\/\/www.africa-press.net\/togo\/wp-json\/wp\/v2\/media\/16465"}],"wp:attachment":[{"href":"https:\/\/www.africa-press.net\/togo\/wp-json\/wp\/v2\/media?parent=16466"}],"wp:term":[{"taxonomy":"category","embeddable":true,"href":"https:\/\/www.africa-press.net\/togo\/wp-json\/wp\/v2\/categories?post=16466"},{"taxonomy":"post_tag","embeddable":true,"href":"https:\/\/www.africa-press.net\/togo\/wp-json\/wp\/v2\/tags?post=16466"}],"curies":[{"name":"wp","href":"https:\/\/api.w.org\/{rel}","templated":true}]}}