{"id":16484,"date":"2023-01-26T12:48:20","date_gmt":"2023-01-26T12:48:20","guid":{"rendered":"https:\/\/www.africa-press.net\/togo\/politique\/togo-diplomatie-robert-dussey-chez-le-capitaine-traore"},"modified":"2023-01-26T12:48:20","modified_gmt":"2023-01-26T12:48:20","slug":"togo-diplomatie-robert-dussey-chez-le-capitaine-traore","status":"publish","type":"post","link":"https:\/\/www.africa-press.net\/togo\/politique\/togo-diplomatie-robert-dussey-chez-le-capitaine-traore","title":{"rendered":"Togo- Diplomatie: Robert Dussey chez le Capitaine Traor\u00e9"},"content":{"rendered":"<p><span style=\"color: #ff6600\"><strong>Africa-Press &#8211; Togo. <\/strong><\/span><b>Le chef de la diplomatie togolaise, Prof Robert Dussey e\u0301tait a\u0300 Ouagadougou ce mercredi 25 janvier ou\u0300 il a e\u0301change\u0301 avec le Pre\u0301sident de la transition du Burkina Faso, le capitaine Ibrahim Traore\u0301.<\/b><\/p>\n<p>\u201cJ\u2019ai rec\u0327u en audience ce mercredi matin, le ministre des Affaires e\u0301trange\u0300res, de l\u2019Inte\u0301gration africaine et des togolais de l\u2019Exte\u0301rieur de la Re\u0301publique du Togo\u201d, a tweete\u0301 le Capitaine Traore\u0301.<\/p>\n<p>J\u2019ai rec\u0327u en audience, ce mercredi matin, le ministre des Affaires e\u0301trange\u0300res, de l&rsquo;Inte\u0301gration africaine et des togolais de l&rsquo;Exte\u0301rieur de la Re\u0301publique du Togo, @rdussey .<\/p>\n<p>Porteur d&rsquo;un message du Pre\u0301sident S.E. @FEGnassingbe pic.twitter.com\/Vv9BasQOVT<\/p>\n<p>Au sortir de l\u2019audience, le ministre Dussey a indique\u0301 qu\u2019il s\u2019agit d\u2019une visite pour re\u0301affirmer le soutien du Togo a\u0300 la transition du Burkina Faso.<\/p>\n<p>pic.twitter.com\/pTYY2mef3g<\/p>\n<p>\u00ab Le Burkina Faso et le Togo partagent une me\u0302me frontie\u0300re et les liens se\u0301culaires entre les deux pays sont tre\u0300s forts. Nous sommes venus rassurer le pre\u0301sident de la transition, au nom du pre\u0301sident Faure Gnassingbe\u0301, que le Togo reste dispose\u0301, aux co\u0302te\u0301s du Burkina Faso, et a\u0300 soutenir le peuple burkinabe\u0300 pendant cette pe\u0301riode de transition \u00bb a-t-il confie\u0301.<\/p>\n<p><strong>Pour plus d&rsquo;informations et d&rsquo;analyses sur la <a href=\"https:\/\/www.africa-press.net\/togo\">Togo<\/a>, suivez <a href=\"https:\/\/www.africa-press.net\/\">Africa-Press<\/a><\/strong><\/p>\n","protected":false},"excerpt":{"rendered":"<p>Africa-Press &#8211; Togo. Le chef de la diplomatie togolaise, Prof Robert Dussey e\u0301tait a\u0300 Ouagadougou ce mercredi 25 janvier ou\u0300 il a e\u0301change\u0301 avec le Pre\u0301sident de la transition du Burkina Faso, le capitaine Ibrahim Traore\u0301. \u201cJ\u2019ai rec\u0327u en audience ce mercredi matin, le ministre des Affaires e\u0301trange\u0300res, de l\u2019Inte\u0301gration africaine et des togolais de [&hellip;]<\/p>\n","protected":false},"author":82,"featured_media":16483,"comment_status":"open","ping_status":"closed","sticky":false,"template":"","format":"standard","meta":{"footnotes":""},"categories":[2,10],"tags":[36,49,50],"class_list":["post-16484","post","type-post","status-publish","format-standard","has-post-thumbnail","hentry","category-politique","category-toutes-les-actualites","tag-africa-press","tag-africa-press-togo","tag-togo"],"yoast_head":"<!-- This site is optimized with the Yoast SEO Premium plugin v26.1 (Yoast SEO v27.0) - https:\/\/yoast.com\/product\/yoast-seo-premium-wordpress\/ -->\n<title>Togo- Diplomatie: Robert Dussey chez le Capitaine Traor\u00e9 - Togo<\/title>\n<meta name=\"robots\" content=\"index, follow, max-snippet:-1, max-image-preview:large, max-video-preview:-1\" \/>\n<link rel=\"canonical\" href=\"https:\/\/www.africa-press.net\/togo\/politique\/togo-diplomatie-robert-dussey-chez-le-capitaine-traore\" \/>\n<meta property=\"og:locale\" content=\"fr_FR\" \/>\n<meta property=\"og:type\" content=\"article\" \/>\n<meta property=\"og:title\" content=\"Togo- Diplomatie: Robert Dussey chez le Capitaine Traor\u00e9\" \/>\n<meta property=\"og:description\" content=\"Africa-Press &#8211; Togo. Le chef de la diplomatie togolaise, Prof Robert Dussey e\u0301tait a\u0300 Ouagadougou ce mercredi 25 janvier ou\u0300 il a e\u0301change\u0301 avec le Pre\u0301sident de la transition du Burkina Faso, le capitaine Ibrahim Traore\u0301. \u201cJ\u2019ai rec\u0327u en audience ce mercredi matin, le ministre des Affaires e\u0301trange\u0300res, de l\u2019Inte\u0301gration africaine et des togolais de [&hellip;]\" \/>\n<meta property=\"og:url\" content=\"https:\/\/www.africa-press.net\/togo\/politique\/togo-diplomatie-robert-dussey-chez-le-capitaine-traore\" \/>\n<meta property=\"og:site_name\" content=\"Togo\" \/>\n<meta property=\"article:published_time\" content=\"2023-01-26T12:48:20+00:00\" \/>\n<meta name=\"author\" content=\"cfeditorfr\" \/>\n<meta name=\"twitter:card\" content=\"summary_large_image\" \/>\n<meta name=\"twitter:label1\" content=\"\u00c9crit par\" \/>\n\t<meta name=\"twitter:data1\" content=\"cfeditorfr\" \/>\n\t<meta name=\"twitter:label2\" content=\"Dur\u00e9e de lecture estim\u00e9e\" \/>\n\t<meta name=\"twitter:data2\" content=\"1 minute\" \/>\n<script type=\"application\/ld+json\" class=\"yoast-schema-graph\">{\"@context\":\"https:\/\/schema.org\",\"@graph\":[{\"@type\":\"Article\",\"@id\":\"https:\/\/www.africa-press.net\/togo\/politique\/togo-diplomatie-robert-dussey-chez-le-capitaine-traore#article\",\"isPartOf\":{\"@id\":\"https:\/\/www.africa-press.net\/togo\/politique\/togo-diplomatie-robert-dussey-chez-le-capitaine-traore\"},\"author\":{\"name\":\"cfeditorfr\",\"@id\":\"https:\/\/www.africa-press.net\/togo\/#\/schema\/person\/2b1cf3cd81a31e3cd26889ca66d677f1\"},\"headline\":\"Togo- Diplomatie: Robert Dussey chez le Capitaine Traor\u00e9\",\"datePublished\":\"2023-01-26T12:48:20+00:00\",\"mainEntityOfPage\":{\"@id\":\"https:\/\/www.africa-press.net\/togo\/politique\/togo-diplomatie-robert-dussey-chez-le-capitaine-traore\"},\"wordCount\":251,\"commentCount\":0,\"image\":{\"@id\":\"https:\/\/www.africa-press.net\/togo\/politique\/togo-diplomatie-robert-dussey-chez-le-capitaine-traore#primaryimage\"},\"thumbnailUrl\":\"https:\/\/static.africa-press.net\/togo\/sites\/58\/2023\/01\/postQueueImg_1674724703.36.jpg\",\"keywords\":[\"Africa Press\",\"Africa Press-Togo\",\"Togo\"],\"articleSection\":[\"Politique\",\"Toutes les actualit\u00e9s\"],\"inLanguage\":\"fr-FR\",\"potentialAction\":[{\"@type\":\"CommentAction\",\"name\":\"Comment\",\"target\":[\"https:\/\/www.africa-press.net\/togo\/politique\/togo-diplomatie-robert-dussey-chez-le-capitaine-traore#respond\"]}]},{\"@type\":\"WebPage\",\"@id\":\"https:\/\/www.africa-press.net\/togo\/politique\/togo-diplomatie-robert-dussey-chez-le-capitaine-traore\",\"url\":\"https:\/\/www.africa-press.net\/togo\/politique\/togo-diplomatie-robert-dussey-chez-le-capitaine-traore\",\"name\":\"Togo- Diplomatie: Robert Dussey chez le Capitaine Traor\u00e9 - Togo\",\"isPartOf\":{\"@id\":\"https:\/\/www.africa-press.net\/togo\/#website\"},\"primaryImageOfPage\":{\"@id\":\"https:\/\/www.africa-press.net\/togo\/politique\/togo-diplomatie-robert-dussey-chez-le-capitaine-traore#primaryimage\"},\"image\":{\"@id\":\"https:\/\/www.africa-press.net\/togo\/politique\/togo-diplomatie-robert-dussey-chez-le-capitaine-traore#primaryimage\"},\"thumbnailUrl\":\"https:\/\/static.africa-press.net\/togo\/sites\/58\/2023\/01\/postQueueImg_1674724703.36.jpg\",\"datePublished\":\"2023-01-26T12:48:20+00:00\",\"author\":{\"@id\":\"https:\/\/www.africa-press.net\/togo\/#\/schema\/person\/2b1cf3cd81a31e3cd26889ca66d677f1\"},\"breadcrumb\":{\"@id\":\"https:\/\/www.africa-press.net\/togo\/politique\/togo-diplomatie-robert-dussey-chez-le-capitaine-traore#breadcrumb\"},\"inLanguage\":\"fr-FR\",\"potentialAction\":[{\"@type\":\"ReadAction\",\"target\":[\"https:\/\/www.africa-press.net\/togo\/politique\/togo-diplomatie-robert-dussey-chez-le-capitaine-traore\"]}]},{\"@type\":\"ImageObject\",\"inLanguage\":\"fr-FR\",\"@id\":\"https:\/\/www.africa-press.net\/togo\/politique\/togo-diplomatie-robert-dussey-chez-le-capitaine-traore#primaryimage\",\"url\":\"https:\/\/static.africa-press.net\/togo\/sites\/58\/2023\/01\/postQueueImg_1674724703.36.jpg\",\"contentUrl\":\"https:\/\/static.africa-press.net\/togo\/sites\/58\/2023\/01\/postQueueImg_1674724703.36.jpg\",\"width\":1280,\"height\":802,\"caption\":\"Togo- Diplomatie: Robert Dussey chez le Capitaine Traor\u00e9\"},{\"@type\":\"BreadcrumbList\",\"@id\":\"https:\/\/www.africa-press.net\/togo\/politique\/togo-diplomatie-robert-dussey-chez-le-capitaine-traore#breadcrumb\",\"itemListElement\":[{\"@type\":\"ListItem\",\"position\":1,\"name\":\"Accueil\",\"item\":\"https:\/\/www.africa-press.net\/togo\/\"},{\"@type\":\"ListItem\",\"position\":2,\"name\":\"Togo- Diplomatie: Robert Dussey chez le Capitaine Traor\u00e9\"}]},{\"@type\":\"WebSite\",\"@id\":\"https:\/\/www.africa-press.net\/togo\/#website\",\"url\":\"https:\/\/www.africa-press.net\/togo\/\",\"name\":\"Togo\",\"description\":\"Just another Africa News Agency Sites site\",\"potentialAction\":[{\"@type\":\"SearchAction\",\"target\":{\"@type\":\"EntryPoint\",\"urlTemplate\":\"https:\/\/www.africa-press.net\/togo\/?s={search_term_string}\"},\"query-input\":{\"@type\":\"PropertyValueSpecification\",\"valueRequired\":true,\"valueName\":\"search_term_string\"}}],\"inLanguage\":\"fr-FR\"},{\"@type\":\"Person\",\"@id\":\"https:\/\/www.africa-press.net\/togo\/#\/schema\/person\/2b1cf3cd81a31e3cd26889ca66d677f1\",\"name\":\"cfeditorfr\"}]}<\/script>\n<!-- \/ Yoast SEO Premium plugin. -->","yoast_head_json":{"title":"Togo- Diplomatie: Robert Dussey chez le Capitaine Traor\u00e9 - Togo","robots":{"index":"index","follow":"follow","max-snippet":"max-snippet:-1","max-image-preview":"max-image-preview:large","max-video-preview":"max-video-preview:-1"},"canonical":"https:\/\/www.africa-press.net\/togo\/politique\/togo-diplomatie-robert-dussey-chez-le-capitaine-traore","og_locale":"fr_FR","og_type":"article","og_title":"Togo- Diplomatie: Robert Dussey chez le Capitaine Traor\u00e9","og_description":"Africa-Press &#8211; Togo. Le chef de la diplomatie togolaise, Prof Robert Dussey e\u0301tait a\u0300 Ouagadougou ce mercredi 25 janvier ou\u0300 il a e\u0301change\u0301 avec le Pre\u0301sident de la transition du Burkina Faso, le capitaine Ibrahim Traore\u0301. \u201cJ\u2019ai rec\u0327u en audience ce mercredi matin, le ministre des Affaires e\u0301trange\u0300res, de l\u2019Inte\u0301gration africaine et des togolais de [&hellip;]","og_url":"https:\/\/www.africa-press.net\/togo\/politique\/togo-diplomatie-robert-dussey-chez-le-capitaine-traore","og_site_name":"Togo","article_published_time":"2023-01-26T12:48:20+00:00","author":"cfeditorfr","twitter_card":"summary_large_image","twitter_misc":{"\u00c9crit par":"cfeditorfr","Dur\u00e9e de lecture estim\u00e9e":"1 minute"},"schema":{"@context":"https:\/\/schema.org","@graph":[{"@type":"Article","@id":"https:\/\/www.africa-press.net\/togo\/politique\/togo-diplomatie-robert-dussey-chez-le-capitaine-traore#article","isPartOf":{"@id":"https:\/\/www.africa-press.net\/togo\/politique\/togo-diplomatie-robert-dussey-chez-le-capitaine-traore"},"author":{"name":"cfeditorfr","@id":"https:\/\/www.africa-press.net\/togo\/#\/schema\/person\/2b1cf3cd81a31e3cd26889ca66d677f1"},"headline":"Togo- Diplomatie: Robert Dussey chez le Capitaine Traor\u00e9","datePublished":"2023-01-26T12:48:20+00:00","mainEntityOfPage":{"@id":"https:\/\/www.africa-press.net\/togo\/politique\/togo-diplomatie-robert-dussey-chez-le-capitaine-traore"},"wordCount":251,"commentCount":0,"image":{"@id":"https:\/\/www.africa-press.net\/togo\/politique\/togo-diplomatie-robert-dussey-chez-le-capitaine-traore#primaryimage"},"thumbnailUrl":"https:\/\/static.africa-press.net\/togo\/sites\/58\/2023\/01\/postQueueImg_1674724703.36.jpg","keywords":["Africa Press","Africa Press-Togo","Togo"],"articleSection":["Politique","Toutes les actualit\u00e9s"],"inLanguage":"fr-FR","potentialAction":[{"@type":"CommentAction","name":"Comment","target":["https:\/\/www.africa-press.net\/togo\/politique\/togo-diplomatie-robert-dussey-chez-le-capitaine-traore#respond"]}]},{"@type":"WebPage","@id":"https:\/\/www.africa-press.net\/togo\/politique\/togo-diplomatie-robert-dussey-chez-le-capitaine-traore","url":"https:\/\/www.africa-press.net\/togo\/politique\/togo-diplomatie-robert-dussey-chez-le-capitaine-traore","name":"Togo- Diplomatie: Robert Dussey chez le Capitaine Traor\u00e9 - Togo","isPartOf":{"@id":"https:\/\/www.africa-press.net\/togo\/#website"},"primaryImageOfPage":{"@id":"https:\/\/www.africa-press.net\/togo\/politique\/togo-diplomatie-robert-dussey-chez-le-capitaine-traore#primaryimage"},"image":{"@id":"https:\/\/www.africa-press.net\/togo\/politique\/togo-diplomatie-robert-dussey-chez-le-capitaine-traore#primaryimage"},"thumbnailUrl":"https:\/\/static.africa-press.net\/togo\/sites\/58\/2023\/01\/postQueueImg_1674724703.36.jpg","datePublished":"2023-01-26T12:48:20+00:00","author":{"@id":"https:\/\/www.africa-press.net\/togo\/#\/schema\/person\/2b1cf3cd81a31e3cd26889ca66d677f1"},"breadcrumb":{"@id":"https:\/\/www.africa-press.net\/togo\/politique\/togo-diplomatie-robert-dussey-chez-le-capitaine-traore#breadcrumb"},"inLanguage":"fr-FR","potentialAction":[{"@type":"ReadAction","target":["https:\/\/www.africa-press.net\/togo\/politique\/togo-diplomatie-robert-dussey-chez-le-capitaine-traore"]}]},{"@type":"ImageObject","inLanguage":"fr-FR","@id":"https:\/\/www.africa-press.net\/togo\/politique\/togo-diplomatie-robert-dussey-chez-le-capitaine-traore#primaryimage","url":"https:\/\/static.africa-press.net\/togo\/sites\/58\/2023\/01\/postQueueImg_1674724703.36.jpg","contentUrl":"https:\/\/static.africa-press.net\/togo\/sites\/58\/2023\/01\/postQueueImg_1674724703.36.jpg","width":1280,"height":802,"caption":"Togo- Diplomatie: Robert Dussey chez le Capitaine Traor\u00e9"},{"@type":"BreadcrumbList","@id":"https:\/\/www.africa-press.net\/togo\/politique\/togo-diplomatie-robert-dussey-chez-le-capitaine-traore#breadcrumb","itemListElement":[{"@type":"ListItem","position":1,"name":"Accueil","item":"https:\/\/www.africa-press.net\/togo\/"},{"@type":"ListItem","position":2,"name":"Togo- Diplomatie: Robert Dussey chez le Capitaine Traor\u00e9"}]},{"@type":"WebSite","@id":"https:\/\/www.africa-press.net\/togo\/#website","url":"https:\/\/www.africa-press.net\/togo\/","name":"Togo","description":"Just another Africa News Agency Sites site","potentialAction":[{"@type":"SearchAction","target":{"@type":"EntryPoint","urlTemplate":"https:\/\/www.africa-press.net\/togo\/?s={search_term_string}"},"query-input":{"@type":"PropertyValueSpecification","valueRequired":true,"valueName":"search_term_string"}}],"inLanguage":"fr-FR"},{"@type":"Person","@id":"https:\/\/www.africa-press.net\/togo\/#\/schema\/person\/2b1cf3cd81a31e3cd26889ca66d677f1","name":"cfeditorfr"}]}},"_links":{"self":[{"href":"https:\/\/www.africa-press.net\/togo\/wp-json\/wp\/v2\/posts\/16484","targetHints":{"allow":["GET"]}}],"collection":[{"href":"https:\/\/www.africa-press.net\/togo\/wp-json\/wp\/v2\/posts"}],"about":[{"href":"https:\/\/www.africa-press.net\/togo\/wp-json\/wp\/v2\/types\/post"}],"author":[{"embeddable":true,"href":"https:\/\/www.africa-press.net\/togo\/wp-json\/wp\/v2\/users\/82"}],"replies":[{"embeddable":true,"href":"https:\/\/www.africa-press.net\/togo\/wp-json\/wp\/v2\/comments?post=16484"}],"version-history":[{"count":0,"href":"https:\/\/www.africa-press.net\/togo\/wp-json\/wp\/v2\/posts\/16484\/revisions"}],"wp:featuredmedia":[{"embeddable":true,"href":"https:\/\/www.africa-press.net\/togo\/wp-json\/wp\/v2\/media\/16483"}],"wp:attachment":[{"href":"https:\/\/www.africa-press.net\/togo\/wp-json\/wp\/v2\/media?parent=16484"}],"wp:term":[{"taxonomy":"category","embeddable":true,"href":"https:\/\/www.africa-press.net\/togo\/wp-json\/wp\/v2\/categories?post=16484"},{"taxonomy":"post_tag","embeddable":true,"href":"https:\/\/www.africa-press.net\/togo\/wp-json\/wp\/v2\/tags?post=16484"}],"curies":[{"name":"wp","href":"https:\/\/api.w.org\/{rel}","templated":true}]}}