{"id":16494,"date":"2023-01-26T12:48:05","date_gmt":"2023-01-26T12:48:05","guid":{"rendered":"https:\/\/www.africa-press.net\/togo\/politique\/chan-deces-dun-responsable-du-football-en-algerie"},"modified":"2023-01-26T12:48:05","modified_gmt":"2023-01-26T12:48:05","slug":"chan-deces-dun-responsable-du-football-en-algerie","status":"publish","type":"post","link":"https:\/\/www.africa-press.net\/togo\/sports\/chan-deces-dun-responsable-du-football-en-algerie","title":{"rendered":"CHAN-D\u00e9c\u00e8s d\u2019un responsable du football en Alg\u00e9rie"},"content":{"rendered":"<p><span style=\"color: #ff6600\"><strong>Africa-Press &#8211; Togo. <\/strong><\/span><b>Encore une triste nouvelle du Championnat d\u2019Afrique des Nations en cours (CHAN 2023). La confe\u0301de\u0301ration africaine de football (CAF) a confirme\u0301 le de\u0301ce\u0300s d\u2019un dirigeant mauritanien du football survenu mardi 24 janvier 2023.<\/b><\/p>\n<p>Selon la CAF, Pape Amghar Dieng, le vice-pre\u0301sident de la Fe\u0301de\u0301ration mauritanienne de football est de\u0301ce\u0301de\u0301 mardi soir en Alge\u0301rie, suite a\u0300 la victoire historique 1-0 de la Mauritanie contre le Mali a\u0300 Oran.<\/p>\n<p>\u201cIl a e\u0301te\u0301 salue\u0301 pour sa contribution au sein d\u2019un collectif de dirigeants qui a propulse\u0301 le football mauritanien sur la voie du succe\u0300s\u201d, lit-on dans un communique\u0301 de l\u2019instance dirigeante du football en Afrique.<\/p>\n<p>Ce de\u0301ce\u0300s survient le me\u0302me jour que le me\u0301dia rapporte celui d\u2019un footballeur alge\u0301rien sur la pelouse du stade de Reghaia, lors du match de son e\u0301quipe face au MC Rouiba.<\/p>\n<p><strong>Pour plus d&rsquo;informations et d&rsquo;analyses sur la <a href=\"https:\/\/www.africa-press.net\/togo\">Togo<\/a>, suivez <a href=\"https:\/\/www.africa-press.net\/\">Africa-Press<\/a><\/strong><\/p>\n","protected":false},"excerpt":{"rendered":"<p>Africa-Press &#8211; Togo. Encore une triste nouvelle du Championnat d\u2019Afrique des Nations en cours (CHAN 2023). La confe\u0301de\u0301ration africaine de football (CAF) a confirme\u0301 le de\u0301ce\u0300s d\u2019un dirigeant mauritanien du football survenu mardi 24 janvier 2023. Selon la CAF, Pape Amghar Dieng, le vice-pre\u0301sident de la Fe\u0301de\u0301ration mauritanienne de football est de\u0301ce\u0301de\u0301 mardi soir en [&hellip;]<\/p>\n","protected":false},"author":82,"featured_media":16493,"comment_status":"open","ping_status":"closed","sticky":false,"template":"","format":"standard","meta":{"footnotes":""},"categories":[6,10],"tags":[36,49,50],"class_list":["post-16494","post","type-post","status-publish","format-standard","has-post-thumbnail","hentry","category-sports","category-toutes-les-actualites","tag-africa-press","tag-africa-press-togo","tag-togo"],"yoast_head":"<!-- This site is optimized with the Yoast SEO Premium plugin v26.1 (Yoast SEO v27.0) - https:\/\/yoast.com\/product\/yoast-seo-premium-wordpress\/ -->\n<title>CHAN-D\u00e9c\u00e8s d\u2019un responsable du football en Alg\u00e9rie - Togo<\/title>\n<meta name=\"robots\" content=\"index, follow, max-snippet:-1, max-image-preview:large, max-video-preview:-1\" \/>\n<link rel=\"canonical\" href=\"https:\/\/www.africa-press.net\/togo\/politique\/chan-deces-dun-responsable-du-football-en-algerie\" \/>\n<meta property=\"og:locale\" content=\"fr_FR\" \/>\n<meta property=\"og:type\" content=\"article\" \/>\n<meta property=\"og:title\" content=\"CHAN-D\u00e9c\u00e8s d\u2019un responsable du football en Alg\u00e9rie\" \/>\n<meta property=\"og:description\" content=\"Africa-Press &#8211; Togo. Encore une triste nouvelle du Championnat d\u2019Afrique des Nations en cours (CHAN 2023). La confe\u0301de\u0301ration africaine de football (CAF) a confirme\u0301 le de\u0301ce\u0300s d\u2019un dirigeant mauritanien du football survenu mardi 24 janvier 2023. Selon la CAF, Pape Amghar Dieng, le vice-pre\u0301sident de la Fe\u0301de\u0301ration mauritanienne de football est de\u0301ce\u0301de\u0301 mardi soir en [&hellip;]\" \/>\n<meta property=\"og:url\" content=\"https:\/\/www.africa-press.net\/togo\/politique\/chan-deces-dun-responsable-du-football-en-algerie\" \/>\n<meta property=\"og:site_name\" content=\"Togo\" \/>\n<meta property=\"article:published_time\" content=\"2023-01-26T12:48:05+00:00\" \/>\n<meta name=\"author\" content=\"cfeditorfr\" \/>\n<meta name=\"twitter:card\" content=\"summary_large_image\" \/>\n<meta name=\"twitter:label1\" content=\"\u00c9crit par\" \/>\n\t<meta name=\"twitter:data1\" content=\"cfeditorfr\" \/>\n\t<meta name=\"twitter:label2\" content=\"Dur\u00e9e de lecture estim\u00e9e\" \/>\n\t<meta name=\"twitter:data2\" content=\"1 minute\" \/>\n<script type=\"application\/ld+json\" class=\"yoast-schema-graph\">{\"@context\":\"https:\/\/schema.org\",\"@graph\":[{\"@type\":\"Article\",\"@id\":\"https:\/\/www.africa-press.net\/togo\/politique\/chan-deces-dun-responsable-du-football-en-algerie#article\",\"isPartOf\":{\"@id\":\"https:\/\/www.africa-press.net\/togo\/politique\/chan-deces-dun-responsable-du-football-en-algerie\"},\"author\":{\"name\":\"cfeditorfr\",\"@id\":\"https:\/\/www.africa-press.net\/togo\/#\/schema\/person\/2b1cf3cd81a31e3cd26889ca66d677f1\"},\"headline\":\"CHAN-D\u00e9c\u00e8s d\u2019un responsable du football en Alg\u00e9rie\",\"datePublished\":\"2023-01-26T12:48:05+00:00\",\"mainEntityOfPage\":{\"@id\":\"https:\/\/www.africa-press.net\/togo\/politique\/chan-deces-dun-responsable-du-football-en-algerie\"},\"wordCount\":179,\"commentCount\":0,\"image\":{\"@id\":\"https:\/\/www.africa-press.net\/togo\/politique\/chan-deces-dun-responsable-du-football-en-algerie#primaryimage\"},\"thumbnailUrl\":\"https:\/\/static.africa-press.net\/togo\/sites\/58\/2023\/01\/postQueueImg_1674724687.85.jpg\",\"keywords\":[\"Africa Press\",\"Africa Press-Togo\",\"Togo\"],\"articleSection\":[\"Sports\",\"Toutes les actualit\u00e9s\"],\"inLanguage\":\"fr-FR\",\"potentialAction\":[{\"@type\":\"CommentAction\",\"name\":\"Comment\",\"target\":[\"https:\/\/www.africa-press.net\/togo\/politique\/chan-deces-dun-responsable-du-football-en-algerie#respond\"]}]},{\"@type\":\"WebPage\",\"@id\":\"https:\/\/www.africa-press.net\/togo\/politique\/chan-deces-dun-responsable-du-football-en-algerie\",\"url\":\"https:\/\/www.africa-press.net\/togo\/politique\/chan-deces-dun-responsable-du-football-en-algerie\",\"name\":\"CHAN-D\u00e9c\u00e8s d\u2019un responsable du football en Alg\u00e9rie - Togo\",\"isPartOf\":{\"@id\":\"https:\/\/www.africa-press.net\/togo\/#website\"},\"primaryImageOfPage\":{\"@id\":\"https:\/\/www.africa-press.net\/togo\/politique\/chan-deces-dun-responsable-du-football-en-algerie#primaryimage\"},\"image\":{\"@id\":\"https:\/\/www.africa-press.net\/togo\/politique\/chan-deces-dun-responsable-du-football-en-algerie#primaryimage\"},\"thumbnailUrl\":\"https:\/\/static.africa-press.net\/togo\/sites\/58\/2023\/01\/postQueueImg_1674724687.85.jpg\",\"datePublished\":\"2023-01-26T12:48:05+00:00\",\"author\":{\"@id\":\"https:\/\/www.africa-press.net\/togo\/#\/schema\/person\/2b1cf3cd81a31e3cd26889ca66d677f1\"},\"breadcrumb\":{\"@id\":\"https:\/\/www.africa-press.net\/togo\/politique\/chan-deces-dun-responsable-du-football-en-algerie#breadcrumb\"},\"inLanguage\":\"fr-FR\",\"potentialAction\":[{\"@type\":\"ReadAction\",\"target\":[\"https:\/\/www.africa-press.net\/togo\/politique\/chan-deces-dun-responsable-du-football-en-algerie\"]}]},{\"@type\":\"ImageObject\",\"inLanguage\":\"fr-FR\",\"@id\":\"https:\/\/www.africa-press.net\/togo\/politique\/chan-deces-dun-responsable-du-football-en-algerie#primaryimage\",\"url\":\"https:\/\/static.africa-press.net\/togo\/sites\/58\/2023\/01\/postQueueImg_1674724687.85.jpg\",\"contentUrl\":\"https:\/\/static.africa-press.net\/togo\/sites\/58\/2023\/01\/postQueueImg_1674724687.85.jpg\",\"width\":1364,\"height\":732,\"caption\":\"CHAN-D\u00e9c\u00e8s d\u2019un responsable du football en Alg\u00e9rie\"},{\"@type\":\"BreadcrumbList\",\"@id\":\"https:\/\/www.africa-press.net\/togo\/politique\/chan-deces-dun-responsable-du-football-en-algerie#breadcrumb\",\"itemListElement\":[{\"@type\":\"ListItem\",\"position\":1,\"name\":\"Accueil\",\"item\":\"https:\/\/www.africa-press.net\/togo\/\"},{\"@type\":\"ListItem\",\"position\":2,\"name\":\"CHAN-D\u00e9c\u00e8s d\u2019un responsable du football en Alg\u00e9rie\"}]},{\"@type\":\"WebSite\",\"@id\":\"https:\/\/www.africa-press.net\/togo\/#website\",\"url\":\"https:\/\/www.africa-press.net\/togo\/\",\"name\":\"Togo\",\"description\":\"Just another Africa News Agency Sites site\",\"potentialAction\":[{\"@type\":\"SearchAction\",\"target\":{\"@type\":\"EntryPoint\",\"urlTemplate\":\"https:\/\/www.africa-press.net\/togo\/?s={search_term_string}\"},\"query-input\":{\"@type\":\"PropertyValueSpecification\",\"valueRequired\":true,\"valueName\":\"search_term_string\"}}],\"inLanguage\":\"fr-FR\"},{\"@type\":\"Person\",\"@id\":\"https:\/\/www.africa-press.net\/togo\/#\/schema\/person\/2b1cf3cd81a31e3cd26889ca66d677f1\",\"name\":\"cfeditorfr\"}]}<\/script>\n<!-- \/ Yoast SEO Premium plugin. -->","yoast_head_json":{"title":"CHAN-D\u00e9c\u00e8s d\u2019un responsable du football en Alg\u00e9rie - Togo","robots":{"index":"index","follow":"follow","max-snippet":"max-snippet:-1","max-image-preview":"max-image-preview:large","max-video-preview":"max-video-preview:-1"},"canonical":"https:\/\/www.africa-press.net\/togo\/politique\/chan-deces-dun-responsable-du-football-en-algerie","og_locale":"fr_FR","og_type":"article","og_title":"CHAN-D\u00e9c\u00e8s d\u2019un responsable du football en Alg\u00e9rie","og_description":"Africa-Press &#8211; Togo. Encore une triste nouvelle du Championnat d\u2019Afrique des Nations en cours (CHAN 2023). La confe\u0301de\u0301ration africaine de football (CAF) a confirme\u0301 le de\u0301ce\u0300s d\u2019un dirigeant mauritanien du football survenu mardi 24 janvier 2023. Selon la CAF, Pape Amghar Dieng, le vice-pre\u0301sident de la Fe\u0301de\u0301ration mauritanienne de football est de\u0301ce\u0301de\u0301 mardi soir en [&hellip;]","og_url":"https:\/\/www.africa-press.net\/togo\/politique\/chan-deces-dun-responsable-du-football-en-algerie","og_site_name":"Togo","article_published_time":"2023-01-26T12:48:05+00:00","author":"cfeditorfr","twitter_card":"summary_large_image","twitter_misc":{"\u00c9crit par":"cfeditorfr","Dur\u00e9e de lecture estim\u00e9e":"1 minute"},"schema":{"@context":"https:\/\/schema.org","@graph":[{"@type":"Article","@id":"https:\/\/www.africa-press.net\/togo\/politique\/chan-deces-dun-responsable-du-football-en-algerie#article","isPartOf":{"@id":"https:\/\/www.africa-press.net\/togo\/politique\/chan-deces-dun-responsable-du-football-en-algerie"},"author":{"name":"cfeditorfr","@id":"https:\/\/www.africa-press.net\/togo\/#\/schema\/person\/2b1cf3cd81a31e3cd26889ca66d677f1"},"headline":"CHAN-D\u00e9c\u00e8s d\u2019un responsable du football en Alg\u00e9rie","datePublished":"2023-01-26T12:48:05+00:00","mainEntityOfPage":{"@id":"https:\/\/www.africa-press.net\/togo\/politique\/chan-deces-dun-responsable-du-football-en-algerie"},"wordCount":179,"commentCount":0,"image":{"@id":"https:\/\/www.africa-press.net\/togo\/politique\/chan-deces-dun-responsable-du-football-en-algerie#primaryimage"},"thumbnailUrl":"https:\/\/static.africa-press.net\/togo\/sites\/58\/2023\/01\/postQueueImg_1674724687.85.jpg","keywords":["Africa Press","Africa Press-Togo","Togo"],"articleSection":["Sports","Toutes les actualit\u00e9s"],"inLanguage":"fr-FR","potentialAction":[{"@type":"CommentAction","name":"Comment","target":["https:\/\/www.africa-press.net\/togo\/politique\/chan-deces-dun-responsable-du-football-en-algerie#respond"]}]},{"@type":"WebPage","@id":"https:\/\/www.africa-press.net\/togo\/politique\/chan-deces-dun-responsable-du-football-en-algerie","url":"https:\/\/www.africa-press.net\/togo\/politique\/chan-deces-dun-responsable-du-football-en-algerie","name":"CHAN-D\u00e9c\u00e8s d\u2019un responsable du football en Alg\u00e9rie - Togo","isPartOf":{"@id":"https:\/\/www.africa-press.net\/togo\/#website"},"primaryImageOfPage":{"@id":"https:\/\/www.africa-press.net\/togo\/politique\/chan-deces-dun-responsable-du-football-en-algerie#primaryimage"},"image":{"@id":"https:\/\/www.africa-press.net\/togo\/politique\/chan-deces-dun-responsable-du-football-en-algerie#primaryimage"},"thumbnailUrl":"https:\/\/static.africa-press.net\/togo\/sites\/58\/2023\/01\/postQueueImg_1674724687.85.jpg","datePublished":"2023-01-26T12:48:05+00:00","author":{"@id":"https:\/\/www.africa-press.net\/togo\/#\/schema\/person\/2b1cf3cd81a31e3cd26889ca66d677f1"},"breadcrumb":{"@id":"https:\/\/www.africa-press.net\/togo\/politique\/chan-deces-dun-responsable-du-football-en-algerie#breadcrumb"},"inLanguage":"fr-FR","potentialAction":[{"@type":"ReadAction","target":["https:\/\/www.africa-press.net\/togo\/politique\/chan-deces-dun-responsable-du-football-en-algerie"]}]},{"@type":"ImageObject","inLanguage":"fr-FR","@id":"https:\/\/www.africa-press.net\/togo\/politique\/chan-deces-dun-responsable-du-football-en-algerie#primaryimage","url":"https:\/\/static.africa-press.net\/togo\/sites\/58\/2023\/01\/postQueueImg_1674724687.85.jpg","contentUrl":"https:\/\/static.africa-press.net\/togo\/sites\/58\/2023\/01\/postQueueImg_1674724687.85.jpg","width":1364,"height":732,"caption":"CHAN-D\u00e9c\u00e8s d\u2019un responsable du football en Alg\u00e9rie"},{"@type":"BreadcrumbList","@id":"https:\/\/www.africa-press.net\/togo\/politique\/chan-deces-dun-responsable-du-football-en-algerie#breadcrumb","itemListElement":[{"@type":"ListItem","position":1,"name":"Accueil","item":"https:\/\/www.africa-press.net\/togo\/"},{"@type":"ListItem","position":2,"name":"CHAN-D\u00e9c\u00e8s d\u2019un responsable du football en Alg\u00e9rie"}]},{"@type":"WebSite","@id":"https:\/\/www.africa-press.net\/togo\/#website","url":"https:\/\/www.africa-press.net\/togo\/","name":"Togo","description":"Just another Africa News Agency Sites site","potentialAction":[{"@type":"SearchAction","target":{"@type":"EntryPoint","urlTemplate":"https:\/\/www.africa-press.net\/togo\/?s={search_term_string}"},"query-input":{"@type":"PropertyValueSpecification","valueRequired":true,"valueName":"search_term_string"}}],"inLanguage":"fr-FR"},{"@type":"Person","@id":"https:\/\/www.africa-press.net\/togo\/#\/schema\/person\/2b1cf3cd81a31e3cd26889ca66d677f1","name":"cfeditorfr"}]}},"_links":{"self":[{"href":"https:\/\/www.africa-press.net\/togo\/wp-json\/wp\/v2\/posts\/16494","targetHints":{"allow":["GET"]}}],"collection":[{"href":"https:\/\/www.africa-press.net\/togo\/wp-json\/wp\/v2\/posts"}],"about":[{"href":"https:\/\/www.africa-press.net\/togo\/wp-json\/wp\/v2\/types\/post"}],"author":[{"embeddable":true,"href":"https:\/\/www.africa-press.net\/togo\/wp-json\/wp\/v2\/users\/82"}],"replies":[{"embeddable":true,"href":"https:\/\/www.africa-press.net\/togo\/wp-json\/wp\/v2\/comments?post=16494"}],"version-history":[{"count":0,"href":"https:\/\/www.africa-press.net\/togo\/wp-json\/wp\/v2\/posts\/16494\/revisions"}],"wp:featuredmedia":[{"embeddable":true,"href":"https:\/\/www.africa-press.net\/togo\/wp-json\/wp\/v2\/media\/16493"}],"wp:attachment":[{"href":"https:\/\/www.africa-press.net\/togo\/wp-json\/wp\/v2\/media?parent=16494"}],"wp:term":[{"taxonomy":"category","embeddable":true,"href":"https:\/\/www.africa-press.net\/togo\/wp-json\/wp\/v2\/categories?post=16494"},{"taxonomy":"post_tag","embeddable":true,"href":"https:\/\/www.africa-press.net\/togo\/wp-json\/wp\/v2\/tags?post=16494"}],"curies":[{"name":"wp","href":"https:\/\/api.w.org\/{rel}","templated":true}]}}