{"id":16514,"date":"2023-01-26T19:24:32","date_gmt":"2023-01-26T19:24:32","guid":{"rendered":"https:\/\/www.africa-press.net\/togo\/politique\/togo-semaines-culturelles-kokoroko-veut-mettre-fin-aux-derives"},"modified":"2023-01-26T20:41:04","modified_gmt":"2023-01-26T20:41:04","slug":"togo-semaines-culturelles-kokoroko-veut-mettre-fin-aux-derives","status":"publish","type":"post","link":"https:\/\/www.africa-press.net\/togo\/politique\/togo-semaines-culturelles-kokoroko-veut-mettre-fin-aux-derives","title":{"rendered":"Togo\/Semaines culturelles : Kokoroko veut mettre fin aux d\u00e9rives"},"content":{"rendered":"<p><span style=\"color: #ff6600\"><strong>Africa-Press &#8211; Togo. <\/strong><\/span>Les semaines culturelles dans les e\u0301tablissements culturels ne seront plus ce\u0301le\u0301bre\u0301es comme avant.<\/p>\n<p>Pour cause, le ministre des Enseignements primaire, secondaire, technique et de l\u2019Artisanat, Dodzi Kokoroko, a mis en place une commission ad hoc de re\u0301flexion sur l\u2019organisation des journe\u0301es culturelles et artistiques dont le but est de favoriser l\u2019expression des divers talents des apprenants.<\/p>\n<p>Pour le ministre, Il est e\u0301tabli que conse\u0301quemment a\u0300 une mauvaise interpre\u0301tation de l\u2019objet de ces journe\u0301es et a\u0300 des de\u0301faillances dans l\u2019encadrement, ces pe\u0301riodes culturelles sont souvent l\u2019occasion de de\u0301rives chez les apprenants mettant ainsi en e\u0301chec l\u2019atteinte des objectifs porte\u0301s par cette initiative, et en pe\u0301ril l\u2019e\u0301thique, l\u2019esprit et la lettre de la pratique enseignante.<\/p>\n<p>La commission ad hoc mis en place est compose\u0301e de 15 membres, tous des acteurs scolaires, a\u0300 l\u2019instar des inspecteurs de l\u2019enseignement, des directeurs d\u2019e\u0301coles, des parents d\u2019e\u0301le\u0300ves, et me\u0302me des e\u0301le\u0300ves.<\/p>\n<p>Elle va donc mener des re\u0301flexions et de proposer un document de cadrage pour l\u2019organisation des journe\u0301es culturelles dans les e\u0301tablissements scolaires et centres de formation.<\/p>\n<p>Il s\u2019agit pour la commission, selon le ministre, de clarifier les objectifs tenant a\u0300 l\u2019organisation des journe\u0301es culturelles dans les e\u0301tablissements scolaires publics et prive\u0301s : de\u0301cliner les activite\u0301s susceptibles de meubler ces journe\u0301es. Concre\u0300tement, il s\u2019agit pour la commission de clarifier les objectifs tenant a\u0300 l\u2019organisation des journe\u0301es culturelles dans les e\u0301tablissements scolaires publics et prive\u0301s : de\u0301terminer les modalite\u0301s d\u2019organisation des journe\u0301es culturelles, recommander des mesures afin de mettre un terme aux de\u0301rives constate\u0301es lors des journe\u0301es culturelles<\/p>\n<p><strong>Pour plus d&rsquo;informations et d&rsquo;analyses sur la <a href=\"https:\/\/www.africa-press.net\/togo\">Togo<\/a>, suivez <a href=\"https:\/\/www.africa-press.net\/\">Africa-Press<\/a><\/strong><\/p>\n","protected":false},"excerpt":{"rendered":"<p>Africa-Press &#8211; Togo. Les semaines culturelles dans les e\u0301tablissements culturels ne seront plus ce\u0301le\u0301bre\u0301es comme avant. Pour cause, le ministre des Enseignements primaire, secondaire, technique et de l\u2019Artisanat, Dodzi Kokoroko, a mis en place une commission ad hoc de re\u0301flexion sur l\u2019organisation des journe\u0301es culturelles et artistiques dont le but est de favoriser l\u2019expression des [&hellip;]<\/p>\n","protected":false},"author":82,"featured_media":16513,"comment_status":"open","ping_status":"closed","sticky":false,"template":"","format":"standard","meta":{"footnotes":""},"categories":[2,10],"tags":[36,49,378,405,50],"class_list":["post-16514","post","type-post","status-publish","format-standard","has-post-thumbnail","hentry","category-politique","category-toutes-les-actualites","tag-africa-press","tag-africa-press-togo","tag-education","tag-kokoroko-dodzi","tag-togo"],"yoast_head":"<!-- This site is optimized with the Yoast SEO Premium plugin v26.1 (Yoast SEO v27.0) - https:\/\/yoast.com\/product\/yoast-seo-premium-wordpress\/ -->\n<title>Togo\/Semaines culturelles : Kokoroko veut mettre fin aux d\u00e9rives - Togo<\/title>\n<meta name=\"description\" content=\"Les semaines culturelles dans les e\u0301tablissements culturels ne seront plus ce\u0301le\u0301bre\u0301es comme avant. Pour cause, le min ...\" \/>\n<meta name=\"robots\" content=\"index, follow, max-snippet:-1, max-image-preview:large, max-video-preview:-1\" \/>\n<link rel=\"canonical\" href=\"https:\/\/www.africa-press.net\/togo\/politique\/togo-semaines-culturelles-kokoroko-veut-mettre-fin-aux-derives\" \/>\n<meta property=\"og:locale\" content=\"fr_FR\" \/>\n<meta property=\"og:type\" content=\"article\" \/>\n<meta property=\"og:title\" content=\"Togo\/Semaines culturelles : Kokoroko veut mettre fin aux d\u00e9rives\" \/>\n<meta property=\"og:description\" content=\"Les semaines culturelles dans les e\u0301tablissements culturels ne seront plus ce\u0301le\u0301bre\u0301es comme avant. Pour cause, le min ...\" \/>\n<meta property=\"og:url\" content=\"https:\/\/www.africa-press.net\/togo\/politique\/togo-semaines-culturelles-kokoroko-veut-mettre-fin-aux-derives\" \/>\n<meta property=\"og:site_name\" content=\"Togo\" \/>\n<meta property=\"article:published_time\" content=\"2023-01-26T19:24:32+00:00\" \/>\n<meta property=\"article:modified_time\" content=\"2023-01-26T20:41:04+00:00\" \/>\n<meta property=\"og:image\" content=\"https:\/\/static.africa-press.net\/togo\/sites\/58\/2023\/01\/postQueueImg_1674748476.12.jpg\" \/>\n\t<meta property=\"og:image:width\" content=\"720\" \/>\n\t<meta property=\"og:image:height\" content=\"480\" \/>\n\t<meta property=\"og:image:type\" content=\"image\/jpeg\" \/>\n<meta name=\"author\" content=\"cfeditorfr\" \/>\n<meta name=\"twitter:card\" content=\"summary_large_image\" \/>\n<meta name=\"twitter:label1\" content=\"\u00c9crit par\" \/>\n\t<meta name=\"twitter:data1\" content=\"cfeditorfr\" \/>\n\t<meta name=\"twitter:label2\" content=\"Dur\u00e9e de lecture estim\u00e9e\" \/>\n\t<meta name=\"twitter:data2\" content=\"2 minutes\" \/>\n<script type=\"application\/ld+json\" class=\"yoast-schema-graph\">{\"@context\":\"https:\/\/schema.org\",\"@graph\":[{\"@type\":\"Article\",\"@id\":\"https:\/\/www.africa-press.net\/togo\/politique\/togo-semaines-culturelles-kokoroko-veut-mettre-fin-aux-derives#article\",\"isPartOf\":{\"@id\":\"https:\/\/www.africa-press.net\/togo\/politique\/togo-semaines-culturelles-kokoroko-veut-mettre-fin-aux-derives\"},\"author\":{\"name\":\"cfeditorfr\",\"@id\":\"https:\/\/www.africa-press.net\/togo\/#\/schema\/person\/2b1cf3cd81a31e3cd26889ca66d677f1\"},\"headline\":\"Togo\/Semaines culturelles : Kokoroko veut mettre fin aux d\u00e9rives\",\"datePublished\":\"2023-01-26T19:24:32+00:00\",\"dateModified\":\"2023-01-26T20:41:04+00:00\",\"mainEntityOfPage\":{\"@id\":\"https:\/\/www.africa-press.net\/togo\/politique\/togo-semaines-culturelles-kokoroko-veut-mettre-fin-aux-derives\"},\"wordCount\":335,\"commentCount\":0,\"image\":{\"@id\":\"https:\/\/www.africa-press.net\/togo\/politique\/togo-semaines-culturelles-kokoroko-veut-mettre-fin-aux-derives#primaryimage\"},\"thumbnailUrl\":\"https:\/\/static.africa-press.net\/togo\/sites\/58\/2023\/01\/postQueueImg_1674748476.12.jpg\",\"keywords\":[\"Africa Press\",\"Africa Press-Togo\",\"Education\",\"Kokoroko Dodzi\",\"Togo\"],\"articleSection\":[\"Politique\",\"Toutes les actualit\u00e9s\"],\"inLanguage\":\"fr-FR\",\"potentialAction\":[{\"@type\":\"CommentAction\",\"name\":\"Comment\",\"target\":[\"https:\/\/www.africa-press.net\/togo\/politique\/togo-semaines-culturelles-kokoroko-veut-mettre-fin-aux-derives#respond\"]}]},{\"@type\":\"WebPage\",\"@id\":\"https:\/\/www.africa-press.net\/togo\/politique\/togo-semaines-culturelles-kokoroko-veut-mettre-fin-aux-derives\",\"url\":\"https:\/\/www.africa-press.net\/togo\/politique\/togo-semaines-culturelles-kokoroko-veut-mettre-fin-aux-derives\",\"name\":\"Togo\/Semaines culturelles : Kokoroko veut mettre fin aux d\u00e9rives - Togo\",\"isPartOf\":{\"@id\":\"https:\/\/www.africa-press.net\/togo\/#website\"},\"primaryImageOfPage\":{\"@id\":\"https:\/\/www.africa-press.net\/togo\/politique\/togo-semaines-culturelles-kokoroko-veut-mettre-fin-aux-derives#primaryimage\"},\"image\":{\"@id\":\"https:\/\/www.africa-press.net\/togo\/politique\/togo-semaines-culturelles-kokoroko-veut-mettre-fin-aux-derives#primaryimage\"},\"thumbnailUrl\":\"https:\/\/static.africa-press.net\/togo\/sites\/58\/2023\/01\/postQueueImg_1674748476.12.jpg\",\"datePublished\":\"2023-01-26T19:24:32+00:00\",\"dateModified\":\"2023-01-26T20:41:04+00:00\",\"author\":{\"@id\":\"https:\/\/www.africa-press.net\/togo\/#\/schema\/person\/2b1cf3cd81a31e3cd26889ca66d677f1\"},\"description\":\"Les semaines culturelles dans les e\u0301tablissements culturels ne seront plus ce\u0301le\u0301bre\u0301es comme avant. Pour cause, le min ...\",\"breadcrumb\":{\"@id\":\"https:\/\/www.africa-press.net\/togo\/politique\/togo-semaines-culturelles-kokoroko-veut-mettre-fin-aux-derives#breadcrumb\"},\"inLanguage\":\"fr-FR\",\"potentialAction\":[{\"@type\":\"ReadAction\",\"target\":[\"https:\/\/www.africa-press.net\/togo\/politique\/togo-semaines-culturelles-kokoroko-veut-mettre-fin-aux-derives\"]}]},{\"@type\":\"ImageObject\",\"inLanguage\":\"fr-FR\",\"@id\":\"https:\/\/www.africa-press.net\/togo\/politique\/togo-semaines-culturelles-kokoroko-veut-mettre-fin-aux-derives#primaryimage\",\"url\":\"https:\/\/static.africa-press.net\/togo\/sites\/58\/2023\/01\/postQueueImg_1674748476.12.jpg\",\"contentUrl\":\"https:\/\/static.africa-press.net\/togo\/sites\/58\/2023\/01\/postQueueImg_1674748476.12.jpg\",\"width\":720,\"height\":480,\"caption\":\"Togo\/Semaines culturelles : Kokoroko veut mettre fin aux d\u00e9rives\"},{\"@type\":\"BreadcrumbList\",\"@id\":\"https:\/\/www.africa-press.net\/togo\/politique\/togo-semaines-culturelles-kokoroko-veut-mettre-fin-aux-derives#breadcrumb\",\"itemListElement\":[{\"@type\":\"ListItem\",\"position\":1,\"name\":\"Accueil\",\"item\":\"https:\/\/www.africa-press.net\/togo\/\"},{\"@type\":\"ListItem\",\"position\":2,\"name\":\"Togo\/Semaines culturelles : Kokoroko veut mettre fin aux d\u00e9rives\"}]},{\"@type\":\"WebSite\",\"@id\":\"https:\/\/www.africa-press.net\/togo\/#website\",\"url\":\"https:\/\/www.africa-press.net\/togo\/\",\"name\":\"Togo\",\"description\":\"Just another Africa News Agency Sites site\",\"potentialAction\":[{\"@type\":\"SearchAction\",\"target\":{\"@type\":\"EntryPoint\",\"urlTemplate\":\"https:\/\/www.africa-press.net\/togo\/?s={search_term_string}\"},\"query-input\":{\"@type\":\"PropertyValueSpecification\",\"valueRequired\":true,\"valueName\":\"search_term_string\"}}],\"inLanguage\":\"fr-FR\"},{\"@type\":\"Person\",\"@id\":\"https:\/\/www.africa-press.net\/togo\/#\/schema\/person\/2b1cf3cd81a31e3cd26889ca66d677f1\",\"name\":\"cfeditorfr\"}]}<\/script>\n<!-- \/ Yoast SEO Premium plugin. -->","yoast_head_json":{"title":"Togo\/Semaines culturelles : Kokoroko veut mettre fin aux d\u00e9rives - Togo","description":"Les semaines culturelles dans les e\u0301tablissements culturels ne seront plus ce\u0301le\u0301bre\u0301es comme avant. Pour cause, le min ...","robots":{"index":"index","follow":"follow","max-snippet":"max-snippet:-1","max-image-preview":"max-image-preview:large","max-video-preview":"max-video-preview:-1"},"canonical":"https:\/\/www.africa-press.net\/togo\/politique\/togo-semaines-culturelles-kokoroko-veut-mettre-fin-aux-derives","og_locale":"fr_FR","og_type":"article","og_title":"Togo\/Semaines culturelles : Kokoroko veut mettre fin aux d\u00e9rives","og_description":"Les semaines culturelles dans les e\u0301tablissements culturels ne seront plus ce\u0301le\u0301bre\u0301es comme avant. Pour cause, le min ...","og_url":"https:\/\/www.africa-press.net\/togo\/politique\/togo-semaines-culturelles-kokoroko-veut-mettre-fin-aux-derives","og_site_name":"Togo","article_published_time":"2023-01-26T19:24:32+00:00","article_modified_time":"2023-01-26T20:41:04+00:00","og_image":[{"width":720,"height":480,"url":"https:\/\/static.africa-press.net\/togo\/sites\/58\/2023\/01\/postQueueImg_1674748476.12.jpg","type":"image\/jpeg"}],"author":"cfeditorfr","twitter_card":"summary_large_image","twitter_misc":{"\u00c9crit par":"cfeditorfr","Dur\u00e9e de lecture estim\u00e9e":"2 minutes"},"schema":{"@context":"https:\/\/schema.org","@graph":[{"@type":"Article","@id":"https:\/\/www.africa-press.net\/togo\/politique\/togo-semaines-culturelles-kokoroko-veut-mettre-fin-aux-derives#article","isPartOf":{"@id":"https:\/\/www.africa-press.net\/togo\/politique\/togo-semaines-culturelles-kokoroko-veut-mettre-fin-aux-derives"},"author":{"name":"cfeditorfr","@id":"https:\/\/www.africa-press.net\/togo\/#\/schema\/person\/2b1cf3cd81a31e3cd26889ca66d677f1"},"headline":"Togo\/Semaines culturelles : Kokoroko veut mettre fin aux d\u00e9rives","datePublished":"2023-01-26T19:24:32+00:00","dateModified":"2023-01-26T20:41:04+00:00","mainEntityOfPage":{"@id":"https:\/\/www.africa-press.net\/togo\/politique\/togo-semaines-culturelles-kokoroko-veut-mettre-fin-aux-derives"},"wordCount":335,"commentCount":0,"image":{"@id":"https:\/\/www.africa-press.net\/togo\/politique\/togo-semaines-culturelles-kokoroko-veut-mettre-fin-aux-derives#primaryimage"},"thumbnailUrl":"https:\/\/static.africa-press.net\/togo\/sites\/58\/2023\/01\/postQueueImg_1674748476.12.jpg","keywords":["Africa Press","Africa Press-Togo","Education","Kokoroko Dodzi","Togo"],"articleSection":["Politique","Toutes les actualit\u00e9s"],"inLanguage":"fr-FR","potentialAction":[{"@type":"CommentAction","name":"Comment","target":["https:\/\/www.africa-press.net\/togo\/politique\/togo-semaines-culturelles-kokoroko-veut-mettre-fin-aux-derives#respond"]}]},{"@type":"WebPage","@id":"https:\/\/www.africa-press.net\/togo\/politique\/togo-semaines-culturelles-kokoroko-veut-mettre-fin-aux-derives","url":"https:\/\/www.africa-press.net\/togo\/politique\/togo-semaines-culturelles-kokoroko-veut-mettre-fin-aux-derives","name":"Togo\/Semaines culturelles : Kokoroko veut mettre fin aux d\u00e9rives - Togo","isPartOf":{"@id":"https:\/\/www.africa-press.net\/togo\/#website"},"primaryImageOfPage":{"@id":"https:\/\/www.africa-press.net\/togo\/politique\/togo-semaines-culturelles-kokoroko-veut-mettre-fin-aux-derives#primaryimage"},"image":{"@id":"https:\/\/www.africa-press.net\/togo\/politique\/togo-semaines-culturelles-kokoroko-veut-mettre-fin-aux-derives#primaryimage"},"thumbnailUrl":"https:\/\/static.africa-press.net\/togo\/sites\/58\/2023\/01\/postQueueImg_1674748476.12.jpg","datePublished":"2023-01-26T19:24:32+00:00","dateModified":"2023-01-26T20:41:04+00:00","author":{"@id":"https:\/\/www.africa-press.net\/togo\/#\/schema\/person\/2b1cf3cd81a31e3cd26889ca66d677f1"},"description":"Les semaines culturelles dans les e\u0301tablissements culturels ne seront plus ce\u0301le\u0301bre\u0301es comme avant. Pour cause, le min ...","breadcrumb":{"@id":"https:\/\/www.africa-press.net\/togo\/politique\/togo-semaines-culturelles-kokoroko-veut-mettre-fin-aux-derives#breadcrumb"},"inLanguage":"fr-FR","potentialAction":[{"@type":"ReadAction","target":["https:\/\/www.africa-press.net\/togo\/politique\/togo-semaines-culturelles-kokoroko-veut-mettre-fin-aux-derives"]}]},{"@type":"ImageObject","inLanguage":"fr-FR","@id":"https:\/\/www.africa-press.net\/togo\/politique\/togo-semaines-culturelles-kokoroko-veut-mettre-fin-aux-derives#primaryimage","url":"https:\/\/static.africa-press.net\/togo\/sites\/58\/2023\/01\/postQueueImg_1674748476.12.jpg","contentUrl":"https:\/\/static.africa-press.net\/togo\/sites\/58\/2023\/01\/postQueueImg_1674748476.12.jpg","width":720,"height":480,"caption":"Togo\/Semaines culturelles : Kokoroko veut mettre fin aux d\u00e9rives"},{"@type":"BreadcrumbList","@id":"https:\/\/www.africa-press.net\/togo\/politique\/togo-semaines-culturelles-kokoroko-veut-mettre-fin-aux-derives#breadcrumb","itemListElement":[{"@type":"ListItem","position":1,"name":"Accueil","item":"https:\/\/www.africa-press.net\/togo\/"},{"@type":"ListItem","position":2,"name":"Togo\/Semaines culturelles : Kokoroko veut mettre fin aux d\u00e9rives"}]},{"@type":"WebSite","@id":"https:\/\/www.africa-press.net\/togo\/#website","url":"https:\/\/www.africa-press.net\/togo\/","name":"Togo","description":"Just another Africa News Agency Sites site","potentialAction":[{"@type":"SearchAction","target":{"@type":"EntryPoint","urlTemplate":"https:\/\/www.africa-press.net\/togo\/?s={search_term_string}"},"query-input":{"@type":"PropertyValueSpecification","valueRequired":true,"valueName":"search_term_string"}}],"inLanguage":"fr-FR"},{"@type":"Person","@id":"https:\/\/www.africa-press.net\/togo\/#\/schema\/person\/2b1cf3cd81a31e3cd26889ca66d677f1","name":"cfeditorfr"}]}},"_links":{"self":[{"href":"https:\/\/www.africa-press.net\/togo\/wp-json\/wp\/v2\/posts\/16514","targetHints":{"allow":["GET"]}}],"collection":[{"href":"https:\/\/www.africa-press.net\/togo\/wp-json\/wp\/v2\/posts"}],"about":[{"href":"https:\/\/www.africa-press.net\/togo\/wp-json\/wp\/v2\/types\/post"}],"author":[{"embeddable":true,"href":"https:\/\/www.africa-press.net\/togo\/wp-json\/wp\/v2\/users\/82"}],"replies":[{"embeddable":true,"href":"https:\/\/www.africa-press.net\/togo\/wp-json\/wp\/v2\/comments?post=16514"}],"version-history":[{"count":0,"href":"https:\/\/www.africa-press.net\/togo\/wp-json\/wp\/v2\/posts\/16514\/revisions"}],"wp:featuredmedia":[{"embeddable":true,"href":"https:\/\/www.africa-press.net\/togo\/wp-json\/wp\/v2\/media\/16513"}],"wp:attachment":[{"href":"https:\/\/www.africa-press.net\/togo\/wp-json\/wp\/v2\/media?parent=16514"}],"wp:term":[{"taxonomy":"category","embeddable":true,"href":"https:\/\/www.africa-press.net\/togo\/wp-json\/wp\/v2\/categories?post=16514"},{"taxonomy":"post_tag","embeddable":true,"href":"https:\/\/www.africa-press.net\/togo\/wp-json\/wp\/v2\/tags?post=16514"}],"curies":[{"name":"wp","href":"https:\/\/api.w.org\/{rel}","templated":true}]}}