{"id":16519,"date":"2023-01-27T12:52:27","date_gmt":"2023-01-27T12:52:27","guid":{"rendered":"https:\/\/www.africa-press.net\/togo\/politique\/togo-education-fini-les-derives-lors-des-journees-culturelles"},"modified":"2023-01-27T12:52:27","modified_gmt":"2023-01-27T12:52:27","slug":"togo-education-fini-les-derives-lors-des-journees-culturelles","status":"publish","type":"post","link":"https:\/\/www.africa-press.net\/togo\/toutes-les-actualites\/togo-education-fini-les-derives-lors-des-journees-culturelles","title":{"rendered":"Togo \u2013 Education : Fini les d\u00e9rives lors des journ\u00e9es culturelles"},"content":{"rendered":"<p><span style=\"color: #ff6600\"><strong>Africa-Press &#8211; Togo. <\/strong><\/span><b>Face aux aux de\u0301rives constate\u0301es lors des journe\u0301es culturelles dans les e\u0301tablissements scolaires au Togo, le ministre des Enseignements primaire, secondaire, technique et de l\u2019Artisanat, Dodzi Kokoroko prend de nouvelles dispositions.<\/b><\/p>\n<p>L\u2019application de ses dispositions a induit la cre\u0301ation d\u2019une commission ad hoc qui se chargera de \u00ab clarifier les objectifs tenant a\u0300 l\u2019organisation des journe\u0301es culturelles dans les e\u0301tablissements scolaires publics et prive\u0301s : de\u0301cliner les activite\u0301s susceptibles de meubler ces journe\u0301es \u00bb.<\/p>\n<p>La dite commission compose\u0301e de 15 membres aura e\u0301galement pour objectif de \u201cde\u0301terminer les modalite\u0301s d\u2019organisation des journe\u0301es culturelles, recommander des mesures afin de mettre un terme aux de\u0301rives constate\u0301es lors des journe\u0301es culturelles \u201c.<\/p>\n<p>Ainsi, le ministe\u0300re de tutelle a\u0300 travers cette initiative corriger la mauvaise interpre\u0301tation de l\u2019objet de ces journe\u0301es et qui occasionnent des de\u0301faillances dans l\u2019encadrement.<\/p>\n<p><strong>Pour plus d&rsquo;informations et d&rsquo;analyses sur la <a href=\"https:\/\/www.africa-press.net\/togo\">Togo<\/a>, suivez <a href=\"https:\/\/www.africa-press.net\/\">Africa-Press<\/a><\/strong><\/p>\n","protected":false},"excerpt":{"rendered":"<p>Africa-Press &#8211; Togo. Face aux aux de\u0301rives constate\u0301es lors des journe\u0301es culturelles dans les e\u0301tablissements scolaires au Togo, le ministre des Enseignements primaire, secondaire, technique et de l\u2019Artisanat, Dodzi Kokoroko prend de nouvelles dispositions. L\u2019application de ses dispositions a induit la cre\u0301ation d\u2019une commission ad hoc qui se chargera de \u00ab clarifier les objectifs tenant [&hellip;]<\/p>\n","protected":false},"author":82,"featured_media":16518,"comment_status":"open","ping_status":"closed","sticky":false,"template":"","format":"standard","meta":{"footnotes":""},"categories":[21,10],"tags":[36,49,50],"class_list":["post-16519","post","type-post","status-publish","format-standard","has-post-thumbnail","hentry","category-communaute","category-toutes-les-actualites","tag-africa-press","tag-africa-press-togo","tag-togo"],"yoast_head":"<!-- This site is optimized with the Yoast SEO Premium plugin v26.1 (Yoast SEO v27.0) - https:\/\/yoast.com\/product\/yoast-seo-premium-wordpress\/ -->\n<title>Togo \u2013 Education : Fini les d\u00e9rives lors des journ\u00e9es culturelles - Togo<\/title>\n<meta name=\"robots\" content=\"index, follow, max-snippet:-1, max-image-preview:large, max-video-preview:-1\" \/>\n<link rel=\"canonical\" href=\"https:\/\/www.africa-press.net\/togo\/politique\/togo-education-fini-les-derives-lors-des-journees-culturelles\" \/>\n<meta property=\"og:locale\" content=\"fr_FR\" \/>\n<meta property=\"og:type\" content=\"article\" \/>\n<meta property=\"og:title\" content=\"Togo \u2013 Education : Fini les d\u00e9rives lors des journ\u00e9es culturelles\" \/>\n<meta property=\"og:description\" content=\"Africa-Press &#8211; Togo. Face aux aux de\u0301rives constate\u0301es lors des journe\u0301es culturelles dans les e\u0301tablissements scolaires au Togo, le ministre des Enseignements primaire, secondaire, technique et de l\u2019Artisanat, Dodzi Kokoroko prend de nouvelles dispositions. L\u2019application de ses dispositions a induit la cre\u0301ation d\u2019une commission ad hoc qui se chargera de \u00ab clarifier les objectifs tenant [&hellip;]\" \/>\n<meta property=\"og:url\" content=\"https:\/\/www.africa-press.net\/togo\/politique\/togo-education-fini-les-derives-lors-des-journees-culturelles\" \/>\n<meta property=\"og:site_name\" content=\"Togo\" \/>\n<meta property=\"article:published_time\" content=\"2023-01-27T12:52:27+00:00\" \/>\n<meta name=\"author\" content=\"cfeditorfr\" \/>\n<meta name=\"twitter:card\" content=\"summary_large_image\" \/>\n<meta name=\"twitter:label1\" content=\"\u00c9crit par\" \/>\n\t<meta name=\"twitter:data1\" content=\"cfeditorfr\" \/>\n\t<meta name=\"twitter:label2\" content=\"Dur\u00e9e de lecture estim\u00e9e\" \/>\n\t<meta name=\"twitter:data2\" content=\"1 minute\" \/>\n<script type=\"application\/ld+json\" class=\"yoast-schema-graph\">{\"@context\":\"https:\/\/schema.org\",\"@graph\":[{\"@type\":\"Article\",\"@id\":\"https:\/\/www.africa-press.net\/togo\/politique\/togo-education-fini-les-derives-lors-des-journees-culturelles#article\",\"isPartOf\":{\"@id\":\"https:\/\/www.africa-press.net\/togo\/politique\/togo-education-fini-les-derives-lors-des-journees-culturelles\"},\"author\":{\"name\":\"cfeditorfr\",\"@id\":\"https:\/\/www.africa-press.net\/togo\/#\/schema\/person\/2b1cf3cd81a31e3cd26889ca66d677f1\"},\"headline\":\"Togo \u2013 Education : Fini les d\u00e9rives lors des journ\u00e9es culturelles\",\"datePublished\":\"2023-01-27T12:52:27+00:00\",\"mainEntityOfPage\":{\"@id\":\"https:\/\/www.africa-press.net\/togo\/politique\/togo-education-fini-les-derives-lors-des-journees-culturelles\"},\"wordCount\":185,\"commentCount\":0,\"image\":{\"@id\":\"https:\/\/www.africa-press.net\/togo\/politique\/togo-education-fini-les-derives-lors-des-journees-culturelles#primaryimage\"},\"thumbnailUrl\":\"https:\/\/static.africa-press.net\/togo\/sites\/58\/2023\/01\/postQueueImg_1674811351.61.jpg\",\"keywords\":[\"Africa Press\",\"Africa Press-Togo\",\"Togo\"],\"articleSection\":[\"Communaut\u00e9\",\"Toutes les actualit\u00e9s\"],\"inLanguage\":\"fr-FR\",\"potentialAction\":[{\"@type\":\"CommentAction\",\"name\":\"Comment\",\"target\":[\"https:\/\/www.africa-press.net\/togo\/politique\/togo-education-fini-les-derives-lors-des-journees-culturelles#respond\"]}]},{\"@type\":\"WebPage\",\"@id\":\"https:\/\/www.africa-press.net\/togo\/politique\/togo-education-fini-les-derives-lors-des-journees-culturelles\",\"url\":\"https:\/\/www.africa-press.net\/togo\/politique\/togo-education-fini-les-derives-lors-des-journees-culturelles\",\"name\":\"Togo \u2013 Education : Fini les d\u00e9rives lors des journ\u00e9es culturelles - Togo\",\"isPartOf\":{\"@id\":\"https:\/\/www.africa-press.net\/togo\/#website\"},\"primaryImageOfPage\":{\"@id\":\"https:\/\/www.africa-press.net\/togo\/politique\/togo-education-fini-les-derives-lors-des-journees-culturelles#primaryimage\"},\"image\":{\"@id\":\"https:\/\/www.africa-press.net\/togo\/politique\/togo-education-fini-les-derives-lors-des-journees-culturelles#primaryimage\"},\"thumbnailUrl\":\"https:\/\/static.africa-press.net\/togo\/sites\/58\/2023\/01\/postQueueImg_1674811351.61.jpg\",\"datePublished\":\"2023-01-27T12:52:27+00:00\",\"author\":{\"@id\":\"https:\/\/www.africa-press.net\/togo\/#\/schema\/person\/2b1cf3cd81a31e3cd26889ca66d677f1\"},\"breadcrumb\":{\"@id\":\"https:\/\/www.africa-press.net\/togo\/politique\/togo-education-fini-les-derives-lors-des-journees-culturelles#breadcrumb\"},\"inLanguage\":\"fr-FR\",\"potentialAction\":[{\"@type\":\"ReadAction\",\"target\":[\"https:\/\/www.africa-press.net\/togo\/politique\/togo-education-fini-les-derives-lors-des-journees-culturelles\"]}]},{\"@type\":\"ImageObject\",\"inLanguage\":\"fr-FR\",\"@id\":\"https:\/\/www.africa-press.net\/togo\/politique\/togo-education-fini-les-derives-lors-des-journees-culturelles#primaryimage\",\"url\":\"https:\/\/static.africa-press.net\/togo\/sites\/58\/2023\/01\/postQueueImg_1674811351.61.jpg\",\"contentUrl\":\"https:\/\/static.africa-press.net\/togo\/sites\/58\/2023\/01\/postQueueImg_1674811351.61.jpg\",\"width\":1280,\"height\":800,\"caption\":\"Togo \u2013 Education : Fini les d\u00e9rives lors des journ\u00e9es culturelles\"},{\"@type\":\"BreadcrumbList\",\"@id\":\"https:\/\/www.africa-press.net\/togo\/politique\/togo-education-fini-les-derives-lors-des-journees-culturelles#breadcrumb\",\"itemListElement\":[{\"@type\":\"ListItem\",\"position\":1,\"name\":\"Accueil\",\"item\":\"https:\/\/www.africa-press.net\/togo\/\"},{\"@type\":\"ListItem\",\"position\":2,\"name\":\"Togo \u2013 Education : Fini les d\u00e9rives lors des journ\u00e9es culturelles\"}]},{\"@type\":\"WebSite\",\"@id\":\"https:\/\/www.africa-press.net\/togo\/#website\",\"url\":\"https:\/\/www.africa-press.net\/togo\/\",\"name\":\"Togo\",\"description\":\"Just another Africa News Agency Sites site\",\"potentialAction\":[{\"@type\":\"SearchAction\",\"target\":{\"@type\":\"EntryPoint\",\"urlTemplate\":\"https:\/\/www.africa-press.net\/togo\/?s={search_term_string}\"},\"query-input\":{\"@type\":\"PropertyValueSpecification\",\"valueRequired\":true,\"valueName\":\"search_term_string\"}}],\"inLanguage\":\"fr-FR\"},{\"@type\":\"Person\",\"@id\":\"https:\/\/www.africa-press.net\/togo\/#\/schema\/person\/2b1cf3cd81a31e3cd26889ca66d677f1\",\"name\":\"cfeditorfr\"}]}<\/script>\n<!-- \/ Yoast SEO Premium plugin. -->","yoast_head_json":{"title":"Togo \u2013 Education : Fini les d\u00e9rives lors des journ\u00e9es culturelles - Togo","robots":{"index":"index","follow":"follow","max-snippet":"max-snippet:-1","max-image-preview":"max-image-preview:large","max-video-preview":"max-video-preview:-1"},"canonical":"https:\/\/www.africa-press.net\/togo\/politique\/togo-education-fini-les-derives-lors-des-journees-culturelles","og_locale":"fr_FR","og_type":"article","og_title":"Togo \u2013 Education : Fini les d\u00e9rives lors des journ\u00e9es culturelles","og_description":"Africa-Press &#8211; Togo. Face aux aux de\u0301rives constate\u0301es lors des journe\u0301es culturelles dans les e\u0301tablissements scolaires au Togo, le ministre des Enseignements primaire, secondaire, technique et de l\u2019Artisanat, Dodzi Kokoroko prend de nouvelles dispositions. L\u2019application de ses dispositions a induit la cre\u0301ation d\u2019une commission ad hoc qui se chargera de \u00ab clarifier les objectifs tenant [&hellip;]","og_url":"https:\/\/www.africa-press.net\/togo\/politique\/togo-education-fini-les-derives-lors-des-journees-culturelles","og_site_name":"Togo","article_published_time":"2023-01-27T12:52:27+00:00","author":"cfeditorfr","twitter_card":"summary_large_image","twitter_misc":{"\u00c9crit par":"cfeditorfr","Dur\u00e9e de lecture estim\u00e9e":"1 minute"},"schema":{"@context":"https:\/\/schema.org","@graph":[{"@type":"Article","@id":"https:\/\/www.africa-press.net\/togo\/politique\/togo-education-fini-les-derives-lors-des-journees-culturelles#article","isPartOf":{"@id":"https:\/\/www.africa-press.net\/togo\/politique\/togo-education-fini-les-derives-lors-des-journees-culturelles"},"author":{"name":"cfeditorfr","@id":"https:\/\/www.africa-press.net\/togo\/#\/schema\/person\/2b1cf3cd81a31e3cd26889ca66d677f1"},"headline":"Togo \u2013 Education : Fini les d\u00e9rives lors des journ\u00e9es culturelles","datePublished":"2023-01-27T12:52:27+00:00","mainEntityOfPage":{"@id":"https:\/\/www.africa-press.net\/togo\/politique\/togo-education-fini-les-derives-lors-des-journees-culturelles"},"wordCount":185,"commentCount":0,"image":{"@id":"https:\/\/www.africa-press.net\/togo\/politique\/togo-education-fini-les-derives-lors-des-journees-culturelles#primaryimage"},"thumbnailUrl":"https:\/\/static.africa-press.net\/togo\/sites\/58\/2023\/01\/postQueueImg_1674811351.61.jpg","keywords":["Africa Press","Africa Press-Togo","Togo"],"articleSection":["Communaut\u00e9","Toutes les actualit\u00e9s"],"inLanguage":"fr-FR","potentialAction":[{"@type":"CommentAction","name":"Comment","target":["https:\/\/www.africa-press.net\/togo\/politique\/togo-education-fini-les-derives-lors-des-journees-culturelles#respond"]}]},{"@type":"WebPage","@id":"https:\/\/www.africa-press.net\/togo\/politique\/togo-education-fini-les-derives-lors-des-journees-culturelles","url":"https:\/\/www.africa-press.net\/togo\/politique\/togo-education-fini-les-derives-lors-des-journees-culturelles","name":"Togo \u2013 Education : Fini les d\u00e9rives lors des journ\u00e9es culturelles - Togo","isPartOf":{"@id":"https:\/\/www.africa-press.net\/togo\/#website"},"primaryImageOfPage":{"@id":"https:\/\/www.africa-press.net\/togo\/politique\/togo-education-fini-les-derives-lors-des-journees-culturelles#primaryimage"},"image":{"@id":"https:\/\/www.africa-press.net\/togo\/politique\/togo-education-fini-les-derives-lors-des-journees-culturelles#primaryimage"},"thumbnailUrl":"https:\/\/static.africa-press.net\/togo\/sites\/58\/2023\/01\/postQueueImg_1674811351.61.jpg","datePublished":"2023-01-27T12:52:27+00:00","author":{"@id":"https:\/\/www.africa-press.net\/togo\/#\/schema\/person\/2b1cf3cd81a31e3cd26889ca66d677f1"},"breadcrumb":{"@id":"https:\/\/www.africa-press.net\/togo\/politique\/togo-education-fini-les-derives-lors-des-journees-culturelles#breadcrumb"},"inLanguage":"fr-FR","potentialAction":[{"@type":"ReadAction","target":["https:\/\/www.africa-press.net\/togo\/politique\/togo-education-fini-les-derives-lors-des-journees-culturelles"]}]},{"@type":"ImageObject","inLanguage":"fr-FR","@id":"https:\/\/www.africa-press.net\/togo\/politique\/togo-education-fini-les-derives-lors-des-journees-culturelles#primaryimage","url":"https:\/\/static.africa-press.net\/togo\/sites\/58\/2023\/01\/postQueueImg_1674811351.61.jpg","contentUrl":"https:\/\/static.africa-press.net\/togo\/sites\/58\/2023\/01\/postQueueImg_1674811351.61.jpg","width":1280,"height":800,"caption":"Togo \u2013 Education : Fini les d\u00e9rives lors des journ\u00e9es culturelles"},{"@type":"BreadcrumbList","@id":"https:\/\/www.africa-press.net\/togo\/politique\/togo-education-fini-les-derives-lors-des-journees-culturelles#breadcrumb","itemListElement":[{"@type":"ListItem","position":1,"name":"Accueil","item":"https:\/\/www.africa-press.net\/togo\/"},{"@type":"ListItem","position":2,"name":"Togo \u2013 Education : Fini les d\u00e9rives lors des journ\u00e9es culturelles"}]},{"@type":"WebSite","@id":"https:\/\/www.africa-press.net\/togo\/#website","url":"https:\/\/www.africa-press.net\/togo\/","name":"Togo","description":"Just another Africa News Agency Sites site","potentialAction":[{"@type":"SearchAction","target":{"@type":"EntryPoint","urlTemplate":"https:\/\/www.africa-press.net\/togo\/?s={search_term_string}"},"query-input":{"@type":"PropertyValueSpecification","valueRequired":true,"valueName":"search_term_string"}}],"inLanguage":"fr-FR"},{"@type":"Person","@id":"https:\/\/www.africa-press.net\/togo\/#\/schema\/person\/2b1cf3cd81a31e3cd26889ca66d677f1","name":"cfeditorfr"}]}},"_links":{"self":[{"href":"https:\/\/www.africa-press.net\/togo\/wp-json\/wp\/v2\/posts\/16519","targetHints":{"allow":["GET"]}}],"collection":[{"href":"https:\/\/www.africa-press.net\/togo\/wp-json\/wp\/v2\/posts"}],"about":[{"href":"https:\/\/www.africa-press.net\/togo\/wp-json\/wp\/v2\/types\/post"}],"author":[{"embeddable":true,"href":"https:\/\/www.africa-press.net\/togo\/wp-json\/wp\/v2\/users\/82"}],"replies":[{"embeddable":true,"href":"https:\/\/www.africa-press.net\/togo\/wp-json\/wp\/v2\/comments?post=16519"}],"version-history":[{"count":0,"href":"https:\/\/www.africa-press.net\/togo\/wp-json\/wp\/v2\/posts\/16519\/revisions"}],"wp:featuredmedia":[{"embeddable":true,"href":"https:\/\/www.africa-press.net\/togo\/wp-json\/wp\/v2\/media\/16518"}],"wp:attachment":[{"href":"https:\/\/www.africa-press.net\/togo\/wp-json\/wp\/v2\/media?parent=16519"}],"wp:term":[{"taxonomy":"category","embeddable":true,"href":"https:\/\/www.africa-press.net\/togo\/wp-json\/wp\/v2\/categories?post=16519"},{"taxonomy":"post_tag","embeddable":true,"href":"https:\/\/www.africa-press.net\/togo\/wp-json\/wp\/v2\/tags?post=16519"}],"curies":[{"name":"wp","href":"https:\/\/api.w.org\/{rel}","templated":true}]}}