{"id":16531,"date":"2023-01-27T12:51:51","date_gmt":"2023-01-27T12:51:51","guid":{"rendered":"https:\/\/www.africa-press.net\/togo\/politique\/somalie-un-navy-seals-a-elimine-un-chef-du-groupe-etat-islamique"},"modified":"2023-01-27T12:51:51","modified_gmt":"2023-01-27T12:51:51","slug":"somalie-un-navy-seals-a-elimine-un-chef-du-groupe-etat-islamique","status":"publish","type":"post","link":"https:\/\/www.africa-press.net\/togo\/politique\/somalie-un-navy-seals-a-elimine-un-chef-du-groupe-etat-islamique","title":{"rendered":"Somalie-Un Navy Seals a \u00e9limin\u00e9 un chef du groupe Etat islamique"},"content":{"rendered":"<p><span style=\"color: #ff6600\"><strong>Africa-Press &#8211; Togo. <\/strong><\/span><b>Ce mercredi 25 janvier, Bilal al-Sudani, un chef du groupe E\u0301tat islamique, et une partie de sa suite ont e\u0301te\u0301 e\u0301limine\u0301s au cours d\u2019une ope\u0301ration mene\u0301e par les Ame\u0301ricains en Somalie.<\/b><\/p>\n<p>La mort de ce haut cadre de l\u2019organisation extre\u0301miste est confirme\u0301e le lendemain par De\u0301fense Lloyd Austin, le Secre\u0301taire a\u0300 la de\u0301fense des USA, pre\u0301cisant que le djihadiste tue\u0301 n\u2019est pas n\u2019importe qui.<\/p>\n<p>En effet, explique-t-il, \u00ab Al-Sudani se chargeait d\u2019encourager la pre\u0301sence croissante du groupe E\u0301tat islamique en Afrique et de financer ses ope\u0301rations dans le monde, y compris en Afghanistan \u00bb.<\/p>\n<p>Et d\u2019ajouter que \u00ab Cette action se\u0301curise un peu plus les E\u0301tats-Unis et ses allie\u0301s et refle\u0300te notre engagement constant a\u0300 prote\u0301ger les Ame\u0301ricains du terrorisme. \u00bb<\/p>\n<p>De l\u2019intervention du Secre\u0301taire a\u0300 la De\u0301fense, on apprend e\u0301galement que sa neutralisation s\u2019est faite non pas par drone mais par un commando de Navy Seals. Celui-ci au de\u0301part devrait seulement capturer Bilal al-Sudani mais a e\u0301te\u0301 oblige\u0301 d\u2019ouvrir le feu pour se de\u0301fendre face aux hommes dudit chef.<\/p>\n<p>C\u2019est dire que l\u2019ope\u0301ration a e\u0301te\u0301 minutieusement pre\u0301pare\u0301e depuis plusieurs mois avec l\u2019accord de Joe Biden, le pre\u0301sident ame\u0301ricain.<\/p>\n<p><strong>Pour plus d&rsquo;informations et d&rsquo;analyses sur la <a href=\"https:\/\/www.africa-press.net\/togo\">Togo<\/a>, suivez <a href=\"https:\/\/www.africa-press.net\/\">Africa-Press<\/a><\/strong><\/p>\n","protected":false},"excerpt":{"rendered":"<p>Africa-Press &#8211; Togo. Ce mercredi 25 janvier, Bilal al-Sudani, un chef du groupe E\u0301tat islamique, et une partie de sa suite ont e\u0301te\u0301 e\u0301limine\u0301s au cours d\u2019une ope\u0301ration mene\u0301e par les Ame\u0301ricains en Somalie. La mort de ce haut cadre de l\u2019organisation extre\u0301miste est confirme\u0301e le lendemain par De\u0301fense Lloyd Austin, le Secre\u0301taire a\u0300 la [&hellip;]<\/p>\n","protected":false},"author":82,"featured_media":16527,"comment_status":"open","ping_status":"closed","sticky":false,"template":"","format":"standard","meta":{"footnotes":""},"categories":[2,10],"tags":[36,49,50],"class_list":["post-16531","post","type-post","status-publish","format-standard","has-post-thumbnail","hentry","category-politique","category-toutes-les-actualites","tag-africa-press","tag-africa-press-togo","tag-togo"],"yoast_head":"<!-- This site is optimized with the Yoast SEO Premium plugin v26.1 (Yoast SEO v27.0) - https:\/\/yoast.com\/product\/yoast-seo-premium-wordpress\/ -->\n<title>Somalie-Un Navy Seals a \u00e9limin\u00e9 un chef du groupe Etat islamique - Togo<\/title>\n<meta name=\"robots\" content=\"index, follow, max-snippet:-1, max-image-preview:large, max-video-preview:-1\" \/>\n<link rel=\"canonical\" href=\"https:\/\/www.africa-press.net\/togo\/politique\/somalie-un-navy-seals-a-elimine-un-chef-du-groupe-etat-islamique\" \/>\n<meta property=\"og:locale\" content=\"fr_FR\" \/>\n<meta property=\"og:type\" content=\"article\" \/>\n<meta property=\"og:title\" content=\"Somalie-Un Navy Seals a \u00e9limin\u00e9 un chef du groupe Etat islamique\" \/>\n<meta property=\"og:description\" content=\"Africa-Press &#8211; Togo. Ce mercredi 25 janvier, Bilal al-Sudani, un chef du groupe E\u0301tat islamique, et une partie de sa suite ont e\u0301te\u0301 e\u0301limine\u0301s au cours d\u2019une ope\u0301ration mene\u0301e par les Ame\u0301ricains en Somalie. La mort de ce haut cadre de l\u2019organisation extre\u0301miste est confirme\u0301e le lendemain par De\u0301fense Lloyd Austin, le Secre\u0301taire a\u0300 la [&hellip;]\" \/>\n<meta property=\"og:url\" content=\"https:\/\/www.africa-press.net\/togo\/politique\/somalie-un-navy-seals-a-elimine-un-chef-du-groupe-etat-islamique\" \/>\n<meta property=\"og:site_name\" content=\"Togo\" \/>\n<meta property=\"article:published_time\" content=\"2023-01-27T12:51:51+00:00\" \/>\n<meta name=\"author\" content=\"cfeditorfr\" \/>\n<meta name=\"twitter:card\" content=\"summary_large_image\" \/>\n<meta name=\"twitter:label1\" content=\"\u00c9crit par\" \/>\n\t<meta name=\"twitter:data1\" content=\"cfeditorfr\" \/>\n\t<meta name=\"twitter:label2\" content=\"Dur\u00e9e de lecture estim\u00e9e\" \/>\n\t<meta name=\"twitter:data2\" content=\"1 minute\" \/>\n<script type=\"application\/ld+json\" class=\"yoast-schema-graph\">{\"@context\":\"https:\/\/schema.org\",\"@graph\":[{\"@type\":\"Article\",\"@id\":\"https:\/\/www.africa-press.net\/togo\/politique\/somalie-un-navy-seals-a-elimine-un-chef-du-groupe-etat-islamique#article\",\"isPartOf\":{\"@id\":\"https:\/\/www.africa-press.net\/togo\/politique\/somalie-un-navy-seals-a-elimine-un-chef-du-groupe-etat-islamique\"},\"author\":{\"name\":\"cfeditorfr\",\"@id\":\"https:\/\/www.africa-press.net\/togo\/#\/schema\/person\/2b1cf3cd81a31e3cd26889ca66d677f1\"},\"headline\":\"Somalie-Un Navy Seals a \u00e9limin\u00e9 un chef du groupe Etat islamique\",\"datePublished\":\"2023-01-27T12:51:51+00:00\",\"mainEntityOfPage\":{\"@id\":\"https:\/\/www.africa-press.net\/togo\/politique\/somalie-un-navy-seals-a-elimine-un-chef-du-groupe-etat-islamique\"},\"wordCount\":256,\"commentCount\":0,\"image\":{\"@id\":\"https:\/\/www.africa-press.net\/togo\/politique\/somalie-un-navy-seals-a-elimine-un-chef-du-groupe-etat-islamique#primaryimage\"},\"thumbnailUrl\":\"https:\/\/static.africa-press.net\/togo\/sites\/58\/2023\/01\/postQueueImg_1674811315.08.jpg\",\"keywords\":[\"Africa Press\",\"Africa Press-Togo\",\"Togo\"],\"articleSection\":[\"Politique\",\"Toutes les actualit\u00e9s\"],\"inLanguage\":\"fr-FR\",\"potentialAction\":[{\"@type\":\"CommentAction\",\"name\":\"Comment\",\"target\":[\"https:\/\/www.africa-press.net\/togo\/politique\/somalie-un-navy-seals-a-elimine-un-chef-du-groupe-etat-islamique#respond\"]}]},{\"@type\":\"WebPage\",\"@id\":\"https:\/\/www.africa-press.net\/togo\/politique\/somalie-un-navy-seals-a-elimine-un-chef-du-groupe-etat-islamique\",\"url\":\"https:\/\/www.africa-press.net\/togo\/politique\/somalie-un-navy-seals-a-elimine-un-chef-du-groupe-etat-islamique\",\"name\":\"Somalie-Un Navy Seals a \u00e9limin\u00e9 un chef du groupe Etat islamique - Togo\",\"isPartOf\":{\"@id\":\"https:\/\/www.africa-press.net\/togo\/#website\"},\"primaryImageOfPage\":{\"@id\":\"https:\/\/www.africa-press.net\/togo\/politique\/somalie-un-navy-seals-a-elimine-un-chef-du-groupe-etat-islamique#primaryimage\"},\"image\":{\"@id\":\"https:\/\/www.africa-press.net\/togo\/politique\/somalie-un-navy-seals-a-elimine-un-chef-du-groupe-etat-islamique#primaryimage\"},\"thumbnailUrl\":\"https:\/\/static.africa-press.net\/togo\/sites\/58\/2023\/01\/postQueueImg_1674811315.08.jpg\",\"datePublished\":\"2023-01-27T12:51:51+00:00\",\"author\":{\"@id\":\"https:\/\/www.africa-press.net\/togo\/#\/schema\/person\/2b1cf3cd81a31e3cd26889ca66d677f1\"},\"breadcrumb\":{\"@id\":\"https:\/\/www.africa-press.net\/togo\/politique\/somalie-un-navy-seals-a-elimine-un-chef-du-groupe-etat-islamique#breadcrumb\"},\"inLanguage\":\"fr-FR\",\"potentialAction\":[{\"@type\":\"ReadAction\",\"target\":[\"https:\/\/www.africa-press.net\/togo\/politique\/somalie-un-navy-seals-a-elimine-un-chef-du-groupe-etat-islamique\"]}]},{\"@type\":\"ImageObject\",\"inLanguage\":\"fr-FR\",\"@id\":\"https:\/\/www.africa-press.net\/togo\/politique\/somalie-un-navy-seals-a-elimine-un-chef-du-groupe-etat-islamique#primaryimage\",\"url\":\"https:\/\/static.africa-press.net\/togo\/sites\/58\/2023\/01\/postQueueImg_1674811315.08.jpg\",\"contentUrl\":\"https:\/\/static.africa-press.net\/togo\/sites\/58\/2023\/01\/postQueueImg_1674811315.08.jpg\",\"width\":1280,\"height\":815,\"caption\":\"Somalie-Un Navy Seals a \u00e9limin\u00e9 un chef du groupe Etat islamique\"},{\"@type\":\"BreadcrumbList\",\"@id\":\"https:\/\/www.africa-press.net\/togo\/politique\/somalie-un-navy-seals-a-elimine-un-chef-du-groupe-etat-islamique#breadcrumb\",\"itemListElement\":[{\"@type\":\"ListItem\",\"position\":1,\"name\":\"Accueil\",\"item\":\"https:\/\/www.africa-press.net\/togo\/\"},{\"@type\":\"ListItem\",\"position\":2,\"name\":\"Somalie-Un Navy Seals a \u00e9limin\u00e9 un chef du groupe Etat islamique\"}]},{\"@type\":\"WebSite\",\"@id\":\"https:\/\/www.africa-press.net\/togo\/#website\",\"url\":\"https:\/\/www.africa-press.net\/togo\/\",\"name\":\"Togo\",\"description\":\"Just another Africa News Agency Sites site\",\"potentialAction\":[{\"@type\":\"SearchAction\",\"target\":{\"@type\":\"EntryPoint\",\"urlTemplate\":\"https:\/\/www.africa-press.net\/togo\/?s={search_term_string}\"},\"query-input\":{\"@type\":\"PropertyValueSpecification\",\"valueRequired\":true,\"valueName\":\"search_term_string\"}}],\"inLanguage\":\"fr-FR\"},{\"@type\":\"Person\",\"@id\":\"https:\/\/www.africa-press.net\/togo\/#\/schema\/person\/2b1cf3cd81a31e3cd26889ca66d677f1\",\"name\":\"cfeditorfr\"}]}<\/script>\n<!-- \/ Yoast SEO Premium plugin. -->","yoast_head_json":{"title":"Somalie-Un Navy Seals a \u00e9limin\u00e9 un chef du groupe Etat islamique - Togo","robots":{"index":"index","follow":"follow","max-snippet":"max-snippet:-1","max-image-preview":"max-image-preview:large","max-video-preview":"max-video-preview:-1"},"canonical":"https:\/\/www.africa-press.net\/togo\/politique\/somalie-un-navy-seals-a-elimine-un-chef-du-groupe-etat-islamique","og_locale":"fr_FR","og_type":"article","og_title":"Somalie-Un Navy Seals a \u00e9limin\u00e9 un chef du groupe Etat islamique","og_description":"Africa-Press &#8211; Togo. Ce mercredi 25 janvier, Bilal al-Sudani, un chef du groupe E\u0301tat islamique, et une partie de sa suite ont e\u0301te\u0301 e\u0301limine\u0301s au cours d\u2019une ope\u0301ration mene\u0301e par les Ame\u0301ricains en Somalie. La mort de ce haut cadre de l\u2019organisation extre\u0301miste est confirme\u0301e le lendemain par De\u0301fense Lloyd Austin, le Secre\u0301taire a\u0300 la [&hellip;]","og_url":"https:\/\/www.africa-press.net\/togo\/politique\/somalie-un-navy-seals-a-elimine-un-chef-du-groupe-etat-islamique","og_site_name":"Togo","article_published_time":"2023-01-27T12:51:51+00:00","author":"cfeditorfr","twitter_card":"summary_large_image","twitter_misc":{"\u00c9crit par":"cfeditorfr","Dur\u00e9e de lecture estim\u00e9e":"1 minute"},"schema":{"@context":"https:\/\/schema.org","@graph":[{"@type":"Article","@id":"https:\/\/www.africa-press.net\/togo\/politique\/somalie-un-navy-seals-a-elimine-un-chef-du-groupe-etat-islamique#article","isPartOf":{"@id":"https:\/\/www.africa-press.net\/togo\/politique\/somalie-un-navy-seals-a-elimine-un-chef-du-groupe-etat-islamique"},"author":{"name":"cfeditorfr","@id":"https:\/\/www.africa-press.net\/togo\/#\/schema\/person\/2b1cf3cd81a31e3cd26889ca66d677f1"},"headline":"Somalie-Un Navy Seals a \u00e9limin\u00e9 un chef du groupe Etat islamique","datePublished":"2023-01-27T12:51:51+00:00","mainEntityOfPage":{"@id":"https:\/\/www.africa-press.net\/togo\/politique\/somalie-un-navy-seals-a-elimine-un-chef-du-groupe-etat-islamique"},"wordCount":256,"commentCount":0,"image":{"@id":"https:\/\/www.africa-press.net\/togo\/politique\/somalie-un-navy-seals-a-elimine-un-chef-du-groupe-etat-islamique#primaryimage"},"thumbnailUrl":"https:\/\/static.africa-press.net\/togo\/sites\/58\/2023\/01\/postQueueImg_1674811315.08.jpg","keywords":["Africa Press","Africa Press-Togo","Togo"],"articleSection":["Politique","Toutes les actualit\u00e9s"],"inLanguage":"fr-FR","potentialAction":[{"@type":"CommentAction","name":"Comment","target":["https:\/\/www.africa-press.net\/togo\/politique\/somalie-un-navy-seals-a-elimine-un-chef-du-groupe-etat-islamique#respond"]}]},{"@type":"WebPage","@id":"https:\/\/www.africa-press.net\/togo\/politique\/somalie-un-navy-seals-a-elimine-un-chef-du-groupe-etat-islamique","url":"https:\/\/www.africa-press.net\/togo\/politique\/somalie-un-navy-seals-a-elimine-un-chef-du-groupe-etat-islamique","name":"Somalie-Un Navy Seals a \u00e9limin\u00e9 un chef du groupe Etat islamique - Togo","isPartOf":{"@id":"https:\/\/www.africa-press.net\/togo\/#website"},"primaryImageOfPage":{"@id":"https:\/\/www.africa-press.net\/togo\/politique\/somalie-un-navy-seals-a-elimine-un-chef-du-groupe-etat-islamique#primaryimage"},"image":{"@id":"https:\/\/www.africa-press.net\/togo\/politique\/somalie-un-navy-seals-a-elimine-un-chef-du-groupe-etat-islamique#primaryimage"},"thumbnailUrl":"https:\/\/static.africa-press.net\/togo\/sites\/58\/2023\/01\/postQueueImg_1674811315.08.jpg","datePublished":"2023-01-27T12:51:51+00:00","author":{"@id":"https:\/\/www.africa-press.net\/togo\/#\/schema\/person\/2b1cf3cd81a31e3cd26889ca66d677f1"},"breadcrumb":{"@id":"https:\/\/www.africa-press.net\/togo\/politique\/somalie-un-navy-seals-a-elimine-un-chef-du-groupe-etat-islamique#breadcrumb"},"inLanguage":"fr-FR","potentialAction":[{"@type":"ReadAction","target":["https:\/\/www.africa-press.net\/togo\/politique\/somalie-un-navy-seals-a-elimine-un-chef-du-groupe-etat-islamique"]}]},{"@type":"ImageObject","inLanguage":"fr-FR","@id":"https:\/\/www.africa-press.net\/togo\/politique\/somalie-un-navy-seals-a-elimine-un-chef-du-groupe-etat-islamique#primaryimage","url":"https:\/\/static.africa-press.net\/togo\/sites\/58\/2023\/01\/postQueueImg_1674811315.08.jpg","contentUrl":"https:\/\/static.africa-press.net\/togo\/sites\/58\/2023\/01\/postQueueImg_1674811315.08.jpg","width":1280,"height":815,"caption":"Somalie-Un Navy Seals a \u00e9limin\u00e9 un chef du groupe Etat islamique"},{"@type":"BreadcrumbList","@id":"https:\/\/www.africa-press.net\/togo\/politique\/somalie-un-navy-seals-a-elimine-un-chef-du-groupe-etat-islamique#breadcrumb","itemListElement":[{"@type":"ListItem","position":1,"name":"Accueil","item":"https:\/\/www.africa-press.net\/togo\/"},{"@type":"ListItem","position":2,"name":"Somalie-Un Navy Seals a \u00e9limin\u00e9 un chef du groupe Etat islamique"}]},{"@type":"WebSite","@id":"https:\/\/www.africa-press.net\/togo\/#website","url":"https:\/\/www.africa-press.net\/togo\/","name":"Togo","description":"Just another Africa News Agency Sites site","potentialAction":[{"@type":"SearchAction","target":{"@type":"EntryPoint","urlTemplate":"https:\/\/www.africa-press.net\/togo\/?s={search_term_string}"},"query-input":{"@type":"PropertyValueSpecification","valueRequired":true,"valueName":"search_term_string"}}],"inLanguage":"fr-FR"},{"@type":"Person","@id":"https:\/\/www.africa-press.net\/togo\/#\/schema\/person\/2b1cf3cd81a31e3cd26889ca66d677f1","name":"cfeditorfr"}]}},"_links":{"self":[{"href":"https:\/\/www.africa-press.net\/togo\/wp-json\/wp\/v2\/posts\/16531","targetHints":{"allow":["GET"]}}],"collection":[{"href":"https:\/\/www.africa-press.net\/togo\/wp-json\/wp\/v2\/posts"}],"about":[{"href":"https:\/\/www.africa-press.net\/togo\/wp-json\/wp\/v2\/types\/post"}],"author":[{"embeddable":true,"href":"https:\/\/www.africa-press.net\/togo\/wp-json\/wp\/v2\/users\/82"}],"replies":[{"embeddable":true,"href":"https:\/\/www.africa-press.net\/togo\/wp-json\/wp\/v2\/comments?post=16531"}],"version-history":[{"count":0,"href":"https:\/\/www.africa-press.net\/togo\/wp-json\/wp\/v2\/posts\/16531\/revisions"}],"wp:featuredmedia":[{"embeddable":true,"href":"https:\/\/www.africa-press.net\/togo\/wp-json\/wp\/v2\/media\/16527"}],"wp:attachment":[{"href":"https:\/\/www.africa-press.net\/togo\/wp-json\/wp\/v2\/media?parent=16531"}],"wp:term":[{"taxonomy":"category","embeddable":true,"href":"https:\/\/www.africa-press.net\/togo\/wp-json\/wp\/v2\/categories?post=16531"},{"taxonomy":"post_tag","embeddable":true,"href":"https:\/\/www.africa-press.net\/togo\/wp-json\/wp\/v2\/tags?post=16531"}],"curies":[{"name":"wp","href":"https:\/\/api.w.org\/{rel}","templated":true}]}}