{"id":16602,"date":"2023-01-29T11:51:57","date_gmt":"2023-01-29T11:51:57","guid":{"rendered":"https:\/\/www.africa-press.net\/togo\/politique\/une-tete-couronnee-interpellee-et-gardee-a-vue-depuis-quelques-jours-au-togo"},"modified":"2023-01-29T11:51:57","modified_gmt":"2023-01-29T11:51:57","slug":"une-tete-couronnee-interpellee-et-gardee-a-vue-depuis-quelques-jours-au-togo","status":"publish","type":"post","link":"https:\/\/www.africa-press.net\/togo\/parties\/une-tete-couronnee-interpellee-et-gardee-a-vue-depuis-quelques-jours-au-togo","title":{"rendered":"Une t\u00eate couronn\u00e9e interpell\u00e9e et gard\u00e9e \u00e0 vue depuis quelques jours au Togo"},"content":{"rendered":"<p><span style=\"color: #ff6600\"><strong>Africa-Press &#8211; Togo. <\/strong><\/span><b>Togbui Koffigan Akakpo IV, chef traditionnel de Kpote\u0301me\u0301, dans la commune de Bas-Mono, est prive\u0301 de liberte\u0301 depuis quelques jours. Son passe\u0301, semble-t-il, l\u2019aurait rattrape\u0301.<\/b><\/p>\n<p>C\u2019est l\u2019affaire qui agite actuellement une partie de Lome\u0301, et particulie\u0300rement le Bas-Mono, sa commune d\u2019origine. Une te\u0302te couronne\u0301e (en principe sacre\u0301e et donc respecte\u0301e), convoque\u0301e puis dans la foule\u0301e arre\u0302te\u0301e et prive\u0301e de liberte\u0301.<\/p>\n<p>Le chef traditionnel de Kpote\u0301me\u0301, reconnu officiellement par les autorite\u0301s compe\u0301tentes le 25 juin 2021, ne vit plus dans son palais qu\u2019il a fait construire. En effet, ce 23 janvier, il a re\u0301pondu a\u0300 une convocation du commandant de la Brigade de la Gendarmerie d\u2019Afagnan.<\/p>\n<p>Une fois sur place, le visiteur, dans son apparat, a e\u0301te\u0301 somme\u0301 d\u2019expliquer le contenu d\u2019une vide\u0301o qu\u2019il a re\u0301alise\u0301e en 2017, au temps fort de la contestation populaire incarne\u0301e par Salifou Atchadam Tikpi, le pre\u0301sident du Parti national panafricain (PNP).<\/p>\n<p>Dans cette courte vide\u0301o, celui qui, en cette e\u0301poque-la\u0300, e\u0301tait encore au service militaire aux E\u0301tats-Unis, de\u0301plorait les re\u0301pressions des manifestations populaires re\u0301clamant l\u2019alternance au sommet de l\u2019E\u0301tat.<\/p>\n<p>Il faut pre\u0301ciser qu\u2019entre-temps, Togbui Koffigan Akakpo IV, dit-on, aurait \u00abentrepris des de\u0301marches de contrition aupre\u0300s des autorite\u0301s qui avaient passe\u0301 l\u2019e\u0301ponge sur cette affaire \u00bb.<\/p>\n<p>Sauf qu\u2019aujourd\u2019hui cette sortie faite sur les re\u0301seaux sociaux re\u0301alise\u0301e d\u2019il y a une demi-dizaine d\u2019anne\u0301es est ressortie pour priver de liberte\u0301 son auteur, garde\u0301 a\u0300 vue et transfe\u0301re\u0301 a\u0300 la brigade de gendarmerie d\u2019Ane\u0301ho, dans la pre\u0301fecture des Lacs.<\/p>\n<p>Le plus curieux dans cette histoire est que ce dernier s\u2019est rapproche\u0301 dans une certaine manie\u0300re du pouvoir en place. Il existe d\u2019autres vide\u0301os dans lesquelles il parle en bien de Faure Gnassingbe\u0301, notamment. C\u2019est dire que les vrais raisons de son interpellation ne sont pas claires.<\/p>\n<p><strong>Pour plus d&rsquo;informations et d&rsquo;analyses sur la <a href=\"https:\/\/www.africa-press.net\/togo\">Togo<\/a>, suivez <a href=\"https:\/\/www.africa-press.net\/\">Africa-Press<\/a><\/strong><\/p>\n","protected":false},"excerpt":{"rendered":"<p>Africa-Press &#8211; Togo. Togbui Koffigan Akakpo IV, chef traditionnel de Kpote\u0301me\u0301, dans la commune de Bas-Mono, est prive\u0301 de liberte\u0301 depuis quelques jours. Son passe\u0301, semble-t-il, l\u2019aurait rattrape\u0301. C\u2019est l\u2019affaire qui agite actuellement une partie de Lome\u0301, et particulie\u0300rement le Bas-Mono, sa commune d\u2019origine. Une te\u0302te couronne\u0301e (en principe sacre\u0301e et donc respecte\u0301e), convoque\u0301e puis [&hellip;]<\/p>\n","protected":false},"author":82,"featured_media":16601,"comment_status":"open","ping_status":"closed","sticky":false,"template":"","format":"standard","meta":{"footnotes":""},"categories":[4,10],"tags":[36,49,50],"class_list":["post-16602","post","type-post","status-publish","format-standard","has-post-thumbnail","hentry","category-parties","category-toutes-les-actualites","tag-africa-press","tag-africa-press-togo","tag-togo"],"yoast_head":"<!-- This site is optimized with the Yoast SEO Premium plugin v26.1 (Yoast SEO v27.0) - https:\/\/yoast.com\/product\/yoast-seo-premium-wordpress\/ -->\n<title>Une t\u00eate couronn\u00e9e interpell\u00e9e et gard\u00e9e \u00e0 vue depuis quelques jours au Togo - Togo<\/title>\n<meta name=\"robots\" content=\"index, follow, max-snippet:-1, max-image-preview:large, max-video-preview:-1\" \/>\n<link rel=\"canonical\" href=\"https:\/\/www.africa-press.net\/togo\/politique\/une-tete-couronnee-interpellee-et-gardee-a-vue-depuis-quelques-jours-au-togo\" \/>\n<meta property=\"og:locale\" content=\"fr_FR\" \/>\n<meta property=\"og:type\" content=\"article\" \/>\n<meta property=\"og:title\" content=\"Une t\u00eate couronn\u00e9e interpell\u00e9e et gard\u00e9e \u00e0 vue depuis quelques jours au Togo\" \/>\n<meta property=\"og:description\" content=\"Africa-Press &#8211; Togo. Togbui Koffigan Akakpo IV, chef traditionnel de Kpote\u0301me\u0301, dans la commune de Bas-Mono, est prive\u0301 de liberte\u0301 depuis quelques jours. Son passe\u0301, semble-t-il, l\u2019aurait rattrape\u0301. C\u2019est l\u2019affaire qui agite actuellement une partie de Lome\u0301, et particulie\u0300rement le Bas-Mono, sa commune d\u2019origine. Une te\u0302te couronne\u0301e (en principe sacre\u0301e et donc respecte\u0301e), convoque\u0301e puis [&hellip;]\" \/>\n<meta property=\"og:url\" content=\"https:\/\/www.africa-press.net\/togo\/politique\/une-tete-couronnee-interpellee-et-gardee-a-vue-depuis-quelques-jours-au-togo\" \/>\n<meta property=\"og:site_name\" content=\"Togo\" \/>\n<meta property=\"article:published_time\" content=\"2023-01-29T11:51:57+00:00\" \/>\n<meta name=\"author\" content=\"cfeditorfr\" \/>\n<meta name=\"twitter:card\" content=\"summary_large_image\" \/>\n<meta name=\"twitter:label1\" content=\"\u00c9crit par\" \/>\n\t<meta name=\"twitter:data1\" content=\"cfeditorfr\" \/>\n\t<meta name=\"twitter:label2\" content=\"Dur\u00e9e de lecture estim\u00e9e\" \/>\n\t<meta name=\"twitter:data2\" content=\"2 minutes\" \/>\n<script type=\"application\/ld+json\" class=\"yoast-schema-graph\">{\"@context\":\"https:\/\/schema.org\",\"@graph\":[{\"@type\":\"Article\",\"@id\":\"https:\/\/www.africa-press.net\/togo\/politique\/une-tete-couronnee-interpellee-et-gardee-a-vue-depuis-quelques-jours-au-togo#article\",\"isPartOf\":{\"@id\":\"https:\/\/www.africa-press.net\/togo\/politique\/une-tete-couronnee-interpellee-et-gardee-a-vue-depuis-quelques-jours-au-togo\"},\"author\":{\"name\":\"cfeditorfr\",\"@id\":\"https:\/\/www.africa-press.net\/togo\/#\/schema\/person\/2b1cf3cd81a31e3cd26889ca66d677f1\"},\"headline\":\"Une t\u00eate couronn\u00e9e interpell\u00e9e et gard\u00e9e \u00e0 vue depuis quelques jours au Togo\",\"datePublished\":\"2023-01-29T11:51:57+00:00\",\"mainEntityOfPage\":{\"@id\":\"https:\/\/www.africa-press.net\/togo\/politique\/une-tete-couronnee-interpellee-et-gardee-a-vue-depuis-quelques-jours-au-togo\"},\"wordCount\":377,\"commentCount\":0,\"image\":{\"@id\":\"https:\/\/www.africa-press.net\/togo\/politique\/une-tete-couronnee-interpellee-et-gardee-a-vue-depuis-quelques-jours-au-togo#primaryimage\"},\"thumbnailUrl\":\"https:\/\/static.africa-press.net\/togo\/sites\/58\/2023\/01\/postQueueImg_1674980526.28.jpg\",\"keywords\":[\"Africa Press\",\"Africa Press-Togo\",\"Togo\"],\"articleSection\":[\"Parties\",\"Toutes les actualit\u00e9s\"],\"inLanguage\":\"fr-FR\",\"potentialAction\":[{\"@type\":\"CommentAction\",\"name\":\"Comment\",\"target\":[\"https:\/\/www.africa-press.net\/togo\/politique\/une-tete-couronnee-interpellee-et-gardee-a-vue-depuis-quelques-jours-au-togo#respond\"]}]},{\"@type\":\"WebPage\",\"@id\":\"https:\/\/www.africa-press.net\/togo\/politique\/une-tete-couronnee-interpellee-et-gardee-a-vue-depuis-quelques-jours-au-togo\",\"url\":\"https:\/\/www.africa-press.net\/togo\/politique\/une-tete-couronnee-interpellee-et-gardee-a-vue-depuis-quelques-jours-au-togo\",\"name\":\"Une t\u00eate couronn\u00e9e interpell\u00e9e et gard\u00e9e \u00e0 vue depuis quelques jours au Togo - Togo\",\"isPartOf\":{\"@id\":\"https:\/\/www.africa-press.net\/togo\/#website\"},\"primaryImageOfPage\":{\"@id\":\"https:\/\/www.africa-press.net\/togo\/politique\/une-tete-couronnee-interpellee-et-gardee-a-vue-depuis-quelques-jours-au-togo#primaryimage\"},\"image\":{\"@id\":\"https:\/\/www.africa-press.net\/togo\/politique\/une-tete-couronnee-interpellee-et-gardee-a-vue-depuis-quelques-jours-au-togo#primaryimage\"},\"thumbnailUrl\":\"https:\/\/static.africa-press.net\/togo\/sites\/58\/2023\/01\/postQueueImg_1674980526.28.jpg\",\"datePublished\":\"2023-01-29T11:51:57+00:00\",\"author\":{\"@id\":\"https:\/\/www.africa-press.net\/togo\/#\/schema\/person\/2b1cf3cd81a31e3cd26889ca66d677f1\"},\"breadcrumb\":{\"@id\":\"https:\/\/www.africa-press.net\/togo\/politique\/une-tete-couronnee-interpellee-et-gardee-a-vue-depuis-quelques-jours-au-togo#breadcrumb\"},\"inLanguage\":\"fr-FR\",\"potentialAction\":[{\"@type\":\"ReadAction\",\"target\":[\"https:\/\/www.africa-press.net\/togo\/politique\/une-tete-couronnee-interpellee-et-gardee-a-vue-depuis-quelques-jours-au-togo\"]}]},{\"@type\":\"ImageObject\",\"inLanguage\":\"fr-FR\",\"@id\":\"https:\/\/www.africa-press.net\/togo\/politique\/une-tete-couronnee-interpellee-et-gardee-a-vue-depuis-quelques-jours-au-togo#primaryimage\",\"url\":\"https:\/\/static.africa-press.net\/togo\/sites\/58\/2023\/01\/postQueueImg_1674980526.28.jpg\",\"contentUrl\":\"https:\/\/static.africa-press.net\/togo\/sites\/58\/2023\/01\/postQueueImg_1674980526.28.jpg\",\"width\":1280,\"height\":800,\"caption\":\"Une t\u00eate couronn\u00e9e interpell\u00e9e et gard\u00e9e \u00e0 vue depuis quelques jours au Togo\"},{\"@type\":\"BreadcrumbList\",\"@id\":\"https:\/\/www.africa-press.net\/togo\/politique\/une-tete-couronnee-interpellee-et-gardee-a-vue-depuis-quelques-jours-au-togo#breadcrumb\",\"itemListElement\":[{\"@type\":\"ListItem\",\"position\":1,\"name\":\"Accueil\",\"item\":\"https:\/\/www.africa-press.net\/togo\/\"},{\"@type\":\"ListItem\",\"position\":2,\"name\":\"Une t\u00eate couronn\u00e9e interpell\u00e9e et gard\u00e9e \u00e0 vue depuis quelques jours au Togo\"}]},{\"@type\":\"WebSite\",\"@id\":\"https:\/\/www.africa-press.net\/togo\/#website\",\"url\":\"https:\/\/www.africa-press.net\/togo\/\",\"name\":\"Togo\",\"description\":\"Just another Africa News Agency Sites site\",\"potentialAction\":[{\"@type\":\"SearchAction\",\"target\":{\"@type\":\"EntryPoint\",\"urlTemplate\":\"https:\/\/www.africa-press.net\/togo\/?s={search_term_string}\"},\"query-input\":{\"@type\":\"PropertyValueSpecification\",\"valueRequired\":true,\"valueName\":\"search_term_string\"}}],\"inLanguage\":\"fr-FR\"},{\"@type\":\"Person\",\"@id\":\"https:\/\/www.africa-press.net\/togo\/#\/schema\/person\/2b1cf3cd81a31e3cd26889ca66d677f1\",\"name\":\"cfeditorfr\"}]}<\/script>\n<!-- \/ Yoast SEO Premium plugin. -->","yoast_head_json":{"title":"Une t\u00eate couronn\u00e9e interpell\u00e9e et gard\u00e9e \u00e0 vue depuis quelques jours au Togo - Togo","robots":{"index":"index","follow":"follow","max-snippet":"max-snippet:-1","max-image-preview":"max-image-preview:large","max-video-preview":"max-video-preview:-1"},"canonical":"https:\/\/www.africa-press.net\/togo\/politique\/une-tete-couronnee-interpellee-et-gardee-a-vue-depuis-quelques-jours-au-togo","og_locale":"fr_FR","og_type":"article","og_title":"Une t\u00eate couronn\u00e9e interpell\u00e9e et gard\u00e9e \u00e0 vue depuis quelques jours au Togo","og_description":"Africa-Press &#8211; Togo. Togbui Koffigan Akakpo IV, chef traditionnel de Kpote\u0301me\u0301, dans la commune de Bas-Mono, est prive\u0301 de liberte\u0301 depuis quelques jours. Son passe\u0301, semble-t-il, l\u2019aurait rattrape\u0301. C\u2019est l\u2019affaire qui agite actuellement une partie de Lome\u0301, et particulie\u0300rement le Bas-Mono, sa commune d\u2019origine. Une te\u0302te couronne\u0301e (en principe sacre\u0301e et donc respecte\u0301e), convoque\u0301e puis [&hellip;]","og_url":"https:\/\/www.africa-press.net\/togo\/politique\/une-tete-couronnee-interpellee-et-gardee-a-vue-depuis-quelques-jours-au-togo","og_site_name":"Togo","article_published_time":"2023-01-29T11:51:57+00:00","author":"cfeditorfr","twitter_card":"summary_large_image","twitter_misc":{"\u00c9crit par":"cfeditorfr","Dur\u00e9e de lecture estim\u00e9e":"2 minutes"},"schema":{"@context":"https:\/\/schema.org","@graph":[{"@type":"Article","@id":"https:\/\/www.africa-press.net\/togo\/politique\/une-tete-couronnee-interpellee-et-gardee-a-vue-depuis-quelques-jours-au-togo#article","isPartOf":{"@id":"https:\/\/www.africa-press.net\/togo\/politique\/une-tete-couronnee-interpellee-et-gardee-a-vue-depuis-quelques-jours-au-togo"},"author":{"name":"cfeditorfr","@id":"https:\/\/www.africa-press.net\/togo\/#\/schema\/person\/2b1cf3cd81a31e3cd26889ca66d677f1"},"headline":"Une t\u00eate couronn\u00e9e interpell\u00e9e et gard\u00e9e \u00e0 vue depuis quelques jours au Togo","datePublished":"2023-01-29T11:51:57+00:00","mainEntityOfPage":{"@id":"https:\/\/www.africa-press.net\/togo\/politique\/une-tete-couronnee-interpellee-et-gardee-a-vue-depuis-quelques-jours-au-togo"},"wordCount":377,"commentCount":0,"image":{"@id":"https:\/\/www.africa-press.net\/togo\/politique\/une-tete-couronnee-interpellee-et-gardee-a-vue-depuis-quelques-jours-au-togo#primaryimage"},"thumbnailUrl":"https:\/\/static.africa-press.net\/togo\/sites\/58\/2023\/01\/postQueueImg_1674980526.28.jpg","keywords":["Africa Press","Africa Press-Togo","Togo"],"articleSection":["Parties","Toutes les actualit\u00e9s"],"inLanguage":"fr-FR","potentialAction":[{"@type":"CommentAction","name":"Comment","target":["https:\/\/www.africa-press.net\/togo\/politique\/une-tete-couronnee-interpellee-et-gardee-a-vue-depuis-quelques-jours-au-togo#respond"]}]},{"@type":"WebPage","@id":"https:\/\/www.africa-press.net\/togo\/politique\/une-tete-couronnee-interpellee-et-gardee-a-vue-depuis-quelques-jours-au-togo","url":"https:\/\/www.africa-press.net\/togo\/politique\/une-tete-couronnee-interpellee-et-gardee-a-vue-depuis-quelques-jours-au-togo","name":"Une t\u00eate couronn\u00e9e interpell\u00e9e et gard\u00e9e \u00e0 vue depuis quelques jours au Togo - Togo","isPartOf":{"@id":"https:\/\/www.africa-press.net\/togo\/#website"},"primaryImageOfPage":{"@id":"https:\/\/www.africa-press.net\/togo\/politique\/une-tete-couronnee-interpellee-et-gardee-a-vue-depuis-quelques-jours-au-togo#primaryimage"},"image":{"@id":"https:\/\/www.africa-press.net\/togo\/politique\/une-tete-couronnee-interpellee-et-gardee-a-vue-depuis-quelques-jours-au-togo#primaryimage"},"thumbnailUrl":"https:\/\/static.africa-press.net\/togo\/sites\/58\/2023\/01\/postQueueImg_1674980526.28.jpg","datePublished":"2023-01-29T11:51:57+00:00","author":{"@id":"https:\/\/www.africa-press.net\/togo\/#\/schema\/person\/2b1cf3cd81a31e3cd26889ca66d677f1"},"breadcrumb":{"@id":"https:\/\/www.africa-press.net\/togo\/politique\/une-tete-couronnee-interpellee-et-gardee-a-vue-depuis-quelques-jours-au-togo#breadcrumb"},"inLanguage":"fr-FR","potentialAction":[{"@type":"ReadAction","target":["https:\/\/www.africa-press.net\/togo\/politique\/une-tete-couronnee-interpellee-et-gardee-a-vue-depuis-quelques-jours-au-togo"]}]},{"@type":"ImageObject","inLanguage":"fr-FR","@id":"https:\/\/www.africa-press.net\/togo\/politique\/une-tete-couronnee-interpellee-et-gardee-a-vue-depuis-quelques-jours-au-togo#primaryimage","url":"https:\/\/static.africa-press.net\/togo\/sites\/58\/2023\/01\/postQueueImg_1674980526.28.jpg","contentUrl":"https:\/\/static.africa-press.net\/togo\/sites\/58\/2023\/01\/postQueueImg_1674980526.28.jpg","width":1280,"height":800,"caption":"Une t\u00eate couronn\u00e9e interpell\u00e9e et gard\u00e9e \u00e0 vue depuis quelques jours au Togo"},{"@type":"BreadcrumbList","@id":"https:\/\/www.africa-press.net\/togo\/politique\/une-tete-couronnee-interpellee-et-gardee-a-vue-depuis-quelques-jours-au-togo#breadcrumb","itemListElement":[{"@type":"ListItem","position":1,"name":"Accueil","item":"https:\/\/www.africa-press.net\/togo\/"},{"@type":"ListItem","position":2,"name":"Une t\u00eate couronn\u00e9e interpell\u00e9e et gard\u00e9e \u00e0 vue depuis quelques jours au Togo"}]},{"@type":"WebSite","@id":"https:\/\/www.africa-press.net\/togo\/#website","url":"https:\/\/www.africa-press.net\/togo\/","name":"Togo","description":"Just another Africa News Agency Sites site","potentialAction":[{"@type":"SearchAction","target":{"@type":"EntryPoint","urlTemplate":"https:\/\/www.africa-press.net\/togo\/?s={search_term_string}"},"query-input":{"@type":"PropertyValueSpecification","valueRequired":true,"valueName":"search_term_string"}}],"inLanguage":"fr-FR"},{"@type":"Person","@id":"https:\/\/www.africa-press.net\/togo\/#\/schema\/person\/2b1cf3cd81a31e3cd26889ca66d677f1","name":"cfeditorfr"}]}},"_links":{"self":[{"href":"https:\/\/www.africa-press.net\/togo\/wp-json\/wp\/v2\/posts\/16602","targetHints":{"allow":["GET"]}}],"collection":[{"href":"https:\/\/www.africa-press.net\/togo\/wp-json\/wp\/v2\/posts"}],"about":[{"href":"https:\/\/www.africa-press.net\/togo\/wp-json\/wp\/v2\/types\/post"}],"author":[{"embeddable":true,"href":"https:\/\/www.africa-press.net\/togo\/wp-json\/wp\/v2\/users\/82"}],"replies":[{"embeddable":true,"href":"https:\/\/www.africa-press.net\/togo\/wp-json\/wp\/v2\/comments?post=16602"}],"version-history":[{"count":0,"href":"https:\/\/www.africa-press.net\/togo\/wp-json\/wp\/v2\/posts\/16602\/revisions"}],"wp:featuredmedia":[{"embeddable":true,"href":"https:\/\/www.africa-press.net\/togo\/wp-json\/wp\/v2\/media\/16601"}],"wp:attachment":[{"href":"https:\/\/www.africa-press.net\/togo\/wp-json\/wp\/v2\/media?parent=16602"}],"wp:term":[{"taxonomy":"category","embeddable":true,"href":"https:\/\/www.africa-press.net\/togo\/wp-json\/wp\/v2\/categories?post=16602"},{"taxonomy":"post_tag","embeddable":true,"href":"https:\/\/www.africa-press.net\/togo\/wp-json\/wp\/v2\/tags?post=16602"}],"curies":[{"name":"wp","href":"https:\/\/api.w.org\/{rel}","templated":true}]}}