{"id":16606,"date":"2023-01-29T11:52:19","date_gmt":"2023-01-29T11:52:19","guid":{"rendered":"https:\/\/www.africa-press.net\/togo\/politique\/togo-fabrice-petchezi-reconduit-a-la-tete-de-lotm"},"modified":"2023-01-29T11:52:19","modified_gmt":"2023-01-29T11:52:19","slug":"togo-fabrice-petchezi-reconduit-a-la-tete-de-lotm","status":"publish","type":"post","link":"https:\/\/www.africa-press.net\/togo\/parties\/togo-fabrice-petchezi-reconduit-a-la-tete-de-lotm","title":{"rendered":"Togo \u2013 Fabrice P\u00e9tchezi  reconduit \u00e0 la t\u00eate de l\u2019OTM"},"content":{"rendered":"<p><span style=\"color: #ff6600\"><strong>Africa-Press &#8211; Togo. <\/strong><\/span>L\u2019Observatoire Togolais des Me\u0301dias (OTM) a tenu une nouvelle Assemble\u0301e Ge\u0301ne\u0301rale ce samedi 28 janvier 2023. Une rencontre qui a donne\u0301 lieu au renouvellement du Bureau de l\u2019<b>organisation reconduit par Fabrice Pe\u0301tchezi. <\/b><\/p>\n<p>Pour le premier responsable de l\u2019Observatoire dont 8 organisations de presse sont membres, il sera question d\u2019\u0153uvrer davantage pour \u00ab la liberte\u0301 de presse \u00bb et \u00ab la protection des droits de l\u2019homme \u00bb, rapporte l\u2019Interview.info.<\/p>\n<p>\u00ab L\u2019OTM a pris une autre envergure depuis quelques mois. La nouvelle loi place l\u2019OTM au centre dans la de\u0301signation des membres de la HAAC. Cela fait partie des e\u0301le\u0301ments qui vont nous pre\u0301occuper au cours de ce second mandat \u00bb, a-t-il ajoute\u0301.<\/p>\n<p><b>Voici donc la disposition du nouveau bureau :<\/b><\/p>\n<p>Pre\u0301sident : Fabrice Pe\u0301tchezi<\/p>\n<p>Vice Pre\u0301sident : Tagba Blandine<\/p>\n<p>Secre\u0301taire Ge\u0301ne\u0301ral : Fide\u0300le Louyah<\/p>\n<p>Tre\u0301sorier: Koudjonou Estelle<\/p>\n<p>Rapporteur: Narcisse Prince Agbodjan<\/p>\n<p>Conseiller: Be\u0301ni Sylvestre<\/p>\n<p>Conseiller : Akoli Yoaness<\/p>\n<p>Conseiller : Atsa N\u2019lassindi<\/p>\n<p>Conseiller : Zangaba Appui<\/p>\n<p>Conseiller : Ignace Daka Tankroukou<\/p>\n<p><strong>Pour plus d&rsquo;informations et d&rsquo;analyses sur la <a href=\"https:\/\/www.africa-press.net\/togo\">Togo<\/a>, suivez <a href=\"https:\/\/www.africa-press.net\/\">Africa-Press<\/a><\/strong><\/p>\n","protected":false},"excerpt":{"rendered":"<p>Africa-Press &#8211; Togo. L\u2019Observatoire Togolais des Me\u0301dias (OTM) a tenu une nouvelle Assemble\u0301e Ge\u0301ne\u0301rale ce samedi 28 janvier 2023. Une rencontre qui a donne\u0301 lieu au renouvellement du Bureau de l\u2019organisation reconduit par Fabrice Pe\u0301tchezi. Pour le premier responsable de l\u2019Observatoire dont 8 organisations de presse sont membres, il sera question d\u2019\u0153uvrer davantage pour \u00ab [&hellip;]<\/p>\n","protected":false},"author":82,"featured_media":16605,"comment_status":"open","ping_status":"closed","sticky":false,"template":"","format":"standard","meta":{"footnotes":""},"categories":[4,10],"tags":[36,49,50],"class_list":["post-16606","post","type-post","status-publish","format-standard","has-post-thumbnail","hentry","category-parties","category-toutes-les-actualites","tag-africa-press","tag-africa-press-togo","tag-togo"],"yoast_head":"<!-- This site is optimized with the Yoast SEO Premium plugin v26.1 (Yoast SEO v27.0) - https:\/\/yoast.com\/product\/yoast-seo-premium-wordpress\/ -->\n<title>Togo \u2013 Fabrice P\u00e9tchezi reconduit \u00e0 la t\u00eate de l\u2019OTM - Togo<\/title>\n<meta name=\"robots\" content=\"index, follow, max-snippet:-1, max-image-preview:large, max-video-preview:-1\" \/>\n<link rel=\"canonical\" href=\"https:\/\/www.africa-press.net\/togo\/politique\/togo-fabrice-petchezi-reconduit-a-la-tete-de-lotm\" \/>\n<meta property=\"og:locale\" content=\"fr_FR\" \/>\n<meta property=\"og:type\" content=\"article\" \/>\n<meta property=\"og:title\" content=\"Togo \u2013 Fabrice P\u00e9tchezi reconduit \u00e0 la t\u00eate de l\u2019OTM\" \/>\n<meta property=\"og:description\" content=\"Africa-Press &#8211; Togo. L\u2019Observatoire Togolais des Me\u0301dias (OTM) a tenu une nouvelle Assemble\u0301e Ge\u0301ne\u0301rale ce samedi 28 janvier 2023. Une rencontre qui a donne\u0301 lieu au renouvellement du Bureau de l\u2019organisation reconduit par Fabrice Pe\u0301tchezi. Pour le premier responsable de l\u2019Observatoire dont 8 organisations de presse sont membres, il sera question d\u2019\u0153uvrer davantage pour \u00ab [&hellip;]\" \/>\n<meta property=\"og:url\" content=\"https:\/\/www.africa-press.net\/togo\/politique\/togo-fabrice-petchezi-reconduit-a-la-tete-de-lotm\" \/>\n<meta property=\"og:site_name\" content=\"Togo\" \/>\n<meta property=\"article:published_time\" content=\"2023-01-29T11:52:19+00:00\" \/>\n<meta name=\"author\" content=\"cfeditorfr\" \/>\n<meta name=\"twitter:card\" content=\"summary_large_image\" \/>\n<meta name=\"twitter:label1\" content=\"\u00c9crit par\" \/>\n\t<meta name=\"twitter:data1\" content=\"cfeditorfr\" \/>\n\t<meta name=\"twitter:label2\" content=\"Dur\u00e9e de lecture estim\u00e9e\" \/>\n\t<meta name=\"twitter:data2\" content=\"1 minute\" \/>\n<script type=\"application\/ld+json\" class=\"yoast-schema-graph\">{\"@context\":\"https:\/\/schema.org\",\"@graph\":[{\"@type\":\"Article\",\"@id\":\"https:\/\/www.africa-press.net\/togo\/politique\/togo-fabrice-petchezi-reconduit-a-la-tete-de-lotm#article\",\"isPartOf\":{\"@id\":\"https:\/\/www.africa-press.net\/togo\/politique\/togo-fabrice-petchezi-reconduit-a-la-tete-de-lotm\"},\"author\":{\"name\":\"cfeditorfr\",\"@id\":\"https:\/\/www.africa-press.net\/togo\/#\/schema\/person\/2b1cf3cd81a31e3cd26889ca66d677f1\"},\"headline\":\"Togo \u2013 Fabrice P\u00e9tchezi reconduit \u00e0 la t\u00eate de l\u2019OTM\",\"datePublished\":\"2023-01-29T11:52:19+00:00\",\"mainEntityOfPage\":{\"@id\":\"https:\/\/www.africa-press.net\/togo\/politique\/togo-fabrice-petchezi-reconduit-a-la-tete-de-lotm\"},\"wordCount\":197,\"commentCount\":0,\"image\":{\"@id\":\"https:\/\/www.africa-press.net\/togo\/politique\/togo-fabrice-petchezi-reconduit-a-la-tete-de-lotm#primaryimage\"},\"thumbnailUrl\":\"https:\/\/static.africa-press.net\/togo\/sites\/58\/2023\/01\/postQueueImg_1674980554.30.jpg\",\"keywords\":[\"Africa Press\",\"Africa Press-Togo\",\"Togo\"],\"articleSection\":[\"Parties\",\"Toutes les actualit\u00e9s\"],\"inLanguage\":\"fr-FR\",\"potentialAction\":[{\"@type\":\"CommentAction\",\"name\":\"Comment\",\"target\":[\"https:\/\/www.africa-press.net\/togo\/politique\/togo-fabrice-petchezi-reconduit-a-la-tete-de-lotm#respond\"]}]},{\"@type\":\"WebPage\",\"@id\":\"https:\/\/www.africa-press.net\/togo\/politique\/togo-fabrice-petchezi-reconduit-a-la-tete-de-lotm\",\"url\":\"https:\/\/www.africa-press.net\/togo\/politique\/togo-fabrice-petchezi-reconduit-a-la-tete-de-lotm\",\"name\":\"Togo \u2013 Fabrice P\u00e9tchezi reconduit \u00e0 la t\u00eate de l\u2019OTM - Togo\",\"isPartOf\":{\"@id\":\"https:\/\/www.africa-press.net\/togo\/#website\"},\"primaryImageOfPage\":{\"@id\":\"https:\/\/www.africa-press.net\/togo\/politique\/togo-fabrice-petchezi-reconduit-a-la-tete-de-lotm#primaryimage\"},\"image\":{\"@id\":\"https:\/\/www.africa-press.net\/togo\/politique\/togo-fabrice-petchezi-reconduit-a-la-tete-de-lotm#primaryimage\"},\"thumbnailUrl\":\"https:\/\/static.africa-press.net\/togo\/sites\/58\/2023\/01\/postQueueImg_1674980554.30.jpg\",\"datePublished\":\"2023-01-29T11:52:19+00:00\",\"author\":{\"@id\":\"https:\/\/www.africa-press.net\/togo\/#\/schema\/person\/2b1cf3cd81a31e3cd26889ca66d677f1\"},\"breadcrumb\":{\"@id\":\"https:\/\/www.africa-press.net\/togo\/politique\/togo-fabrice-petchezi-reconduit-a-la-tete-de-lotm#breadcrumb\"},\"inLanguage\":\"fr-FR\",\"potentialAction\":[{\"@type\":\"ReadAction\",\"target\":[\"https:\/\/www.africa-press.net\/togo\/politique\/togo-fabrice-petchezi-reconduit-a-la-tete-de-lotm\"]}]},{\"@type\":\"ImageObject\",\"inLanguage\":\"fr-FR\",\"@id\":\"https:\/\/www.africa-press.net\/togo\/politique\/togo-fabrice-petchezi-reconduit-a-la-tete-de-lotm#primaryimage\",\"url\":\"https:\/\/static.africa-press.net\/togo\/sites\/58\/2023\/01\/postQueueImg_1674980554.30.jpg\",\"contentUrl\":\"https:\/\/static.africa-press.net\/togo\/sites\/58\/2023\/01\/postQueueImg_1674980554.30.jpg\",\"width\":1280,\"height\":800,\"caption\":\"Togo \u2013 Fabrice P\u00e9tchezi reconduit \u00e0 la t\u00eate de l\u2019OTM\"},{\"@type\":\"BreadcrumbList\",\"@id\":\"https:\/\/www.africa-press.net\/togo\/politique\/togo-fabrice-petchezi-reconduit-a-la-tete-de-lotm#breadcrumb\",\"itemListElement\":[{\"@type\":\"ListItem\",\"position\":1,\"name\":\"Accueil\",\"item\":\"https:\/\/www.africa-press.net\/togo\/\"},{\"@type\":\"ListItem\",\"position\":2,\"name\":\"Togo \u2013 Fabrice P\u00e9tchezi reconduit \u00e0 la t\u00eate de l\u2019OTM\"}]},{\"@type\":\"WebSite\",\"@id\":\"https:\/\/www.africa-press.net\/togo\/#website\",\"url\":\"https:\/\/www.africa-press.net\/togo\/\",\"name\":\"Togo\",\"description\":\"Just another Africa News Agency Sites site\",\"potentialAction\":[{\"@type\":\"SearchAction\",\"target\":{\"@type\":\"EntryPoint\",\"urlTemplate\":\"https:\/\/www.africa-press.net\/togo\/?s={search_term_string}\"},\"query-input\":{\"@type\":\"PropertyValueSpecification\",\"valueRequired\":true,\"valueName\":\"search_term_string\"}}],\"inLanguage\":\"fr-FR\"},{\"@type\":\"Person\",\"@id\":\"https:\/\/www.africa-press.net\/togo\/#\/schema\/person\/2b1cf3cd81a31e3cd26889ca66d677f1\",\"name\":\"cfeditorfr\"}]}<\/script>\n<!-- \/ Yoast SEO Premium plugin. -->","yoast_head_json":{"title":"Togo \u2013 Fabrice P\u00e9tchezi reconduit \u00e0 la t\u00eate de l\u2019OTM - Togo","robots":{"index":"index","follow":"follow","max-snippet":"max-snippet:-1","max-image-preview":"max-image-preview:large","max-video-preview":"max-video-preview:-1"},"canonical":"https:\/\/www.africa-press.net\/togo\/politique\/togo-fabrice-petchezi-reconduit-a-la-tete-de-lotm","og_locale":"fr_FR","og_type":"article","og_title":"Togo \u2013 Fabrice P\u00e9tchezi reconduit \u00e0 la t\u00eate de l\u2019OTM","og_description":"Africa-Press &#8211; Togo. L\u2019Observatoire Togolais des Me\u0301dias (OTM) a tenu une nouvelle Assemble\u0301e Ge\u0301ne\u0301rale ce samedi 28 janvier 2023. Une rencontre qui a donne\u0301 lieu au renouvellement du Bureau de l\u2019organisation reconduit par Fabrice Pe\u0301tchezi. Pour le premier responsable de l\u2019Observatoire dont 8 organisations de presse sont membres, il sera question d\u2019\u0153uvrer davantage pour \u00ab [&hellip;]","og_url":"https:\/\/www.africa-press.net\/togo\/politique\/togo-fabrice-petchezi-reconduit-a-la-tete-de-lotm","og_site_name":"Togo","article_published_time":"2023-01-29T11:52:19+00:00","author":"cfeditorfr","twitter_card":"summary_large_image","twitter_misc":{"\u00c9crit par":"cfeditorfr","Dur\u00e9e de lecture estim\u00e9e":"1 minute"},"schema":{"@context":"https:\/\/schema.org","@graph":[{"@type":"Article","@id":"https:\/\/www.africa-press.net\/togo\/politique\/togo-fabrice-petchezi-reconduit-a-la-tete-de-lotm#article","isPartOf":{"@id":"https:\/\/www.africa-press.net\/togo\/politique\/togo-fabrice-petchezi-reconduit-a-la-tete-de-lotm"},"author":{"name":"cfeditorfr","@id":"https:\/\/www.africa-press.net\/togo\/#\/schema\/person\/2b1cf3cd81a31e3cd26889ca66d677f1"},"headline":"Togo \u2013 Fabrice P\u00e9tchezi reconduit \u00e0 la t\u00eate de l\u2019OTM","datePublished":"2023-01-29T11:52:19+00:00","mainEntityOfPage":{"@id":"https:\/\/www.africa-press.net\/togo\/politique\/togo-fabrice-petchezi-reconduit-a-la-tete-de-lotm"},"wordCount":197,"commentCount":0,"image":{"@id":"https:\/\/www.africa-press.net\/togo\/politique\/togo-fabrice-petchezi-reconduit-a-la-tete-de-lotm#primaryimage"},"thumbnailUrl":"https:\/\/static.africa-press.net\/togo\/sites\/58\/2023\/01\/postQueueImg_1674980554.30.jpg","keywords":["Africa Press","Africa Press-Togo","Togo"],"articleSection":["Parties","Toutes les actualit\u00e9s"],"inLanguage":"fr-FR","potentialAction":[{"@type":"CommentAction","name":"Comment","target":["https:\/\/www.africa-press.net\/togo\/politique\/togo-fabrice-petchezi-reconduit-a-la-tete-de-lotm#respond"]}]},{"@type":"WebPage","@id":"https:\/\/www.africa-press.net\/togo\/politique\/togo-fabrice-petchezi-reconduit-a-la-tete-de-lotm","url":"https:\/\/www.africa-press.net\/togo\/politique\/togo-fabrice-petchezi-reconduit-a-la-tete-de-lotm","name":"Togo \u2013 Fabrice P\u00e9tchezi reconduit \u00e0 la t\u00eate de l\u2019OTM - Togo","isPartOf":{"@id":"https:\/\/www.africa-press.net\/togo\/#website"},"primaryImageOfPage":{"@id":"https:\/\/www.africa-press.net\/togo\/politique\/togo-fabrice-petchezi-reconduit-a-la-tete-de-lotm#primaryimage"},"image":{"@id":"https:\/\/www.africa-press.net\/togo\/politique\/togo-fabrice-petchezi-reconduit-a-la-tete-de-lotm#primaryimage"},"thumbnailUrl":"https:\/\/static.africa-press.net\/togo\/sites\/58\/2023\/01\/postQueueImg_1674980554.30.jpg","datePublished":"2023-01-29T11:52:19+00:00","author":{"@id":"https:\/\/www.africa-press.net\/togo\/#\/schema\/person\/2b1cf3cd81a31e3cd26889ca66d677f1"},"breadcrumb":{"@id":"https:\/\/www.africa-press.net\/togo\/politique\/togo-fabrice-petchezi-reconduit-a-la-tete-de-lotm#breadcrumb"},"inLanguage":"fr-FR","potentialAction":[{"@type":"ReadAction","target":["https:\/\/www.africa-press.net\/togo\/politique\/togo-fabrice-petchezi-reconduit-a-la-tete-de-lotm"]}]},{"@type":"ImageObject","inLanguage":"fr-FR","@id":"https:\/\/www.africa-press.net\/togo\/politique\/togo-fabrice-petchezi-reconduit-a-la-tete-de-lotm#primaryimage","url":"https:\/\/static.africa-press.net\/togo\/sites\/58\/2023\/01\/postQueueImg_1674980554.30.jpg","contentUrl":"https:\/\/static.africa-press.net\/togo\/sites\/58\/2023\/01\/postQueueImg_1674980554.30.jpg","width":1280,"height":800,"caption":"Togo \u2013 Fabrice P\u00e9tchezi reconduit \u00e0 la t\u00eate de l\u2019OTM"},{"@type":"BreadcrumbList","@id":"https:\/\/www.africa-press.net\/togo\/politique\/togo-fabrice-petchezi-reconduit-a-la-tete-de-lotm#breadcrumb","itemListElement":[{"@type":"ListItem","position":1,"name":"Accueil","item":"https:\/\/www.africa-press.net\/togo\/"},{"@type":"ListItem","position":2,"name":"Togo \u2013 Fabrice P\u00e9tchezi reconduit \u00e0 la t\u00eate de l\u2019OTM"}]},{"@type":"WebSite","@id":"https:\/\/www.africa-press.net\/togo\/#website","url":"https:\/\/www.africa-press.net\/togo\/","name":"Togo","description":"Just another Africa News Agency Sites site","potentialAction":[{"@type":"SearchAction","target":{"@type":"EntryPoint","urlTemplate":"https:\/\/www.africa-press.net\/togo\/?s={search_term_string}"},"query-input":{"@type":"PropertyValueSpecification","valueRequired":true,"valueName":"search_term_string"}}],"inLanguage":"fr-FR"},{"@type":"Person","@id":"https:\/\/www.africa-press.net\/togo\/#\/schema\/person\/2b1cf3cd81a31e3cd26889ca66d677f1","name":"cfeditorfr"}]}},"_links":{"self":[{"href":"https:\/\/www.africa-press.net\/togo\/wp-json\/wp\/v2\/posts\/16606","targetHints":{"allow":["GET"]}}],"collection":[{"href":"https:\/\/www.africa-press.net\/togo\/wp-json\/wp\/v2\/posts"}],"about":[{"href":"https:\/\/www.africa-press.net\/togo\/wp-json\/wp\/v2\/types\/post"}],"author":[{"embeddable":true,"href":"https:\/\/www.africa-press.net\/togo\/wp-json\/wp\/v2\/users\/82"}],"replies":[{"embeddable":true,"href":"https:\/\/www.africa-press.net\/togo\/wp-json\/wp\/v2\/comments?post=16606"}],"version-history":[{"count":0,"href":"https:\/\/www.africa-press.net\/togo\/wp-json\/wp\/v2\/posts\/16606\/revisions"}],"wp:featuredmedia":[{"embeddable":true,"href":"https:\/\/www.africa-press.net\/togo\/wp-json\/wp\/v2\/media\/16605"}],"wp:attachment":[{"href":"https:\/\/www.africa-press.net\/togo\/wp-json\/wp\/v2\/media?parent=16606"}],"wp:term":[{"taxonomy":"category","embeddable":true,"href":"https:\/\/www.africa-press.net\/togo\/wp-json\/wp\/v2\/categories?post=16606"},{"taxonomy":"post_tag","embeddable":true,"href":"https:\/\/www.africa-press.net\/togo\/wp-json\/wp\/v2\/tags?post=16606"}],"curies":[{"name":"wp","href":"https:\/\/api.w.org\/{rel}","templated":true}]}}