{"id":16636,"date":"2023-01-30T12:37:27","date_gmt":"2023-01-30T12:37:27","guid":{"rendered":"https:\/\/www.africa-press.net\/togo\/politique\/togo-faure-gnassingbe-chez-ali-bongo-ce-lundi"},"modified":"2023-01-30T12:37:27","modified_gmt":"2023-01-30T12:37:27","slug":"togo-faure-gnassingbe-chez-ali-bongo-ce-lundi","status":"publish","type":"post","link":"https:\/\/www.africa-press.net\/togo\/politique\/togo-faure-gnassingbe-chez-ali-bongo-ce-lundi","title":{"rendered":"Togo-Faure Gnassingb\u00e9 chez Ali Bongo ce lundi"},"content":{"rendered":"<p><span style=\"color: #ff6600\"><strong>Africa-Press &#8211; Togo. <\/strong><\/span><b>Le chef de l\u2019Etat togolais s\u2019est rendu ce lundi 30 janvier 2023 chez son homologue gabonais Ali Bongo. Il s\u2019agit d\u2019une visite de travail de deux jours, pre\u0301cise un communique\u0301 du Haut-Commissariat du Togo au Gabon.<\/b><\/p>\n<p>Dans son communique\u0301 en date d\u2019hier dimanche, le Haut-Commissariat du Togo au Gabon a me\u0302me invite\u0301 toute la communaute\u0301 togolaise a\u0300 aller massivement faire la haie d\u2019honneur a\u0300 Faure Gnassingbe\u0301 a\u0300 l\u2019ae\u0301roport international Le\u0301on Mba de Libreville.<\/p>\n<p>\u00ab A l\u2019occasion de la visite officielle du chef de l\u2019Etat son Excellence Monsieur Faure Essozimna Gnassingbe\u0301, le Haut-Commissariat du Togo au Gabon invite la Communaute\u0301 Togolaise a\u0300 venir massivement a\u0300 l\u2019ae\u0301roport international Le\u0301on Mba de Libreville pour un accueil chaleureux le lundi 30 janvier a\u0300 7h a\u0300 l\u2019arrive\u0301e et le mardi 31 janvier 2023 a\u0300 14h00 au de\u0301part \u00bb, peut-on lire dans le communique\u0301.<\/p>\n<p>Les deux chefs d\u2019Etat s\u2019entretiendront en te\u0302te-a\u0300-te\u0302te sur des sujets d\u2019inte\u0301re\u0302t bilate\u0301ral et continental. Dans la foule\u0301e, Faure Gnassingbe\u0301 et sa de\u0301le\u0301gation visiteront la zone d\u2019investissement spe\u0301ciale de Nkok et le Port mine\u0301ralier d\u2019Owendo.<\/p>\n<p>Ce de\u0301placement du chef de l\u2019Etat togolais intervient deux mois apre\u0300s la visite officielle de son homologue gabonais Ali Bongo a\u0300 Lome\u0301.<\/p>\n<p><strong>Pour plus d&rsquo;informations et d&rsquo;analyses sur la <a href=\"https:\/\/www.africa-press.net\/togo\">Togo<\/a>, suivez <a href=\"https:\/\/www.africa-press.net\/\">Africa-Press<\/a><\/strong><\/p>\n","protected":false},"excerpt":{"rendered":"<p>Africa-Press &#8211; Togo. Le chef de l\u2019Etat togolais s\u2019est rendu ce lundi 30 janvier 2023 chez son homologue gabonais Ali Bongo. Il s\u2019agit d\u2019une visite de travail de deux jours, pre\u0301cise un communique\u0301 du Haut-Commissariat du Togo au Gabon. Dans son communique\u0301 en date d\u2019hier dimanche, le Haut-Commissariat du Togo au Gabon a me\u0302me invite\u0301 [&hellip;]<\/p>\n","protected":false},"author":82,"featured_media":16635,"comment_status":"open","ping_status":"closed","sticky":false,"template":"","format":"standard","meta":{"footnotes":""},"categories":[2,10],"tags":[36,49,50],"class_list":["post-16636","post","type-post","status-publish","format-standard","has-post-thumbnail","hentry","category-politique","category-toutes-les-actualites","tag-africa-press","tag-africa-press-togo","tag-togo"],"yoast_head":"<!-- This site is optimized with the Yoast SEO Premium plugin v26.1 (Yoast SEO v27.0) - https:\/\/yoast.com\/product\/yoast-seo-premium-wordpress\/ -->\n<title>Togo-Faure Gnassingb\u00e9 chez Ali Bongo ce lundi - Togo<\/title>\n<meta name=\"robots\" content=\"index, follow, max-snippet:-1, max-image-preview:large, max-video-preview:-1\" \/>\n<link rel=\"canonical\" href=\"https:\/\/www.africa-press.net\/togo\/politique\/togo-faure-gnassingbe-chez-ali-bongo-ce-lundi\" \/>\n<meta property=\"og:locale\" content=\"fr_FR\" \/>\n<meta property=\"og:type\" content=\"article\" \/>\n<meta property=\"og:title\" content=\"Togo-Faure Gnassingb\u00e9 chez Ali Bongo ce lundi\" \/>\n<meta property=\"og:description\" content=\"Africa-Press &#8211; Togo. Le chef de l\u2019Etat togolais s\u2019est rendu ce lundi 30 janvier 2023 chez son homologue gabonais Ali Bongo. Il s\u2019agit d\u2019une visite de travail de deux jours, pre\u0301cise un communique\u0301 du Haut-Commissariat du Togo au Gabon. Dans son communique\u0301 en date d\u2019hier dimanche, le Haut-Commissariat du Togo au Gabon a me\u0302me invite\u0301 [&hellip;]\" \/>\n<meta property=\"og:url\" content=\"https:\/\/www.africa-press.net\/togo\/politique\/togo-faure-gnassingbe-chez-ali-bongo-ce-lundi\" \/>\n<meta property=\"og:site_name\" content=\"Togo\" \/>\n<meta property=\"article:published_time\" content=\"2023-01-30T12:37:27+00:00\" \/>\n<meta name=\"author\" content=\"cfeditorfr\" \/>\n<meta name=\"twitter:card\" content=\"summary_large_image\" \/>\n<meta name=\"twitter:label1\" content=\"\u00c9crit par\" \/>\n\t<meta name=\"twitter:data1\" content=\"cfeditorfr\" \/>\n\t<meta name=\"twitter:label2\" content=\"Dur\u00e9e de lecture estim\u00e9e\" \/>\n\t<meta name=\"twitter:data2\" content=\"1 minute\" \/>\n<script type=\"application\/ld+json\" class=\"yoast-schema-graph\">{\"@context\":\"https:\/\/schema.org\",\"@graph\":[{\"@type\":\"Article\",\"@id\":\"https:\/\/www.africa-press.net\/togo\/politique\/togo-faure-gnassingbe-chez-ali-bongo-ce-lundi#article\",\"isPartOf\":{\"@id\":\"https:\/\/www.africa-press.net\/togo\/politique\/togo-faure-gnassingbe-chez-ali-bongo-ce-lundi\"},\"author\":{\"name\":\"cfeditorfr\",\"@id\":\"https:\/\/www.africa-press.net\/togo\/#\/schema\/person\/2b1cf3cd81a31e3cd26889ca66d677f1\"},\"headline\":\"Togo-Faure Gnassingb\u00e9 chez Ali Bongo ce lundi\",\"datePublished\":\"2023-01-30T12:37:27+00:00\",\"mainEntityOfPage\":{\"@id\":\"https:\/\/www.africa-press.net\/togo\/politique\/togo-faure-gnassingbe-chez-ali-bongo-ce-lundi\"},\"wordCount\":247,\"commentCount\":0,\"image\":{\"@id\":\"https:\/\/www.africa-press.net\/togo\/politique\/togo-faure-gnassingbe-chez-ali-bongo-ce-lundi#primaryimage\"},\"thumbnailUrl\":\"https:\/\/static.africa-press.net\/togo\/sites\/58\/2023\/01\/postQueueImg_1675069650.50.jpg\",\"keywords\":[\"Africa Press\",\"Africa Press-Togo\",\"Togo\"],\"articleSection\":[\"Politique\",\"Toutes les actualit\u00e9s\"],\"inLanguage\":\"fr-FR\",\"potentialAction\":[{\"@type\":\"CommentAction\",\"name\":\"Comment\",\"target\":[\"https:\/\/www.africa-press.net\/togo\/politique\/togo-faure-gnassingbe-chez-ali-bongo-ce-lundi#respond\"]}]},{\"@type\":\"WebPage\",\"@id\":\"https:\/\/www.africa-press.net\/togo\/politique\/togo-faure-gnassingbe-chez-ali-bongo-ce-lundi\",\"url\":\"https:\/\/www.africa-press.net\/togo\/politique\/togo-faure-gnassingbe-chez-ali-bongo-ce-lundi\",\"name\":\"Togo-Faure Gnassingb\u00e9 chez Ali Bongo ce lundi - Togo\",\"isPartOf\":{\"@id\":\"https:\/\/www.africa-press.net\/togo\/#website\"},\"primaryImageOfPage\":{\"@id\":\"https:\/\/www.africa-press.net\/togo\/politique\/togo-faure-gnassingbe-chez-ali-bongo-ce-lundi#primaryimage\"},\"image\":{\"@id\":\"https:\/\/www.africa-press.net\/togo\/politique\/togo-faure-gnassingbe-chez-ali-bongo-ce-lundi#primaryimage\"},\"thumbnailUrl\":\"https:\/\/static.africa-press.net\/togo\/sites\/58\/2023\/01\/postQueueImg_1675069650.50.jpg\",\"datePublished\":\"2023-01-30T12:37:27+00:00\",\"author\":{\"@id\":\"https:\/\/www.africa-press.net\/togo\/#\/schema\/person\/2b1cf3cd81a31e3cd26889ca66d677f1\"},\"breadcrumb\":{\"@id\":\"https:\/\/www.africa-press.net\/togo\/politique\/togo-faure-gnassingbe-chez-ali-bongo-ce-lundi#breadcrumb\"},\"inLanguage\":\"fr-FR\",\"potentialAction\":[{\"@type\":\"ReadAction\",\"target\":[\"https:\/\/www.africa-press.net\/togo\/politique\/togo-faure-gnassingbe-chez-ali-bongo-ce-lundi\"]}]},{\"@type\":\"ImageObject\",\"inLanguage\":\"fr-FR\",\"@id\":\"https:\/\/www.africa-press.net\/togo\/politique\/togo-faure-gnassingbe-chez-ali-bongo-ce-lundi#primaryimage\",\"url\":\"https:\/\/static.africa-press.net\/togo\/sites\/58\/2023\/01\/postQueueImg_1675069650.50.jpg\",\"contentUrl\":\"https:\/\/static.africa-press.net\/togo\/sites\/58\/2023\/01\/postQueueImg_1675069650.50.jpg\",\"width\":1280,\"height\":818,\"caption\":\"Togo-Faure Gnassingb\u00e9 chez Ali Bongo ce lundi\"},{\"@type\":\"BreadcrumbList\",\"@id\":\"https:\/\/www.africa-press.net\/togo\/politique\/togo-faure-gnassingbe-chez-ali-bongo-ce-lundi#breadcrumb\",\"itemListElement\":[{\"@type\":\"ListItem\",\"position\":1,\"name\":\"Accueil\",\"item\":\"https:\/\/www.africa-press.net\/togo\/\"},{\"@type\":\"ListItem\",\"position\":2,\"name\":\"Togo-Faure Gnassingb\u00e9 chez Ali Bongo ce lundi\"}]},{\"@type\":\"WebSite\",\"@id\":\"https:\/\/www.africa-press.net\/togo\/#website\",\"url\":\"https:\/\/www.africa-press.net\/togo\/\",\"name\":\"Togo\",\"description\":\"Just another Africa News Agency Sites site\",\"potentialAction\":[{\"@type\":\"SearchAction\",\"target\":{\"@type\":\"EntryPoint\",\"urlTemplate\":\"https:\/\/www.africa-press.net\/togo\/?s={search_term_string}\"},\"query-input\":{\"@type\":\"PropertyValueSpecification\",\"valueRequired\":true,\"valueName\":\"search_term_string\"}}],\"inLanguage\":\"fr-FR\"},{\"@type\":\"Person\",\"@id\":\"https:\/\/www.africa-press.net\/togo\/#\/schema\/person\/2b1cf3cd81a31e3cd26889ca66d677f1\",\"name\":\"cfeditorfr\"}]}<\/script>\n<!-- \/ Yoast SEO Premium plugin. -->","yoast_head_json":{"title":"Togo-Faure Gnassingb\u00e9 chez Ali Bongo ce lundi - Togo","robots":{"index":"index","follow":"follow","max-snippet":"max-snippet:-1","max-image-preview":"max-image-preview:large","max-video-preview":"max-video-preview:-1"},"canonical":"https:\/\/www.africa-press.net\/togo\/politique\/togo-faure-gnassingbe-chez-ali-bongo-ce-lundi","og_locale":"fr_FR","og_type":"article","og_title":"Togo-Faure Gnassingb\u00e9 chez Ali Bongo ce lundi","og_description":"Africa-Press &#8211; Togo. Le chef de l\u2019Etat togolais s\u2019est rendu ce lundi 30 janvier 2023 chez son homologue gabonais Ali Bongo. Il s\u2019agit d\u2019une visite de travail de deux jours, pre\u0301cise un communique\u0301 du Haut-Commissariat du Togo au Gabon. Dans son communique\u0301 en date d\u2019hier dimanche, le Haut-Commissariat du Togo au Gabon a me\u0302me invite\u0301 [&hellip;]","og_url":"https:\/\/www.africa-press.net\/togo\/politique\/togo-faure-gnassingbe-chez-ali-bongo-ce-lundi","og_site_name":"Togo","article_published_time":"2023-01-30T12:37:27+00:00","author":"cfeditorfr","twitter_card":"summary_large_image","twitter_misc":{"\u00c9crit par":"cfeditorfr","Dur\u00e9e de lecture estim\u00e9e":"1 minute"},"schema":{"@context":"https:\/\/schema.org","@graph":[{"@type":"Article","@id":"https:\/\/www.africa-press.net\/togo\/politique\/togo-faure-gnassingbe-chez-ali-bongo-ce-lundi#article","isPartOf":{"@id":"https:\/\/www.africa-press.net\/togo\/politique\/togo-faure-gnassingbe-chez-ali-bongo-ce-lundi"},"author":{"name":"cfeditorfr","@id":"https:\/\/www.africa-press.net\/togo\/#\/schema\/person\/2b1cf3cd81a31e3cd26889ca66d677f1"},"headline":"Togo-Faure Gnassingb\u00e9 chez Ali Bongo ce lundi","datePublished":"2023-01-30T12:37:27+00:00","mainEntityOfPage":{"@id":"https:\/\/www.africa-press.net\/togo\/politique\/togo-faure-gnassingbe-chez-ali-bongo-ce-lundi"},"wordCount":247,"commentCount":0,"image":{"@id":"https:\/\/www.africa-press.net\/togo\/politique\/togo-faure-gnassingbe-chez-ali-bongo-ce-lundi#primaryimage"},"thumbnailUrl":"https:\/\/static.africa-press.net\/togo\/sites\/58\/2023\/01\/postQueueImg_1675069650.50.jpg","keywords":["Africa Press","Africa Press-Togo","Togo"],"articleSection":["Politique","Toutes les actualit\u00e9s"],"inLanguage":"fr-FR","potentialAction":[{"@type":"CommentAction","name":"Comment","target":["https:\/\/www.africa-press.net\/togo\/politique\/togo-faure-gnassingbe-chez-ali-bongo-ce-lundi#respond"]}]},{"@type":"WebPage","@id":"https:\/\/www.africa-press.net\/togo\/politique\/togo-faure-gnassingbe-chez-ali-bongo-ce-lundi","url":"https:\/\/www.africa-press.net\/togo\/politique\/togo-faure-gnassingbe-chez-ali-bongo-ce-lundi","name":"Togo-Faure Gnassingb\u00e9 chez Ali Bongo ce lundi - Togo","isPartOf":{"@id":"https:\/\/www.africa-press.net\/togo\/#website"},"primaryImageOfPage":{"@id":"https:\/\/www.africa-press.net\/togo\/politique\/togo-faure-gnassingbe-chez-ali-bongo-ce-lundi#primaryimage"},"image":{"@id":"https:\/\/www.africa-press.net\/togo\/politique\/togo-faure-gnassingbe-chez-ali-bongo-ce-lundi#primaryimage"},"thumbnailUrl":"https:\/\/static.africa-press.net\/togo\/sites\/58\/2023\/01\/postQueueImg_1675069650.50.jpg","datePublished":"2023-01-30T12:37:27+00:00","author":{"@id":"https:\/\/www.africa-press.net\/togo\/#\/schema\/person\/2b1cf3cd81a31e3cd26889ca66d677f1"},"breadcrumb":{"@id":"https:\/\/www.africa-press.net\/togo\/politique\/togo-faure-gnassingbe-chez-ali-bongo-ce-lundi#breadcrumb"},"inLanguage":"fr-FR","potentialAction":[{"@type":"ReadAction","target":["https:\/\/www.africa-press.net\/togo\/politique\/togo-faure-gnassingbe-chez-ali-bongo-ce-lundi"]}]},{"@type":"ImageObject","inLanguage":"fr-FR","@id":"https:\/\/www.africa-press.net\/togo\/politique\/togo-faure-gnassingbe-chez-ali-bongo-ce-lundi#primaryimage","url":"https:\/\/static.africa-press.net\/togo\/sites\/58\/2023\/01\/postQueueImg_1675069650.50.jpg","contentUrl":"https:\/\/static.africa-press.net\/togo\/sites\/58\/2023\/01\/postQueueImg_1675069650.50.jpg","width":1280,"height":818,"caption":"Togo-Faure Gnassingb\u00e9 chez Ali Bongo ce lundi"},{"@type":"BreadcrumbList","@id":"https:\/\/www.africa-press.net\/togo\/politique\/togo-faure-gnassingbe-chez-ali-bongo-ce-lundi#breadcrumb","itemListElement":[{"@type":"ListItem","position":1,"name":"Accueil","item":"https:\/\/www.africa-press.net\/togo\/"},{"@type":"ListItem","position":2,"name":"Togo-Faure Gnassingb\u00e9 chez Ali Bongo ce lundi"}]},{"@type":"WebSite","@id":"https:\/\/www.africa-press.net\/togo\/#website","url":"https:\/\/www.africa-press.net\/togo\/","name":"Togo","description":"Just another Africa News Agency Sites site","potentialAction":[{"@type":"SearchAction","target":{"@type":"EntryPoint","urlTemplate":"https:\/\/www.africa-press.net\/togo\/?s={search_term_string}"},"query-input":{"@type":"PropertyValueSpecification","valueRequired":true,"valueName":"search_term_string"}}],"inLanguage":"fr-FR"},{"@type":"Person","@id":"https:\/\/www.africa-press.net\/togo\/#\/schema\/person\/2b1cf3cd81a31e3cd26889ca66d677f1","name":"cfeditorfr"}]}},"_links":{"self":[{"href":"https:\/\/www.africa-press.net\/togo\/wp-json\/wp\/v2\/posts\/16636","targetHints":{"allow":["GET"]}}],"collection":[{"href":"https:\/\/www.africa-press.net\/togo\/wp-json\/wp\/v2\/posts"}],"about":[{"href":"https:\/\/www.africa-press.net\/togo\/wp-json\/wp\/v2\/types\/post"}],"author":[{"embeddable":true,"href":"https:\/\/www.africa-press.net\/togo\/wp-json\/wp\/v2\/users\/82"}],"replies":[{"embeddable":true,"href":"https:\/\/www.africa-press.net\/togo\/wp-json\/wp\/v2\/comments?post=16636"}],"version-history":[{"count":0,"href":"https:\/\/www.africa-press.net\/togo\/wp-json\/wp\/v2\/posts\/16636\/revisions"}],"wp:featuredmedia":[{"embeddable":true,"href":"https:\/\/www.africa-press.net\/togo\/wp-json\/wp\/v2\/media\/16635"}],"wp:attachment":[{"href":"https:\/\/www.africa-press.net\/togo\/wp-json\/wp\/v2\/media?parent=16636"}],"wp:term":[{"taxonomy":"category","embeddable":true,"href":"https:\/\/www.africa-press.net\/togo\/wp-json\/wp\/v2\/categories?post=16636"},{"taxonomy":"post_tag","embeddable":true,"href":"https:\/\/www.africa-press.net\/togo\/wp-json\/wp\/v2\/tags?post=16636"}],"curies":[{"name":"wp","href":"https:\/\/api.w.org\/{rel}","templated":true}]}}