{"id":16733,"date":"2023-02-02T12:32:07","date_gmt":"2023-02-02T12:32:07","guid":{"rendered":"https:\/\/www.africa-press.net\/togo\/politique\/togo-defense-des-droits-humains-prof-david-dosseh-prime-aux-etats-unis"},"modified":"2023-02-02T12:32:07","modified_gmt":"2023-02-02T12:32:07","slug":"togo-defense-des-droits-humains-prof-david-dosseh-prime-aux-etats-unis","status":"publish","type":"post","link":"https:\/\/www.africa-press.net\/togo\/politique\/togo-defense-des-droits-humains-prof-david-dosseh-prime-aux-etats-unis","title":{"rendered":"Togo-D\u00e9fense des droits humains: Prof. David Dosseh prim\u00e9 aux Etats Unis"},"content":{"rendered":"<p><span style=\"color: #ff6600\"><strong>Africa-Press &#8211; Togo. <\/strong><\/span><b>Professeur David Dosseh du Front Citoyen Togo Debout a rec\u0327u, ce mercredi aux Etats Unis, le Prix de De\u0301fenseur des Droits Humains 2022 du De\u0301partement d\u2019Etat ame\u0301ricain. <\/b><\/p>\n<p>Pour le compte de l\u2019e\u0301dition 2022 du Annual Global Human Rights Defender Award (Prix annuel des de\u0301fenseurs mondiaux des droits de l\u2019homme), ils sont au total 10 laure\u0301ats a\u0300 e\u0302tre prime\u0301s par le Bureau de la de\u0301mocratie, des droits de l\u2019homme et du travail des Etats Unis.<\/p>\n<p>A en croire le De\u0301partement d\u2019Etat ame\u0301ricain, ces dix laure\u0301ats dont fait partie Prof David Dosseh, \u00ab ont fait preuve de leadership et de courage en promouvant et en de\u0301fendant les droits de l\u2019homme et les liberte\u0301s fondamentales, en s\u2019opposant aux violations des droits de l\u2019homme commises par des gouvernements et des entreprises et en les de\u0301nonc\u0327ant, ainsi qu\u2019en ralliant des actions visant a\u0300 prote\u0301ger l\u2019environnement, a\u0300 ame\u0301liorer la gouvernance, a\u0300 garantir la responsabilite\u0301 et a\u0300 mettre fin a\u0300 l\u2019impunite\u0301 \u00bb.<\/p>\n<p>Depuis plus de 15 ans, le Prof. Dosseh s\u2019emploie a\u0300 renforcer les capacite\u0301s de la socie\u0301te\u0301 civile togolaise, a\u0300 lutter contre l\u2019injustice et l\u2019impunite\u0301 et a\u0300 promouvoir les progre\u0300s de la de\u0301mocratie dans la re\u0301gion. En tant que me\u0301decin, il a inspire\u0301 l\u2019unite\u0301 et la solidarite\u0301 entre les professions me\u0301dicales et les re\u0301gions afin de pre\u0301senter un front uni et d\u2019obtenir de meilleures conditions de travail pour toute une se\u0301rie de personnels me\u0301dicaux.<\/p>\n<p>L\u2019activisme re\u0301cent du Prof Dosseh est centre\u0301 sur la mise en place d\u2019une approche cre\u0301ative re\u0301gionale et internationale pour faire respecter la limitation des mandats pre\u0301sidentiels en Afrique de l\u2019Ouest.<\/p>\n<p><strong>Pour plus d&rsquo;informations et d&rsquo;analyses sur la <a href=\"https:\/\/www.africa-press.net\/togo\">Togo<\/a>, suivez <a href=\"https:\/\/www.africa-press.net\/\">Africa-Press<\/a><\/strong><\/p>\n","protected":false},"excerpt":{"rendered":"<p>Africa-Press &#8211; Togo. Professeur David Dosseh du Front Citoyen Togo Debout a rec\u0327u, ce mercredi aux Etats Unis, le Prix de De\u0301fenseur des Droits Humains 2022 du De\u0301partement d\u2019Etat ame\u0301ricain. Pour le compte de l\u2019e\u0301dition 2022 du Annual Global Human Rights Defender Award (Prix annuel des de\u0301fenseurs mondiaux des droits de l\u2019homme), ils sont au [&hellip;]<\/p>\n","protected":false},"author":82,"featured_media":16732,"comment_status":"open","ping_status":"closed","sticky":false,"template":"","format":"standard","meta":{"footnotes":""},"categories":[2,10],"tags":[36,49,50],"class_list":["post-16733","post","type-post","status-publish","format-standard","has-post-thumbnail","hentry","category-politique","category-toutes-les-actualites","tag-africa-press","tag-africa-press-togo","tag-togo"],"yoast_head":"<!-- This site is optimized with the Yoast SEO Premium plugin v26.1 (Yoast SEO v27.0) - https:\/\/yoast.com\/product\/yoast-seo-premium-wordpress\/ -->\n<title>Togo-D\u00e9fense des droits humains: Prof. David Dosseh prim\u00e9 aux Etats Unis - Togo<\/title>\n<meta name=\"robots\" content=\"index, follow, max-snippet:-1, max-image-preview:large, max-video-preview:-1\" \/>\n<link rel=\"canonical\" href=\"https:\/\/www.africa-press.net\/togo\/politique\/togo-defense-des-droits-humains-prof-david-dosseh-prime-aux-etats-unis\" \/>\n<meta property=\"og:locale\" content=\"fr_FR\" \/>\n<meta property=\"og:type\" content=\"article\" \/>\n<meta property=\"og:title\" content=\"Togo-D\u00e9fense des droits humains: Prof. David Dosseh prim\u00e9 aux Etats Unis\" \/>\n<meta property=\"og:description\" content=\"Africa-Press &#8211; Togo. Professeur David Dosseh du Front Citoyen Togo Debout a rec\u0327u, ce mercredi aux Etats Unis, le Prix de De\u0301fenseur des Droits Humains 2022 du De\u0301partement d\u2019Etat ame\u0301ricain. Pour le compte de l\u2019e\u0301dition 2022 du Annual Global Human Rights Defender Award (Prix annuel des de\u0301fenseurs mondiaux des droits de l\u2019homme), ils sont au [&hellip;]\" \/>\n<meta property=\"og:url\" content=\"https:\/\/www.africa-press.net\/togo\/politique\/togo-defense-des-droits-humains-prof-david-dosseh-prime-aux-etats-unis\" \/>\n<meta property=\"og:site_name\" content=\"Togo\" \/>\n<meta property=\"article:published_time\" content=\"2023-02-02T12:32:07+00:00\" \/>\n<meta name=\"author\" content=\"cfeditorfr\" \/>\n<meta name=\"twitter:card\" content=\"summary_large_image\" \/>\n<meta name=\"twitter:label1\" content=\"\u00c9crit par\" \/>\n\t<meta name=\"twitter:data1\" content=\"cfeditorfr\" \/>\n\t<meta name=\"twitter:label2\" content=\"Dur\u00e9e de lecture estim\u00e9e\" \/>\n\t<meta name=\"twitter:data2\" content=\"2 minutes\" \/>\n<script type=\"application\/ld+json\" class=\"yoast-schema-graph\">{\"@context\":\"https:\/\/schema.org\",\"@graph\":[{\"@type\":\"Article\",\"@id\":\"https:\/\/www.africa-press.net\/togo\/politique\/togo-defense-des-droits-humains-prof-david-dosseh-prime-aux-etats-unis#article\",\"isPartOf\":{\"@id\":\"https:\/\/www.africa-press.net\/togo\/politique\/togo-defense-des-droits-humains-prof-david-dosseh-prime-aux-etats-unis\"},\"author\":{\"name\":\"cfeditorfr\",\"@id\":\"https:\/\/www.africa-press.net\/togo\/#\/schema\/person\/2b1cf3cd81a31e3cd26889ca66d677f1\"},\"headline\":\"Togo-D\u00e9fense des droits humains: Prof. David Dosseh prim\u00e9 aux Etats Unis\",\"datePublished\":\"2023-02-02T12:32:07+00:00\",\"mainEntityOfPage\":{\"@id\":\"https:\/\/www.africa-press.net\/togo\/politique\/togo-defense-des-droits-humains-prof-david-dosseh-prime-aux-etats-unis\"},\"wordCount\":332,\"commentCount\":0,\"image\":{\"@id\":\"https:\/\/www.africa-press.net\/togo\/politique\/togo-defense-des-droits-humains-prof-david-dosseh-prime-aux-etats-unis#primaryimage\"},\"thumbnailUrl\":\"https:\/\/static.africa-press.net\/togo\/sites\/58\/2023\/02\/postQueueImg_1675328531.91.jpg\",\"keywords\":[\"Africa Press\",\"Africa Press-Togo\",\"Togo\"],\"articleSection\":[\"Politique\",\"Toutes les actualit\u00e9s\"],\"inLanguage\":\"fr-FR\",\"potentialAction\":[{\"@type\":\"CommentAction\",\"name\":\"Comment\",\"target\":[\"https:\/\/www.africa-press.net\/togo\/politique\/togo-defense-des-droits-humains-prof-david-dosseh-prime-aux-etats-unis#respond\"]}]},{\"@type\":\"WebPage\",\"@id\":\"https:\/\/www.africa-press.net\/togo\/politique\/togo-defense-des-droits-humains-prof-david-dosseh-prime-aux-etats-unis\",\"url\":\"https:\/\/www.africa-press.net\/togo\/politique\/togo-defense-des-droits-humains-prof-david-dosseh-prime-aux-etats-unis\",\"name\":\"Togo-D\u00e9fense des droits humains: Prof. David Dosseh prim\u00e9 aux Etats Unis - Togo\",\"isPartOf\":{\"@id\":\"https:\/\/www.africa-press.net\/togo\/#website\"},\"primaryImageOfPage\":{\"@id\":\"https:\/\/www.africa-press.net\/togo\/politique\/togo-defense-des-droits-humains-prof-david-dosseh-prime-aux-etats-unis#primaryimage\"},\"image\":{\"@id\":\"https:\/\/www.africa-press.net\/togo\/politique\/togo-defense-des-droits-humains-prof-david-dosseh-prime-aux-etats-unis#primaryimage\"},\"thumbnailUrl\":\"https:\/\/static.africa-press.net\/togo\/sites\/58\/2023\/02\/postQueueImg_1675328531.91.jpg\",\"datePublished\":\"2023-02-02T12:32:07+00:00\",\"author\":{\"@id\":\"https:\/\/www.africa-press.net\/togo\/#\/schema\/person\/2b1cf3cd81a31e3cd26889ca66d677f1\"},\"breadcrumb\":{\"@id\":\"https:\/\/www.africa-press.net\/togo\/politique\/togo-defense-des-droits-humains-prof-david-dosseh-prime-aux-etats-unis#breadcrumb\"},\"inLanguage\":\"fr-FR\",\"potentialAction\":[{\"@type\":\"ReadAction\",\"target\":[\"https:\/\/www.africa-press.net\/togo\/politique\/togo-defense-des-droits-humains-prof-david-dosseh-prime-aux-etats-unis\"]}]},{\"@type\":\"ImageObject\",\"inLanguage\":\"fr-FR\",\"@id\":\"https:\/\/www.africa-press.net\/togo\/politique\/togo-defense-des-droits-humains-prof-david-dosseh-prime-aux-etats-unis#primaryimage\",\"url\":\"https:\/\/static.africa-press.net\/togo\/sites\/58\/2023\/02\/postQueueImg_1675328531.91.jpg\",\"contentUrl\":\"https:\/\/static.africa-press.net\/togo\/sites\/58\/2023\/02\/postQueueImg_1675328531.91.jpg\",\"width\":1280,\"height\":802,\"caption\":\"Togo-D\u00e9fense des droits humains: Prof. David Dosseh prim\u00e9 aux Etats Unis\"},{\"@type\":\"BreadcrumbList\",\"@id\":\"https:\/\/www.africa-press.net\/togo\/politique\/togo-defense-des-droits-humains-prof-david-dosseh-prime-aux-etats-unis#breadcrumb\",\"itemListElement\":[{\"@type\":\"ListItem\",\"position\":1,\"name\":\"Accueil\",\"item\":\"https:\/\/www.africa-press.net\/togo\/\"},{\"@type\":\"ListItem\",\"position\":2,\"name\":\"Togo-D\u00e9fense des droits humains: Prof. David Dosseh prim\u00e9 aux Etats Unis\"}]},{\"@type\":\"WebSite\",\"@id\":\"https:\/\/www.africa-press.net\/togo\/#website\",\"url\":\"https:\/\/www.africa-press.net\/togo\/\",\"name\":\"Togo\",\"description\":\"Just another Africa News Agency Sites site\",\"potentialAction\":[{\"@type\":\"SearchAction\",\"target\":{\"@type\":\"EntryPoint\",\"urlTemplate\":\"https:\/\/www.africa-press.net\/togo\/?s={search_term_string}\"},\"query-input\":{\"@type\":\"PropertyValueSpecification\",\"valueRequired\":true,\"valueName\":\"search_term_string\"}}],\"inLanguage\":\"fr-FR\"},{\"@type\":\"Person\",\"@id\":\"https:\/\/www.africa-press.net\/togo\/#\/schema\/person\/2b1cf3cd81a31e3cd26889ca66d677f1\",\"name\":\"cfeditorfr\"}]}<\/script>\n<!-- \/ Yoast SEO Premium plugin. -->","yoast_head_json":{"title":"Togo-D\u00e9fense des droits humains: Prof. David Dosseh prim\u00e9 aux Etats Unis - Togo","robots":{"index":"index","follow":"follow","max-snippet":"max-snippet:-1","max-image-preview":"max-image-preview:large","max-video-preview":"max-video-preview:-1"},"canonical":"https:\/\/www.africa-press.net\/togo\/politique\/togo-defense-des-droits-humains-prof-david-dosseh-prime-aux-etats-unis","og_locale":"fr_FR","og_type":"article","og_title":"Togo-D\u00e9fense des droits humains: Prof. David Dosseh prim\u00e9 aux Etats Unis","og_description":"Africa-Press &#8211; Togo. Professeur David Dosseh du Front Citoyen Togo Debout a rec\u0327u, ce mercredi aux Etats Unis, le Prix de De\u0301fenseur des Droits Humains 2022 du De\u0301partement d\u2019Etat ame\u0301ricain. Pour le compte de l\u2019e\u0301dition 2022 du Annual Global Human Rights Defender Award (Prix annuel des de\u0301fenseurs mondiaux des droits de l\u2019homme), ils sont au [&hellip;]","og_url":"https:\/\/www.africa-press.net\/togo\/politique\/togo-defense-des-droits-humains-prof-david-dosseh-prime-aux-etats-unis","og_site_name":"Togo","article_published_time":"2023-02-02T12:32:07+00:00","author":"cfeditorfr","twitter_card":"summary_large_image","twitter_misc":{"\u00c9crit par":"cfeditorfr","Dur\u00e9e de lecture estim\u00e9e":"2 minutes"},"schema":{"@context":"https:\/\/schema.org","@graph":[{"@type":"Article","@id":"https:\/\/www.africa-press.net\/togo\/politique\/togo-defense-des-droits-humains-prof-david-dosseh-prime-aux-etats-unis#article","isPartOf":{"@id":"https:\/\/www.africa-press.net\/togo\/politique\/togo-defense-des-droits-humains-prof-david-dosseh-prime-aux-etats-unis"},"author":{"name":"cfeditorfr","@id":"https:\/\/www.africa-press.net\/togo\/#\/schema\/person\/2b1cf3cd81a31e3cd26889ca66d677f1"},"headline":"Togo-D\u00e9fense des droits humains: Prof. David Dosseh prim\u00e9 aux Etats Unis","datePublished":"2023-02-02T12:32:07+00:00","mainEntityOfPage":{"@id":"https:\/\/www.africa-press.net\/togo\/politique\/togo-defense-des-droits-humains-prof-david-dosseh-prime-aux-etats-unis"},"wordCount":332,"commentCount":0,"image":{"@id":"https:\/\/www.africa-press.net\/togo\/politique\/togo-defense-des-droits-humains-prof-david-dosseh-prime-aux-etats-unis#primaryimage"},"thumbnailUrl":"https:\/\/static.africa-press.net\/togo\/sites\/58\/2023\/02\/postQueueImg_1675328531.91.jpg","keywords":["Africa Press","Africa Press-Togo","Togo"],"articleSection":["Politique","Toutes les actualit\u00e9s"],"inLanguage":"fr-FR","potentialAction":[{"@type":"CommentAction","name":"Comment","target":["https:\/\/www.africa-press.net\/togo\/politique\/togo-defense-des-droits-humains-prof-david-dosseh-prime-aux-etats-unis#respond"]}]},{"@type":"WebPage","@id":"https:\/\/www.africa-press.net\/togo\/politique\/togo-defense-des-droits-humains-prof-david-dosseh-prime-aux-etats-unis","url":"https:\/\/www.africa-press.net\/togo\/politique\/togo-defense-des-droits-humains-prof-david-dosseh-prime-aux-etats-unis","name":"Togo-D\u00e9fense des droits humains: Prof. David Dosseh prim\u00e9 aux Etats Unis - Togo","isPartOf":{"@id":"https:\/\/www.africa-press.net\/togo\/#website"},"primaryImageOfPage":{"@id":"https:\/\/www.africa-press.net\/togo\/politique\/togo-defense-des-droits-humains-prof-david-dosseh-prime-aux-etats-unis#primaryimage"},"image":{"@id":"https:\/\/www.africa-press.net\/togo\/politique\/togo-defense-des-droits-humains-prof-david-dosseh-prime-aux-etats-unis#primaryimage"},"thumbnailUrl":"https:\/\/static.africa-press.net\/togo\/sites\/58\/2023\/02\/postQueueImg_1675328531.91.jpg","datePublished":"2023-02-02T12:32:07+00:00","author":{"@id":"https:\/\/www.africa-press.net\/togo\/#\/schema\/person\/2b1cf3cd81a31e3cd26889ca66d677f1"},"breadcrumb":{"@id":"https:\/\/www.africa-press.net\/togo\/politique\/togo-defense-des-droits-humains-prof-david-dosseh-prime-aux-etats-unis#breadcrumb"},"inLanguage":"fr-FR","potentialAction":[{"@type":"ReadAction","target":["https:\/\/www.africa-press.net\/togo\/politique\/togo-defense-des-droits-humains-prof-david-dosseh-prime-aux-etats-unis"]}]},{"@type":"ImageObject","inLanguage":"fr-FR","@id":"https:\/\/www.africa-press.net\/togo\/politique\/togo-defense-des-droits-humains-prof-david-dosseh-prime-aux-etats-unis#primaryimage","url":"https:\/\/static.africa-press.net\/togo\/sites\/58\/2023\/02\/postQueueImg_1675328531.91.jpg","contentUrl":"https:\/\/static.africa-press.net\/togo\/sites\/58\/2023\/02\/postQueueImg_1675328531.91.jpg","width":1280,"height":802,"caption":"Togo-D\u00e9fense des droits humains: Prof. David Dosseh prim\u00e9 aux Etats Unis"},{"@type":"BreadcrumbList","@id":"https:\/\/www.africa-press.net\/togo\/politique\/togo-defense-des-droits-humains-prof-david-dosseh-prime-aux-etats-unis#breadcrumb","itemListElement":[{"@type":"ListItem","position":1,"name":"Accueil","item":"https:\/\/www.africa-press.net\/togo\/"},{"@type":"ListItem","position":2,"name":"Togo-D\u00e9fense des droits humains: Prof. David Dosseh prim\u00e9 aux Etats Unis"}]},{"@type":"WebSite","@id":"https:\/\/www.africa-press.net\/togo\/#website","url":"https:\/\/www.africa-press.net\/togo\/","name":"Togo","description":"Just another Africa News Agency Sites site","potentialAction":[{"@type":"SearchAction","target":{"@type":"EntryPoint","urlTemplate":"https:\/\/www.africa-press.net\/togo\/?s={search_term_string}"},"query-input":{"@type":"PropertyValueSpecification","valueRequired":true,"valueName":"search_term_string"}}],"inLanguage":"fr-FR"},{"@type":"Person","@id":"https:\/\/www.africa-press.net\/togo\/#\/schema\/person\/2b1cf3cd81a31e3cd26889ca66d677f1","name":"cfeditorfr"}]}},"_links":{"self":[{"href":"https:\/\/www.africa-press.net\/togo\/wp-json\/wp\/v2\/posts\/16733","targetHints":{"allow":["GET"]}}],"collection":[{"href":"https:\/\/www.africa-press.net\/togo\/wp-json\/wp\/v2\/posts"}],"about":[{"href":"https:\/\/www.africa-press.net\/togo\/wp-json\/wp\/v2\/types\/post"}],"author":[{"embeddable":true,"href":"https:\/\/www.africa-press.net\/togo\/wp-json\/wp\/v2\/users\/82"}],"replies":[{"embeddable":true,"href":"https:\/\/www.africa-press.net\/togo\/wp-json\/wp\/v2\/comments?post=16733"}],"version-history":[{"count":0,"href":"https:\/\/www.africa-press.net\/togo\/wp-json\/wp\/v2\/posts\/16733\/revisions"}],"wp:featuredmedia":[{"embeddable":true,"href":"https:\/\/www.africa-press.net\/togo\/wp-json\/wp\/v2\/media\/16732"}],"wp:attachment":[{"href":"https:\/\/www.africa-press.net\/togo\/wp-json\/wp\/v2\/media?parent=16733"}],"wp:term":[{"taxonomy":"category","embeddable":true,"href":"https:\/\/www.africa-press.net\/togo\/wp-json\/wp\/v2\/categories?post=16733"},{"taxonomy":"post_tag","embeddable":true,"href":"https:\/\/www.africa-press.net\/togo\/wp-json\/wp\/v2\/tags?post=16733"}],"curies":[{"name":"wp","href":"https:\/\/api.w.org\/{rel}","templated":true}]}}