{"id":16742,"date":"2023-02-02T12:32:24","date_gmt":"2023-02-02T12:32:24","guid":{"rendered":"https:\/\/www.africa-press.net\/togo\/politique\/togo-les-eleves-pagailleurs-dans-le-viseur-du-ministre-kokoroko"},"modified":"2023-02-02T12:32:24","modified_gmt":"2023-02-02T12:32:24","slug":"togo-les-eleves-pagailleurs-dans-le-viseur-du-ministre-kokoroko","status":"publish","type":"post","link":"https:\/\/www.africa-press.net\/togo\/toutes-les-actualites\/togo-les-eleves-pagailleurs-dans-le-viseur-du-ministre-kokoroko","title":{"rendered":"Togo-Les \u00e9l\u00e8ves \u00ab pagailleurs \u00bb dans le viseur du ministre Kokoroko"},"content":{"rendered":"<p><span style=\"color: #ff6600\"><strong>Africa-Press &#8211; Togo. <\/strong><\/span><b>Le ministre des Enseignements primaire, secondaire, technique et de l\u2019Artisanat rappelle aux e\u0301le\u0300ves perturbateurs en classe que rien ne sera plus comme avant.<\/b><\/p>\n<p>Ce mercredi 1er fe\u0301vrier 2023, a\u0300 Anie\u0301, devant des e\u0301le\u0300ves et des enseignants, au cours d\u2019une rencontre de proximite\u0301 et d\u2019e\u0301changes, Komla Dodzi Kokoroko, ministre des Enseignements primaire, secondaire, technique et de l\u2019Artisanat, re\u0301ite\u0300re que tant qu\u2019il sera a\u0300 son poste, un certain nombre d\u2019e\u0301carts de comportements des apprenants ne seront pas tole\u0301re\u0301s.<\/p>\n<p>\u00ab Je peux vous assurer que l\u2019e\u0301cole togolaise sous mon ministe\u0300re n\u2019acceptera jamais des e\u0301carts de comportements. Si vous jouez aux pagailleurs, l\u2019e\u0301cole vous sortira de ses rangs. Il y aura un temps d\u2019indulgence, mais l\u2019e\u0301cole togolaise ne subit et ne subira pas les caprices des filles et des garc\u0327ons qui ne veulent pas retrouver le chemin de la normalite\u0301 \u00bb, marte\u0300le-t-il.<\/p>\n<p>Il est imite\u0301 par Essohanam Batchana, membre de la de\u0301le\u0301gation du ministe\u0300re de tutelle. Selon ce dernier, l\u2019e\u0301cole togolaise doit e\u0302tre un cadre d\u2019e\u0301mulation. \u00ab Nous avons partage\u0301 avec les e\u0301le\u0300ves, les conseils et les expe\u0301riences sur les diffe\u0301rentes e\u0301tapes pour atteindre l\u2019excellence et les caracte\u0301ristiques d\u2019un e\u0301le\u0300ve qui veut e\u0302tre excellent \u00bb, confie-t-il.<\/p>\n<p>Il y a quelques jours, Afanvi Komlan Loki, e\u0301le\u0300ves en classe de terminale A4 au lyce\u0301e de Kara 1, a e\u0301te\u0301 exclu de tous les e\u0301tablissements scolaires de tous ordres de la re\u0301gion e\u0301ducative de la Kara pour le compte de l\u2019anne\u0301e 2022-2023, apre\u0300s qu\u2019il a tenu des propos de\u0301sobligeants et provocateurs en plein cour.<\/p>\n<p><strong>Pour plus d&rsquo;informations et d&rsquo;analyses sur la <a href=\"https:\/\/www.africa-press.net\/togo\">Togo<\/a>, suivez <a href=\"https:\/\/www.africa-press.net\/\">Africa-Press<\/a><\/strong><\/p>\n","protected":false},"excerpt":{"rendered":"<p>Africa-Press &#8211; Togo. Le ministre des Enseignements primaire, secondaire, technique et de l\u2019Artisanat rappelle aux e\u0301le\u0300ves perturbateurs en classe que rien ne sera plus comme avant. Ce mercredi 1er fe\u0301vrier 2023, a\u0300 Anie\u0301, devant des e\u0301le\u0300ves et des enseignants, au cours d\u2019une rencontre de proximite\u0301 et d\u2019e\u0301changes, Komla Dodzi Kokoroko, ministre des Enseignements primaire, secondaire, [&hellip;]<\/p>\n","protected":false},"author":82,"featured_media":16738,"comment_status":"open","ping_status":"closed","sticky":false,"template":"","format":"standard","meta":{"footnotes":""},"categories":[21,10],"tags":[36,49,50],"class_list":["post-16742","post","type-post","status-publish","format-standard","has-post-thumbnail","hentry","category-communaute","category-toutes-les-actualites","tag-africa-press","tag-africa-press-togo","tag-togo"],"yoast_head":"<!-- This site is optimized with the Yoast SEO Premium plugin v26.1 (Yoast SEO v27.0) - https:\/\/yoast.com\/product\/yoast-seo-premium-wordpress\/ -->\n<title>Togo-Les \u00e9l\u00e8ves \u00ab pagailleurs \u00bb dans le viseur du ministre Kokoroko - Togo<\/title>\n<meta name=\"robots\" content=\"index, follow, max-snippet:-1, max-image-preview:large, max-video-preview:-1\" \/>\n<link rel=\"canonical\" href=\"https:\/\/www.africa-press.net\/togo\/politique\/togo-les-eleves-pagailleurs-dans-le-viseur-du-ministre-kokoroko\" \/>\n<meta property=\"og:locale\" content=\"fr_FR\" \/>\n<meta property=\"og:type\" content=\"article\" \/>\n<meta property=\"og:title\" content=\"Togo-Les \u00e9l\u00e8ves \u00ab pagailleurs \u00bb dans le viseur du ministre Kokoroko\" \/>\n<meta property=\"og:description\" content=\"Africa-Press &#8211; Togo. Le ministre des Enseignements primaire, secondaire, technique et de l\u2019Artisanat rappelle aux e\u0301le\u0300ves perturbateurs en classe que rien ne sera plus comme avant. Ce mercredi 1er fe\u0301vrier 2023, a\u0300 Anie\u0301, devant des e\u0301le\u0300ves et des enseignants, au cours d\u2019une rencontre de proximite\u0301 et d\u2019e\u0301changes, Komla Dodzi Kokoroko, ministre des Enseignements primaire, secondaire, [&hellip;]\" \/>\n<meta property=\"og:url\" content=\"https:\/\/www.africa-press.net\/togo\/politique\/togo-les-eleves-pagailleurs-dans-le-viseur-du-ministre-kokoroko\" \/>\n<meta property=\"og:site_name\" content=\"Togo\" \/>\n<meta property=\"article:published_time\" content=\"2023-02-02T12:32:24+00:00\" \/>\n<meta name=\"author\" content=\"cfeditorfr\" \/>\n<meta name=\"twitter:card\" content=\"summary_large_image\" \/>\n<meta name=\"twitter:label1\" content=\"\u00c9crit par\" \/>\n\t<meta name=\"twitter:data1\" content=\"cfeditorfr\" \/>\n\t<meta name=\"twitter:label2\" content=\"Dur\u00e9e de lecture estim\u00e9e\" \/>\n\t<meta name=\"twitter:data2\" content=\"2 minutes\" \/>\n<script type=\"application\/ld+json\" class=\"yoast-schema-graph\">{\"@context\":\"https:\/\/schema.org\",\"@graph\":[{\"@type\":\"Article\",\"@id\":\"https:\/\/www.africa-press.net\/togo\/politique\/togo-les-eleves-pagailleurs-dans-le-viseur-du-ministre-kokoroko#article\",\"isPartOf\":{\"@id\":\"https:\/\/www.africa-press.net\/togo\/politique\/togo-les-eleves-pagailleurs-dans-le-viseur-du-ministre-kokoroko\"},\"author\":{\"name\":\"cfeditorfr\",\"@id\":\"https:\/\/www.africa-press.net\/togo\/#\/schema\/person\/2b1cf3cd81a31e3cd26889ca66d677f1\"},\"headline\":\"Togo-Les \u00e9l\u00e8ves \u00ab pagailleurs \u00bb dans le viseur du ministre Kokoroko\",\"datePublished\":\"2023-02-02T12:32:24+00:00\",\"mainEntityOfPage\":{\"@id\":\"https:\/\/www.africa-press.net\/togo\/politique\/togo-les-eleves-pagailleurs-dans-le-viseur-du-ministre-kokoroko\"},\"wordCount\":326,\"commentCount\":0,\"image\":{\"@id\":\"https:\/\/www.africa-press.net\/togo\/politique\/togo-les-eleves-pagailleurs-dans-le-viseur-du-ministre-kokoroko#primaryimage\"},\"thumbnailUrl\":\"https:\/\/static.africa-press.net\/togo\/sites\/58\/2023\/02\/postQueueImg_1675328548.09.jpg\",\"keywords\":[\"Africa Press\",\"Africa Press-Togo\",\"Togo\"],\"articleSection\":[\"Communaut\u00e9\",\"Toutes les actualit\u00e9s\"],\"inLanguage\":\"fr-FR\",\"potentialAction\":[{\"@type\":\"CommentAction\",\"name\":\"Comment\",\"target\":[\"https:\/\/www.africa-press.net\/togo\/politique\/togo-les-eleves-pagailleurs-dans-le-viseur-du-ministre-kokoroko#respond\"]}]},{\"@type\":\"WebPage\",\"@id\":\"https:\/\/www.africa-press.net\/togo\/politique\/togo-les-eleves-pagailleurs-dans-le-viseur-du-ministre-kokoroko\",\"url\":\"https:\/\/www.africa-press.net\/togo\/politique\/togo-les-eleves-pagailleurs-dans-le-viseur-du-ministre-kokoroko\",\"name\":\"Togo-Les \u00e9l\u00e8ves \u00ab pagailleurs \u00bb dans le viseur du ministre Kokoroko - Togo\",\"isPartOf\":{\"@id\":\"https:\/\/www.africa-press.net\/togo\/#website\"},\"primaryImageOfPage\":{\"@id\":\"https:\/\/www.africa-press.net\/togo\/politique\/togo-les-eleves-pagailleurs-dans-le-viseur-du-ministre-kokoroko#primaryimage\"},\"image\":{\"@id\":\"https:\/\/www.africa-press.net\/togo\/politique\/togo-les-eleves-pagailleurs-dans-le-viseur-du-ministre-kokoroko#primaryimage\"},\"thumbnailUrl\":\"https:\/\/static.africa-press.net\/togo\/sites\/58\/2023\/02\/postQueueImg_1675328548.09.jpg\",\"datePublished\":\"2023-02-02T12:32:24+00:00\",\"author\":{\"@id\":\"https:\/\/www.africa-press.net\/togo\/#\/schema\/person\/2b1cf3cd81a31e3cd26889ca66d677f1\"},\"breadcrumb\":{\"@id\":\"https:\/\/www.africa-press.net\/togo\/politique\/togo-les-eleves-pagailleurs-dans-le-viseur-du-ministre-kokoroko#breadcrumb\"},\"inLanguage\":\"fr-FR\",\"potentialAction\":[{\"@type\":\"ReadAction\",\"target\":[\"https:\/\/www.africa-press.net\/togo\/politique\/togo-les-eleves-pagailleurs-dans-le-viseur-du-ministre-kokoroko\"]}]},{\"@type\":\"ImageObject\",\"inLanguage\":\"fr-FR\",\"@id\":\"https:\/\/www.africa-press.net\/togo\/politique\/togo-les-eleves-pagailleurs-dans-le-viseur-du-ministre-kokoroko#primaryimage\",\"url\":\"https:\/\/static.africa-press.net\/togo\/sites\/58\/2023\/02\/postQueueImg_1675328548.09.jpg\",\"contentUrl\":\"https:\/\/static.africa-press.net\/togo\/sites\/58\/2023\/02\/postQueueImg_1675328548.09.jpg\",\"width\":1280,\"height\":800,\"caption\":\"Togo-Les \u00e9l\u00e8ves \u00ab pagailleurs \u00bb dans le viseur du ministre Kokoroko\"},{\"@type\":\"BreadcrumbList\",\"@id\":\"https:\/\/www.africa-press.net\/togo\/politique\/togo-les-eleves-pagailleurs-dans-le-viseur-du-ministre-kokoroko#breadcrumb\",\"itemListElement\":[{\"@type\":\"ListItem\",\"position\":1,\"name\":\"Accueil\",\"item\":\"https:\/\/www.africa-press.net\/togo\/\"},{\"@type\":\"ListItem\",\"position\":2,\"name\":\"Togo-Les \u00e9l\u00e8ves \u00ab pagailleurs \u00bb dans le viseur du ministre Kokoroko\"}]},{\"@type\":\"WebSite\",\"@id\":\"https:\/\/www.africa-press.net\/togo\/#website\",\"url\":\"https:\/\/www.africa-press.net\/togo\/\",\"name\":\"Togo\",\"description\":\"Just another Africa News Agency Sites site\",\"potentialAction\":[{\"@type\":\"SearchAction\",\"target\":{\"@type\":\"EntryPoint\",\"urlTemplate\":\"https:\/\/www.africa-press.net\/togo\/?s={search_term_string}\"},\"query-input\":{\"@type\":\"PropertyValueSpecification\",\"valueRequired\":true,\"valueName\":\"search_term_string\"}}],\"inLanguage\":\"fr-FR\"},{\"@type\":\"Person\",\"@id\":\"https:\/\/www.africa-press.net\/togo\/#\/schema\/person\/2b1cf3cd81a31e3cd26889ca66d677f1\",\"name\":\"cfeditorfr\"}]}<\/script>\n<!-- \/ Yoast SEO Premium plugin. -->","yoast_head_json":{"title":"Togo-Les \u00e9l\u00e8ves \u00ab pagailleurs \u00bb dans le viseur du ministre Kokoroko - Togo","robots":{"index":"index","follow":"follow","max-snippet":"max-snippet:-1","max-image-preview":"max-image-preview:large","max-video-preview":"max-video-preview:-1"},"canonical":"https:\/\/www.africa-press.net\/togo\/politique\/togo-les-eleves-pagailleurs-dans-le-viseur-du-ministre-kokoroko","og_locale":"fr_FR","og_type":"article","og_title":"Togo-Les \u00e9l\u00e8ves \u00ab pagailleurs \u00bb dans le viseur du ministre Kokoroko","og_description":"Africa-Press &#8211; Togo. Le ministre des Enseignements primaire, secondaire, technique et de l\u2019Artisanat rappelle aux e\u0301le\u0300ves perturbateurs en classe que rien ne sera plus comme avant. Ce mercredi 1er fe\u0301vrier 2023, a\u0300 Anie\u0301, devant des e\u0301le\u0300ves et des enseignants, au cours d\u2019une rencontre de proximite\u0301 et d\u2019e\u0301changes, Komla Dodzi Kokoroko, ministre des Enseignements primaire, secondaire, [&hellip;]","og_url":"https:\/\/www.africa-press.net\/togo\/politique\/togo-les-eleves-pagailleurs-dans-le-viseur-du-ministre-kokoroko","og_site_name":"Togo","article_published_time":"2023-02-02T12:32:24+00:00","author":"cfeditorfr","twitter_card":"summary_large_image","twitter_misc":{"\u00c9crit par":"cfeditorfr","Dur\u00e9e de lecture estim\u00e9e":"2 minutes"},"schema":{"@context":"https:\/\/schema.org","@graph":[{"@type":"Article","@id":"https:\/\/www.africa-press.net\/togo\/politique\/togo-les-eleves-pagailleurs-dans-le-viseur-du-ministre-kokoroko#article","isPartOf":{"@id":"https:\/\/www.africa-press.net\/togo\/politique\/togo-les-eleves-pagailleurs-dans-le-viseur-du-ministre-kokoroko"},"author":{"name":"cfeditorfr","@id":"https:\/\/www.africa-press.net\/togo\/#\/schema\/person\/2b1cf3cd81a31e3cd26889ca66d677f1"},"headline":"Togo-Les \u00e9l\u00e8ves \u00ab pagailleurs \u00bb dans le viseur du ministre Kokoroko","datePublished":"2023-02-02T12:32:24+00:00","mainEntityOfPage":{"@id":"https:\/\/www.africa-press.net\/togo\/politique\/togo-les-eleves-pagailleurs-dans-le-viseur-du-ministre-kokoroko"},"wordCount":326,"commentCount":0,"image":{"@id":"https:\/\/www.africa-press.net\/togo\/politique\/togo-les-eleves-pagailleurs-dans-le-viseur-du-ministre-kokoroko#primaryimage"},"thumbnailUrl":"https:\/\/static.africa-press.net\/togo\/sites\/58\/2023\/02\/postQueueImg_1675328548.09.jpg","keywords":["Africa Press","Africa Press-Togo","Togo"],"articleSection":["Communaut\u00e9","Toutes les actualit\u00e9s"],"inLanguage":"fr-FR","potentialAction":[{"@type":"CommentAction","name":"Comment","target":["https:\/\/www.africa-press.net\/togo\/politique\/togo-les-eleves-pagailleurs-dans-le-viseur-du-ministre-kokoroko#respond"]}]},{"@type":"WebPage","@id":"https:\/\/www.africa-press.net\/togo\/politique\/togo-les-eleves-pagailleurs-dans-le-viseur-du-ministre-kokoroko","url":"https:\/\/www.africa-press.net\/togo\/politique\/togo-les-eleves-pagailleurs-dans-le-viseur-du-ministre-kokoroko","name":"Togo-Les \u00e9l\u00e8ves \u00ab pagailleurs \u00bb dans le viseur du ministre Kokoroko - Togo","isPartOf":{"@id":"https:\/\/www.africa-press.net\/togo\/#website"},"primaryImageOfPage":{"@id":"https:\/\/www.africa-press.net\/togo\/politique\/togo-les-eleves-pagailleurs-dans-le-viseur-du-ministre-kokoroko#primaryimage"},"image":{"@id":"https:\/\/www.africa-press.net\/togo\/politique\/togo-les-eleves-pagailleurs-dans-le-viseur-du-ministre-kokoroko#primaryimage"},"thumbnailUrl":"https:\/\/static.africa-press.net\/togo\/sites\/58\/2023\/02\/postQueueImg_1675328548.09.jpg","datePublished":"2023-02-02T12:32:24+00:00","author":{"@id":"https:\/\/www.africa-press.net\/togo\/#\/schema\/person\/2b1cf3cd81a31e3cd26889ca66d677f1"},"breadcrumb":{"@id":"https:\/\/www.africa-press.net\/togo\/politique\/togo-les-eleves-pagailleurs-dans-le-viseur-du-ministre-kokoroko#breadcrumb"},"inLanguage":"fr-FR","potentialAction":[{"@type":"ReadAction","target":["https:\/\/www.africa-press.net\/togo\/politique\/togo-les-eleves-pagailleurs-dans-le-viseur-du-ministre-kokoroko"]}]},{"@type":"ImageObject","inLanguage":"fr-FR","@id":"https:\/\/www.africa-press.net\/togo\/politique\/togo-les-eleves-pagailleurs-dans-le-viseur-du-ministre-kokoroko#primaryimage","url":"https:\/\/static.africa-press.net\/togo\/sites\/58\/2023\/02\/postQueueImg_1675328548.09.jpg","contentUrl":"https:\/\/static.africa-press.net\/togo\/sites\/58\/2023\/02\/postQueueImg_1675328548.09.jpg","width":1280,"height":800,"caption":"Togo-Les \u00e9l\u00e8ves \u00ab pagailleurs \u00bb dans le viseur du ministre Kokoroko"},{"@type":"BreadcrumbList","@id":"https:\/\/www.africa-press.net\/togo\/politique\/togo-les-eleves-pagailleurs-dans-le-viseur-du-ministre-kokoroko#breadcrumb","itemListElement":[{"@type":"ListItem","position":1,"name":"Accueil","item":"https:\/\/www.africa-press.net\/togo\/"},{"@type":"ListItem","position":2,"name":"Togo-Les \u00e9l\u00e8ves \u00ab pagailleurs \u00bb dans le viseur du ministre Kokoroko"}]},{"@type":"WebSite","@id":"https:\/\/www.africa-press.net\/togo\/#website","url":"https:\/\/www.africa-press.net\/togo\/","name":"Togo","description":"Just another Africa News Agency Sites site","potentialAction":[{"@type":"SearchAction","target":{"@type":"EntryPoint","urlTemplate":"https:\/\/www.africa-press.net\/togo\/?s={search_term_string}"},"query-input":{"@type":"PropertyValueSpecification","valueRequired":true,"valueName":"search_term_string"}}],"inLanguage":"fr-FR"},{"@type":"Person","@id":"https:\/\/www.africa-press.net\/togo\/#\/schema\/person\/2b1cf3cd81a31e3cd26889ca66d677f1","name":"cfeditorfr"}]}},"_links":{"self":[{"href":"https:\/\/www.africa-press.net\/togo\/wp-json\/wp\/v2\/posts\/16742","targetHints":{"allow":["GET"]}}],"collection":[{"href":"https:\/\/www.africa-press.net\/togo\/wp-json\/wp\/v2\/posts"}],"about":[{"href":"https:\/\/www.africa-press.net\/togo\/wp-json\/wp\/v2\/types\/post"}],"author":[{"embeddable":true,"href":"https:\/\/www.africa-press.net\/togo\/wp-json\/wp\/v2\/users\/82"}],"replies":[{"embeddable":true,"href":"https:\/\/www.africa-press.net\/togo\/wp-json\/wp\/v2\/comments?post=16742"}],"version-history":[{"count":0,"href":"https:\/\/www.africa-press.net\/togo\/wp-json\/wp\/v2\/posts\/16742\/revisions"}],"wp:featuredmedia":[{"embeddable":true,"href":"https:\/\/www.africa-press.net\/togo\/wp-json\/wp\/v2\/media\/16738"}],"wp:attachment":[{"href":"https:\/\/www.africa-press.net\/togo\/wp-json\/wp\/v2\/media?parent=16742"}],"wp:term":[{"taxonomy":"category","embeddable":true,"href":"https:\/\/www.africa-press.net\/togo\/wp-json\/wp\/v2\/categories?post=16742"},{"taxonomy":"post_tag","embeddable":true,"href":"https:\/\/www.africa-press.net\/togo\/wp-json\/wp\/v2\/tags?post=16742"}],"curies":[{"name":"wp","href":"https:\/\/api.w.org\/{rel}","templated":true}]}}