{"id":16744,"date":"2023-02-02T12:32:30","date_gmt":"2023-02-02T12:32:30","guid":{"rendered":"https:\/\/www.africa-press.net\/togo\/politique\/togo-la-visite-de-faure-gnassingbe-chez-ali-rapporte-bien-aux-togolais-de-gabon"},"modified":"2023-02-02T12:32:30","modified_gmt":"2023-02-02T12:32:30","slug":"togo-la-visite-de-faure-gnassingbe-chez-ali-rapporte-bien-aux-togolais-de-gabon","status":"publish","type":"post","link":"https:\/\/www.africa-press.net\/togo\/toutes-les-actualites\/togo-la-visite-de-faure-gnassingbe-chez-ali-rapporte-bien-aux-togolais-de-gabon","title":{"rendered":"Togo-La visite de Faure Gnassingb\u00e9 chez Ali rapporte bien aux Togolais de Gabon"},"content":{"rendered":"<p><span style=\"color: #ff6600\"><strong>Africa-Press &#8211; Togo. <\/strong><\/span><b>Apre\u0300s sa visite de travail et d\u2019amitie\u0301 a\u0300 Libreville au Gabon chez Ali Bongo, le chef de l\u2019Etat Faure Gnassingbe\u0301 a pre\u0301vu une \u00ab gratification \u00bb spe\u0301ciale a\u0300 toute la communaute\u0301 togolaise ayant fait le de\u0301placement lundi et mardi derniers a\u0300 l\u2019ae\u0301roport international Le\u0301on Mba pour lui faire la haie d\u2019honneur.<\/b><\/p>\n<p>C\u2019est ce qu\u2019indique un communique\u0301 du Haut-Commissariat du Togo au Gabon. En effet, le dimanche 29 janvier dernier, a\u0300 l\u2019annonce de la visite de Faure Gnassingbe\u0301 au Gabon, le me\u0302me Haut-Commissariat dans un communique\u0301, a invite\u0301 toute la communaute\u0301 togolaise au Gabon a\u0300 venir massivement a\u0300 l\u2019ae\u0301roport international Le\u0301on Mba de Libreville pour re\u0301server un accueil chaleureux le lundi 30 janvier a\u0300 7h a\u0300 l\u2019arrive\u0301e et le mardi 31 janvier 2023 a\u0300 14h00 au de\u0301part du chef de l\u2019Etat. Et ils sont nombreux ces Togolais a\u0300 re\u0301pondre a\u0300 cet appel.<\/p>\n<p>Faure Gnassingbe\u0301, a\u0300 son arrive\u0301e comme a\u0300 son de\u0301part, a eu droit aux habituelles haies d\u2019honneur. Le chef de l\u2019Etat togolais a e\u0301te\u0301 accueilli comme une star. C\u2019e\u0301tait un ve\u0301ritable bain de foule. Comme pour de\u0301montrer au monde entier qu\u2019il est le plus aime\u0301 des Togolais. Seulement comme les pleureuses du dictateur Capitaine Bobo Babimbi Cock in \u00ab Le Crocodile du Botswanga \u00bb, la mise en sce\u0300ne n\u2019e\u0301tait pas gratuite.<\/p>\n<p>Dans un autre communique\u0301 en date du 1er fe\u0301vrier 2023, le Haut-Commissariat du Togo au Gabon porte a\u0300 la connaissance de tous les compatriotes togolais ayant fait le de\u0301placement a\u0300 l\u2019ae\u0301roport de Le\u0301on Mba pour accueillir Faure Gnassingbe\u0301 dans le cadre de sa visite au Gabon (lundi et mardi derniers) qu\u2019une gratification leur a e\u0301te\u0301 re\u0301serve\u0301e. \u00ab Une gratification de Faure Gnassingbe\u0301 afin de leur exprimer sa joie \u00bb, pre\u0301cise le communique\u0301.<\/p>\n<p>\u00ab Les concerne\u0301s sont donc prie\u0301s de se rendre au Haut-Commissariat afin d\u2019entrer en possession de ladite gratification munis de leurs pie\u0300ces d\u2019identite\u0301 \u00bb, poursuit le communique\u0301.<\/p>\n<p>L\u2019on n\u2019a aucune ide\u0301e de la somme exacte que ces \u00ab animateurs \u00bb vont percevoir. Mais ce qui est su\u0302r, les distributeurs de cet argent gratuit auront e\u0301galement leur part du ga\u0302teau. De l\u2019argent jete\u0301 par la fene\u0302tre, critiquent certains.<\/p>\n<p><strong>Pour plus d&rsquo;informations et d&rsquo;analyses sur la <a href=\"https:\/\/www.africa-press.net\/togo\">Togo<\/a>, suivez <a href=\"https:\/\/www.africa-press.net\/\">Africa-Press<\/a><\/strong><\/p>\n","protected":false},"excerpt":{"rendered":"<p>Africa-Press &#8211; Togo. Apre\u0300s sa visite de travail et d\u2019amitie\u0301 a\u0300 Libreville au Gabon chez Ali Bongo, le chef de l\u2019Etat Faure Gnassingbe\u0301 a pre\u0301vu une \u00ab gratification \u00bb spe\u0301ciale a\u0300 toute la communaute\u0301 togolaise ayant fait le de\u0301placement lundi et mardi derniers a\u0300 l\u2019ae\u0301roport international Le\u0301on Mba pour lui faire la haie d\u2019honneur. C\u2019est [&hellip;]<\/p>\n","protected":false},"author":82,"featured_media":16740,"comment_status":"open","ping_status":"closed","sticky":false,"template":"","format":"standard","meta":{"footnotes":""},"categories":[21,10],"tags":[36,49,50],"class_list":["post-16744","post","type-post","status-publish","format-standard","has-post-thumbnail","hentry","category-communaute","category-toutes-les-actualites","tag-africa-press","tag-africa-press-togo","tag-togo"],"yoast_head":"<!-- This site is optimized with the Yoast SEO Premium plugin v26.1 (Yoast SEO v27.0) - https:\/\/yoast.com\/product\/yoast-seo-premium-wordpress\/ -->\n<title>Togo-La visite de Faure Gnassingb\u00e9 chez Ali rapporte bien aux Togolais de Gabon - Togo<\/title>\n<meta name=\"robots\" content=\"index, follow, max-snippet:-1, max-image-preview:large, max-video-preview:-1\" \/>\n<link rel=\"canonical\" href=\"https:\/\/www.africa-press.net\/togo\/politique\/togo-la-visite-de-faure-gnassingbe-chez-ali-rapporte-bien-aux-togolais-de-gabon\" \/>\n<meta property=\"og:locale\" content=\"fr_FR\" \/>\n<meta property=\"og:type\" content=\"article\" \/>\n<meta property=\"og:title\" content=\"Togo-La visite de Faure Gnassingb\u00e9 chez Ali rapporte bien aux Togolais de Gabon\" \/>\n<meta property=\"og:description\" content=\"Africa-Press &#8211; Togo. Apre\u0300s sa visite de travail et d\u2019amitie\u0301 a\u0300 Libreville au Gabon chez Ali Bongo, le chef de l\u2019Etat Faure Gnassingbe\u0301 a pre\u0301vu une \u00ab gratification \u00bb spe\u0301ciale a\u0300 toute la communaute\u0301 togolaise ayant fait le de\u0301placement lundi et mardi derniers a\u0300 l\u2019ae\u0301roport international Le\u0301on Mba pour lui faire la haie d\u2019honneur. C\u2019est [&hellip;]\" \/>\n<meta property=\"og:url\" content=\"https:\/\/www.africa-press.net\/togo\/politique\/togo-la-visite-de-faure-gnassingbe-chez-ali-rapporte-bien-aux-togolais-de-gabon\" \/>\n<meta property=\"og:site_name\" content=\"Togo\" \/>\n<meta property=\"article:published_time\" content=\"2023-02-02T12:32:30+00:00\" \/>\n<meta name=\"author\" content=\"cfeditorfr\" \/>\n<meta name=\"twitter:card\" content=\"summary_large_image\" \/>\n<meta name=\"twitter:label1\" content=\"\u00c9crit par\" \/>\n\t<meta name=\"twitter:data1\" content=\"cfeditorfr\" \/>\n\t<meta name=\"twitter:label2\" content=\"Dur\u00e9e de lecture estim\u00e9e\" \/>\n\t<meta name=\"twitter:data2\" content=\"2 minutes\" \/>\n<script type=\"application\/ld+json\" class=\"yoast-schema-graph\">{\"@context\":\"https:\/\/schema.org\",\"@graph\":[{\"@type\":\"Article\",\"@id\":\"https:\/\/www.africa-press.net\/togo\/politique\/togo-la-visite-de-faure-gnassingbe-chez-ali-rapporte-bien-aux-togolais-de-gabon#article\",\"isPartOf\":{\"@id\":\"https:\/\/www.africa-press.net\/togo\/politique\/togo-la-visite-de-faure-gnassingbe-chez-ali-rapporte-bien-aux-togolais-de-gabon\"},\"author\":{\"name\":\"cfeditorfr\",\"@id\":\"https:\/\/www.africa-press.net\/togo\/#\/schema\/person\/2b1cf3cd81a31e3cd26889ca66d677f1\"},\"headline\":\"Togo-La visite de Faure Gnassingb\u00e9 chez Ali rapporte bien aux Togolais de Gabon\",\"datePublished\":\"2023-02-02T12:32:30+00:00\",\"mainEntityOfPage\":{\"@id\":\"https:\/\/www.africa-press.net\/togo\/politique\/togo-la-visite-de-faure-gnassingbe-chez-ali-rapporte-bien-aux-togolais-de-gabon\"},\"wordCount\":422,\"commentCount\":0,\"image\":{\"@id\":\"https:\/\/www.africa-press.net\/togo\/politique\/togo-la-visite-de-faure-gnassingbe-chez-ali-rapporte-bien-aux-togolais-de-gabon#primaryimage\"},\"thumbnailUrl\":\"https:\/\/static.africa-press.net\/togo\/sites\/58\/2023\/02\/postQueueImg_1675329082.10.jpg\",\"keywords\":[\"Africa Press\",\"Africa Press-Togo\",\"Togo\"],\"articleSection\":[\"Communaut\u00e9\",\"Toutes les actualit\u00e9s\"],\"inLanguage\":\"fr-FR\",\"potentialAction\":[{\"@type\":\"CommentAction\",\"name\":\"Comment\",\"target\":[\"https:\/\/www.africa-press.net\/togo\/politique\/togo-la-visite-de-faure-gnassingbe-chez-ali-rapporte-bien-aux-togolais-de-gabon#respond\"]}]},{\"@type\":\"WebPage\",\"@id\":\"https:\/\/www.africa-press.net\/togo\/politique\/togo-la-visite-de-faure-gnassingbe-chez-ali-rapporte-bien-aux-togolais-de-gabon\",\"url\":\"https:\/\/www.africa-press.net\/togo\/politique\/togo-la-visite-de-faure-gnassingbe-chez-ali-rapporte-bien-aux-togolais-de-gabon\",\"name\":\"Togo-La visite de Faure Gnassingb\u00e9 chez Ali rapporte bien aux Togolais de Gabon - Togo\",\"isPartOf\":{\"@id\":\"https:\/\/www.africa-press.net\/togo\/#website\"},\"primaryImageOfPage\":{\"@id\":\"https:\/\/www.africa-press.net\/togo\/politique\/togo-la-visite-de-faure-gnassingbe-chez-ali-rapporte-bien-aux-togolais-de-gabon#primaryimage\"},\"image\":{\"@id\":\"https:\/\/www.africa-press.net\/togo\/politique\/togo-la-visite-de-faure-gnassingbe-chez-ali-rapporte-bien-aux-togolais-de-gabon#primaryimage\"},\"thumbnailUrl\":\"https:\/\/static.africa-press.net\/togo\/sites\/58\/2023\/02\/postQueueImg_1675329082.10.jpg\",\"datePublished\":\"2023-02-02T12:32:30+00:00\",\"author\":{\"@id\":\"https:\/\/www.africa-press.net\/togo\/#\/schema\/person\/2b1cf3cd81a31e3cd26889ca66d677f1\"},\"breadcrumb\":{\"@id\":\"https:\/\/www.africa-press.net\/togo\/politique\/togo-la-visite-de-faure-gnassingbe-chez-ali-rapporte-bien-aux-togolais-de-gabon#breadcrumb\"},\"inLanguage\":\"fr-FR\",\"potentialAction\":[{\"@type\":\"ReadAction\",\"target\":[\"https:\/\/www.africa-press.net\/togo\/politique\/togo-la-visite-de-faure-gnassingbe-chez-ali-rapporte-bien-aux-togolais-de-gabon\"]}]},{\"@type\":\"ImageObject\",\"inLanguage\":\"fr-FR\",\"@id\":\"https:\/\/www.africa-press.net\/togo\/politique\/togo-la-visite-de-faure-gnassingbe-chez-ali-rapporte-bien-aux-togolais-de-gabon#primaryimage\",\"url\":\"https:\/\/static.africa-press.net\/togo\/sites\/58\/2023\/02\/postQueueImg_1675329082.10.jpg\",\"contentUrl\":\"https:\/\/static.africa-press.net\/togo\/sites\/58\/2023\/02\/postQueueImg_1675329082.10.jpg\",\"width\":1280,\"height\":813,\"caption\":\"Togo-La visite de Faure Gnassingb\u00e9 chez Ali rapporte bien aux Togolais de Gabon\"},{\"@type\":\"BreadcrumbList\",\"@id\":\"https:\/\/www.africa-press.net\/togo\/politique\/togo-la-visite-de-faure-gnassingbe-chez-ali-rapporte-bien-aux-togolais-de-gabon#breadcrumb\",\"itemListElement\":[{\"@type\":\"ListItem\",\"position\":1,\"name\":\"Accueil\",\"item\":\"https:\/\/www.africa-press.net\/togo\/\"},{\"@type\":\"ListItem\",\"position\":2,\"name\":\"Togo-La visite de Faure Gnassingb\u00e9 chez Ali rapporte bien aux Togolais de Gabon\"}]},{\"@type\":\"WebSite\",\"@id\":\"https:\/\/www.africa-press.net\/togo\/#website\",\"url\":\"https:\/\/www.africa-press.net\/togo\/\",\"name\":\"Togo\",\"description\":\"Just another Africa News Agency Sites site\",\"potentialAction\":[{\"@type\":\"SearchAction\",\"target\":{\"@type\":\"EntryPoint\",\"urlTemplate\":\"https:\/\/www.africa-press.net\/togo\/?s={search_term_string}\"},\"query-input\":{\"@type\":\"PropertyValueSpecification\",\"valueRequired\":true,\"valueName\":\"search_term_string\"}}],\"inLanguage\":\"fr-FR\"},{\"@type\":\"Person\",\"@id\":\"https:\/\/www.africa-press.net\/togo\/#\/schema\/person\/2b1cf3cd81a31e3cd26889ca66d677f1\",\"name\":\"cfeditorfr\"}]}<\/script>\n<!-- \/ Yoast SEO Premium plugin. -->","yoast_head_json":{"title":"Togo-La visite de Faure Gnassingb\u00e9 chez Ali rapporte bien aux Togolais de Gabon - Togo","robots":{"index":"index","follow":"follow","max-snippet":"max-snippet:-1","max-image-preview":"max-image-preview:large","max-video-preview":"max-video-preview:-1"},"canonical":"https:\/\/www.africa-press.net\/togo\/politique\/togo-la-visite-de-faure-gnassingbe-chez-ali-rapporte-bien-aux-togolais-de-gabon","og_locale":"fr_FR","og_type":"article","og_title":"Togo-La visite de Faure Gnassingb\u00e9 chez Ali rapporte bien aux Togolais de Gabon","og_description":"Africa-Press &#8211; Togo. Apre\u0300s sa visite de travail et d\u2019amitie\u0301 a\u0300 Libreville au Gabon chez Ali Bongo, le chef de l\u2019Etat Faure Gnassingbe\u0301 a pre\u0301vu une \u00ab gratification \u00bb spe\u0301ciale a\u0300 toute la communaute\u0301 togolaise ayant fait le de\u0301placement lundi et mardi derniers a\u0300 l\u2019ae\u0301roport international Le\u0301on Mba pour lui faire la haie d\u2019honneur. C\u2019est [&hellip;]","og_url":"https:\/\/www.africa-press.net\/togo\/politique\/togo-la-visite-de-faure-gnassingbe-chez-ali-rapporte-bien-aux-togolais-de-gabon","og_site_name":"Togo","article_published_time":"2023-02-02T12:32:30+00:00","author":"cfeditorfr","twitter_card":"summary_large_image","twitter_misc":{"\u00c9crit par":"cfeditorfr","Dur\u00e9e de lecture estim\u00e9e":"2 minutes"},"schema":{"@context":"https:\/\/schema.org","@graph":[{"@type":"Article","@id":"https:\/\/www.africa-press.net\/togo\/politique\/togo-la-visite-de-faure-gnassingbe-chez-ali-rapporte-bien-aux-togolais-de-gabon#article","isPartOf":{"@id":"https:\/\/www.africa-press.net\/togo\/politique\/togo-la-visite-de-faure-gnassingbe-chez-ali-rapporte-bien-aux-togolais-de-gabon"},"author":{"name":"cfeditorfr","@id":"https:\/\/www.africa-press.net\/togo\/#\/schema\/person\/2b1cf3cd81a31e3cd26889ca66d677f1"},"headline":"Togo-La visite de Faure Gnassingb\u00e9 chez Ali rapporte bien aux Togolais de Gabon","datePublished":"2023-02-02T12:32:30+00:00","mainEntityOfPage":{"@id":"https:\/\/www.africa-press.net\/togo\/politique\/togo-la-visite-de-faure-gnassingbe-chez-ali-rapporte-bien-aux-togolais-de-gabon"},"wordCount":422,"commentCount":0,"image":{"@id":"https:\/\/www.africa-press.net\/togo\/politique\/togo-la-visite-de-faure-gnassingbe-chez-ali-rapporte-bien-aux-togolais-de-gabon#primaryimage"},"thumbnailUrl":"https:\/\/static.africa-press.net\/togo\/sites\/58\/2023\/02\/postQueueImg_1675329082.10.jpg","keywords":["Africa Press","Africa Press-Togo","Togo"],"articleSection":["Communaut\u00e9","Toutes les actualit\u00e9s"],"inLanguage":"fr-FR","potentialAction":[{"@type":"CommentAction","name":"Comment","target":["https:\/\/www.africa-press.net\/togo\/politique\/togo-la-visite-de-faure-gnassingbe-chez-ali-rapporte-bien-aux-togolais-de-gabon#respond"]}]},{"@type":"WebPage","@id":"https:\/\/www.africa-press.net\/togo\/politique\/togo-la-visite-de-faure-gnassingbe-chez-ali-rapporte-bien-aux-togolais-de-gabon","url":"https:\/\/www.africa-press.net\/togo\/politique\/togo-la-visite-de-faure-gnassingbe-chez-ali-rapporte-bien-aux-togolais-de-gabon","name":"Togo-La visite de Faure Gnassingb\u00e9 chez Ali rapporte bien aux Togolais de Gabon - Togo","isPartOf":{"@id":"https:\/\/www.africa-press.net\/togo\/#website"},"primaryImageOfPage":{"@id":"https:\/\/www.africa-press.net\/togo\/politique\/togo-la-visite-de-faure-gnassingbe-chez-ali-rapporte-bien-aux-togolais-de-gabon#primaryimage"},"image":{"@id":"https:\/\/www.africa-press.net\/togo\/politique\/togo-la-visite-de-faure-gnassingbe-chez-ali-rapporte-bien-aux-togolais-de-gabon#primaryimage"},"thumbnailUrl":"https:\/\/static.africa-press.net\/togo\/sites\/58\/2023\/02\/postQueueImg_1675329082.10.jpg","datePublished":"2023-02-02T12:32:30+00:00","author":{"@id":"https:\/\/www.africa-press.net\/togo\/#\/schema\/person\/2b1cf3cd81a31e3cd26889ca66d677f1"},"breadcrumb":{"@id":"https:\/\/www.africa-press.net\/togo\/politique\/togo-la-visite-de-faure-gnassingbe-chez-ali-rapporte-bien-aux-togolais-de-gabon#breadcrumb"},"inLanguage":"fr-FR","potentialAction":[{"@type":"ReadAction","target":["https:\/\/www.africa-press.net\/togo\/politique\/togo-la-visite-de-faure-gnassingbe-chez-ali-rapporte-bien-aux-togolais-de-gabon"]}]},{"@type":"ImageObject","inLanguage":"fr-FR","@id":"https:\/\/www.africa-press.net\/togo\/politique\/togo-la-visite-de-faure-gnassingbe-chez-ali-rapporte-bien-aux-togolais-de-gabon#primaryimage","url":"https:\/\/static.africa-press.net\/togo\/sites\/58\/2023\/02\/postQueueImg_1675329082.10.jpg","contentUrl":"https:\/\/static.africa-press.net\/togo\/sites\/58\/2023\/02\/postQueueImg_1675329082.10.jpg","width":1280,"height":813,"caption":"Togo-La visite de Faure Gnassingb\u00e9 chez Ali rapporte bien aux Togolais de Gabon"},{"@type":"BreadcrumbList","@id":"https:\/\/www.africa-press.net\/togo\/politique\/togo-la-visite-de-faure-gnassingbe-chez-ali-rapporte-bien-aux-togolais-de-gabon#breadcrumb","itemListElement":[{"@type":"ListItem","position":1,"name":"Accueil","item":"https:\/\/www.africa-press.net\/togo\/"},{"@type":"ListItem","position":2,"name":"Togo-La visite de Faure Gnassingb\u00e9 chez Ali rapporte bien aux Togolais de Gabon"}]},{"@type":"WebSite","@id":"https:\/\/www.africa-press.net\/togo\/#website","url":"https:\/\/www.africa-press.net\/togo\/","name":"Togo","description":"Just another Africa News Agency Sites site","potentialAction":[{"@type":"SearchAction","target":{"@type":"EntryPoint","urlTemplate":"https:\/\/www.africa-press.net\/togo\/?s={search_term_string}"},"query-input":{"@type":"PropertyValueSpecification","valueRequired":true,"valueName":"search_term_string"}}],"inLanguage":"fr-FR"},{"@type":"Person","@id":"https:\/\/www.africa-press.net\/togo\/#\/schema\/person\/2b1cf3cd81a31e3cd26889ca66d677f1","name":"cfeditorfr"}]}},"_links":{"self":[{"href":"https:\/\/www.africa-press.net\/togo\/wp-json\/wp\/v2\/posts\/16744","targetHints":{"allow":["GET"]}}],"collection":[{"href":"https:\/\/www.africa-press.net\/togo\/wp-json\/wp\/v2\/posts"}],"about":[{"href":"https:\/\/www.africa-press.net\/togo\/wp-json\/wp\/v2\/types\/post"}],"author":[{"embeddable":true,"href":"https:\/\/www.africa-press.net\/togo\/wp-json\/wp\/v2\/users\/82"}],"replies":[{"embeddable":true,"href":"https:\/\/www.africa-press.net\/togo\/wp-json\/wp\/v2\/comments?post=16744"}],"version-history":[{"count":0,"href":"https:\/\/www.africa-press.net\/togo\/wp-json\/wp\/v2\/posts\/16744\/revisions"}],"wp:featuredmedia":[{"embeddable":true,"href":"https:\/\/www.africa-press.net\/togo\/wp-json\/wp\/v2\/media\/16740"}],"wp:attachment":[{"href":"https:\/\/www.africa-press.net\/togo\/wp-json\/wp\/v2\/media?parent=16744"}],"wp:term":[{"taxonomy":"category","embeddable":true,"href":"https:\/\/www.africa-press.net\/togo\/wp-json\/wp\/v2\/categories?post=16744"},{"taxonomy":"post_tag","embeddable":true,"href":"https:\/\/www.africa-press.net\/togo\/wp-json\/wp\/v2\/tags?post=16744"}],"curies":[{"name":"wp","href":"https:\/\/api.w.org\/{rel}","templated":true}]}}