{"id":16747,"date":"2023-02-02T12:32:56","date_gmt":"2023-02-02T12:32:56","guid":{"rendered":"https:\/\/www.africa-press.net\/togo\/politique\/togo-crise-a-lufc-tete-a-tete-sena-alipui-elliott-ohin-a-lome"},"modified":"2023-02-02T12:32:56","modified_gmt":"2023-02-02T12:32:56","slug":"togo-crise-a-lufc-tete-a-tete-sena-alipui-elliott-ohin-a-lome","status":"publish","type":"post","link":"https:\/\/www.africa-press.net\/togo\/politique\/togo-crise-a-lufc-tete-a-tete-sena-alipui-elliott-ohin-a-lome","title":{"rendered":"Togo-Crise \u00e0 l\u2019UFC : t\u00eate-\u00e0-t\u00eate Sena Alipui-Elliott Ohin \u00e0 Lom\u00e9"},"content":{"rendered":"<p><span style=\"color: #ff6600\"><strong>Africa-Press &#8211; Togo. <\/strong><\/span><b>Le conseiller spe\u0301cial de Gilchrist Olympio, patron de l\u2019Union des forces de changement (UFC), a rencontre\u0301 le de\u0301sormais ancien deuxie\u0300me vice-pre\u0301sident, suspendu pour fautes graves.<\/b><\/p>\n<p>21 de\u0301cembre 2022. Sena Alipui, proche des membres du Bureau directeur de l\u2019UFC, a eu un te\u0302te-a\u0300-te\u0302te avec Eliott Ohin, deuxie\u0300me vice-pre\u0301sident, accuse\u0301 de de\u0301tournement de fonds, au sie\u0300ge du parti situe\u0301 dans la commune du Golfe 4, a\u0300 Lome\u0301 donc.<\/p>\n<p>Pourquoi une telle rencontre, d\u2019autant plus que les deux cadres de la formation politique a\u0300 la couleur jaune se regardent en chiens de fai\u0308ence depuis quelques mois ? C\u2019est la question qui bru\u0302le certaines le\u0300vres. La re\u0301ponse a\u0300 cette interrogation est trouvable sur le site internet du visiteur (https:\/\/alipui.com\/nouvelles\/f\/21-d%C3%A9cembre-2022-rencontre-avec-elliott-ohin).<\/p>\n<p>Cette visite (surprise ?) s\u2019explique par au moins deux raisons fondamentales. En effet, la premie\u0300re s\u2019origine dans le fait de permettre aux membres du bureau directeur de pouvoir se rendre au sie\u0300ge du parti sans difficulte\u0301. Depuis que la crise a commence\u0301, et surtout apre\u0300s que l\u2019ancien ministre des Affaires e\u0301trange\u0300res est de\u0301chu de son poste, ses proches empe\u0302chent les de\u0301tracteurs de leur champion d\u2019y avoir acce\u0300s. C\u2019est devenu un repaire \u00ab des rares militants radicaux \u00bb voire violents.<\/p>\n<p>Le second motif est que cette visite a e\u0301te\u0301 l\u2019occasion pour le troisie\u0300me vice-pre\u0301sident de l\u2019Assemble\u0301e nationale d\u2019e\u0301changer avec Elliot Ohin \u00ab pour essayer de le ramener a\u0300 la raison, lui faire comprendre la gravite\u0301 des actes qu\u2019il a pose\u0301s et e\u0301galement e\u0301changer avec lui sur la ne\u0301cessite\u0301 pour ceux qui l\u2019entourent, me\u0302me si leur nombre est faible, de rompre avec la violence et l\u2019invective et de rejoindre la dynamique d\u2019organisation du congre\u0300s pendant que la justice, elle, suit son cours \u00bb.<\/p>\n<p>\u00ab Une fois les e\u0301changes de vues acheve\u0301s, la rencontre a pris fin \u00bb, peut-on lire sur le site internet. Les deux hommes se sont e\u0301galement rencontre\u0301s le 10 aou\u0302t 2022.<\/p>\n<p>Accuse\u0301 d\u2019avoir fait main basse sur une quinzaine de millions de FCFA, Elliott Ohin a de\u0301pose\u0301 une plainte en justice (citation directe) pour diffamation. Son objectif, laver son honneur, dit-il.<\/p>\n<p>\u00ab On ne peut pas diffamer les gens gratuitement de cette manie\u0300re-la\u0300. Quand on met sur le dos de quelqu\u2019un les actes qu\u2019il n\u2019a pas commis et qu\u2019on le publie partout, c\u2019est de la diffamation. Ils n\u2019ont qu\u2019a\u0300 venir pour qu\u2019on en parle. La justice est la\u0300 pour faire son travail. Il faut re\u0301tablir la ve\u0301rite\u0301 \u00bb, a-t-il de\u0301clare\u0301 le 12 novembre dernier a\u0300 l\u2019issue du premier jour d\u2019audience a\u0300 laquelle le camp d\u2019en face n\u2019e\u0301tait pas pre\u0301sent.<\/p>\n<p>Le proce\u0300s a e\u0301te\u0301 reporte\u0301 au 2 janvier 2023. A cette date, les deux parties ont-elles e\u0301te\u0301 au Tribunal ? Pour le moment, Icilome\u0301 n\u2019en sait rien. Toutefois, il faut pre\u0301ciser qu\u2019au sein de l\u2019UFC, certaines personnes s\u2019emploient (e\u0301galement mouille\u0301es ?) pour que la plainte soit retire\u0301e et que le linge sale se lave en famille. Affaire a\u0300 suivre de pre\u0300s !<\/p>\n<p><strong>Pour plus d&rsquo;informations et d&rsquo;analyses sur la <a href=\"https:\/\/www.africa-press.net\/togo\">Togo<\/a>, suivez <a href=\"https:\/\/www.africa-press.net\/\">Africa-Press<\/a><\/strong><\/p>\n","protected":false},"excerpt":{"rendered":"<p>Africa-Press &#8211; Togo. Le conseiller spe\u0301cial de Gilchrist Olympio, patron de l\u2019Union des forces de changement (UFC), a rencontre\u0301 le de\u0301sormais ancien deuxie\u0300me vice-pre\u0301sident, suspendu pour fautes graves. 21 de\u0301cembre 2022. Sena Alipui, proche des membres du Bureau directeur de l\u2019UFC, a eu un te\u0302te-a\u0300-te\u0302te avec Eliott Ohin, deuxie\u0300me vice-pre\u0301sident, accuse\u0301 de de\u0301tournement de fonds, [&hellip;]<\/p>\n","protected":false},"author":82,"featured_media":16745,"comment_status":"open","ping_status":"closed","sticky":false,"template":"","format":"standard","meta":{"footnotes":""},"categories":[2,10],"tags":[36,49,50],"class_list":["post-16747","post","type-post","status-publish","format-standard","has-post-thumbnail","hentry","category-politique","category-toutes-les-actualites","tag-africa-press","tag-africa-press-togo","tag-togo"],"yoast_head":"<!-- This site is optimized with the Yoast SEO Premium plugin v26.1 (Yoast SEO v27.0) - https:\/\/yoast.com\/product\/yoast-seo-premium-wordpress\/ -->\n<title>Togo-Crise \u00e0 l\u2019UFC : t\u00eate-\u00e0-t\u00eate Sena Alipui-Elliott Ohin \u00e0 Lom\u00e9 - Togo<\/title>\n<meta name=\"robots\" content=\"index, follow, max-snippet:-1, max-image-preview:large, max-video-preview:-1\" \/>\n<link rel=\"canonical\" href=\"https:\/\/www.africa-press.net\/togo\/politique\/togo-crise-a-lufc-tete-a-tete-sena-alipui-elliott-ohin-a-lome\" \/>\n<meta property=\"og:locale\" content=\"fr_FR\" \/>\n<meta property=\"og:type\" content=\"article\" \/>\n<meta property=\"og:title\" content=\"Togo-Crise \u00e0 l\u2019UFC : t\u00eate-\u00e0-t\u00eate Sena Alipui-Elliott Ohin \u00e0 Lom\u00e9\" \/>\n<meta property=\"og:description\" content=\"Africa-Press &#8211; Togo. Le conseiller spe\u0301cial de Gilchrist Olympio, patron de l\u2019Union des forces de changement (UFC), a rencontre\u0301 le de\u0301sormais ancien deuxie\u0300me vice-pre\u0301sident, suspendu pour fautes graves. 21 de\u0301cembre 2022. Sena Alipui, proche des membres du Bureau directeur de l\u2019UFC, a eu un te\u0302te-a\u0300-te\u0302te avec Eliott Ohin, deuxie\u0300me vice-pre\u0301sident, accuse\u0301 de de\u0301tournement de fonds, [&hellip;]\" \/>\n<meta property=\"og:url\" content=\"https:\/\/www.africa-press.net\/togo\/politique\/togo-crise-a-lufc-tete-a-tete-sena-alipui-elliott-ohin-a-lome\" \/>\n<meta property=\"og:site_name\" content=\"Togo\" \/>\n<meta property=\"article:published_time\" content=\"2023-02-02T12:32:56+00:00\" \/>\n<meta name=\"author\" content=\"cfeditorfr\" \/>\n<meta name=\"twitter:card\" content=\"summary_large_image\" \/>\n<meta name=\"twitter:label1\" content=\"\u00c9crit par\" \/>\n\t<meta name=\"twitter:data1\" content=\"cfeditorfr\" \/>\n\t<meta name=\"twitter:label2\" content=\"Dur\u00e9e de lecture estim\u00e9e\" \/>\n\t<meta name=\"twitter:data2\" content=\"3 minutes\" \/>\n<script type=\"application\/ld+json\" class=\"yoast-schema-graph\">{\"@context\":\"https:\/\/schema.org\",\"@graph\":[{\"@type\":\"Article\",\"@id\":\"https:\/\/www.africa-press.net\/togo\/politique\/togo-crise-a-lufc-tete-a-tete-sena-alipui-elliott-ohin-a-lome#article\",\"isPartOf\":{\"@id\":\"https:\/\/www.africa-press.net\/togo\/politique\/togo-crise-a-lufc-tete-a-tete-sena-alipui-elliott-ohin-a-lome\"},\"author\":{\"name\":\"cfeditorfr\",\"@id\":\"https:\/\/www.africa-press.net\/togo\/#\/schema\/person\/2b1cf3cd81a31e3cd26889ca66d677f1\"},\"headline\":\"Togo-Crise \u00e0 l\u2019UFC : t\u00eate-\u00e0-t\u00eate Sena Alipui-Elliott Ohin \u00e0 Lom\u00e9\",\"datePublished\":\"2023-02-02T12:32:56+00:00\",\"mainEntityOfPage\":{\"@id\":\"https:\/\/www.africa-press.net\/togo\/politique\/togo-crise-a-lufc-tete-a-tete-sena-alipui-elliott-ohin-a-lome\"},\"wordCount\":580,\"commentCount\":0,\"image\":{\"@id\":\"https:\/\/www.africa-press.net\/togo\/politique\/togo-crise-a-lufc-tete-a-tete-sena-alipui-elliott-ohin-a-lome#primaryimage\"},\"thumbnailUrl\":\"https:\/\/static.africa-press.net\/togo\/sites\/58\/2023\/02\/postQueueImg_1675329088.66.jpg\",\"keywords\":[\"Africa Press\",\"Africa Press-Togo\",\"Togo\"],\"articleSection\":[\"Politique\",\"Toutes les actualit\u00e9s\"],\"inLanguage\":\"fr-FR\",\"potentialAction\":[{\"@type\":\"CommentAction\",\"name\":\"Comment\",\"target\":[\"https:\/\/www.africa-press.net\/togo\/politique\/togo-crise-a-lufc-tete-a-tete-sena-alipui-elliott-ohin-a-lome#respond\"]}]},{\"@type\":\"WebPage\",\"@id\":\"https:\/\/www.africa-press.net\/togo\/politique\/togo-crise-a-lufc-tete-a-tete-sena-alipui-elliott-ohin-a-lome\",\"url\":\"https:\/\/www.africa-press.net\/togo\/politique\/togo-crise-a-lufc-tete-a-tete-sena-alipui-elliott-ohin-a-lome\",\"name\":\"Togo-Crise \u00e0 l\u2019UFC : t\u00eate-\u00e0-t\u00eate Sena Alipui-Elliott Ohin \u00e0 Lom\u00e9 - Togo\",\"isPartOf\":{\"@id\":\"https:\/\/www.africa-press.net\/togo\/#website\"},\"primaryImageOfPage\":{\"@id\":\"https:\/\/www.africa-press.net\/togo\/politique\/togo-crise-a-lufc-tete-a-tete-sena-alipui-elliott-ohin-a-lome#primaryimage\"},\"image\":{\"@id\":\"https:\/\/www.africa-press.net\/togo\/politique\/togo-crise-a-lufc-tete-a-tete-sena-alipui-elliott-ohin-a-lome#primaryimage\"},\"thumbnailUrl\":\"https:\/\/static.africa-press.net\/togo\/sites\/58\/2023\/02\/postQueueImg_1675329088.66.jpg\",\"datePublished\":\"2023-02-02T12:32:56+00:00\",\"author\":{\"@id\":\"https:\/\/www.africa-press.net\/togo\/#\/schema\/person\/2b1cf3cd81a31e3cd26889ca66d677f1\"},\"breadcrumb\":{\"@id\":\"https:\/\/www.africa-press.net\/togo\/politique\/togo-crise-a-lufc-tete-a-tete-sena-alipui-elliott-ohin-a-lome#breadcrumb\"},\"inLanguage\":\"fr-FR\",\"potentialAction\":[{\"@type\":\"ReadAction\",\"target\":[\"https:\/\/www.africa-press.net\/togo\/politique\/togo-crise-a-lufc-tete-a-tete-sena-alipui-elliott-ohin-a-lome\"]}]},{\"@type\":\"ImageObject\",\"inLanguage\":\"fr-FR\",\"@id\":\"https:\/\/www.africa-press.net\/togo\/politique\/togo-crise-a-lufc-tete-a-tete-sena-alipui-elliott-ohin-a-lome#primaryimage\",\"url\":\"https:\/\/static.africa-press.net\/togo\/sites\/58\/2023\/02\/postQueueImg_1675329088.66.jpg\",\"contentUrl\":\"https:\/\/static.africa-press.net\/togo\/sites\/58\/2023\/02\/postQueueImg_1675329088.66.jpg\",\"width\":1280,\"height\":800,\"caption\":\"Togo-Crise \u00e0 l\u2019UFC : t\u00eate-\u00e0-t\u00eate Sena Alipui-Elliott Ohin \u00e0 Lom\u00e9\"},{\"@type\":\"BreadcrumbList\",\"@id\":\"https:\/\/www.africa-press.net\/togo\/politique\/togo-crise-a-lufc-tete-a-tete-sena-alipui-elliott-ohin-a-lome#breadcrumb\",\"itemListElement\":[{\"@type\":\"ListItem\",\"position\":1,\"name\":\"Accueil\",\"item\":\"https:\/\/www.africa-press.net\/togo\/\"},{\"@type\":\"ListItem\",\"position\":2,\"name\":\"Togo-Crise \u00e0 l\u2019UFC : t\u00eate-\u00e0-t\u00eate Sena Alipui-Elliott Ohin \u00e0 Lom\u00e9\"}]},{\"@type\":\"WebSite\",\"@id\":\"https:\/\/www.africa-press.net\/togo\/#website\",\"url\":\"https:\/\/www.africa-press.net\/togo\/\",\"name\":\"Togo\",\"description\":\"Just another Africa News Agency Sites site\",\"potentialAction\":[{\"@type\":\"SearchAction\",\"target\":{\"@type\":\"EntryPoint\",\"urlTemplate\":\"https:\/\/www.africa-press.net\/togo\/?s={search_term_string}\"},\"query-input\":{\"@type\":\"PropertyValueSpecification\",\"valueRequired\":true,\"valueName\":\"search_term_string\"}}],\"inLanguage\":\"fr-FR\"},{\"@type\":\"Person\",\"@id\":\"https:\/\/www.africa-press.net\/togo\/#\/schema\/person\/2b1cf3cd81a31e3cd26889ca66d677f1\",\"name\":\"cfeditorfr\"}]}<\/script>\n<!-- \/ Yoast SEO Premium plugin. -->","yoast_head_json":{"title":"Togo-Crise \u00e0 l\u2019UFC : t\u00eate-\u00e0-t\u00eate Sena Alipui-Elliott Ohin \u00e0 Lom\u00e9 - Togo","robots":{"index":"index","follow":"follow","max-snippet":"max-snippet:-1","max-image-preview":"max-image-preview:large","max-video-preview":"max-video-preview:-1"},"canonical":"https:\/\/www.africa-press.net\/togo\/politique\/togo-crise-a-lufc-tete-a-tete-sena-alipui-elliott-ohin-a-lome","og_locale":"fr_FR","og_type":"article","og_title":"Togo-Crise \u00e0 l\u2019UFC : t\u00eate-\u00e0-t\u00eate Sena Alipui-Elliott Ohin \u00e0 Lom\u00e9","og_description":"Africa-Press &#8211; Togo. Le conseiller spe\u0301cial de Gilchrist Olympio, patron de l\u2019Union des forces de changement (UFC), a rencontre\u0301 le de\u0301sormais ancien deuxie\u0300me vice-pre\u0301sident, suspendu pour fautes graves. 21 de\u0301cembre 2022. Sena Alipui, proche des membres du Bureau directeur de l\u2019UFC, a eu un te\u0302te-a\u0300-te\u0302te avec Eliott Ohin, deuxie\u0300me vice-pre\u0301sident, accuse\u0301 de de\u0301tournement de fonds, [&hellip;]","og_url":"https:\/\/www.africa-press.net\/togo\/politique\/togo-crise-a-lufc-tete-a-tete-sena-alipui-elliott-ohin-a-lome","og_site_name":"Togo","article_published_time":"2023-02-02T12:32:56+00:00","author":"cfeditorfr","twitter_card":"summary_large_image","twitter_misc":{"\u00c9crit par":"cfeditorfr","Dur\u00e9e de lecture estim\u00e9e":"3 minutes"},"schema":{"@context":"https:\/\/schema.org","@graph":[{"@type":"Article","@id":"https:\/\/www.africa-press.net\/togo\/politique\/togo-crise-a-lufc-tete-a-tete-sena-alipui-elliott-ohin-a-lome#article","isPartOf":{"@id":"https:\/\/www.africa-press.net\/togo\/politique\/togo-crise-a-lufc-tete-a-tete-sena-alipui-elliott-ohin-a-lome"},"author":{"name":"cfeditorfr","@id":"https:\/\/www.africa-press.net\/togo\/#\/schema\/person\/2b1cf3cd81a31e3cd26889ca66d677f1"},"headline":"Togo-Crise \u00e0 l\u2019UFC : t\u00eate-\u00e0-t\u00eate Sena Alipui-Elliott Ohin \u00e0 Lom\u00e9","datePublished":"2023-02-02T12:32:56+00:00","mainEntityOfPage":{"@id":"https:\/\/www.africa-press.net\/togo\/politique\/togo-crise-a-lufc-tete-a-tete-sena-alipui-elliott-ohin-a-lome"},"wordCount":580,"commentCount":0,"image":{"@id":"https:\/\/www.africa-press.net\/togo\/politique\/togo-crise-a-lufc-tete-a-tete-sena-alipui-elliott-ohin-a-lome#primaryimage"},"thumbnailUrl":"https:\/\/static.africa-press.net\/togo\/sites\/58\/2023\/02\/postQueueImg_1675329088.66.jpg","keywords":["Africa Press","Africa Press-Togo","Togo"],"articleSection":["Politique","Toutes les actualit\u00e9s"],"inLanguage":"fr-FR","potentialAction":[{"@type":"CommentAction","name":"Comment","target":["https:\/\/www.africa-press.net\/togo\/politique\/togo-crise-a-lufc-tete-a-tete-sena-alipui-elliott-ohin-a-lome#respond"]}]},{"@type":"WebPage","@id":"https:\/\/www.africa-press.net\/togo\/politique\/togo-crise-a-lufc-tete-a-tete-sena-alipui-elliott-ohin-a-lome","url":"https:\/\/www.africa-press.net\/togo\/politique\/togo-crise-a-lufc-tete-a-tete-sena-alipui-elliott-ohin-a-lome","name":"Togo-Crise \u00e0 l\u2019UFC : t\u00eate-\u00e0-t\u00eate Sena Alipui-Elliott Ohin \u00e0 Lom\u00e9 - Togo","isPartOf":{"@id":"https:\/\/www.africa-press.net\/togo\/#website"},"primaryImageOfPage":{"@id":"https:\/\/www.africa-press.net\/togo\/politique\/togo-crise-a-lufc-tete-a-tete-sena-alipui-elliott-ohin-a-lome#primaryimage"},"image":{"@id":"https:\/\/www.africa-press.net\/togo\/politique\/togo-crise-a-lufc-tete-a-tete-sena-alipui-elliott-ohin-a-lome#primaryimage"},"thumbnailUrl":"https:\/\/static.africa-press.net\/togo\/sites\/58\/2023\/02\/postQueueImg_1675329088.66.jpg","datePublished":"2023-02-02T12:32:56+00:00","author":{"@id":"https:\/\/www.africa-press.net\/togo\/#\/schema\/person\/2b1cf3cd81a31e3cd26889ca66d677f1"},"breadcrumb":{"@id":"https:\/\/www.africa-press.net\/togo\/politique\/togo-crise-a-lufc-tete-a-tete-sena-alipui-elliott-ohin-a-lome#breadcrumb"},"inLanguage":"fr-FR","potentialAction":[{"@type":"ReadAction","target":["https:\/\/www.africa-press.net\/togo\/politique\/togo-crise-a-lufc-tete-a-tete-sena-alipui-elliott-ohin-a-lome"]}]},{"@type":"ImageObject","inLanguage":"fr-FR","@id":"https:\/\/www.africa-press.net\/togo\/politique\/togo-crise-a-lufc-tete-a-tete-sena-alipui-elliott-ohin-a-lome#primaryimage","url":"https:\/\/static.africa-press.net\/togo\/sites\/58\/2023\/02\/postQueueImg_1675329088.66.jpg","contentUrl":"https:\/\/static.africa-press.net\/togo\/sites\/58\/2023\/02\/postQueueImg_1675329088.66.jpg","width":1280,"height":800,"caption":"Togo-Crise \u00e0 l\u2019UFC : t\u00eate-\u00e0-t\u00eate Sena Alipui-Elliott Ohin \u00e0 Lom\u00e9"},{"@type":"BreadcrumbList","@id":"https:\/\/www.africa-press.net\/togo\/politique\/togo-crise-a-lufc-tete-a-tete-sena-alipui-elliott-ohin-a-lome#breadcrumb","itemListElement":[{"@type":"ListItem","position":1,"name":"Accueil","item":"https:\/\/www.africa-press.net\/togo\/"},{"@type":"ListItem","position":2,"name":"Togo-Crise \u00e0 l\u2019UFC : t\u00eate-\u00e0-t\u00eate Sena Alipui-Elliott Ohin \u00e0 Lom\u00e9"}]},{"@type":"WebSite","@id":"https:\/\/www.africa-press.net\/togo\/#website","url":"https:\/\/www.africa-press.net\/togo\/","name":"Togo","description":"Just another Africa News Agency Sites site","potentialAction":[{"@type":"SearchAction","target":{"@type":"EntryPoint","urlTemplate":"https:\/\/www.africa-press.net\/togo\/?s={search_term_string}"},"query-input":{"@type":"PropertyValueSpecification","valueRequired":true,"valueName":"search_term_string"}}],"inLanguage":"fr-FR"},{"@type":"Person","@id":"https:\/\/www.africa-press.net\/togo\/#\/schema\/person\/2b1cf3cd81a31e3cd26889ca66d677f1","name":"cfeditorfr"}]}},"_links":{"self":[{"href":"https:\/\/www.africa-press.net\/togo\/wp-json\/wp\/v2\/posts\/16747","targetHints":{"allow":["GET"]}}],"collection":[{"href":"https:\/\/www.africa-press.net\/togo\/wp-json\/wp\/v2\/posts"}],"about":[{"href":"https:\/\/www.africa-press.net\/togo\/wp-json\/wp\/v2\/types\/post"}],"author":[{"embeddable":true,"href":"https:\/\/www.africa-press.net\/togo\/wp-json\/wp\/v2\/users\/82"}],"replies":[{"embeddable":true,"href":"https:\/\/www.africa-press.net\/togo\/wp-json\/wp\/v2\/comments?post=16747"}],"version-history":[{"count":0,"href":"https:\/\/www.africa-press.net\/togo\/wp-json\/wp\/v2\/posts\/16747\/revisions"}],"wp:featuredmedia":[{"embeddable":true,"href":"https:\/\/www.africa-press.net\/togo\/wp-json\/wp\/v2\/media\/16745"}],"wp:attachment":[{"href":"https:\/\/www.africa-press.net\/togo\/wp-json\/wp\/v2\/media?parent=16747"}],"wp:term":[{"taxonomy":"category","embeddable":true,"href":"https:\/\/www.africa-press.net\/togo\/wp-json\/wp\/v2\/categories?post=16747"},{"taxonomy":"post_tag","embeddable":true,"href":"https:\/\/www.africa-press.net\/togo\/wp-json\/wp\/v2\/tags?post=16747"}],"curies":[{"name":"wp","href":"https:\/\/api.w.org\/{rel}","templated":true}]}}