{"id":16761,"date":"2023-02-02T19:50:49","date_gmt":"2023-02-02T19:50:49","guid":{"rendered":"https:\/\/www.africa-press.net\/togo\/politique\/energies-renouvelables-barbel-hohn-de-lallemagne-en-visite-au-togo"},"modified":"2023-02-02T21:55:05","modified_gmt":"2023-02-02T21:55:05","slug":"energies-renouvelables-barbel-hohn-de-lallemagne-en-visite-au-togo","status":"publish","type":"post","link":"https:\/\/www.africa-press.net\/togo\/politique\/energies-renouvelables-barbel-hohn-de-lallemagne-en-visite-au-togo","title":{"rendered":"\u00c9nergies renouvelables: B\u00e4rbel H\u00f6hn de l\u2019Allemagne en visite au Togo"},"content":{"rendered":"<p><span style=\"color: #ff6600\"><strong>Africa-Press &#8211; Togo. <\/strong><\/span><b>Mme Ba\u0308rbel Ho\u0308hn, la Repre\u0301sentante spe\u0301ciale du ministe\u0300re fe\u0301de\u0301ral allemand de la Coope\u0301ration e\u0301conomique et du De\u0301veloppement (BMZ) pour l\u2019e\u0301nergie en Afrique, est visite au Togo depuis le 29 janvier 2023.<\/b><\/p>\n<p>Ba\u0308rbel Ho\u0308hn, ancienne ministre du Land de Rhe\u0301nanie-du-Nord-Westphalie et de\u0301pute\u0301e du Bundestag, va se\u0301journer au pays jusqu\u2019au 03 fe\u0301vrier.<\/p>\n<p>Ce mercredi, elle a visite\u0301 des projets finance\u0301s par l\u2019Allemagne et mis en \u0153uvre par la KfW et la GIZ : le poste de transformation de Davie\u0301 re\u0301habilite\u0301 ainsi que des projets de promotion de l\u2019utilisation productive de l\u2019e\u0301nergie solaire et d\u2019agriculture durable a\u0300 Sokode\u0301.<\/p>\n<p>L\u2019Allemagne reste l\u2019un des partenaires majeurs du Togo dans la promotion de l\u2019acce\u0300s aux e\u0301nergies renouvelables en milieu rural.<\/p>\n<p>Cette visite intervient deux mois avant la 9e e\u0301dition du Dialogue de Berlin sur la transition e\u0301nerge\u0301tique, pre\u0301vue les 28 et 29 mars 2023 dans la capitale allemande.<\/p>\n<p>La confe\u0301rence sur la transition e\u0301nerge\u0301tique est organise\u0301e et soutenue par le gouvernement fe\u0301de\u0301ral allemand et est une initiative conjointe de la Fe\u0301de\u0301ration allemande des e\u0301nergies renouvelables (BEE), de l\u2019Association solaire allemande (BSW), de l\u2019Agence allemande de l\u2019e\u0301nergie (dena) et d\u2019eclareon.<\/p>\n<p><strong>Pour plus d&rsquo;informations et d&rsquo;analyses sur la <a href=\"https:\/\/www.africa-press.net\/togo\">Togo<\/a>, suivez <a href=\"https:\/\/www.africa-press.net\/\">Africa-Press<\/a><\/strong><\/p>\n","protected":false},"excerpt":{"rendered":"<p>Africa-Press &#8211; Togo. Mme Ba\u0308rbel Ho\u0308hn, la Repre\u0301sentante spe\u0301ciale du ministe\u0300re fe\u0301de\u0301ral allemand de la Coope\u0301ration e\u0301conomique et du De\u0301veloppement (BMZ) pour l\u2019e\u0301nergie en Afrique, est visite au Togo depuis le 29 janvier 2023. Ba\u0308rbel Ho\u0308hn, ancienne ministre du Land de Rhe\u0301nanie-du-Nord-Westphalie et de\u0301pute\u0301e du Bundestag, va se\u0301journer au pays jusqu\u2019au 03 fe\u0301vrier. Ce mercredi, [&hellip;]<\/p>\n","protected":false},"author":82,"featured_media":16760,"comment_status":"open","ping_status":"closed","sticky":false,"template":"","format":"standard","meta":{"footnotes":""},"categories":[2,10],"tags":[36,49,50],"class_list":["post-16761","post","type-post","status-publish","format-standard","has-post-thumbnail","hentry","category-politique","category-toutes-les-actualites","tag-africa-press","tag-africa-press-togo","tag-togo"],"yoast_head":"<!-- This site is optimized with the Yoast SEO Premium plugin v26.1 (Yoast SEO v27.0) - https:\/\/yoast.com\/product\/yoast-seo-premium-wordpress\/ -->\n<title>\u00c9nergies renouvelables: B\u00e4rbel H\u00f6hn de l\u2019Allemagne en visite au Togo - Togo<\/title>\n<meta name=\"description\" content=\"Mme Ba\u0308rbel Ho\u0308hn, la Repre\u0301sentante spe\u0301ciale du ministe\u0300re fe\u0301de\u0301ral allemand de la Coope\u0301ration e\u0301conomique et du ...\" \/>\n<meta name=\"robots\" content=\"index, follow, max-snippet:-1, max-image-preview:large, max-video-preview:-1\" \/>\n<link rel=\"canonical\" href=\"https:\/\/www.africa-press.net\/togo\/politique\/energies-renouvelables-barbel-hohn-de-lallemagne-en-visite-au-togo\" \/>\n<meta property=\"og:locale\" content=\"fr_FR\" \/>\n<meta property=\"og:type\" content=\"article\" \/>\n<meta property=\"og:title\" content=\"\u00c9nergies renouvelables: B\u00e4rbel H\u00f6hn de l\u2019Allemagne en visite au Togo\" \/>\n<meta property=\"og:description\" content=\"Mme Ba\u0308rbel Ho\u0308hn, la Repre\u0301sentante spe\u0301ciale du ministe\u0300re fe\u0301de\u0301ral allemand de la Coope\u0301ration e\u0301conomique et du ...\" \/>\n<meta property=\"og:url\" content=\"https:\/\/www.africa-press.net\/togo\/politique\/energies-renouvelables-barbel-hohn-de-lallemagne-en-visite-au-togo\" \/>\n<meta property=\"og:site_name\" content=\"Togo\" \/>\n<meta property=\"article:published_time\" content=\"2023-02-02T19:50:49+00:00\" \/>\n<meta property=\"article:modified_time\" content=\"2023-02-02T21:55:05+00:00\" \/>\n<meta property=\"og:image\" content=\"https:\/\/static.africa-press.net\/togo\/sites\/58\/2023\/02\/postQueueImg_1675354876.83.jpg\" \/>\n\t<meta property=\"og:image:width\" content=\"1080\" \/>\n\t<meta property=\"og:image:height\" content=\"486\" \/>\n\t<meta property=\"og:image:type\" content=\"image\/jpeg\" \/>\n<meta name=\"author\" content=\"cfeditorfr\" \/>\n<meta name=\"twitter:card\" content=\"summary_large_image\" \/>\n<meta name=\"twitter:label1\" content=\"\u00c9crit par\" \/>\n\t<meta name=\"twitter:data1\" content=\"cfeditorfr\" \/>\n\t<meta name=\"twitter:label2\" content=\"Dur\u00e9e de lecture estim\u00e9e\" \/>\n\t<meta name=\"twitter:data2\" content=\"1 minute\" \/>\n<script type=\"application\/ld+json\" class=\"yoast-schema-graph\">{\"@context\":\"https:\/\/schema.org\",\"@graph\":[{\"@type\":\"Article\",\"@id\":\"https:\/\/www.africa-press.net\/togo\/politique\/energies-renouvelables-barbel-hohn-de-lallemagne-en-visite-au-togo#article\",\"isPartOf\":{\"@id\":\"https:\/\/www.africa-press.net\/togo\/politique\/energies-renouvelables-barbel-hohn-de-lallemagne-en-visite-au-togo\"},\"author\":{\"name\":\"cfeditorfr\",\"@id\":\"https:\/\/www.africa-press.net\/togo\/#\/schema\/person\/2b1cf3cd81a31e3cd26889ca66d677f1\"},\"headline\":\"\u00c9nergies renouvelables: B\u00e4rbel H\u00f6hn de l\u2019Allemagne en visite au Togo\",\"datePublished\":\"2023-02-02T19:50:49+00:00\",\"dateModified\":\"2023-02-02T21:55:05+00:00\",\"mainEntityOfPage\":{\"@id\":\"https:\/\/www.africa-press.net\/togo\/politique\/energies-renouvelables-barbel-hohn-de-lallemagne-en-visite-au-togo\"},\"wordCount\":254,\"commentCount\":0,\"image\":{\"@id\":\"https:\/\/www.africa-press.net\/togo\/politique\/energies-renouvelables-barbel-hohn-de-lallemagne-en-visite-au-togo#primaryimage\"},\"thumbnailUrl\":\"https:\/\/static.africa-press.net\/togo\/sites\/58\/2023\/02\/postQueueImg_1675354876.83.jpg\",\"keywords\":[\"Africa Press\",\"Africa Press-Togo\",\"Togo\"],\"articleSection\":[\"Politique\",\"Toutes les actualit\u00e9s\"],\"inLanguage\":\"fr-FR\",\"potentialAction\":[{\"@type\":\"CommentAction\",\"name\":\"Comment\",\"target\":[\"https:\/\/www.africa-press.net\/togo\/politique\/energies-renouvelables-barbel-hohn-de-lallemagne-en-visite-au-togo#respond\"]}]},{\"@type\":\"WebPage\",\"@id\":\"https:\/\/www.africa-press.net\/togo\/politique\/energies-renouvelables-barbel-hohn-de-lallemagne-en-visite-au-togo\",\"url\":\"https:\/\/www.africa-press.net\/togo\/politique\/energies-renouvelables-barbel-hohn-de-lallemagne-en-visite-au-togo\",\"name\":\"\u00c9nergies renouvelables: B\u00e4rbel H\u00f6hn de l\u2019Allemagne en visite au Togo - Togo\",\"isPartOf\":{\"@id\":\"https:\/\/www.africa-press.net\/togo\/#website\"},\"primaryImageOfPage\":{\"@id\":\"https:\/\/www.africa-press.net\/togo\/politique\/energies-renouvelables-barbel-hohn-de-lallemagne-en-visite-au-togo#primaryimage\"},\"image\":{\"@id\":\"https:\/\/www.africa-press.net\/togo\/politique\/energies-renouvelables-barbel-hohn-de-lallemagne-en-visite-au-togo#primaryimage\"},\"thumbnailUrl\":\"https:\/\/static.africa-press.net\/togo\/sites\/58\/2023\/02\/postQueueImg_1675354876.83.jpg\",\"datePublished\":\"2023-02-02T19:50:49+00:00\",\"dateModified\":\"2023-02-02T21:55:05+00:00\",\"author\":{\"@id\":\"https:\/\/www.africa-press.net\/togo\/#\/schema\/person\/2b1cf3cd81a31e3cd26889ca66d677f1\"},\"description\":\"Mme Ba\u0308rbel Ho\u0308hn, la Repre\u0301sentante spe\u0301ciale du ministe\u0300re fe\u0301de\u0301ral allemand de la Coope\u0301ration e\u0301conomique et du ...\",\"breadcrumb\":{\"@id\":\"https:\/\/www.africa-press.net\/togo\/politique\/energies-renouvelables-barbel-hohn-de-lallemagne-en-visite-au-togo#breadcrumb\"},\"inLanguage\":\"fr-FR\",\"potentialAction\":[{\"@type\":\"ReadAction\",\"target\":[\"https:\/\/www.africa-press.net\/togo\/politique\/energies-renouvelables-barbel-hohn-de-lallemagne-en-visite-au-togo\"]}]},{\"@type\":\"ImageObject\",\"inLanguage\":\"fr-FR\",\"@id\":\"https:\/\/www.africa-press.net\/togo\/politique\/energies-renouvelables-barbel-hohn-de-lallemagne-en-visite-au-togo#primaryimage\",\"url\":\"https:\/\/static.africa-press.net\/togo\/sites\/58\/2023\/02\/postQueueImg_1675354876.83.jpg\",\"contentUrl\":\"https:\/\/static.africa-press.net\/togo\/sites\/58\/2023\/02\/postQueueImg_1675354876.83.jpg\",\"width\":1080,\"height\":486,\"caption\":\"\u00c9nergies renouvelables: B\u00e4rbel H\u00f6hn de l\u2019Allemagne en visite au Togo\"},{\"@type\":\"BreadcrumbList\",\"@id\":\"https:\/\/www.africa-press.net\/togo\/politique\/energies-renouvelables-barbel-hohn-de-lallemagne-en-visite-au-togo#breadcrumb\",\"itemListElement\":[{\"@type\":\"ListItem\",\"position\":1,\"name\":\"Accueil\",\"item\":\"https:\/\/www.africa-press.net\/togo\/\"},{\"@type\":\"ListItem\",\"position\":2,\"name\":\"\u00c9nergies renouvelables: B\u00e4rbel H\u00f6hn de l\u2019Allemagne en visite au Togo\"}]},{\"@type\":\"WebSite\",\"@id\":\"https:\/\/www.africa-press.net\/togo\/#website\",\"url\":\"https:\/\/www.africa-press.net\/togo\/\",\"name\":\"Togo\",\"description\":\"Just another Africa News Agency Sites site\",\"potentialAction\":[{\"@type\":\"SearchAction\",\"target\":{\"@type\":\"EntryPoint\",\"urlTemplate\":\"https:\/\/www.africa-press.net\/togo\/?s={search_term_string}\"},\"query-input\":{\"@type\":\"PropertyValueSpecification\",\"valueRequired\":true,\"valueName\":\"search_term_string\"}}],\"inLanguage\":\"fr-FR\"},{\"@type\":\"Person\",\"@id\":\"https:\/\/www.africa-press.net\/togo\/#\/schema\/person\/2b1cf3cd81a31e3cd26889ca66d677f1\",\"name\":\"cfeditorfr\"}]}<\/script>\n<!-- \/ Yoast SEO Premium plugin. -->","yoast_head_json":{"title":"\u00c9nergies renouvelables: B\u00e4rbel H\u00f6hn de l\u2019Allemagne en visite au Togo - Togo","description":"Mme Ba\u0308rbel Ho\u0308hn, la Repre\u0301sentante spe\u0301ciale du ministe\u0300re fe\u0301de\u0301ral allemand de la Coope\u0301ration e\u0301conomique et du ...","robots":{"index":"index","follow":"follow","max-snippet":"max-snippet:-1","max-image-preview":"max-image-preview:large","max-video-preview":"max-video-preview:-1"},"canonical":"https:\/\/www.africa-press.net\/togo\/politique\/energies-renouvelables-barbel-hohn-de-lallemagne-en-visite-au-togo","og_locale":"fr_FR","og_type":"article","og_title":"\u00c9nergies renouvelables: B\u00e4rbel H\u00f6hn de l\u2019Allemagne en visite au Togo","og_description":"Mme Ba\u0308rbel Ho\u0308hn, la Repre\u0301sentante spe\u0301ciale du ministe\u0300re fe\u0301de\u0301ral allemand de la Coope\u0301ration e\u0301conomique et du ...","og_url":"https:\/\/www.africa-press.net\/togo\/politique\/energies-renouvelables-barbel-hohn-de-lallemagne-en-visite-au-togo","og_site_name":"Togo","article_published_time":"2023-02-02T19:50:49+00:00","article_modified_time":"2023-02-02T21:55:05+00:00","og_image":[{"width":1080,"height":486,"url":"https:\/\/static.africa-press.net\/togo\/sites\/58\/2023\/02\/postQueueImg_1675354876.83.jpg","type":"image\/jpeg"}],"author":"cfeditorfr","twitter_card":"summary_large_image","twitter_misc":{"\u00c9crit par":"cfeditorfr","Dur\u00e9e de lecture estim\u00e9e":"1 minute"},"schema":{"@context":"https:\/\/schema.org","@graph":[{"@type":"Article","@id":"https:\/\/www.africa-press.net\/togo\/politique\/energies-renouvelables-barbel-hohn-de-lallemagne-en-visite-au-togo#article","isPartOf":{"@id":"https:\/\/www.africa-press.net\/togo\/politique\/energies-renouvelables-barbel-hohn-de-lallemagne-en-visite-au-togo"},"author":{"name":"cfeditorfr","@id":"https:\/\/www.africa-press.net\/togo\/#\/schema\/person\/2b1cf3cd81a31e3cd26889ca66d677f1"},"headline":"\u00c9nergies renouvelables: B\u00e4rbel H\u00f6hn de l\u2019Allemagne en visite au Togo","datePublished":"2023-02-02T19:50:49+00:00","dateModified":"2023-02-02T21:55:05+00:00","mainEntityOfPage":{"@id":"https:\/\/www.africa-press.net\/togo\/politique\/energies-renouvelables-barbel-hohn-de-lallemagne-en-visite-au-togo"},"wordCount":254,"commentCount":0,"image":{"@id":"https:\/\/www.africa-press.net\/togo\/politique\/energies-renouvelables-barbel-hohn-de-lallemagne-en-visite-au-togo#primaryimage"},"thumbnailUrl":"https:\/\/static.africa-press.net\/togo\/sites\/58\/2023\/02\/postQueueImg_1675354876.83.jpg","keywords":["Africa Press","Africa Press-Togo","Togo"],"articleSection":["Politique","Toutes les actualit\u00e9s"],"inLanguage":"fr-FR","potentialAction":[{"@type":"CommentAction","name":"Comment","target":["https:\/\/www.africa-press.net\/togo\/politique\/energies-renouvelables-barbel-hohn-de-lallemagne-en-visite-au-togo#respond"]}]},{"@type":"WebPage","@id":"https:\/\/www.africa-press.net\/togo\/politique\/energies-renouvelables-barbel-hohn-de-lallemagne-en-visite-au-togo","url":"https:\/\/www.africa-press.net\/togo\/politique\/energies-renouvelables-barbel-hohn-de-lallemagne-en-visite-au-togo","name":"\u00c9nergies renouvelables: B\u00e4rbel H\u00f6hn de l\u2019Allemagne en visite au Togo - Togo","isPartOf":{"@id":"https:\/\/www.africa-press.net\/togo\/#website"},"primaryImageOfPage":{"@id":"https:\/\/www.africa-press.net\/togo\/politique\/energies-renouvelables-barbel-hohn-de-lallemagne-en-visite-au-togo#primaryimage"},"image":{"@id":"https:\/\/www.africa-press.net\/togo\/politique\/energies-renouvelables-barbel-hohn-de-lallemagne-en-visite-au-togo#primaryimage"},"thumbnailUrl":"https:\/\/static.africa-press.net\/togo\/sites\/58\/2023\/02\/postQueueImg_1675354876.83.jpg","datePublished":"2023-02-02T19:50:49+00:00","dateModified":"2023-02-02T21:55:05+00:00","author":{"@id":"https:\/\/www.africa-press.net\/togo\/#\/schema\/person\/2b1cf3cd81a31e3cd26889ca66d677f1"},"description":"Mme Ba\u0308rbel Ho\u0308hn, la Repre\u0301sentante spe\u0301ciale du ministe\u0300re fe\u0301de\u0301ral allemand de la Coope\u0301ration e\u0301conomique et du ...","breadcrumb":{"@id":"https:\/\/www.africa-press.net\/togo\/politique\/energies-renouvelables-barbel-hohn-de-lallemagne-en-visite-au-togo#breadcrumb"},"inLanguage":"fr-FR","potentialAction":[{"@type":"ReadAction","target":["https:\/\/www.africa-press.net\/togo\/politique\/energies-renouvelables-barbel-hohn-de-lallemagne-en-visite-au-togo"]}]},{"@type":"ImageObject","inLanguage":"fr-FR","@id":"https:\/\/www.africa-press.net\/togo\/politique\/energies-renouvelables-barbel-hohn-de-lallemagne-en-visite-au-togo#primaryimage","url":"https:\/\/static.africa-press.net\/togo\/sites\/58\/2023\/02\/postQueueImg_1675354876.83.jpg","contentUrl":"https:\/\/static.africa-press.net\/togo\/sites\/58\/2023\/02\/postQueueImg_1675354876.83.jpg","width":1080,"height":486,"caption":"\u00c9nergies renouvelables: B\u00e4rbel H\u00f6hn de l\u2019Allemagne en visite au Togo"},{"@type":"BreadcrumbList","@id":"https:\/\/www.africa-press.net\/togo\/politique\/energies-renouvelables-barbel-hohn-de-lallemagne-en-visite-au-togo#breadcrumb","itemListElement":[{"@type":"ListItem","position":1,"name":"Accueil","item":"https:\/\/www.africa-press.net\/togo\/"},{"@type":"ListItem","position":2,"name":"\u00c9nergies renouvelables: B\u00e4rbel H\u00f6hn de l\u2019Allemagne en visite au Togo"}]},{"@type":"WebSite","@id":"https:\/\/www.africa-press.net\/togo\/#website","url":"https:\/\/www.africa-press.net\/togo\/","name":"Togo","description":"Just another Africa News Agency Sites site","potentialAction":[{"@type":"SearchAction","target":{"@type":"EntryPoint","urlTemplate":"https:\/\/www.africa-press.net\/togo\/?s={search_term_string}"},"query-input":{"@type":"PropertyValueSpecification","valueRequired":true,"valueName":"search_term_string"}}],"inLanguage":"fr-FR"},{"@type":"Person","@id":"https:\/\/www.africa-press.net\/togo\/#\/schema\/person\/2b1cf3cd81a31e3cd26889ca66d677f1","name":"cfeditorfr"}]}},"_links":{"self":[{"href":"https:\/\/www.africa-press.net\/togo\/wp-json\/wp\/v2\/posts\/16761","targetHints":{"allow":["GET"]}}],"collection":[{"href":"https:\/\/www.africa-press.net\/togo\/wp-json\/wp\/v2\/posts"}],"about":[{"href":"https:\/\/www.africa-press.net\/togo\/wp-json\/wp\/v2\/types\/post"}],"author":[{"embeddable":true,"href":"https:\/\/www.africa-press.net\/togo\/wp-json\/wp\/v2\/users\/82"}],"replies":[{"embeddable":true,"href":"https:\/\/www.africa-press.net\/togo\/wp-json\/wp\/v2\/comments?post=16761"}],"version-history":[{"count":0,"href":"https:\/\/www.africa-press.net\/togo\/wp-json\/wp\/v2\/posts\/16761\/revisions"}],"wp:featuredmedia":[{"embeddable":true,"href":"https:\/\/www.africa-press.net\/togo\/wp-json\/wp\/v2\/media\/16760"}],"wp:attachment":[{"href":"https:\/\/www.africa-press.net\/togo\/wp-json\/wp\/v2\/media?parent=16761"}],"wp:term":[{"taxonomy":"category","embeddable":true,"href":"https:\/\/www.africa-press.net\/togo\/wp-json\/wp\/v2\/categories?post=16761"},{"taxonomy":"post_tag","embeddable":true,"href":"https:\/\/www.africa-press.net\/togo\/wp-json\/wp\/v2\/tags?post=16761"}],"curies":[{"name":"wp","href":"https:\/\/api.w.org\/{rel}","templated":true}]}}