{"id":16764,"date":"2023-02-02T19:51:39","date_gmt":"2023-02-02T19:51:39","guid":{"rendered":"https:\/\/www.africa-press.net\/togo\/politique\/togo-desengorgement-des-voies-publiques-le-civisme-reclame-6-mois-de-plus"},"modified":"2023-02-02T21:56:29","modified_gmt":"2023-02-02T21:56:29","slug":"togo-desengorgement-des-voies-publiques-le-civisme-reclame-6-mois-de-plus","status":"publish","type":"post","link":"https:\/\/www.africa-press.net\/togo\/toutes-les-actualites\/togo-desengorgement-des-voies-publiques-le-civisme-reclame-6-mois-de-plus","title":{"rendered":"Togo-D\u00e9sengorgement des voies publiques : Le Civisme r\u00e9clame 6 mois de plus"},"content":{"rendered":"<p><span style=\"color: #ff6600\"><strong>Africa-Press &#8211; Togo. <\/strong><\/span><b>Au nom des occupants des voies publiques, l\u2019association \u00ab Le Civisme \u00bb plaide pour un moratoire de six (6) mois et ce, pour diverses raisons. <\/b><\/p>\n<p>En effet, d\u2019apre\u0300s une enque\u0302te re\u0301alise\u0301e par cette association, il apparait que la majorite\u0301 des occupants des voies publiques s\u2019inquie\u0300te de \u00ab l\u2019impact ne\u0301gatif de cette de\u0301cision sur leurs activite\u0301s \u00bb.<\/p>\n<p>Aussi, note-t-elle dans un communique\u0301, que ces \u00ab revendeurs sont des parents d\u2019e\u0301le\u0300ves qui se battent pour soutenir financie\u0300rement leurs enfants \u00bb.<\/p>\n<p>En conse\u0301quence, l\u2019association \u00ab Le Civisme \u00bb lance une plaidoirie afin d\u2019obtenir un moratoire de six (6) mois pour ces occupants.<\/p>\n<p>Rappelons que les concerne\u0301s disposent encore de deux semaines pour libe\u0301rer les voies, relativement au de\u0301lai requis par le gouvernement.<\/p>\n<p><strong>Pour plus d&rsquo;informations et d&rsquo;analyses sur la <a href=\"https:\/\/www.africa-press.net\/togo\">Togo<\/a>, suivez <a href=\"https:\/\/www.africa-press.net\/\">Africa-Press<\/a><\/strong><\/p>\n","protected":false},"excerpt":{"rendered":"<p>Africa-Press &#8211; Togo. Au nom des occupants des voies publiques, l\u2019association \u00ab Le Civisme \u00bb plaide pour un moratoire de six (6) mois et ce, pour diverses raisons. En effet, d\u2019apre\u0300s une enque\u0302te re\u0301alise\u0301e par cette association, il apparait que la majorite\u0301 des occupants des voies publiques s\u2019inquie\u0300te de \u00ab l\u2019impact ne\u0301gatif de cette de\u0301cision [&hellip;]<\/p>\n","protected":false},"author":82,"featured_media":16763,"comment_status":"open","ping_status":"closed","sticky":false,"template":"","format":"standard","meta":{"footnotes":""},"categories":[21,10],"tags":[36,49,50],"class_list":["post-16764","post","type-post","status-publish","format-standard","has-post-thumbnail","hentry","category-communaute","category-toutes-les-actualites","tag-africa-press","tag-africa-press-togo","tag-togo"],"yoast_head":"<!-- This site is optimized with the Yoast SEO Premium plugin v26.1 (Yoast SEO v27.0) - https:\/\/yoast.com\/product\/yoast-seo-premium-wordpress\/ -->\n<title>Togo-D\u00e9sengorgement des voies publiques : Le Civisme r\u00e9clame 6 mois de plus - Togo<\/title>\n<meta name=\"description\" content=\"Au nom des occupants des voies publiques, l\u2019association \u00ab Le Civisme \u00bb plaide pour un moratoire de six (6) mois et ce ...\" \/>\n<meta name=\"robots\" content=\"index, follow, max-snippet:-1, max-image-preview:large, max-video-preview:-1\" \/>\n<link rel=\"canonical\" href=\"https:\/\/www.africa-press.net\/togo\/toutes-les-actualites\/togo-desengorgement-des-voies-publiques-le-civisme-reclame-6-mois-de-plus\" \/>\n<meta property=\"og:locale\" content=\"fr_FR\" \/>\n<meta property=\"og:type\" content=\"article\" \/>\n<meta property=\"og:title\" content=\"Togo-D\u00e9sengorgement des voies publiques : Le Civisme r\u00e9clame 6 mois de plus\" \/>\n<meta property=\"og:description\" content=\"Au nom des occupants des voies publiques, l\u2019association \u00ab Le Civisme \u00bb plaide pour un moratoire de six (6) mois et ce ...\" \/>\n<meta property=\"og:url\" content=\"https:\/\/www.africa-press.net\/togo\/toutes-les-actualites\/togo-desengorgement-des-voies-publiques-le-civisme-reclame-6-mois-de-plus\" \/>\n<meta property=\"og:site_name\" content=\"Togo\" \/>\n<meta property=\"article:published_time\" content=\"2023-02-02T19:51:39+00:00\" \/>\n<meta property=\"article:modified_time\" content=\"2023-02-02T21:56:29+00:00\" \/>\n<meta property=\"og:image\" content=\"https:\/\/static.africa-press.net\/togo\/sites\/58\/2023\/02\/postQueueImg_1675354970.16.jpg\" \/>\n\t<meta property=\"og:image:width\" content=\"1280\" \/>\n\t<meta property=\"og:image:height\" content=\"800\" \/>\n\t<meta property=\"og:image:type\" content=\"image\/jpeg\" \/>\n<meta name=\"author\" content=\"cfeditorfr\" \/>\n<meta name=\"twitter:card\" content=\"summary_large_image\" \/>\n<meta name=\"twitter:label1\" content=\"\u00c9crit par\" \/>\n\t<meta name=\"twitter:data1\" content=\"cfeditorfr\" \/>\n\t<meta name=\"twitter:label2\" content=\"Dur\u00e9e de lecture estim\u00e9e\" \/>\n\t<meta name=\"twitter:data2\" content=\"1 minute\" \/>\n<script type=\"application\/ld+json\" class=\"yoast-schema-graph\">{\"@context\":\"https:\/\/schema.org\",\"@graph\":[{\"@type\":\"Article\",\"@id\":\"https:\/\/www.africa-press.net\/togo\/toutes-les-actualites\/togo-desengorgement-des-voies-publiques-le-civisme-reclame-6-mois-de-plus#article\",\"isPartOf\":{\"@id\":\"https:\/\/www.africa-press.net\/togo\/toutes-les-actualites\/togo-desengorgement-des-voies-publiques-le-civisme-reclame-6-mois-de-plus\"},\"author\":{\"name\":\"cfeditorfr\",\"@id\":\"https:\/\/www.africa-press.net\/togo\/#\/schema\/person\/2b1cf3cd81a31e3cd26889ca66d677f1\"},\"headline\":\"Togo-D\u00e9sengorgement des voies publiques : Le Civisme r\u00e9clame 6 mois de plus\",\"datePublished\":\"2023-02-02T19:51:39+00:00\",\"dateModified\":\"2023-02-02T21:56:29+00:00\",\"mainEntityOfPage\":{\"@id\":\"https:\/\/www.africa-press.net\/togo\/toutes-les-actualites\/togo-desengorgement-des-voies-publiques-le-civisme-reclame-6-mois-de-plus\"},\"wordCount\":158,\"commentCount\":0,\"image\":{\"@id\":\"https:\/\/www.africa-press.net\/togo\/toutes-les-actualites\/togo-desengorgement-des-voies-publiques-le-civisme-reclame-6-mois-de-plus#primaryimage\"},\"thumbnailUrl\":\"https:\/\/static.africa-press.net\/togo\/sites\/58\/2023\/02\/postQueueImg_1675354970.16.jpg\",\"keywords\":[\"Africa Press\",\"Africa Press-Togo\",\"Togo\"],\"articleSection\":[\"Communaut\u00e9\",\"Toutes les actualit\u00e9s\"],\"inLanguage\":\"fr-FR\",\"potentialAction\":[{\"@type\":\"CommentAction\",\"name\":\"Comment\",\"target\":[\"https:\/\/www.africa-press.net\/togo\/toutes-les-actualites\/togo-desengorgement-des-voies-publiques-le-civisme-reclame-6-mois-de-plus#respond\"]}]},{\"@type\":\"WebPage\",\"@id\":\"https:\/\/www.africa-press.net\/togo\/toutes-les-actualites\/togo-desengorgement-des-voies-publiques-le-civisme-reclame-6-mois-de-plus\",\"url\":\"https:\/\/www.africa-press.net\/togo\/toutes-les-actualites\/togo-desengorgement-des-voies-publiques-le-civisme-reclame-6-mois-de-plus\",\"name\":\"Togo-D\u00e9sengorgement des voies publiques : Le Civisme r\u00e9clame 6 mois de plus - Togo\",\"isPartOf\":{\"@id\":\"https:\/\/www.africa-press.net\/togo\/#website\"},\"primaryImageOfPage\":{\"@id\":\"https:\/\/www.africa-press.net\/togo\/toutes-les-actualites\/togo-desengorgement-des-voies-publiques-le-civisme-reclame-6-mois-de-plus#primaryimage\"},\"image\":{\"@id\":\"https:\/\/www.africa-press.net\/togo\/toutes-les-actualites\/togo-desengorgement-des-voies-publiques-le-civisme-reclame-6-mois-de-plus#primaryimage\"},\"thumbnailUrl\":\"https:\/\/static.africa-press.net\/togo\/sites\/58\/2023\/02\/postQueueImg_1675354970.16.jpg\",\"datePublished\":\"2023-02-02T19:51:39+00:00\",\"dateModified\":\"2023-02-02T21:56:29+00:00\",\"author\":{\"@id\":\"https:\/\/www.africa-press.net\/togo\/#\/schema\/person\/2b1cf3cd81a31e3cd26889ca66d677f1\"},\"description\":\"Au nom des occupants des voies publiques, l\u2019association \u00ab Le Civisme \u00bb plaide pour un moratoire de six (6) mois et ce ...\",\"breadcrumb\":{\"@id\":\"https:\/\/www.africa-press.net\/togo\/toutes-les-actualites\/togo-desengorgement-des-voies-publiques-le-civisme-reclame-6-mois-de-plus#breadcrumb\"},\"inLanguage\":\"fr-FR\",\"potentialAction\":[{\"@type\":\"ReadAction\",\"target\":[\"https:\/\/www.africa-press.net\/togo\/toutes-les-actualites\/togo-desengorgement-des-voies-publiques-le-civisme-reclame-6-mois-de-plus\"]}]},{\"@type\":\"ImageObject\",\"inLanguage\":\"fr-FR\",\"@id\":\"https:\/\/www.africa-press.net\/togo\/toutes-les-actualites\/togo-desengorgement-des-voies-publiques-le-civisme-reclame-6-mois-de-plus#primaryimage\",\"url\":\"https:\/\/static.africa-press.net\/togo\/sites\/58\/2023\/02\/postQueueImg_1675354970.16.jpg\",\"contentUrl\":\"https:\/\/static.africa-press.net\/togo\/sites\/58\/2023\/02\/postQueueImg_1675354970.16.jpg\",\"width\":1280,\"height\":800,\"caption\":\"Togo-D\u00e9sengorgement des voies publiques : Le Civisme r\u00e9clame 6 mois de plus\"},{\"@type\":\"BreadcrumbList\",\"@id\":\"https:\/\/www.africa-press.net\/togo\/toutes-les-actualites\/togo-desengorgement-des-voies-publiques-le-civisme-reclame-6-mois-de-plus#breadcrumb\",\"itemListElement\":[{\"@type\":\"ListItem\",\"position\":1,\"name\":\"Accueil\",\"item\":\"https:\/\/www.africa-press.net\/togo\/\"},{\"@type\":\"ListItem\",\"position\":2,\"name\":\"Togo-D\u00e9sengorgement des voies publiques : Le Civisme r\u00e9clame 6 mois de plus\"}]},{\"@type\":\"WebSite\",\"@id\":\"https:\/\/www.africa-press.net\/togo\/#website\",\"url\":\"https:\/\/www.africa-press.net\/togo\/\",\"name\":\"Togo\",\"description\":\"Just another Africa News Agency Sites site\",\"potentialAction\":[{\"@type\":\"SearchAction\",\"target\":{\"@type\":\"EntryPoint\",\"urlTemplate\":\"https:\/\/www.africa-press.net\/togo\/?s={search_term_string}\"},\"query-input\":{\"@type\":\"PropertyValueSpecification\",\"valueRequired\":true,\"valueName\":\"search_term_string\"}}],\"inLanguage\":\"fr-FR\"},{\"@type\":\"Person\",\"@id\":\"https:\/\/www.africa-press.net\/togo\/#\/schema\/person\/2b1cf3cd81a31e3cd26889ca66d677f1\",\"name\":\"cfeditorfr\"}]}<\/script>\n<!-- \/ Yoast SEO Premium plugin. -->","yoast_head_json":{"title":"Togo-D\u00e9sengorgement des voies publiques : Le Civisme r\u00e9clame 6 mois de plus - Togo","description":"Au nom des occupants des voies publiques, l\u2019association \u00ab Le Civisme \u00bb plaide pour un moratoire de six (6) mois et ce ...","robots":{"index":"index","follow":"follow","max-snippet":"max-snippet:-1","max-image-preview":"max-image-preview:large","max-video-preview":"max-video-preview:-1"},"canonical":"https:\/\/www.africa-press.net\/togo\/toutes-les-actualites\/togo-desengorgement-des-voies-publiques-le-civisme-reclame-6-mois-de-plus","og_locale":"fr_FR","og_type":"article","og_title":"Togo-D\u00e9sengorgement des voies publiques : Le Civisme r\u00e9clame 6 mois de plus","og_description":"Au nom des occupants des voies publiques, l\u2019association \u00ab Le Civisme \u00bb plaide pour un moratoire de six (6) mois et ce ...","og_url":"https:\/\/www.africa-press.net\/togo\/toutes-les-actualites\/togo-desengorgement-des-voies-publiques-le-civisme-reclame-6-mois-de-plus","og_site_name":"Togo","article_published_time":"2023-02-02T19:51:39+00:00","article_modified_time":"2023-02-02T21:56:29+00:00","og_image":[{"width":1280,"height":800,"url":"https:\/\/static.africa-press.net\/togo\/sites\/58\/2023\/02\/postQueueImg_1675354970.16.jpg","type":"image\/jpeg"}],"author":"cfeditorfr","twitter_card":"summary_large_image","twitter_misc":{"\u00c9crit par":"cfeditorfr","Dur\u00e9e de lecture estim\u00e9e":"1 minute"},"schema":{"@context":"https:\/\/schema.org","@graph":[{"@type":"Article","@id":"https:\/\/www.africa-press.net\/togo\/toutes-les-actualites\/togo-desengorgement-des-voies-publiques-le-civisme-reclame-6-mois-de-plus#article","isPartOf":{"@id":"https:\/\/www.africa-press.net\/togo\/toutes-les-actualites\/togo-desengorgement-des-voies-publiques-le-civisme-reclame-6-mois-de-plus"},"author":{"name":"cfeditorfr","@id":"https:\/\/www.africa-press.net\/togo\/#\/schema\/person\/2b1cf3cd81a31e3cd26889ca66d677f1"},"headline":"Togo-D\u00e9sengorgement des voies publiques : Le Civisme r\u00e9clame 6 mois de plus","datePublished":"2023-02-02T19:51:39+00:00","dateModified":"2023-02-02T21:56:29+00:00","mainEntityOfPage":{"@id":"https:\/\/www.africa-press.net\/togo\/toutes-les-actualites\/togo-desengorgement-des-voies-publiques-le-civisme-reclame-6-mois-de-plus"},"wordCount":158,"commentCount":0,"image":{"@id":"https:\/\/www.africa-press.net\/togo\/toutes-les-actualites\/togo-desengorgement-des-voies-publiques-le-civisme-reclame-6-mois-de-plus#primaryimage"},"thumbnailUrl":"https:\/\/static.africa-press.net\/togo\/sites\/58\/2023\/02\/postQueueImg_1675354970.16.jpg","keywords":["Africa Press","Africa Press-Togo","Togo"],"articleSection":["Communaut\u00e9","Toutes les actualit\u00e9s"],"inLanguage":"fr-FR","potentialAction":[{"@type":"CommentAction","name":"Comment","target":["https:\/\/www.africa-press.net\/togo\/toutes-les-actualites\/togo-desengorgement-des-voies-publiques-le-civisme-reclame-6-mois-de-plus#respond"]}]},{"@type":"WebPage","@id":"https:\/\/www.africa-press.net\/togo\/toutes-les-actualites\/togo-desengorgement-des-voies-publiques-le-civisme-reclame-6-mois-de-plus","url":"https:\/\/www.africa-press.net\/togo\/toutes-les-actualites\/togo-desengorgement-des-voies-publiques-le-civisme-reclame-6-mois-de-plus","name":"Togo-D\u00e9sengorgement des voies publiques : Le Civisme r\u00e9clame 6 mois de plus - Togo","isPartOf":{"@id":"https:\/\/www.africa-press.net\/togo\/#website"},"primaryImageOfPage":{"@id":"https:\/\/www.africa-press.net\/togo\/toutes-les-actualites\/togo-desengorgement-des-voies-publiques-le-civisme-reclame-6-mois-de-plus#primaryimage"},"image":{"@id":"https:\/\/www.africa-press.net\/togo\/toutes-les-actualites\/togo-desengorgement-des-voies-publiques-le-civisme-reclame-6-mois-de-plus#primaryimage"},"thumbnailUrl":"https:\/\/static.africa-press.net\/togo\/sites\/58\/2023\/02\/postQueueImg_1675354970.16.jpg","datePublished":"2023-02-02T19:51:39+00:00","dateModified":"2023-02-02T21:56:29+00:00","author":{"@id":"https:\/\/www.africa-press.net\/togo\/#\/schema\/person\/2b1cf3cd81a31e3cd26889ca66d677f1"},"description":"Au nom des occupants des voies publiques, l\u2019association \u00ab Le Civisme \u00bb plaide pour un moratoire de six (6) mois et ce ...","breadcrumb":{"@id":"https:\/\/www.africa-press.net\/togo\/toutes-les-actualites\/togo-desengorgement-des-voies-publiques-le-civisme-reclame-6-mois-de-plus#breadcrumb"},"inLanguage":"fr-FR","potentialAction":[{"@type":"ReadAction","target":["https:\/\/www.africa-press.net\/togo\/toutes-les-actualites\/togo-desengorgement-des-voies-publiques-le-civisme-reclame-6-mois-de-plus"]}]},{"@type":"ImageObject","inLanguage":"fr-FR","@id":"https:\/\/www.africa-press.net\/togo\/toutes-les-actualites\/togo-desengorgement-des-voies-publiques-le-civisme-reclame-6-mois-de-plus#primaryimage","url":"https:\/\/static.africa-press.net\/togo\/sites\/58\/2023\/02\/postQueueImg_1675354970.16.jpg","contentUrl":"https:\/\/static.africa-press.net\/togo\/sites\/58\/2023\/02\/postQueueImg_1675354970.16.jpg","width":1280,"height":800,"caption":"Togo-D\u00e9sengorgement des voies publiques : Le Civisme r\u00e9clame 6 mois de plus"},{"@type":"BreadcrumbList","@id":"https:\/\/www.africa-press.net\/togo\/toutes-les-actualites\/togo-desengorgement-des-voies-publiques-le-civisme-reclame-6-mois-de-plus#breadcrumb","itemListElement":[{"@type":"ListItem","position":1,"name":"Accueil","item":"https:\/\/www.africa-press.net\/togo\/"},{"@type":"ListItem","position":2,"name":"Togo-D\u00e9sengorgement des voies publiques : Le Civisme r\u00e9clame 6 mois de plus"}]},{"@type":"WebSite","@id":"https:\/\/www.africa-press.net\/togo\/#website","url":"https:\/\/www.africa-press.net\/togo\/","name":"Togo","description":"Just another Africa News Agency Sites site","potentialAction":[{"@type":"SearchAction","target":{"@type":"EntryPoint","urlTemplate":"https:\/\/www.africa-press.net\/togo\/?s={search_term_string}"},"query-input":{"@type":"PropertyValueSpecification","valueRequired":true,"valueName":"search_term_string"}}],"inLanguage":"fr-FR"},{"@type":"Person","@id":"https:\/\/www.africa-press.net\/togo\/#\/schema\/person\/2b1cf3cd81a31e3cd26889ca66d677f1","name":"cfeditorfr"}]}},"_links":{"self":[{"href":"https:\/\/www.africa-press.net\/togo\/wp-json\/wp\/v2\/posts\/16764","targetHints":{"allow":["GET"]}}],"collection":[{"href":"https:\/\/www.africa-press.net\/togo\/wp-json\/wp\/v2\/posts"}],"about":[{"href":"https:\/\/www.africa-press.net\/togo\/wp-json\/wp\/v2\/types\/post"}],"author":[{"embeddable":true,"href":"https:\/\/www.africa-press.net\/togo\/wp-json\/wp\/v2\/users\/82"}],"replies":[{"embeddable":true,"href":"https:\/\/www.africa-press.net\/togo\/wp-json\/wp\/v2\/comments?post=16764"}],"version-history":[{"count":0,"href":"https:\/\/www.africa-press.net\/togo\/wp-json\/wp\/v2\/posts\/16764\/revisions"}],"wp:featuredmedia":[{"embeddable":true,"href":"https:\/\/www.africa-press.net\/togo\/wp-json\/wp\/v2\/media\/16763"}],"wp:attachment":[{"href":"https:\/\/www.africa-press.net\/togo\/wp-json\/wp\/v2\/media?parent=16764"}],"wp:term":[{"taxonomy":"category","embeddable":true,"href":"https:\/\/www.africa-press.net\/togo\/wp-json\/wp\/v2\/categories?post=16764"},{"taxonomy":"post_tag","embeddable":true,"href":"https:\/\/www.africa-press.net\/togo\/wp-json\/wp\/v2\/tags?post=16764"}],"curies":[{"name":"wp","href":"https:\/\/api.w.org\/{rel}","templated":true}]}}