{"id":16773,"date":"2023-02-03T18:31:49","date_gmt":"2023-02-03T18:31:49","guid":{"rendered":"https:\/\/www.africa-press.net\/togo\/politique\/togo-colonel-dimini-allahare-nomme-directeur-general-de-la-salt"},"modified":"2023-02-03T21:02:46","modified_gmt":"2023-02-03T21:02:46","slug":"togo-colonel-dimini-allahare-nomme-directeur-general-de-la-salt","status":"publish","type":"post","link":"https:\/\/www.africa-press.net\/togo\/politique\/togo-colonel-dimini-allahare-nomme-directeur-general-de-la-salt","title":{"rendered":"Togo \u2013 Colonel Dimini ALLAHARE nomm\u00e9 Directeur G\u00e9n\u00e9ral de la SALT"},"content":{"rendered":"<p><span style=\"color: #ff6600\"><strong>Africa-Press &#8211; Togo. <\/strong><\/span><b>Par de\u0301cision N\u00b0001\/2023\/SALT\/PCA du Conseil d\u2019administration de la Socie\u0301te\u0301 Ae\u0301roportuaire de Lome\u0301 Tokoin (SALT), le colonel Dimini ALLAHARE prend les commandes de cette structure en charge de la gestion, de l\u2019exploitation et du de\u0301veloppement des deux ae\u0301roports du Togo.<\/b><\/p>\n<p>A compter de ce jeudi 02 Fe\u0301vrier 2023, le colonel Dokisime Gnama Latta est e\u0301jecte\u0301 de la Direction Ge\u0301ne\u0301rale de la SALT, poste qu\u2019il cumulait depuis 2017 avec la Direction de l\u2019Agence Nationale de l\u2019Aviation Civile (ANAC). Il est remplace\u0301 par le colonel Dimini ALLAHARE qui auparavant e\u0301tait le Coordonnateur de l\u2019Autorite\u0301 de Su\u0302rete\u0301 de l\u2019Ae\u0301roport International Gnassingbe\u0301 Eyadema de Lome\u0301.<\/p>\n<p>La SALT est une socie\u0301te\u0301 d\u2019e\u0301conomie mixte avec un conseil d\u2019administration pre\u0301side\u0301 par Damipi Noupokou, plusieurs fois ministre au Togo.<\/p>\n<p><strong>Pour plus d&rsquo;informations et d&rsquo;analyses sur la <a href=\"https:\/\/www.africa-press.net\/togo\">Togo<\/a>, suivez <a href=\"https:\/\/www.africa-press.net\/\">Africa-Press<\/a><\/strong><\/p>\n","protected":false},"excerpt":{"rendered":"<p>Africa-Press &#8211; Togo. Par de\u0301cision N\u00b0001\/2023\/SALT\/PCA du Conseil d\u2019administration de la Socie\u0301te\u0301 Ae\u0301roportuaire de Lome\u0301 Tokoin (SALT), le colonel Dimini ALLAHARE prend les commandes de cette structure en charge de la gestion, de l\u2019exploitation et du de\u0301veloppement des deux ae\u0301roports du Togo. A compter de ce jeudi 02 Fe\u0301vrier 2023, le colonel Dokisime Gnama Latta [&hellip;]<\/p>\n","protected":false},"author":82,"featured_media":16772,"comment_status":"open","ping_status":"closed","sticky":false,"template":"","format":"standard","meta":{"footnotes":""},"categories":[2,10],"tags":[36,49,50],"class_list":["post-16773","post","type-post","status-publish","format-standard","has-post-thumbnail","hentry","category-politique","category-toutes-les-actualites","tag-africa-press","tag-africa-press-togo","tag-togo"],"yoast_head":"<!-- This site is optimized with the Yoast SEO Premium plugin v26.1 (Yoast SEO v27.0) - https:\/\/yoast.com\/product\/yoast-seo-premium-wordpress\/ -->\n<title>Togo \u2013 Colonel Dimini ALLAHARE nomm\u00e9 Directeur G\u00e9n\u00e9ral de la SALT - Togo<\/title>\n<meta name=\"description\" content=\"Par de\u0301cision N\u00b0001\/2023\/SALT\/PCA du Conseil d\u2019administration de la Socie\u0301te\u0301 Ae\u0301roportuaire de Lome\u0301 Tokoin (SALT), ...\" \/>\n<meta name=\"robots\" content=\"index, follow, max-snippet:-1, max-image-preview:large, max-video-preview:-1\" \/>\n<link rel=\"canonical\" href=\"https:\/\/www.africa-press.net\/togo\/politique\/togo-colonel-dimini-allahare-nomme-directeur-general-de-la-salt\" \/>\n<meta property=\"og:locale\" content=\"fr_FR\" \/>\n<meta property=\"og:type\" content=\"article\" \/>\n<meta property=\"og:title\" content=\"Togo \u2013 Colonel Dimini ALLAHARE nomm\u00e9 Directeur G\u00e9n\u00e9ral de la SALT\" \/>\n<meta property=\"og:description\" content=\"Par de\u0301cision N\u00b0001\/2023\/SALT\/PCA du Conseil d\u2019administration de la Socie\u0301te\u0301 Ae\u0301roportuaire de Lome\u0301 Tokoin (SALT), ...\" \/>\n<meta property=\"og:url\" content=\"https:\/\/www.africa-press.net\/togo\/politique\/togo-colonel-dimini-allahare-nomme-directeur-general-de-la-salt\" \/>\n<meta property=\"og:site_name\" content=\"Togo\" \/>\n<meta property=\"article:published_time\" content=\"2023-02-03T18:31:49+00:00\" \/>\n<meta property=\"article:modified_time\" content=\"2023-02-03T21:02:46+00:00\" \/>\n<meta property=\"og:image\" content=\"https:\/\/static.africa-press.net\/togo\/sites\/58\/2023\/02\/postQueueImg_1675436511.57.jpg\" \/>\n\t<meta property=\"og:image:width\" content=\"1200\" \/>\n\t<meta property=\"og:image:height\" content=\"812\" \/>\n\t<meta property=\"og:image:type\" content=\"image\/jpeg\" \/>\n<meta name=\"author\" content=\"cfeditorfr\" \/>\n<meta name=\"twitter:card\" content=\"summary_large_image\" \/>\n<meta name=\"twitter:label1\" content=\"\u00c9crit par\" \/>\n\t<meta name=\"twitter:data1\" content=\"cfeditorfr\" \/>\n\t<meta name=\"twitter:label2\" content=\"Dur\u00e9e de lecture estim\u00e9e\" \/>\n\t<meta name=\"twitter:data2\" content=\"1 minute\" \/>\n<script type=\"application\/ld+json\" class=\"yoast-schema-graph\">{\"@context\":\"https:\/\/schema.org\",\"@graph\":[{\"@type\":\"Article\",\"@id\":\"https:\/\/www.africa-press.net\/togo\/politique\/togo-colonel-dimini-allahare-nomme-directeur-general-de-la-salt#article\",\"isPartOf\":{\"@id\":\"https:\/\/www.africa-press.net\/togo\/politique\/togo-colonel-dimini-allahare-nomme-directeur-general-de-la-salt\"},\"author\":{\"name\":\"cfeditorfr\",\"@id\":\"https:\/\/www.africa-press.net\/togo\/#\/schema\/person\/2b1cf3cd81a31e3cd26889ca66d677f1\"},\"headline\":\"Togo \u2013 Colonel Dimini ALLAHARE nomm\u00e9 Directeur G\u00e9n\u00e9ral de la SALT\",\"datePublished\":\"2023-02-03T18:31:49+00:00\",\"dateModified\":\"2023-02-03T21:02:46+00:00\",\"mainEntityOfPage\":{\"@id\":\"https:\/\/www.africa-press.net\/togo\/politique\/togo-colonel-dimini-allahare-nomme-directeur-general-de-la-salt\"},\"wordCount\":170,\"commentCount\":0,\"image\":{\"@id\":\"https:\/\/www.africa-press.net\/togo\/politique\/togo-colonel-dimini-allahare-nomme-directeur-general-de-la-salt#primaryimage\"},\"thumbnailUrl\":\"https:\/\/static.africa-press.net\/togo\/sites\/58\/2023\/02\/postQueueImg_1675436511.57.jpg\",\"keywords\":[\"Africa Press\",\"Africa Press-Togo\",\"Togo\"],\"articleSection\":[\"Politique\",\"Toutes les actualit\u00e9s\"],\"inLanguage\":\"fr-FR\",\"potentialAction\":[{\"@type\":\"CommentAction\",\"name\":\"Comment\",\"target\":[\"https:\/\/www.africa-press.net\/togo\/politique\/togo-colonel-dimini-allahare-nomme-directeur-general-de-la-salt#respond\"]}]},{\"@type\":\"WebPage\",\"@id\":\"https:\/\/www.africa-press.net\/togo\/politique\/togo-colonel-dimini-allahare-nomme-directeur-general-de-la-salt\",\"url\":\"https:\/\/www.africa-press.net\/togo\/politique\/togo-colonel-dimini-allahare-nomme-directeur-general-de-la-salt\",\"name\":\"Togo \u2013 Colonel Dimini ALLAHARE nomm\u00e9 Directeur G\u00e9n\u00e9ral de la SALT - Togo\",\"isPartOf\":{\"@id\":\"https:\/\/www.africa-press.net\/togo\/#website\"},\"primaryImageOfPage\":{\"@id\":\"https:\/\/www.africa-press.net\/togo\/politique\/togo-colonel-dimini-allahare-nomme-directeur-general-de-la-salt#primaryimage\"},\"image\":{\"@id\":\"https:\/\/www.africa-press.net\/togo\/politique\/togo-colonel-dimini-allahare-nomme-directeur-general-de-la-salt#primaryimage\"},\"thumbnailUrl\":\"https:\/\/static.africa-press.net\/togo\/sites\/58\/2023\/02\/postQueueImg_1675436511.57.jpg\",\"datePublished\":\"2023-02-03T18:31:49+00:00\",\"dateModified\":\"2023-02-03T21:02:46+00:00\",\"author\":{\"@id\":\"https:\/\/www.africa-press.net\/togo\/#\/schema\/person\/2b1cf3cd81a31e3cd26889ca66d677f1\"},\"description\":\"Par de\u0301cision N\u00b0001\/2023\/SALT\/PCA du Conseil d\u2019administration de la Socie\u0301te\u0301 Ae\u0301roportuaire de Lome\u0301 Tokoin (SALT), ...\",\"breadcrumb\":{\"@id\":\"https:\/\/www.africa-press.net\/togo\/politique\/togo-colonel-dimini-allahare-nomme-directeur-general-de-la-salt#breadcrumb\"},\"inLanguage\":\"fr-FR\",\"potentialAction\":[{\"@type\":\"ReadAction\",\"target\":[\"https:\/\/www.africa-press.net\/togo\/politique\/togo-colonel-dimini-allahare-nomme-directeur-general-de-la-salt\"]}]},{\"@type\":\"ImageObject\",\"inLanguage\":\"fr-FR\",\"@id\":\"https:\/\/www.africa-press.net\/togo\/politique\/togo-colonel-dimini-allahare-nomme-directeur-general-de-la-salt#primaryimage\",\"url\":\"https:\/\/static.africa-press.net\/togo\/sites\/58\/2023\/02\/postQueueImg_1675436511.57.jpg\",\"contentUrl\":\"https:\/\/static.africa-press.net\/togo\/sites\/58\/2023\/02\/postQueueImg_1675436511.57.jpg\",\"width\":1200,\"height\":812,\"caption\":\"Togo \u2013 Colonel Dimini ALLAHARE nomm\u00e9 Directeur G\u00e9n\u00e9ral de la SALT\"},{\"@type\":\"BreadcrumbList\",\"@id\":\"https:\/\/www.africa-press.net\/togo\/politique\/togo-colonel-dimini-allahare-nomme-directeur-general-de-la-salt#breadcrumb\",\"itemListElement\":[{\"@type\":\"ListItem\",\"position\":1,\"name\":\"Accueil\",\"item\":\"https:\/\/www.africa-press.net\/togo\/\"},{\"@type\":\"ListItem\",\"position\":2,\"name\":\"Togo \u2013 Colonel Dimini ALLAHARE nomm\u00e9 Directeur G\u00e9n\u00e9ral de la SALT\"}]},{\"@type\":\"WebSite\",\"@id\":\"https:\/\/www.africa-press.net\/togo\/#website\",\"url\":\"https:\/\/www.africa-press.net\/togo\/\",\"name\":\"Togo\",\"description\":\"Just another Africa News Agency Sites site\",\"potentialAction\":[{\"@type\":\"SearchAction\",\"target\":{\"@type\":\"EntryPoint\",\"urlTemplate\":\"https:\/\/www.africa-press.net\/togo\/?s={search_term_string}\"},\"query-input\":{\"@type\":\"PropertyValueSpecification\",\"valueRequired\":true,\"valueName\":\"search_term_string\"}}],\"inLanguage\":\"fr-FR\"},{\"@type\":\"Person\",\"@id\":\"https:\/\/www.africa-press.net\/togo\/#\/schema\/person\/2b1cf3cd81a31e3cd26889ca66d677f1\",\"name\":\"cfeditorfr\"}]}<\/script>\n<!-- \/ Yoast SEO Premium plugin. -->","yoast_head_json":{"title":"Togo \u2013 Colonel Dimini ALLAHARE nomm\u00e9 Directeur G\u00e9n\u00e9ral de la SALT - Togo","description":"Par de\u0301cision N\u00b0001\/2023\/SALT\/PCA du Conseil d\u2019administration de la Socie\u0301te\u0301 Ae\u0301roportuaire de Lome\u0301 Tokoin (SALT), ...","robots":{"index":"index","follow":"follow","max-snippet":"max-snippet:-1","max-image-preview":"max-image-preview:large","max-video-preview":"max-video-preview:-1"},"canonical":"https:\/\/www.africa-press.net\/togo\/politique\/togo-colonel-dimini-allahare-nomme-directeur-general-de-la-salt","og_locale":"fr_FR","og_type":"article","og_title":"Togo \u2013 Colonel Dimini ALLAHARE nomm\u00e9 Directeur G\u00e9n\u00e9ral de la SALT","og_description":"Par de\u0301cision N\u00b0001\/2023\/SALT\/PCA du Conseil d\u2019administration de la Socie\u0301te\u0301 Ae\u0301roportuaire de Lome\u0301 Tokoin (SALT), ...","og_url":"https:\/\/www.africa-press.net\/togo\/politique\/togo-colonel-dimini-allahare-nomme-directeur-general-de-la-salt","og_site_name":"Togo","article_published_time":"2023-02-03T18:31:49+00:00","article_modified_time":"2023-02-03T21:02:46+00:00","og_image":[{"width":1200,"height":812,"url":"https:\/\/static.africa-press.net\/togo\/sites\/58\/2023\/02\/postQueueImg_1675436511.57.jpg","type":"image\/jpeg"}],"author":"cfeditorfr","twitter_card":"summary_large_image","twitter_misc":{"\u00c9crit par":"cfeditorfr","Dur\u00e9e de lecture estim\u00e9e":"1 minute"},"schema":{"@context":"https:\/\/schema.org","@graph":[{"@type":"Article","@id":"https:\/\/www.africa-press.net\/togo\/politique\/togo-colonel-dimini-allahare-nomme-directeur-general-de-la-salt#article","isPartOf":{"@id":"https:\/\/www.africa-press.net\/togo\/politique\/togo-colonel-dimini-allahare-nomme-directeur-general-de-la-salt"},"author":{"name":"cfeditorfr","@id":"https:\/\/www.africa-press.net\/togo\/#\/schema\/person\/2b1cf3cd81a31e3cd26889ca66d677f1"},"headline":"Togo \u2013 Colonel Dimini ALLAHARE nomm\u00e9 Directeur G\u00e9n\u00e9ral de la SALT","datePublished":"2023-02-03T18:31:49+00:00","dateModified":"2023-02-03T21:02:46+00:00","mainEntityOfPage":{"@id":"https:\/\/www.africa-press.net\/togo\/politique\/togo-colonel-dimini-allahare-nomme-directeur-general-de-la-salt"},"wordCount":170,"commentCount":0,"image":{"@id":"https:\/\/www.africa-press.net\/togo\/politique\/togo-colonel-dimini-allahare-nomme-directeur-general-de-la-salt#primaryimage"},"thumbnailUrl":"https:\/\/static.africa-press.net\/togo\/sites\/58\/2023\/02\/postQueueImg_1675436511.57.jpg","keywords":["Africa Press","Africa Press-Togo","Togo"],"articleSection":["Politique","Toutes les actualit\u00e9s"],"inLanguage":"fr-FR","potentialAction":[{"@type":"CommentAction","name":"Comment","target":["https:\/\/www.africa-press.net\/togo\/politique\/togo-colonel-dimini-allahare-nomme-directeur-general-de-la-salt#respond"]}]},{"@type":"WebPage","@id":"https:\/\/www.africa-press.net\/togo\/politique\/togo-colonel-dimini-allahare-nomme-directeur-general-de-la-salt","url":"https:\/\/www.africa-press.net\/togo\/politique\/togo-colonel-dimini-allahare-nomme-directeur-general-de-la-salt","name":"Togo \u2013 Colonel Dimini ALLAHARE nomm\u00e9 Directeur G\u00e9n\u00e9ral de la SALT - Togo","isPartOf":{"@id":"https:\/\/www.africa-press.net\/togo\/#website"},"primaryImageOfPage":{"@id":"https:\/\/www.africa-press.net\/togo\/politique\/togo-colonel-dimini-allahare-nomme-directeur-general-de-la-salt#primaryimage"},"image":{"@id":"https:\/\/www.africa-press.net\/togo\/politique\/togo-colonel-dimini-allahare-nomme-directeur-general-de-la-salt#primaryimage"},"thumbnailUrl":"https:\/\/static.africa-press.net\/togo\/sites\/58\/2023\/02\/postQueueImg_1675436511.57.jpg","datePublished":"2023-02-03T18:31:49+00:00","dateModified":"2023-02-03T21:02:46+00:00","author":{"@id":"https:\/\/www.africa-press.net\/togo\/#\/schema\/person\/2b1cf3cd81a31e3cd26889ca66d677f1"},"description":"Par de\u0301cision N\u00b0001\/2023\/SALT\/PCA du Conseil d\u2019administration de la Socie\u0301te\u0301 Ae\u0301roportuaire de Lome\u0301 Tokoin (SALT), ...","breadcrumb":{"@id":"https:\/\/www.africa-press.net\/togo\/politique\/togo-colonel-dimini-allahare-nomme-directeur-general-de-la-salt#breadcrumb"},"inLanguage":"fr-FR","potentialAction":[{"@type":"ReadAction","target":["https:\/\/www.africa-press.net\/togo\/politique\/togo-colonel-dimini-allahare-nomme-directeur-general-de-la-salt"]}]},{"@type":"ImageObject","inLanguage":"fr-FR","@id":"https:\/\/www.africa-press.net\/togo\/politique\/togo-colonel-dimini-allahare-nomme-directeur-general-de-la-salt#primaryimage","url":"https:\/\/static.africa-press.net\/togo\/sites\/58\/2023\/02\/postQueueImg_1675436511.57.jpg","contentUrl":"https:\/\/static.africa-press.net\/togo\/sites\/58\/2023\/02\/postQueueImg_1675436511.57.jpg","width":1200,"height":812,"caption":"Togo \u2013 Colonel Dimini ALLAHARE nomm\u00e9 Directeur G\u00e9n\u00e9ral de la SALT"},{"@type":"BreadcrumbList","@id":"https:\/\/www.africa-press.net\/togo\/politique\/togo-colonel-dimini-allahare-nomme-directeur-general-de-la-salt#breadcrumb","itemListElement":[{"@type":"ListItem","position":1,"name":"Accueil","item":"https:\/\/www.africa-press.net\/togo\/"},{"@type":"ListItem","position":2,"name":"Togo \u2013 Colonel Dimini ALLAHARE nomm\u00e9 Directeur G\u00e9n\u00e9ral de la SALT"}]},{"@type":"WebSite","@id":"https:\/\/www.africa-press.net\/togo\/#website","url":"https:\/\/www.africa-press.net\/togo\/","name":"Togo","description":"Just another Africa News Agency Sites site","potentialAction":[{"@type":"SearchAction","target":{"@type":"EntryPoint","urlTemplate":"https:\/\/www.africa-press.net\/togo\/?s={search_term_string}"},"query-input":{"@type":"PropertyValueSpecification","valueRequired":true,"valueName":"search_term_string"}}],"inLanguage":"fr-FR"},{"@type":"Person","@id":"https:\/\/www.africa-press.net\/togo\/#\/schema\/person\/2b1cf3cd81a31e3cd26889ca66d677f1","name":"cfeditorfr"}]}},"_links":{"self":[{"href":"https:\/\/www.africa-press.net\/togo\/wp-json\/wp\/v2\/posts\/16773","targetHints":{"allow":["GET"]}}],"collection":[{"href":"https:\/\/www.africa-press.net\/togo\/wp-json\/wp\/v2\/posts"}],"about":[{"href":"https:\/\/www.africa-press.net\/togo\/wp-json\/wp\/v2\/types\/post"}],"author":[{"embeddable":true,"href":"https:\/\/www.africa-press.net\/togo\/wp-json\/wp\/v2\/users\/82"}],"replies":[{"embeddable":true,"href":"https:\/\/www.africa-press.net\/togo\/wp-json\/wp\/v2\/comments?post=16773"}],"version-history":[{"count":0,"href":"https:\/\/www.africa-press.net\/togo\/wp-json\/wp\/v2\/posts\/16773\/revisions"}],"wp:featuredmedia":[{"embeddable":true,"href":"https:\/\/www.africa-press.net\/togo\/wp-json\/wp\/v2\/media\/16772"}],"wp:attachment":[{"href":"https:\/\/www.africa-press.net\/togo\/wp-json\/wp\/v2\/media?parent=16773"}],"wp:term":[{"taxonomy":"category","embeddable":true,"href":"https:\/\/www.africa-press.net\/togo\/wp-json\/wp\/v2\/categories?post=16773"},{"taxonomy":"post_tag","embeddable":true,"href":"https:\/\/www.africa-press.net\/togo\/wp-json\/wp\/v2\/tags?post=16773"}],"curies":[{"name":"wp","href":"https:\/\/api.w.org\/{rel}","templated":true}]}}