{"id":16779,"date":"2023-02-03T18:32:01","date_gmt":"2023-02-03T18:32:01","guid":{"rendered":"https:\/\/www.africa-press.net\/togo\/politique\/togo-une-annee-electorale-encore-faure-et-ses-scenarios-folkloriques-pour-le-statu-quo"},"modified":"2023-02-03T21:06:12","modified_gmt":"2023-02-03T21:06:12","slug":"togo-une-annee-electorale-encore-faure-et-ses-scenarios-folkloriques-pour-le-statu-quo","status":"publish","type":"post","link":"https:\/\/www.africa-press.net\/togo\/politique\/togo-une-annee-electorale-encore-faure-et-ses-scenarios-folkloriques-pour-le-statu-quo","title":{"rendered":"Togo-Une ann\u00e9e \u00e9lectorale : Encore Faure et ses sc\u00e9narios folkloriques pour le statu quo"},"content":{"rendered":"<p><span style=\"color: #ff6600\"><strong>Africa-Press &#8211; Togo. <\/strong><\/span><b>2023 est une anne\u0301e e\u0301lectorale et Faure Gnassingbe\u0301 dans son message de v\u0153ux a\u0300 la nation le 31 de\u0301cembre 2022 a de\u0301clare\u0301 que toutes les conditions sont re\u0301unies pour des e\u0301lections apaise\u0301es.<\/b><\/p>\n<p>Et comme a\u0300 chaque rendez-vous e\u0301lectoral, le Chef de l\u2019Etat multiplie les sorties a\u0300 travers le pays pour rappeler a\u0300 la me\u0301moire des Togolais son existence.<\/p>\n<p>Rien que pour la semaine du 22 au 28 janvier, il e\u0301tait a\u0300 Kara avec l\u2019ensemble de son gouvernement. En marge de la comme\u0301moration des 49 ans de l\u2019attentat ou l\u2019accident de Sarakawa, Faure Gnassingbe\u0301 a rencontre\u0301 les directeurs re\u0301gionaux des services de\u0301concentre\u0301s des re\u0301gions Centrale, de la Kara et des Savanes. Les e\u0301changes ont porte\u0301 sur la mise en \u0153uvre, l\u2019e\u0301valuation et le suivi des projets prioritaires de la Feuille de route gouvernementale a\u0300 l\u2019horizon 2025. \u00ab Le mai\u0302tre-mot demeure l\u2019efficacite\u0301 et la de\u0301livrance de re\u0301sultats qui ont un impact re\u0301el et sensible sur la vie des togolaises et togolais, en particulier les plus vulne\u0301rables, car personne ne doit e\u0302tre laisse\u0301 de co\u0302te\u0301 \u00bb, a indique\u0301 le successeur de Eyadema Gnassingbe\u0301.<\/p>\n<p>Il finit la semaine a\u0300 Tse\u0301vie\u0301 a\u0300 la clo\u0302ture du Forum des Producteurs Agricoles du Togo (FoPAT) qui a re\u0301uni, dit-on des paysans des 8 pre\u0301fectures de la Re\u0301gion Maritime. \u00ab Nous devons nous nourrir nous-me\u0302mes, vivre de nos activite\u0301s agricoles, subvenir a\u0300 nos propres besoins et ceux de nos familles pour mieux investir dans le de\u0301veloppement e\u0301conomique du pays \u00bb clame M. Gnassingbe\u0301. Cette rencontre fait suite a\u0300 celle de Dapaong organise\u0301e une semaine plus to\u0302t.<\/p>\n<p>En re\u0301alite\u0301, rien de nouveau sous le soleil. Biento\u0302t 18 ans au pouvoir, aucun miracle dans aucun secteur. Mais a\u0300 chaque e\u0301che\u0301ance e\u0301lectorale, le Pre\u0301sident d\u2019UNIR s\u2019emploie parfois avec des moyens les plus vils pour s\u2019imposer pour juste maintenir le statu quo. L\u2019agriculture pour laquelle on organise le folklore one\u0301reux, qu\u2019est-ce qui n\u2019a pas encore e\u0301te\u0301 dit ? Des projets inge\u0301nieux dont PNIASA qui ont e\u0301norme\u0301ment fait rede\u0301coller le secteur agricole au Ghana, ont e\u0301te\u0301 pluto\u0302t source d\u2019enrichissement sauvage et illicite pour certains dans la grande impunite\u0301 au Togo. Que restet-il encore a\u0300 Faure quand le Togo n\u2019est me\u0302me pas en mesure de consommer tous les fonds du Projet National de Promotion de l\u2019Entrepreneuriat Rural (PNPER) finance\u0301 par le FIDA au milieu des besoins a\u0300 foison partout dans le pays ? C\u2019est triste que le maintien au pouvoir est devenu le seul et unique axe de gouvernance du Togo.<\/p>\n<p>Plus de 62 ans apre\u0300s les inde\u0301pendances, que de se\u0301rieux proble\u0300mes de gestion des fonds alloue\u0301s aux projets dans le pays .A vrai dire, les gens ont ve\u0301ritablement atteint leurs limites. Plus rien a\u0300 proposer pour sauver ce Togo.<\/p>\n<p>Honore\u0301 ADONTUI<\/p>\n<p><strong>Pour plus d&rsquo;informations et d&rsquo;analyses sur la <a href=\"https:\/\/www.africa-press.net\/togo\">Togo<\/a>, suivez <a href=\"https:\/\/www.africa-press.net\/\">Africa-Press<\/a><\/strong><\/p>\n","protected":false},"excerpt":{"rendered":"<p>Africa-Press &#8211; Togo. 2023 est une anne\u0301e e\u0301lectorale et Faure Gnassingbe\u0301 dans son message de v\u0153ux a\u0300 la nation le 31 de\u0301cembre 2022 a de\u0301clare\u0301 que toutes les conditions sont re\u0301unies pour des e\u0301lections apaise\u0301es. Et comme a\u0300 chaque rendez-vous e\u0301lectoral, le Chef de l\u2019Etat multiplie les sorties a\u0300 travers le pays pour rappeler a\u0300 [&hellip;]<\/p>\n","protected":false},"author":82,"featured_media":16778,"comment_status":"open","ping_status":"closed","sticky":false,"template":"","format":"standard","meta":{"footnotes":""},"categories":[2,10],"tags":[36,49,50],"class_list":["post-16779","post","type-post","status-publish","format-standard","has-post-thumbnail","hentry","category-politique","category-toutes-les-actualites","tag-africa-press","tag-africa-press-togo","tag-togo"],"yoast_head":"<!-- This site is optimized with the Yoast SEO Premium plugin v26.1 (Yoast SEO v27.0) - https:\/\/yoast.com\/product\/yoast-seo-premium-wordpress\/ -->\n<title>Togo-Une ann\u00e9e \u00e9lectorale : Encore Faure et ses sc\u00e9narios folkloriques pour le statu quo - Togo<\/title>\n<meta name=\"description\" content=\"2023 est une anne\u0301e e\u0301lectorale et Faure Gnassingbe\u0301 dans son message de v\u0153ux a\u0300 la nation le 31 de\u0301cembre 2022 a de\u0301 ...\" \/>\n<meta name=\"robots\" content=\"index, follow, max-snippet:-1, max-image-preview:large, max-video-preview:-1\" \/>\n<link rel=\"canonical\" href=\"https:\/\/www.africa-press.net\/togo\/politique\/togo-une-annee-electorale-encore-faure-et-ses-scenarios-folkloriques-pour-le-statu-quo\" \/>\n<meta property=\"og:locale\" content=\"fr_FR\" \/>\n<meta property=\"og:type\" content=\"article\" \/>\n<meta property=\"og:title\" content=\"Togo-Une ann\u00e9e \u00e9lectorale : Encore Faure et ses sc\u00e9narios folkloriques pour le statu quo\" \/>\n<meta property=\"og:description\" content=\"2023 est une anne\u0301e e\u0301lectorale et Faure Gnassingbe\u0301 dans son message de v\u0153ux a\u0300 la nation le 31 de\u0301cembre 2022 a de\u0301 ...\" \/>\n<meta property=\"og:url\" content=\"https:\/\/www.africa-press.net\/togo\/politique\/togo-une-annee-electorale-encore-faure-et-ses-scenarios-folkloriques-pour-le-statu-quo\" \/>\n<meta property=\"og:site_name\" content=\"Togo\" \/>\n<meta property=\"article:published_time\" content=\"2023-02-03T18:32:01+00:00\" \/>\n<meta property=\"article:modified_time\" content=\"2023-02-03T21:06:12+00:00\" \/>\n<meta property=\"og:image\" content=\"https:\/\/static.africa-press.net\/togo\/sites\/58\/2023\/02\/postQueueImg_1675436527.47.jpg\" \/>\n\t<meta property=\"og:image:width\" content=\"1280\" \/>\n\t<meta property=\"og:image:height\" content=\"804\" \/>\n\t<meta property=\"og:image:type\" content=\"image\/jpeg\" \/>\n<meta name=\"author\" content=\"cfeditorfr\" \/>\n<meta name=\"twitter:card\" content=\"summary_large_image\" \/>\n<meta name=\"twitter:label1\" content=\"\u00c9crit par\" \/>\n\t<meta name=\"twitter:data1\" content=\"cfeditorfr\" \/>\n\t<meta name=\"twitter:label2\" content=\"Dur\u00e9e de lecture estim\u00e9e\" \/>\n\t<meta name=\"twitter:data2\" content=\"3 minutes\" \/>\n<script type=\"application\/ld+json\" class=\"yoast-schema-graph\">{\"@context\":\"https:\/\/schema.org\",\"@graph\":[{\"@type\":\"Article\",\"@id\":\"https:\/\/www.africa-press.net\/togo\/politique\/togo-une-annee-electorale-encore-faure-et-ses-scenarios-folkloriques-pour-le-statu-quo#article\",\"isPartOf\":{\"@id\":\"https:\/\/www.africa-press.net\/togo\/politique\/togo-une-annee-electorale-encore-faure-et-ses-scenarios-folkloriques-pour-le-statu-quo\"},\"author\":{\"name\":\"cfeditorfr\",\"@id\":\"https:\/\/www.africa-press.net\/togo\/#\/schema\/person\/2b1cf3cd81a31e3cd26889ca66d677f1\"},\"headline\":\"Togo-Une ann\u00e9e \u00e9lectorale : Encore Faure et ses sc\u00e9narios folkloriques pour le statu quo\",\"datePublished\":\"2023-02-03T18:32:01+00:00\",\"dateModified\":\"2023-02-03T21:06:12+00:00\",\"mainEntityOfPage\":{\"@id\":\"https:\/\/www.africa-press.net\/togo\/politique\/togo-une-annee-electorale-encore-faure-et-ses-scenarios-folkloriques-pour-le-statu-quo\"},\"wordCount\":535,\"commentCount\":0,\"image\":{\"@id\":\"https:\/\/www.africa-press.net\/togo\/politique\/togo-une-annee-electorale-encore-faure-et-ses-scenarios-folkloriques-pour-le-statu-quo#primaryimage\"},\"thumbnailUrl\":\"https:\/\/static.africa-press.net\/togo\/sites\/58\/2023\/02\/postQueueImg_1675436527.47.jpg\",\"keywords\":[\"Africa Press\",\"Africa Press-Togo\",\"Togo\"],\"articleSection\":[\"Politique\",\"Toutes les actualit\u00e9s\"],\"inLanguage\":\"fr-FR\",\"potentialAction\":[{\"@type\":\"CommentAction\",\"name\":\"Comment\",\"target\":[\"https:\/\/www.africa-press.net\/togo\/politique\/togo-une-annee-electorale-encore-faure-et-ses-scenarios-folkloriques-pour-le-statu-quo#respond\"]}]},{\"@type\":\"WebPage\",\"@id\":\"https:\/\/www.africa-press.net\/togo\/politique\/togo-une-annee-electorale-encore-faure-et-ses-scenarios-folkloriques-pour-le-statu-quo\",\"url\":\"https:\/\/www.africa-press.net\/togo\/politique\/togo-une-annee-electorale-encore-faure-et-ses-scenarios-folkloriques-pour-le-statu-quo\",\"name\":\"Togo-Une ann\u00e9e \u00e9lectorale : Encore Faure et ses sc\u00e9narios folkloriques pour le statu quo - Togo\",\"isPartOf\":{\"@id\":\"https:\/\/www.africa-press.net\/togo\/#website\"},\"primaryImageOfPage\":{\"@id\":\"https:\/\/www.africa-press.net\/togo\/politique\/togo-une-annee-electorale-encore-faure-et-ses-scenarios-folkloriques-pour-le-statu-quo#primaryimage\"},\"image\":{\"@id\":\"https:\/\/www.africa-press.net\/togo\/politique\/togo-une-annee-electorale-encore-faure-et-ses-scenarios-folkloriques-pour-le-statu-quo#primaryimage\"},\"thumbnailUrl\":\"https:\/\/static.africa-press.net\/togo\/sites\/58\/2023\/02\/postQueueImg_1675436527.47.jpg\",\"datePublished\":\"2023-02-03T18:32:01+00:00\",\"dateModified\":\"2023-02-03T21:06:12+00:00\",\"author\":{\"@id\":\"https:\/\/www.africa-press.net\/togo\/#\/schema\/person\/2b1cf3cd81a31e3cd26889ca66d677f1\"},\"description\":\"2023 est une anne\u0301e e\u0301lectorale et Faure Gnassingbe\u0301 dans son message de v\u0153ux a\u0300 la nation le 31 de\u0301cembre 2022 a de\u0301 ...\",\"breadcrumb\":{\"@id\":\"https:\/\/www.africa-press.net\/togo\/politique\/togo-une-annee-electorale-encore-faure-et-ses-scenarios-folkloriques-pour-le-statu-quo#breadcrumb\"},\"inLanguage\":\"fr-FR\",\"potentialAction\":[{\"@type\":\"ReadAction\",\"target\":[\"https:\/\/www.africa-press.net\/togo\/politique\/togo-une-annee-electorale-encore-faure-et-ses-scenarios-folkloriques-pour-le-statu-quo\"]}]},{\"@type\":\"ImageObject\",\"inLanguage\":\"fr-FR\",\"@id\":\"https:\/\/www.africa-press.net\/togo\/politique\/togo-une-annee-electorale-encore-faure-et-ses-scenarios-folkloriques-pour-le-statu-quo#primaryimage\",\"url\":\"https:\/\/static.africa-press.net\/togo\/sites\/58\/2023\/02\/postQueueImg_1675436527.47.jpg\",\"contentUrl\":\"https:\/\/static.africa-press.net\/togo\/sites\/58\/2023\/02\/postQueueImg_1675436527.47.jpg\",\"width\":1280,\"height\":804,\"caption\":\"Togo-Une ann\u00e9e \u00e9lectorale : Encore Faure et ses sc\u00e9narios folkloriques pour le statu quo\"},{\"@type\":\"BreadcrumbList\",\"@id\":\"https:\/\/www.africa-press.net\/togo\/politique\/togo-une-annee-electorale-encore-faure-et-ses-scenarios-folkloriques-pour-le-statu-quo#breadcrumb\",\"itemListElement\":[{\"@type\":\"ListItem\",\"position\":1,\"name\":\"Accueil\",\"item\":\"https:\/\/www.africa-press.net\/togo\/\"},{\"@type\":\"ListItem\",\"position\":2,\"name\":\"Togo-Une ann\u00e9e \u00e9lectorale : Encore Faure et ses sc\u00e9narios folkloriques pour le statu quo\"}]},{\"@type\":\"WebSite\",\"@id\":\"https:\/\/www.africa-press.net\/togo\/#website\",\"url\":\"https:\/\/www.africa-press.net\/togo\/\",\"name\":\"Togo\",\"description\":\"Just another Africa News Agency Sites site\",\"potentialAction\":[{\"@type\":\"SearchAction\",\"target\":{\"@type\":\"EntryPoint\",\"urlTemplate\":\"https:\/\/www.africa-press.net\/togo\/?s={search_term_string}\"},\"query-input\":{\"@type\":\"PropertyValueSpecification\",\"valueRequired\":true,\"valueName\":\"search_term_string\"}}],\"inLanguage\":\"fr-FR\"},{\"@type\":\"Person\",\"@id\":\"https:\/\/www.africa-press.net\/togo\/#\/schema\/person\/2b1cf3cd81a31e3cd26889ca66d677f1\",\"name\":\"cfeditorfr\"}]}<\/script>\n<!-- \/ Yoast SEO Premium plugin. -->","yoast_head_json":{"title":"Togo-Une ann\u00e9e \u00e9lectorale : Encore Faure et ses sc\u00e9narios folkloriques pour le statu quo - Togo","description":"2023 est une anne\u0301e e\u0301lectorale et Faure Gnassingbe\u0301 dans son message de v\u0153ux a\u0300 la nation le 31 de\u0301cembre 2022 a de\u0301 ...","robots":{"index":"index","follow":"follow","max-snippet":"max-snippet:-1","max-image-preview":"max-image-preview:large","max-video-preview":"max-video-preview:-1"},"canonical":"https:\/\/www.africa-press.net\/togo\/politique\/togo-une-annee-electorale-encore-faure-et-ses-scenarios-folkloriques-pour-le-statu-quo","og_locale":"fr_FR","og_type":"article","og_title":"Togo-Une ann\u00e9e \u00e9lectorale : Encore Faure et ses sc\u00e9narios folkloriques pour le statu quo","og_description":"2023 est une anne\u0301e e\u0301lectorale et Faure Gnassingbe\u0301 dans son message de v\u0153ux a\u0300 la nation le 31 de\u0301cembre 2022 a de\u0301 ...","og_url":"https:\/\/www.africa-press.net\/togo\/politique\/togo-une-annee-electorale-encore-faure-et-ses-scenarios-folkloriques-pour-le-statu-quo","og_site_name":"Togo","article_published_time":"2023-02-03T18:32:01+00:00","article_modified_time":"2023-02-03T21:06:12+00:00","og_image":[{"width":1280,"height":804,"url":"https:\/\/static.africa-press.net\/togo\/sites\/58\/2023\/02\/postQueueImg_1675436527.47.jpg","type":"image\/jpeg"}],"author":"cfeditorfr","twitter_card":"summary_large_image","twitter_misc":{"\u00c9crit par":"cfeditorfr","Dur\u00e9e de lecture estim\u00e9e":"3 minutes"},"schema":{"@context":"https:\/\/schema.org","@graph":[{"@type":"Article","@id":"https:\/\/www.africa-press.net\/togo\/politique\/togo-une-annee-electorale-encore-faure-et-ses-scenarios-folkloriques-pour-le-statu-quo#article","isPartOf":{"@id":"https:\/\/www.africa-press.net\/togo\/politique\/togo-une-annee-electorale-encore-faure-et-ses-scenarios-folkloriques-pour-le-statu-quo"},"author":{"name":"cfeditorfr","@id":"https:\/\/www.africa-press.net\/togo\/#\/schema\/person\/2b1cf3cd81a31e3cd26889ca66d677f1"},"headline":"Togo-Une ann\u00e9e \u00e9lectorale : Encore Faure et ses sc\u00e9narios folkloriques pour le statu quo","datePublished":"2023-02-03T18:32:01+00:00","dateModified":"2023-02-03T21:06:12+00:00","mainEntityOfPage":{"@id":"https:\/\/www.africa-press.net\/togo\/politique\/togo-une-annee-electorale-encore-faure-et-ses-scenarios-folkloriques-pour-le-statu-quo"},"wordCount":535,"commentCount":0,"image":{"@id":"https:\/\/www.africa-press.net\/togo\/politique\/togo-une-annee-electorale-encore-faure-et-ses-scenarios-folkloriques-pour-le-statu-quo#primaryimage"},"thumbnailUrl":"https:\/\/static.africa-press.net\/togo\/sites\/58\/2023\/02\/postQueueImg_1675436527.47.jpg","keywords":["Africa Press","Africa Press-Togo","Togo"],"articleSection":["Politique","Toutes les actualit\u00e9s"],"inLanguage":"fr-FR","potentialAction":[{"@type":"CommentAction","name":"Comment","target":["https:\/\/www.africa-press.net\/togo\/politique\/togo-une-annee-electorale-encore-faure-et-ses-scenarios-folkloriques-pour-le-statu-quo#respond"]}]},{"@type":"WebPage","@id":"https:\/\/www.africa-press.net\/togo\/politique\/togo-une-annee-electorale-encore-faure-et-ses-scenarios-folkloriques-pour-le-statu-quo","url":"https:\/\/www.africa-press.net\/togo\/politique\/togo-une-annee-electorale-encore-faure-et-ses-scenarios-folkloriques-pour-le-statu-quo","name":"Togo-Une ann\u00e9e \u00e9lectorale : Encore Faure et ses sc\u00e9narios folkloriques pour le statu quo - Togo","isPartOf":{"@id":"https:\/\/www.africa-press.net\/togo\/#website"},"primaryImageOfPage":{"@id":"https:\/\/www.africa-press.net\/togo\/politique\/togo-une-annee-electorale-encore-faure-et-ses-scenarios-folkloriques-pour-le-statu-quo#primaryimage"},"image":{"@id":"https:\/\/www.africa-press.net\/togo\/politique\/togo-une-annee-electorale-encore-faure-et-ses-scenarios-folkloriques-pour-le-statu-quo#primaryimage"},"thumbnailUrl":"https:\/\/static.africa-press.net\/togo\/sites\/58\/2023\/02\/postQueueImg_1675436527.47.jpg","datePublished":"2023-02-03T18:32:01+00:00","dateModified":"2023-02-03T21:06:12+00:00","author":{"@id":"https:\/\/www.africa-press.net\/togo\/#\/schema\/person\/2b1cf3cd81a31e3cd26889ca66d677f1"},"description":"2023 est une anne\u0301e e\u0301lectorale et Faure Gnassingbe\u0301 dans son message de v\u0153ux a\u0300 la nation le 31 de\u0301cembre 2022 a de\u0301 ...","breadcrumb":{"@id":"https:\/\/www.africa-press.net\/togo\/politique\/togo-une-annee-electorale-encore-faure-et-ses-scenarios-folkloriques-pour-le-statu-quo#breadcrumb"},"inLanguage":"fr-FR","potentialAction":[{"@type":"ReadAction","target":["https:\/\/www.africa-press.net\/togo\/politique\/togo-une-annee-electorale-encore-faure-et-ses-scenarios-folkloriques-pour-le-statu-quo"]}]},{"@type":"ImageObject","inLanguage":"fr-FR","@id":"https:\/\/www.africa-press.net\/togo\/politique\/togo-une-annee-electorale-encore-faure-et-ses-scenarios-folkloriques-pour-le-statu-quo#primaryimage","url":"https:\/\/static.africa-press.net\/togo\/sites\/58\/2023\/02\/postQueueImg_1675436527.47.jpg","contentUrl":"https:\/\/static.africa-press.net\/togo\/sites\/58\/2023\/02\/postQueueImg_1675436527.47.jpg","width":1280,"height":804,"caption":"Togo-Une ann\u00e9e \u00e9lectorale : Encore Faure et ses sc\u00e9narios folkloriques pour le statu quo"},{"@type":"BreadcrumbList","@id":"https:\/\/www.africa-press.net\/togo\/politique\/togo-une-annee-electorale-encore-faure-et-ses-scenarios-folkloriques-pour-le-statu-quo#breadcrumb","itemListElement":[{"@type":"ListItem","position":1,"name":"Accueil","item":"https:\/\/www.africa-press.net\/togo\/"},{"@type":"ListItem","position":2,"name":"Togo-Une ann\u00e9e \u00e9lectorale : Encore Faure et ses sc\u00e9narios folkloriques pour le statu quo"}]},{"@type":"WebSite","@id":"https:\/\/www.africa-press.net\/togo\/#website","url":"https:\/\/www.africa-press.net\/togo\/","name":"Togo","description":"Just another Africa News Agency Sites site","potentialAction":[{"@type":"SearchAction","target":{"@type":"EntryPoint","urlTemplate":"https:\/\/www.africa-press.net\/togo\/?s={search_term_string}"},"query-input":{"@type":"PropertyValueSpecification","valueRequired":true,"valueName":"search_term_string"}}],"inLanguage":"fr-FR"},{"@type":"Person","@id":"https:\/\/www.africa-press.net\/togo\/#\/schema\/person\/2b1cf3cd81a31e3cd26889ca66d677f1","name":"cfeditorfr"}]}},"_links":{"self":[{"href":"https:\/\/www.africa-press.net\/togo\/wp-json\/wp\/v2\/posts\/16779","targetHints":{"allow":["GET"]}}],"collection":[{"href":"https:\/\/www.africa-press.net\/togo\/wp-json\/wp\/v2\/posts"}],"about":[{"href":"https:\/\/www.africa-press.net\/togo\/wp-json\/wp\/v2\/types\/post"}],"author":[{"embeddable":true,"href":"https:\/\/www.africa-press.net\/togo\/wp-json\/wp\/v2\/users\/82"}],"replies":[{"embeddable":true,"href":"https:\/\/www.africa-press.net\/togo\/wp-json\/wp\/v2\/comments?post=16779"}],"version-history":[{"count":0,"href":"https:\/\/www.africa-press.net\/togo\/wp-json\/wp\/v2\/posts\/16779\/revisions"}],"wp:featuredmedia":[{"embeddable":true,"href":"https:\/\/www.africa-press.net\/togo\/wp-json\/wp\/v2\/media\/16778"}],"wp:attachment":[{"href":"https:\/\/www.africa-press.net\/togo\/wp-json\/wp\/v2\/media?parent=16779"}],"wp:term":[{"taxonomy":"category","embeddable":true,"href":"https:\/\/www.africa-press.net\/togo\/wp-json\/wp\/v2\/categories?post=16779"},{"taxonomy":"post_tag","embeddable":true,"href":"https:\/\/www.africa-press.net\/togo\/wp-json\/wp\/v2\/tags?post=16779"}],"curies":[{"name":"wp","href":"https:\/\/api.w.org\/{rel}","templated":true}]}}