{"id":16785,"date":"2023-02-03T18:32:27","date_gmt":"2023-02-03T18:32:27","guid":{"rendered":"https:\/\/www.africa-press.net\/togo\/politique\/football-un-international-malien-emprisonne-en-france"},"modified":"2023-02-03T21:09:36","modified_gmt":"2023-02-03T21:09:36","slug":"football-un-international-malien-emprisonne-en-france","status":"publish","type":"post","link":"https:\/\/www.africa-press.net\/togo\/sports\/football-un-international-malien-emprisonne-en-france","title":{"rendered":"Football-Un international malien emprisonn\u00e9 en France"},"content":{"rendered":"<p><span style=\"color: #ff6600\"><strong>Africa-Press &#8211; Togo. <\/strong><\/span><b>Condamne\u0301 ce 4 janvier 2023 pour des faits de violence sur un policier, un footballeur malien est transfe\u0301re\u0301 a\u0300 la prison de Besanc\u0327on. Son avocat de\u0301plore une peine trop lourde.<\/b><\/p>\n<p>Sambou Yatabare\u0301, 33 ans, socie\u0301taire de Sochaux, est prive\u0301 de liberte\u0301. Il est incarce\u0301re\u0301 a\u0300 Besanc\u0327on mi-janvier, apre\u0300s avoir e\u0301te\u0301 condamne\u0301 a\u0300 douze (12) mois de prison par le tribunal correctionnel de Bobigny, pour des faits de violence qui remontent en 2017.<\/p>\n<p>En effet, a\u0300 l\u2019e\u0301poque, l\u2019international malien a eu une altercation avec un policier de la PAF, qu\u2019il a frappe\u0301. Ce dernier qui n\u2019e\u0301tait certes pas en service, lui reprochait sa conduite alors qu\u2019il se rendait a\u0300 l\u2019ae\u0301roport. Sambou Yatabare\u0301 s\u2019emporte et aurait donne\u0301 un coup au visage du policier.<\/p>\n<p>Me Amar Bouaou, l\u2019avocat de l\u2019ancien joueur de Valenciennes, de\u0301nonce cette peine, et demande la mise en liberte\u0301 provisoire de son client.<\/p>\n<p><strong>Pour plus d&rsquo;informations et d&rsquo;analyses sur la <a href=\"https:\/\/www.africa-press.net\/togo\">Togo<\/a>, suivez <a href=\"https:\/\/www.africa-press.net\/\">Africa-Press<\/a><\/strong><\/p>\n","protected":false},"excerpt":{"rendered":"<p>Africa-Press &#8211; Togo. Condamne\u0301 ce 4 janvier 2023 pour des faits de violence sur un policier, un footballeur malien est transfe\u0301re\u0301 a\u0300 la prison de Besanc\u0327on. Son avocat de\u0301plore une peine trop lourde. Sambou Yatabare\u0301, 33 ans, socie\u0301taire de Sochaux, est prive\u0301 de liberte\u0301. Il est incarce\u0301re\u0301 a\u0300 Besanc\u0327on mi-janvier, apre\u0300s avoir e\u0301te\u0301 condamne\u0301 a\u0300 [&hellip;]<\/p>\n","protected":false},"author":82,"featured_media":16784,"comment_status":"open","ping_status":"closed","sticky":false,"template":"","format":"standard","meta":{"footnotes":""},"categories":[6,10],"tags":[36,49,50],"class_list":["post-16785","post","type-post","status-publish","format-standard","has-post-thumbnail","hentry","category-sports","category-toutes-les-actualites","tag-africa-press","tag-africa-press-togo","tag-togo"],"yoast_head":"<!-- This site is optimized with the Yoast SEO Premium plugin v26.1 (Yoast SEO v27.0) - https:\/\/yoast.com\/product\/yoast-seo-premium-wordpress\/ -->\n<title>Football-Un international malien emprisonn\u00e9 en France - Togo<\/title>\n<meta name=\"description\" content=\"Condamne\u0301 ce 4 janvier 2023 pour des faits de violence sur un policier, un footballeur malien est transfe\u0301re\u0301 a\u0300 la p ...\" \/>\n<meta name=\"robots\" content=\"index, follow, max-snippet:-1, max-image-preview:large, max-video-preview:-1\" \/>\n<link rel=\"canonical\" href=\"https:\/\/www.africa-press.net\/togo\/sports\/football-un-international-malien-emprisonne-en-france\" \/>\n<meta property=\"og:locale\" content=\"fr_FR\" \/>\n<meta property=\"og:type\" content=\"article\" \/>\n<meta property=\"og:title\" content=\"Football-Un international malien emprisonn\u00e9 en France\" \/>\n<meta property=\"og:description\" content=\"Condamne\u0301 ce 4 janvier 2023 pour des faits de violence sur un policier, un footballeur malien est transfe\u0301re\u0301 a\u0300 la p ...\" \/>\n<meta property=\"og:url\" content=\"https:\/\/www.africa-press.net\/togo\/sports\/football-un-international-malien-emprisonne-en-france\" \/>\n<meta property=\"og:site_name\" content=\"Togo\" \/>\n<meta property=\"article:published_time\" content=\"2023-02-03T18:32:27+00:00\" \/>\n<meta property=\"article:modified_time\" content=\"2023-02-03T21:09:36+00:00\" \/>\n<meta property=\"og:image\" content=\"https:\/\/static.africa-press.net\/togo\/sites\/58\/2023\/02\/postQueueImg_1675436549.72.jpg\" \/>\n\t<meta property=\"og:image:width\" content=\"1280\" \/>\n\t<meta property=\"og:image:height\" content=\"800\" \/>\n\t<meta property=\"og:image:type\" content=\"image\/jpeg\" \/>\n<meta name=\"author\" content=\"cfeditorfr\" \/>\n<meta name=\"twitter:card\" content=\"summary_large_image\" \/>\n<meta name=\"twitter:label1\" content=\"\u00c9crit par\" \/>\n\t<meta name=\"twitter:data1\" content=\"cfeditorfr\" \/>\n\t<meta name=\"twitter:label2\" content=\"Dur\u00e9e de lecture estim\u00e9e\" \/>\n\t<meta name=\"twitter:data2\" content=\"1 minute\" \/>\n<script type=\"application\/ld+json\" class=\"yoast-schema-graph\">{\"@context\":\"https:\/\/schema.org\",\"@graph\":[{\"@type\":\"Article\",\"@id\":\"https:\/\/www.africa-press.net\/togo\/sports\/football-un-international-malien-emprisonne-en-france#article\",\"isPartOf\":{\"@id\":\"https:\/\/www.africa-press.net\/togo\/sports\/football-un-international-malien-emprisonne-en-france\"},\"author\":{\"name\":\"cfeditorfr\",\"@id\":\"https:\/\/www.africa-press.net\/togo\/#\/schema\/person\/2b1cf3cd81a31e3cd26889ca66d677f1\"},\"headline\":\"Football-Un international malien emprisonn\u00e9 en France\",\"datePublished\":\"2023-02-03T18:32:27+00:00\",\"dateModified\":\"2023-02-03T21:09:36+00:00\",\"mainEntityOfPage\":{\"@id\":\"https:\/\/www.africa-press.net\/togo\/sports\/football-un-international-malien-emprisonne-en-france\"},\"wordCount\":180,\"commentCount\":0,\"image\":{\"@id\":\"https:\/\/www.africa-press.net\/togo\/sports\/football-un-international-malien-emprisonne-en-france#primaryimage\"},\"thumbnailUrl\":\"https:\/\/static.africa-press.net\/togo\/sites\/58\/2023\/02\/postQueueImg_1675436549.72.jpg\",\"keywords\":[\"Africa Press\",\"Africa Press-Togo\",\"Togo\"],\"articleSection\":[\"Sports\",\"Toutes les actualit\u00e9s\"],\"inLanguage\":\"fr-FR\",\"potentialAction\":[{\"@type\":\"CommentAction\",\"name\":\"Comment\",\"target\":[\"https:\/\/www.africa-press.net\/togo\/sports\/football-un-international-malien-emprisonne-en-france#respond\"]}]},{\"@type\":\"WebPage\",\"@id\":\"https:\/\/www.africa-press.net\/togo\/sports\/football-un-international-malien-emprisonne-en-france\",\"url\":\"https:\/\/www.africa-press.net\/togo\/sports\/football-un-international-malien-emprisonne-en-france\",\"name\":\"Football-Un international malien emprisonn\u00e9 en France - Togo\",\"isPartOf\":{\"@id\":\"https:\/\/www.africa-press.net\/togo\/#website\"},\"primaryImageOfPage\":{\"@id\":\"https:\/\/www.africa-press.net\/togo\/sports\/football-un-international-malien-emprisonne-en-france#primaryimage\"},\"image\":{\"@id\":\"https:\/\/www.africa-press.net\/togo\/sports\/football-un-international-malien-emprisonne-en-france#primaryimage\"},\"thumbnailUrl\":\"https:\/\/static.africa-press.net\/togo\/sites\/58\/2023\/02\/postQueueImg_1675436549.72.jpg\",\"datePublished\":\"2023-02-03T18:32:27+00:00\",\"dateModified\":\"2023-02-03T21:09:36+00:00\",\"author\":{\"@id\":\"https:\/\/www.africa-press.net\/togo\/#\/schema\/person\/2b1cf3cd81a31e3cd26889ca66d677f1\"},\"description\":\"Condamne\u0301 ce 4 janvier 2023 pour des faits de violence sur un policier, un footballeur malien est transfe\u0301re\u0301 a\u0300 la p ...\",\"breadcrumb\":{\"@id\":\"https:\/\/www.africa-press.net\/togo\/sports\/football-un-international-malien-emprisonne-en-france#breadcrumb\"},\"inLanguage\":\"fr-FR\",\"potentialAction\":[{\"@type\":\"ReadAction\",\"target\":[\"https:\/\/www.africa-press.net\/togo\/sports\/football-un-international-malien-emprisonne-en-france\"]}]},{\"@type\":\"ImageObject\",\"inLanguage\":\"fr-FR\",\"@id\":\"https:\/\/www.africa-press.net\/togo\/sports\/football-un-international-malien-emprisonne-en-france#primaryimage\",\"url\":\"https:\/\/static.africa-press.net\/togo\/sites\/58\/2023\/02\/postQueueImg_1675436549.72.jpg\",\"contentUrl\":\"https:\/\/static.africa-press.net\/togo\/sites\/58\/2023\/02\/postQueueImg_1675436549.72.jpg\",\"width\":1280,\"height\":800,\"caption\":\"Football-Un international malien emprisonn\u00e9 en France\"},{\"@type\":\"BreadcrumbList\",\"@id\":\"https:\/\/www.africa-press.net\/togo\/sports\/football-un-international-malien-emprisonne-en-france#breadcrumb\",\"itemListElement\":[{\"@type\":\"ListItem\",\"position\":1,\"name\":\"Accueil\",\"item\":\"https:\/\/www.africa-press.net\/togo\/\"},{\"@type\":\"ListItem\",\"position\":2,\"name\":\"Football-Un international malien emprisonn\u00e9 en France\"}]},{\"@type\":\"WebSite\",\"@id\":\"https:\/\/www.africa-press.net\/togo\/#website\",\"url\":\"https:\/\/www.africa-press.net\/togo\/\",\"name\":\"Togo\",\"description\":\"Just another Africa News Agency Sites site\",\"potentialAction\":[{\"@type\":\"SearchAction\",\"target\":{\"@type\":\"EntryPoint\",\"urlTemplate\":\"https:\/\/www.africa-press.net\/togo\/?s={search_term_string}\"},\"query-input\":{\"@type\":\"PropertyValueSpecification\",\"valueRequired\":true,\"valueName\":\"search_term_string\"}}],\"inLanguage\":\"fr-FR\"},{\"@type\":\"Person\",\"@id\":\"https:\/\/www.africa-press.net\/togo\/#\/schema\/person\/2b1cf3cd81a31e3cd26889ca66d677f1\",\"name\":\"cfeditorfr\"}]}<\/script>\n<!-- \/ Yoast SEO Premium plugin. -->","yoast_head_json":{"title":"Football-Un international malien emprisonn\u00e9 en France - Togo","description":"Condamne\u0301 ce 4 janvier 2023 pour des faits de violence sur un policier, un footballeur malien est transfe\u0301re\u0301 a\u0300 la p ...","robots":{"index":"index","follow":"follow","max-snippet":"max-snippet:-1","max-image-preview":"max-image-preview:large","max-video-preview":"max-video-preview:-1"},"canonical":"https:\/\/www.africa-press.net\/togo\/sports\/football-un-international-malien-emprisonne-en-france","og_locale":"fr_FR","og_type":"article","og_title":"Football-Un international malien emprisonn\u00e9 en France","og_description":"Condamne\u0301 ce 4 janvier 2023 pour des faits de violence sur un policier, un footballeur malien est transfe\u0301re\u0301 a\u0300 la p ...","og_url":"https:\/\/www.africa-press.net\/togo\/sports\/football-un-international-malien-emprisonne-en-france","og_site_name":"Togo","article_published_time":"2023-02-03T18:32:27+00:00","article_modified_time":"2023-02-03T21:09:36+00:00","og_image":[{"width":1280,"height":800,"url":"https:\/\/static.africa-press.net\/togo\/sites\/58\/2023\/02\/postQueueImg_1675436549.72.jpg","type":"image\/jpeg"}],"author":"cfeditorfr","twitter_card":"summary_large_image","twitter_misc":{"\u00c9crit par":"cfeditorfr","Dur\u00e9e de lecture estim\u00e9e":"1 minute"},"schema":{"@context":"https:\/\/schema.org","@graph":[{"@type":"Article","@id":"https:\/\/www.africa-press.net\/togo\/sports\/football-un-international-malien-emprisonne-en-france#article","isPartOf":{"@id":"https:\/\/www.africa-press.net\/togo\/sports\/football-un-international-malien-emprisonne-en-france"},"author":{"name":"cfeditorfr","@id":"https:\/\/www.africa-press.net\/togo\/#\/schema\/person\/2b1cf3cd81a31e3cd26889ca66d677f1"},"headline":"Football-Un international malien emprisonn\u00e9 en France","datePublished":"2023-02-03T18:32:27+00:00","dateModified":"2023-02-03T21:09:36+00:00","mainEntityOfPage":{"@id":"https:\/\/www.africa-press.net\/togo\/sports\/football-un-international-malien-emprisonne-en-france"},"wordCount":180,"commentCount":0,"image":{"@id":"https:\/\/www.africa-press.net\/togo\/sports\/football-un-international-malien-emprisonne-en-france#primaryimage"},"thumbnailUrl":"https:\/\/static.africa-press.net\/togo\/sites\/58\/2023\/02\/postQueueImg_1675436549.72.jpg","keywords":["Africa Press","Africa Press-Togo","Togo"],"articleSection":["Sports","Toutes les actualit\u00e9s"],"inLanguage":"fr-FR","potentialAction":[{"@type":"CommentAction","name":"Comment","target":["https:\/\/www.africa-press.net\/togo\/sports\/football-un-international-malien-emprisonne-en-france#respond"]}]},{"@type":"WebPage","@id":"https:\/\/www.africa-press.net\/togo\/sports\/football-un-international-malien-emprisonne-en-france","url":"https:\/\/www.africa-press.net\/togo\/sports\/football-un-international-malien-emprisonne-en-france","name":"Football-Un international malien emprisonn\u00e9 en France - Togo","isPartOf":{"@id":"https:\/\/www.africa-press.net\/togo\/#website"},"primaryImageOfPage":{"@id":"https:\/\/www.africa-press.net\/togo\/sports\/football-un-international-malien-emprisonne-en-france#primaryimage"},"image":{"@id":"https:\/\/www.africa-press.net\/togo\/sports\/football-un-international-malien-emprisonne-en-france#primaryimage"},"thumbnailUrl":"https:\/\/static.africa-press.net\/togo\/sites\/58\/2023\/02\/postQueueImg_1675436549.72.jpg","datePublished":"2023-02-03T18:32:27+00:00","dateModified":"2023-02-03T21:09:36+00:00","author":{"@id":"https:\/\/www.africa-press.net\/togo\/#\/schema\/person\/2b1cf3cd81a31e3cd26889ca66d677f1"},"description":"Condamne\u0301 ce 4 janvier 2023 pour des faits de violence sur un policier, un footballeur malien est transfe\u0301re\u0301 a\u0300 la p ...","breadcrumb":{"@id":"https:\/\/www.africa-press.net\/togo\/sports\/football-un-international-malien-emprisonne-en-france#breadcrumb"},"inLanguage":"fr-FR","potentialAction":[{"@type":"ReadAction","target":["https:\/\/www.africa-press.net\/togo\/sports\/football-un-international-malien-emprisonne-en-france"]}]},{"@type":"ImageObject","inLanguage":"fr-FR","@id":"https:\/\/www.africa-press.net\/togo\/sports\/football-un-international-malien-emprisonne-en-france#primaryimage","url":"https:\/\/static.africa-press.net\/togo\/sites\/58\/2023\/02\/postQueueImg_1675436549.72.jpg","contentUrl":"https:\/\/static.africa-press.net\/togo\/sites\/58\/2023\/02\/postQueueImg_1675436549.72.jpg","width":1280,"height":800,"caption":"Football-Un international malien emprisonn\u00e9 en France"},{"@type":"BreadcrumbList","@id":"https:\/\/www.africa-press.net\/togo\/sports\/football-un-international-malien-emprisonne-en-france#breadcrumb","itemListElement":[{"@type":"ListItem","position":1,"name":"Accueil","item":"https:\/\/www.africa-press.net\/togo\/"},{"@type":"ListItem","position":2,"name":"Football-Un international malien emprisonn\u00e9 en France"}]},{"@type":"WebSite","@id":"https:\/\/www.africa-press.net\/togo\/#website","url":"https:\/\/www.africa-press.net\/togo\/","name":"Togo","description":"Just another Africa News Agency Sites site","potentialAction":[{"@type":"SearchAction","target":{"@type":"EntryPoint","urlTemplate":"https:\/\/www.africa-press.net\/togo\/?s={search_term_string}"},"query-input":{"@type":"PropertyValueSpecification","valueRequired":true,"valueName":"search_term_string"}}],"inLanguage":"fr-FR"},{"@type":"Person","@id":"https:\/\/www.africa-press.net\/togo\/#\/schema\/person\/2b1cf3cd81a31e3cd26889ca66d677f1","name":"cfeditorfr"}]}},"_links":{"self":[{"href":"https:\/\/www.africa-press.net\/togo\/wp-json\/wp\/v2\/posts\/16785","targetHints":{"allow":["GET"]}}],"collection":[{"href":"https:\/\/www.africa-press.net\/togo\/wp-json\/wp\/v2\/posts"}],"about":[{"href":"https:\/\/www.africa-press.net\/togo\/wp-json\/wp\/v2\/types\/post"}],"author":[{"embeddable":true,"href":"https:\/\/www.africa-press.net\/togo\/wp-json\/wp\/v2\/users\/82"}],"replies":[{"embeddable":true,"href":"https:\/\/www.africa-press.net\/togo\/wp-json\/wp\/v2\/comments?post=16785"}],"version-history":[{"count":0,"href":"https:\/\/www.africa-press.net\/togo\/wp-json\/wp\/v2\/posts\/16785\/revisions"}],"wp:featuredmedia":[{"embeddable":true,"href":"https:\/\/www.africa-press.net\/togo\/wp-json\/wp\/v2\/media\/16784"}],"wp:attachment":[{"href":"https:\/\/www.africa-press.net\/togo\/wp-json\/wp\/v2\/media?parent=16785"}],"wp:term":[{"taxonomy":"category","embeddable":true,"href":"https:\/\/www.africa-press.net\/togo\/wp-json\/wp\/v2\/categories?post=16785"},{"taxonomy":"post_tag","embeddable":true,"href":"https:\/\/www.africa-press.net\/togo\/wp-json\/wp\/v2\/tags?post=16785"}],"curies":[{"name":"wp","href":"https:\/\/api.w.org\/{rel}","templated":true}]}}