{"id":16794,"date":"2023-02-03T18:32:46","date_gmt":"2023-02-03T18:32:46","guid":{"rendered":"https:\/\/www.africa-press.net\/togo\/politique\/afrique-de-louest-ouaga-et-bamako-reaffirment-leur-pleine-souverainete"},"modified":"2023-02-03T21:13:41","modified_gmt":"2023-02-03T21:13:41","slug":"afrique-de-louest-ouaga-et-bamako-reaffirment-leur-pleine-souverainete","status":"publish","type":"post","link":"https:\/\/www.africa-press.net\/togo\/politique\/afrique-de-louest-ouaga-et-bamako-reaffirment-leur-pleine-souverainete","title":{"rendered":"Afrique de l\u2019Ouest\u2013Ouaga et Bamako r\u00e9affirment leur pleine souverainet\u00e9"},"content":{"rendered":"<p><span style=\"color: #ff6600\"><strong>Africa-Press &#8211; Togo. <\/strong><\/span><b>En visite cette semaine au Mali, le Premier ministre burkinabe\u0300, Apollinaire Joachimson Kyelem de Tambela a e\u0301voque\u0301 l\u2019ide\u0301e d\u2019une fe\u0301de\u0301ration e\u0301ventuelle entre son pays et le Mali, notamment en raison des de\u0301fis se\u0301curitaires similaires auxquels ils font face. Par cette occasion, ils ont affirme\u0301 leur \u00ab liberte\u0301 des choix de [leur] partenaires \u00bb.<\/b><\/p>\n<p>Alors que plusieurs Etats de l\u2019Afrique de l\u2019Ouest, menace\u0301s par les groupes terroristes, essaient malheureusement de se de\u0301fendre individuellement contre ce phe\u0301nome\u0300ne ne\u0301buleux, le Mali et le Burkina Faso sont en train de se rapprocher pour explorer les pistes d\u2019une action commune. A cet effet, lors de leurs e\u0301changes a\u0300 Bamako, les premiers ministres Kyelem de Tambela et Choguel Kokalla Mai\u0308ga ont tous les deux exprimer la ne\u0301cessite\u0301 de conjuguer leurs propres forces pour e\u0301liminer les djihadistes.<\/p>\n<p>Le Chef du gouvernement malien a indique\u0301 : \u00ab <b>Souverainete\u0301, liberte\u0301 des choix de ses partenaires, de\u0301fense obstine\u0301e des inte\u0301re\u0302ts du peuple malien. Je suis certain que ces principes la\u0300 sont partage\u0301s par tous les pays qui veulent se prendre en charge et nos fre\u0300res et amis du Faso, j\u2019en suis convaincu, doivent avoir des exigences similaires <\/b>\u00bb.<\/p>\n<p>Apollinaire Joachimson Kyelem de Tambela a renche\u0301ri en rappelant me\u0302me un ancien projet de fe\u0301de\u0301ration en Afrique de l\u2019Ouest avant les inde\u0301pendances entre le Mali, le Se\u0301ne\u0301gal, le Burkina Faso et le Be\u0301nin.<\/p>\n<p>Aussi pour tous ceux qui s\u2019interrogent sur les positions similaires entre ces deux nations, il est de\u0301sormais clair que les nouvelles autorite\u0301s maliennes et burkinabe\u0300 sont de\u0301termine\u0301es a\u0300 mener un combat dans l\u2019inte\u0301re\u0302t de leurs populations.<\/p>\n<p>Ces deux Etats demeurent \u00ab <b>pre\u0302ts a\u0300 partager [leur] expe\u0301rience, [leurs] ide\u0301es <\/b>\u00bb pour de me\u0302me \u00ab <b>s\u2019enrichir des ide\u0301es et des expe\u0301riences des autres, surtout de [leurs] fre\u0300res avec lesquels le me\u0302me objectif<\/b> \u00bb est pareil.<\/p>\n<p><strong>Pour plus d&rsquo;informations et d&rsquo;analyses sur la <a href=\"https:\/\/www.africa-press.net\/togo\">Togo<\/a>, suivez <a href=\"https:\/\/www.africa-press.net\/\">Africa-Press<\/a><\/strong><\/p>\n","protected":false},"excerpt":{"rendered":"<p>Africa-Press &#8211; Togo. En visite cette semaine au Mali, le Premier ministre burkinabe\u0300, Apollinaire Joachimson Kyelem de Tambela a e\u0301voque\u0301 l\u2019ide\u0301e d\u2019une fe\u0301de\u0301ration e\u0301ventuelle entre son pays et le Mali, notamment en raison des de\u0301fis se\u0301curitaires similaires auxquels ils font face. Par cette occasion, ils ont affirme\u0301 leur \u00ab liberte\u0301 des choix de [leur] partenaires [&hellip;]<\/p>\n","protected":false},"author":82,"featured_media":16793,"comment_status":"open","ping_status":"closed","sticky":false,"template":"","format":"standard","meta":{"footnotes":""},"categories":[2,10],"tags":[36,49,50],"class_list":["post-16794","post","type-post","status-publish","format-standard","has-post-thumbnail","hentry","category-politique","category-toutes-les-actualites","tag-africa-press","tag-africa-press-togo","tag-togo"],"yoast_head":"<!-- This site is optimized with the Yoast SEO Premium plugin v26.1 (Yoast SEO v27.0) - https:\/\/yoast.com\/product\/yoast-seo-premium-wordpress\/ -->\n<title>Afrique de l\u2019Ouest\u2013Ouaga et Bamako r\u00e9affirment leur pleine souverainet\u00e9 - Togo<\/title>\n<meta name=\"description\" content=\"En visite cette semaine au Mali, le Premier ministre burkinabe\u0300, Apollinaire Joachimson Kyelem de Tambela a e\u0301voque\u0301 ...\" \/>\n<meta name=\"robots\" content=\"index, follow, max-snippet:-1, max-image-preview:large, max-video-preview:-1\" \/>\n<link rel=\"canonical\" href=\"https:\/\/www.africa-press.net\/togo\/politique\/afrique-de-louest-ouaga-et-bamako-reaffirment-leur-pleine-souverainete\" \/>\n<meta property=\"og:locale\" content=\"fr_FR\" \/>\n<meta property=\"og:type\" content=\"article\" \/>\n<meta property=\"og:title\" content=\"Afrique de l\u2019Ouest\u2013Ouaga et Bamako r\u00e9affirment leur pleine souverainet\u00e9\" \/>\n<meta property=\"og:description\" content=\"En visite cette semaine au Mali, le Premier ministre burkinabe\u0300, Apollinaire Joachimson Kyelem de Tambela a e\u0301voque\u0301 ...\" \/>\n<meta property=\"og:url\" content=\"https:\/\/www.africa-press.net\/togo\/politique\/afrique-de-louest-ouaga-et-bamako-reaffirment-leur-pleine-souverainete\" \/>\n<meta property=\"og:site_name\" content=\"Togo\" \/>\n<meta property=\"article:published_time\" content=\"2023-02-03T18:32:46+00:00\" \/>\n<meta property=\"article:modified_time\" content=\"2023-02-03T21:13:41+00:00\" \/>\n<meta property=\"og:image\" content=\"https:\/\/static.africa-press.net\/togo\/sites\/58\/2023\/02\/postQueueImg_1675436577.64.jpg\" \/>\n\t<meta property=\"og:image:width\" content=\"1200\" \/>\n\t<meta property=\"og:image:height\" content=\"800\" \/>\n\t<meta property=\"og:image:type\" content=\"image\/jpeg\" \/>\n<meta name=\"author\" content=\"cfeditorfr\" \/>\n<meta name=\"twitter:card\" content=\"summary_large_image\" \/>\n<meta name=\"twitter:label1\" content=\"\u00c9crit par\" \/>\n\t<meta name=\"twitter:data1\" content=\"cfeditorfr\" \/>\n\t<meta name=\"twitter:label2\" content=\"Dur\u00e9e de lecture estim\u00e9e\" \/>\n\t<meta name=\"twitter:data2\" content=\"2 minutes\" \/>\n<script type=\"application\/ld+json\" class=\"yoast-schema-graph\">{\"@context\":\"https:\/\/schema.org\",\"@graph\":[{\"@type\":\"Article\",\"@id\":\"https:\/\/www.africa-press.net\/togo\/politique\/afrique-de-louest-ouaga-et-bamako-reaffirment-leur-pleine-souverainete#article\",\"isPartOf\":{\"@id\":\"https:\/\/www.africa-press.net\/togo\/politique\/afrique-de-louest-ouaga-et-bamako-reaffirment-leur-pleine-souverainete\"},\"author\":{\"name\":\"cfeditorfr\",\"@id\":\"https:\/\/www.africa-press.net\/togo\/#\/schema\/person\/2b1cf3cd81a31e3cd26889ca66d677f1\"},\"headline\":\"Afrique de l\u2019Ouest\u2013Ouaga et Bamako r\u00e9affirment leur pleine souverainet\u00e9\",\"datePublished\":\"2023-02-03T18:32:46+00:00\",\"dateModified\":\"2023-02-03T21:13:41+00:00\",\"mainEntityOfPage\":{\"@id\":\"https:\/\/www.africa-press.net\/togo\/politique\/afrique-de-louest-ouaga-et-bamako-reaffirment-leur-pleine-souverainete\"},\"wordCount\":366,\"commentCount\":0,\"image\":{\"@id\":\"https:\/\/www.africa-press.net\/togo\/politique\/afrique-de-louest-ouaga-et-bamako-reaffirment-leur-pleine-souverainete#primaryimage\"},\"thumbnailUrl\":\"https:\/\/static.africa-press.net\/togo\/sites\/58\/2023\/02\/postQueueImg_1675436577.64.jpg\",\"keywords\":[\"Africa Press\",\"Africa Press-Togo\",\"Togo\"],\"articleSection\":[\"Politique\",\"Toutes les actualit\u00e9s\"],\"inLanguage\":\"fr-FR\",\"potentialAction\":[{\"@type\":\"CommentAction\",\"name\":\"Comment\",\"target\":[\"https:\/\/www.africa-press.net\/togo\/politique\/afrique-de-louest-ouaga-et-bamako-reaffirment-leur-pleine-souverainete#respond\"]}]},{\"@type\":\"WebPage\",\"@id\":\"https:\/\/www.africa-press.net\/togo\/politique\/afrique-de-louest-ouaga-et-bamako-reaffirment-leur-pleine-souverainete\",\"url\":\"https:\/\/www.africa-press.net\/togo\/politique\/afrique-de-louest-ouaga-et-bamako-reaffirment-leur-pleine-souverainete\",\"name\":\"Afrique de l\u2019Ouest\u2013Ouaga et Bamako r\u00e9affirment leur pleine souverainet\u00e9 - Togo\",\"isPartOf\":{\"@id\":\"https:\/\/www.africa-press.net\/togo\/#website\"},\"primaryImageOfPage\":{\"@id\":\"https:\/\/www.africa-press.net\/togo\/politique\/afrique-de-louest-ouaga-et-bamako-reaffirment-leur-pleine-souverainete#primaryimage\"},\"image\":{\"@id\":\"https:\/\/www.africa-press.net\/togo\/politique\/afrique-de-louest-ouaga-et-bamako-reaffirment-leur-pleine-souverainete#primaryimage\"},\"thumbnailUrl\":\"https:\/\/static.africa-press.net\/togo\/sites\/58\/2023\/02\/postQueueImg_1675436577.64.jpg\",\"datePublished\":\"2023-02-03T18:32:46+00:00\",\"dateModified\":\"2023-02-03T21:13:41+00:00\",\"author\":{\"@id\":\"https:\/\/www.africa-press.net\/togo\/#\/schema\/person\/2b1cf3cd81a31e3cd26889ca66d677f1\"},\"description\":\"En visite cette semaine au Mali, le Premier ministre burkinabe\u0300, Apollinaire Joachimson Kyelem de Tambela a e\u0301voque\u0301 ...\",\"breadcrumb\":{\"@id\":\"https:\/\/www.africa-press.net\/togo\/politique\/afrique-de-louest-ouaga-et-bamako-reaffirment-leur-pleine-souverainete#breadcrumb\"},\"inLanguage\":\"fr-FR\",\"potentialAction\":[{\"@type\":\"ReadAction\",\"target\":[\"https:\/\/www.africa-press.net\/togo\/politique\/afrique-de-louest-ouaga-et-bamako-reaffirment-leur-pleine-souverainete\"]}]},{\"@type\":\"ImageObject\",\"inLanguage\":\"fr-FR\",\"@id\":\"https:\/\/www.africa-press.net\/togo\/politique\/afrique-de-louest-ouaga-et-bamako-reaffirment-leur-pleine-souverainete#primaryimage\",\"url\":\"https:\/\/static.africa-press.net\/togo\/sites\/58\/2023\/02\/postQueueImg_1675436577.64.jpg\",\"contentUrl\":\"https:\/\/static.africa-press.net\/togo\/sites\/58\/2023\/02\/postQueueImg_1675436577.64.jpg\",\"width\":1200,\"height\":800,\"caption\":\"Afrique de l\u2019Ouest\u2013Ouaga et Bamako r\u00e9affirment leur pleine souverainet\u00e9\"},{\"@type\":\"BreadcrumbList\",\"@id\":\"https:\/\/www.africa-press.net\/togo\/politique\/afrique-de-louest-ouaga-et-bamako-reaffirment-leur-pleine-souverainete#breadcrumb\",\"itemListElement\":[{\"@type\":\"ListItem\",\"position\":1,\"name\":\"Accueil\",\"item\":\"https:\/\/www.africa-press.net\/togo\/\"},{\"@type\":\"ListItem\",\"position\":2,\"name\":\"Afrique de l\u2019Ouest\u2013Ouaga et Bamako r\u00e9affirment leur pleine souverainet\u00e9\"}]},{\"@type\":\"WebSite\",\"@id\":\"https:\/\/www.africa-press.net\/togo\/#website\",\"url\":\"https:\/\/www.africa-press.net\/togo\/\",\"name\":\"Togo\",\"description\":\"Just another Africa News Agency Sites site\",\"potentialAction\":[{\"@type\":\"SearchAction\",\"target\":{\"@type\":\"EntryPoint\",\"urlTemplate\":\"https:\/\/www.africa-press.net\/togo\/?s={search_term_string}\"},\"query-input\":{\"@type\":\"PropertyValueSpecification\",\"valueRequired\":true,\"valueName\":\"search_term_string\"}}],\"inLanguage\":\"fr-FR\"},{\"@type\":\"Person\",\"@id\":\"https:\/\/www.africa-press.net\/togo\/#\/schema\/person\/2b1cf3cd81a31e3cd26889ca66d677f1\",\"name\":\"cfeditorfr\"}]}<\/script>\n<!-- \/ Yoast SEO Premium plugin. -->","yoast_head_json":{"title":"Afrique de l\u2019Ouest\u2013Ouaga et Bamako r\u00e9affirment leur pleine souverainet\u00e9 - Togo","description":"En visite cette semaine au Mali, le Premier ministre burkinabe\u0300, Apollinaire Joachimson Kyelem de Tambela a e\u0301voque\u0301 ...","robots":{"index":"index","follow":"follow","max-snippet":"max-snippet:-1","max-image-preview":"max-image-preview:large","max-video-preview":"max-video-preview:-1"},"canonical":"https:\/\/www.africa-press.net\/togo\/politique\/afrique-de-louest-ouaga-et-bamako-reaffirment-leur-pleine-souverainete","og_locale":"fr_FR","og_type":"article","og_title":"Afrique de l\u2019Ouest\u2013Ouaga et Bamako r\u00e9affirment leur pleine souverainet\u00e9","og_description":"En visite cette semaine au Mali, le Premier ministre burkinabe\u0300, Apollinaire Joachimson Kyelem de Tambela a e\u0301voque\u0301 ...","og_url":"https:\/\/www.africa-press.net\/togo\/politique\/afrique-de-louest-ouaga-et-bamako-reaffirment-leur-pleine-souverainete","og_site_name":"Togo","article_published_time":"2023-02-03T18:32:46+00:00","article_modified_time":"2023-02-03T21:13:41+00:00","og_image":[{"width":1200,"height":800,"url":"https:\/\/static.africa-press.net\/togo\/sites\/58\/2023\/02\/postQueueImg_1675436577.64.jpg","type":"image\/jpeg"}],"author":"cfeditorfr","twitter_card":"summary_large_image","twitter_misc":{"\u00c9crit par":"cfeditorfr","Dur\u00e9e de lecture estim\u00e9e":"2 minutes"},"schema":{"@context":"https:\/\/schema.org","@graph":[{"@type":"Article","@id":"https:\/\/www.africa-press.net\/togo\/politique\/afrique-de-louest-ouaga-et-bamako-reaffirment-leur-pleine-souverainete#article","isPartOf":{"@id":"https:\/\/www.africa-press.net\/togo\/politique\/afrique-de-louest-ouaga-et-bamako-reaffirment-leur-pleine-souverainete"},"author":{"name":"cfeditorfr","@id":"https:\/\/www.africa-press.net\/togo\/#\/schema\/person\/2b1cf3cd81a31e3cd26889ca66d677f1"},"headline":"Afrique de l\u2019Ouest\u2013Ouaga et Bamako r\u00e9affirment leur pleine souverainet\u00e9","datePublished":"2023-02-03T18:32:46+00:00","dateModified":"2023-02-03T21:13:41+00:00","mainEntityOfPage":{"@id":"https:\/\/www.africa-press.net\/togo\/politique\/afrique-de-louest-ouaga-et-bamako-reaffirment-leur-pleine-souverainete"},"wordCount":366,"commentCount":0,"image":{"@id":"https:\/\/www.africa-press.net\/togo\/politique\/afrique-de-louest-ouaga-et-bamako-reaffirment-leur-pleine-souverainete#primaryimage"},"thumbnailUrl":"https:\/\/static.africa-press.net\/togo\/sites\/58\/2023\/02\/postQueueImg_1675436577.64.jpg","keywords":["Africa Press","Africa Press-Togo","Togo"],"articleSection":["Politique","Toutes les actualit\u00e9s"],"inLanguage":"fr-FR","potentialAction":[{"@type":"CommentAction","name":"Comment","target":["https:\/\/www.africa-press.net\/togo\/politique\/afrique-de-louest-ouaga-et-bamako-reaffirment-leur-pleine-souverainete#respond"]}]},{"@type":"WebPage","@id":"https:\/\/www.africa-press.net\/togo\/politique\/afrique-de-louest-ouaga-et-bamako-reaffirment-leur-pleine-souverainete","url":"https:\/\/www.africa-press.net\/togo\/politique\/afrique-de-louest-ouaga-et-bamako-reaffirment-leur-pleine-souverainete","name":"Afrique de l\u2019Ouest\u2013Ouaga et Bamako r\u00e9affirment leur pleine souverainet\u00e9 - Togo","isPartOf":{"@id":"https:\/\/www.africa-press.net\/togo\/#website"},"primaryImageOfPage":{"@id":"https:\/\/www.africa-press.net\/togo\/politique\/afrique-de-louest-ouaga-et-bamako-reaffirment-leur-pleine-souverainete#primaryimage"},"image":{"@id":"https:\/\/www.africa-press.net\/togo\/politique\/afrique-de-louest-ouaga-et-bamako-reaffirment-leur-pleine-souverainete#primaryimage"},"thumbnailUrl":"https:\/\/static.africa-press.net\/togo\/sites\/58\/2023\/02\/postQueueImg_1675436577.64.jpg","datePublished":"2023-02-03T18:32:46+00:00","dateModified":"2023-02-03T21:13:41+00:00","author":{"@id":"https:\/\/www.africa-press.net\/togo\/#\/schema\/person\/2b1cf3cd81a31e3cd26889ca66d677f1"},"description":"En visite cette semaine au Mali, le Premier ministre burkinabe\u0300, Apollinaire Joachimson Kyelem de Tambela a e\u0301voque\u0301 ...","breadcrumb":{"@id":"https:\/\/www.africa-press.net\/togo\/politique\/afrique-de-louest-ouaga-et-bamako-reaffirment-leur-pleine-souverainete#breadcrumb"},"inLanguage":"fr-FR","potentialAction":[{"@type":"ReadAction","target":["https:\/\/www.africa-press.net\/togo\/politique\/afrique-de-louest-ouaga-et-bamako-reaffirment-leur-pleine-souverainete"]}]},{"@type":"ImageObject","inLanguage":"fr-FR","@id":"https:\/\/www.africa-press.net\/togo\/politique\/afrique-de-louest-ouaga-et-bamako-reaffirment-leur-pleine-souverainete#primaryimage","url":"https:\/\/static.africa-press.net\/togo\/sites\/58\/2023\/02\/postQueueImg_1675436577.64.jpg","contentUrl":"https:\/\/static.africa-press.net\/togo\/sites\/58\/2023\/02\/postQueueImg_1675436577.64.jpg","width":1200,"height":800,"caption":"Afrique de l\u2019Ouest\u2013Ouaga et Bamako r\u00e9affirment leur pleine souverainet\u00e9"},{"@type":"BreadcrumbList","@id":"https:\/\/www.africa-press.net\/togo\/politique\/afrique-de-louest-ouaga-et-bamako-reaffirment-leur-pleine-souverainete#breadcrumb","itemListElement":[{"@type":"ListItem","position":1,"name":"Accueil","item":"https:\/\/www.africa-press.net\/togo\/"},{"@type":"ListItem","position":2,"name":"Afrique de l\u2019Ouest\u2013Ouaga et Bamako r\u00e9affirment leur pleine souverainet\u00e9"}]},{"@type":"WebSite","@id":"https:\/\/www.africa-press.net\/togo\/#website","url":"https:\/\/www.africa-press.net\/togo\/","name":"Togo","description":"Just another Africa News Agency Sites site","potentialAction":[{"@type":"SearchAction","target":{"@type":"EntryPoint","urlTemplate":"https:\/\/www.africa-press.net\/togo\/?s={search_term_string}"},"query-input":{"@type":"PropertyValueSpecification","valueRequired":true,"valueName":"search_term_string"}}],"inLanguage":"fr-FR"},{"@type":"Person","@id":"https:\/\/www.africa-press.net\/togo\/#\/schema\/person\/2b1cf3cd81a31e3cd26889ca66d677f1","name":"cfeditorfr"}]}},"_links":{"self":[{"href":"https:\/\/www.africa-press.net\/togo\/wp-json\/wp\/v2\/posts\/16794","targetHints":{"allow":["GET"]}}],"collection":[{"href":"https:\/\/www.africa-press.net\/togo\/wp-json\/wp\/v2\/posts"}],"about":[{"href":"https:\/\/www.africa-press.net\/togo\/wp-json\/wp\/v2\/types\/post"}],"author":[{"embeddable":true,"href":"https:\/\/www.africa-press.net\/togo\/wp-json\/wp\/v2\/users\/82"}],"replies":[{"embeddable":true,"href":"https:\/\/www.africa-press.net\/togo\/wp-json\/wp\/v2\/comments?post=16794"}],"version-history":[{"count":0,"href":"https:\/\/www.africa-press.net\/togo\/wp-json\/wp\/v2\/posts\/16794\/revisions"}],"wp:featuredmedia":[{"embeddable":true,"href":"https:\/\/www.africa-press.net\/togo\/wp-json\/wp\/v2\/media\/16793"}],"wp:attachment":[{"href":"https:\/\/www.africa-press.net\/togo\/wp-json\/wp\/v2\/media?parent=16794"}],"wp:term":[{"taxonomy":"category","embeddable":true,"href":"https:\/\/www.africa-press.net\/togo\/wp-json\/wp\/v2\/categories?post=16794"},{"taxonomy":"post_tag","embeddable":true,"href":"https:\/\/www.africa-press.net\/togo\/wp-json\/wp\/v2\/tags?post=16794"}],"curies":[{"name":"wp","href":"https:\/\/api.w.org\/{rel}","templated":true}]}}