{"id":16797,"date":"2023-02-03T18:32:59","date_gmt":"2023-02-03T18:32:59","guid":{"rendered":"https:\/\/www.africa-press.net\/togo\/politique\/togo-vers-lencadrement-des-activites-culturelles-dans-les-ecoles"},"modified":"2023-02-03T21:15:28","modified_gmt":"2023-02-03T21:15:28","slug":"togo-vers-lencadrement-des-activites-culturelles-dans-les-ecoles","status":"publish","type":"post","link":"https:\/\/www.africa-press.net\/togo\/toutes-les-actualites\/togo-vers-lencadrement-des-activites-culturelles-dans-les-ecoles","title":{"rendered":"Togo-Vers l\u2019encadrement des activit\u00e9s culturelles dans les \u00e9coles"},"content":{"rendered":"<p><span style=\"color: #ff6600\"><strong>Africa-Press &#8211; Togo. <\/strong><\/span><b>Le Professeur Dodzi Komla Kokoroko, ministre charge\u0301 des Enseignements primaire, secondaire, technique et de l\u2019Artisanal, a de\u0301voile\u0301 ce jeudi 02 fe\u0301vrier 2023, une note qui recadre de\u0301sormais l\u2019organisation et le de\u0301roulement des activite\u0301s culturelles dans les e\u0301coles au Togo.<\/b><\/p>\n<p>Cette de\u0301cision fait suite a\u0300 de nombreux abus observe\u0301s dans les e\u0301coles ces dernie\u0300res anne\u0301es, notamment lors des journe\u0301es et semaines culturelles.<\/p>\n<p>En attendant l\u2019e\u0301laboration du document cadre de\u0301finitif confie\u0301 il y a quelques jours a\u0300 une commission ad hoc, le ministre Kokoroko a de\u0301voile\u0301 hier une note recadrant ces activite\u0301s.<\/p>\n<p>Le document a d\u2019abord re\u0301ite\u0301re\u0301 la volonte\u0301 de l\u2019exe\u0301cutif de \u201cconstruire une e\u0301cole de la Re\u0301publique respectueuse des normes et valeurs sociales\u201d, et e\u0301nume\u0300re en huit points distincts, les conditions d\u2019organisation de ces activite\u0301s.<\/p>\n<p>1- La pe\u0301riode des journe\u0301es et semaines culturelles est de\u0301termine\u0301e par le ministe\u0300re des enseignements primaire, secondaire, technique et de l\u2019artisanat, en tenant compte des contraintes lie\u0301es a\u0300 l\u2019agenda scolaire. Celui-ci publie e\u0301galement chaque anne\u0301e le the\u0300me retenu pour les ce\u0301le\u0301brations.<\/p>\n<p>2- Le chef d\u2019e\u0301tablissement met en place un comite\u0301 d\u2019organisation repre\u0301sentatif de toutes les cate\u0301gories d\u2019acteurs de l\u2019e\u0301tablissement scolaire. Le comite\u0301 dresse la liste exhaustive des activite\u0301s susceptibles d\u2019e\u0302tre mises en \u0153uvre a\u0300 l\u2019occasion desdites ce\u0301le\u0301brations que le chef d\u2019e\u0301tablissement soumet a\u0300 l\u2019approbation du chef d\u2019inspection de tutelle.<\/p>\n<p>3- Toutes les activite\u0301s meublant lesdites ce\u0301le\u0301brations de\u0301butent a\u0300 07h30 et s\u2019ache\u0300vent impe\u0301rativement a\u0300 18h00. Exceptionnellement, les activite\u0301s de projection de films et de documentaires sont autorise\u0301es a\u0300 finir a\u0300 20h au plus tard.<\/p>\n<p>4- La participation aux activite\u0301s des journe\u0301es et semaines culturelles est gratuite. L\u2019exigibilite\u0301 de frais de participation ne saurait e\u0302tre motive\u0301e que par le souci d\u2019amortir les de\u0301penses engendre\u0301es par l\u2019ame\u0301nagement d\u2019un espace ou l\u2019acquisition d\u2019e\u0301quipements indispensables a\u0300 la re\u0301alisation de l\u2019activite\u0301.<\/p>\n<p>5- Il est formellement interdit l\u2019introduction, la consommation et l\u2019incitation a\u0300 la consommation, d\u2019alcool et de substances psychoactives dissimule\u0301es sous toutes les formes lors des journe\u0301es et semaines culturelles, dans l\u2019enceinte de<\/p>\n<p>l\u2019e\u0301tablissement.<\/p>\n<p>6- Toute re\u0301alisation et\/ou la diffusion de contenus audio ou vide\u0301o obsce\u0300nes, avilissants, injurieux lors des journe\u0301es culturelles sont proscrites.<\/p>\n<p>7- Tous les e\u0301le\u0300ves sont astreints pendant les journe\u0301es et semaines culturelles a\u0300 un code vestimentaire conforme aux mesures en vigueur et respectueux des bonnes m\u0153urs. Le personnel d\u2019encadrement prend toutes les mesures pour interdire l\u2019acce\u0300s a\u0300 tout e\u0301le\u0300ve dont la tenue est inconvenante ou particulie\u0300rement inde\u0301cente.<\/p>\n<p>8- Les dispositions pertinentes des re\u0300glements inte\u0301rieurs, des textes le\u0301gislatifs et re\u0301glementaires qui encadrent les activite\u0301s pe\u0301dagogiques en milieu scolaire restent en vigueur pendant la pe\u0301riode de ces ce\u0301le\u0301brations.<\/p>\n<p><strong>Pour plus d&rsquo;informations et d&rsquo;analyses sur la <a href=\"https:\/\/www.africa-press.net\/togo\">Togo<\/a>, suivez <a href=\"https:\/\/www.africa-press.net\/\">Africa-Press<\/a><\/strong><\/p>\n","protected":false},"excerpt":{"rendered":"<p>Africa-Press &#8211; Togo. Le Professeur Dodzi Komla Kokoroko, ministre charge\u0301 des Enseignements primaire, secondaire, technique et de l\u2019Artisanal, a de\u0301voile\u0301 ce jeudi 02 fe\u0301vrier 2023, une note qui recadre de\u0301sormais l\u2019organisation et le de\u0301roulement des activite\u0301s culturelles dans les e\u0301coles au Togo. Cette de\u0301cision fait suite a\u0300 de nombreux abus observe\u0301s dans les e\u0301coles ces [&hellip;]<\/p>\n","protected":false},"author":82,"featured_media":16796,"comment_status":"open","ping_status":"closed","sticky":false,"template":"","format":"standard","meta":{"footnotes":""},"categories":[21,10],"tags":[36,49,50],"class_list":["post-16797","post","type-post","status-publish","format-standard","has-post-thumbnail","hentry","category-communaute","category-toutes-les-actualites","tag-africa-press","tag-africa-press-togo","tag-togo"],"yoast_head":"<!-- This site is optimized with the Yoast SEO Premium plugin v26.1 (Yoast SEO v27.0) - https:\/\/yoast.com\/product\/yoast-seo-premium-wordpress\/ -->\n<title>Togo-Vers l\u2019encadrement des activit\u00e9s culturelles dans les \u00e9coles - Togo<\/title>\n<meta name=\"description\" content=\"Le Professeur Dodzi Komla Kokoroko, ministre charge\u0301 des Enseignements primaire, secondaire, technique et de l\u2019Artisa ...\" \/>\n<meta name=\"robots\" content=\"index, follow, max-snippet:-1, max-image-preview:large, max-video-preview:-1\" \/>\n<link rel=\"canonical\" href=\"https:\/\/www.africa-press.net\/togo\/toutes-les-actualites\/togo-vers-lencadrement-des-activites-culturelles-dans-les-ecoles\" \/>\n<meta property=\"og:locale\" content=\"fr_FR\" \/>\n<meta property=\"og:type\" content=\"article\" \/>\n<meta property=\"og:title\" content=\"Togo-Vers l\u2019encadrement des activit\u00e9s culturelles dans les \u00e9coles\" \/>\n<meta property=\"og:description\" content=\"Le Professeur Dodzi Komla Kokoroko, ministre charge\u0301 des Enseignements primaire, secondaire, technique et de l\u2019Artisa ...\" \/>\n<meta property=\"og:url\" content=\"https:\/\/www.africa-press.net\/togo\/toutes-les-actualites\/togo-vers-lencadrement-des-activites-culturelles-dans-les-ecoles\" \/>\n<meta property=\"og:site_name\" content=\"Togo\" \/>\n<meta property=\"article:published_time\" content=\"2023-02-03T18:32:59+00:00\" \/>\n<meta property=\"article:modified_time\" content=\"2023-02-03T21:15:28+00:00\" \/>\n<meta property=\"og:image\" content=\"https:\/\/static.africa-press.net\/togo\/sites\/58\/2023\/02\/postQueueImg_1675436606.33.jpg\" \/>\n\t<meta property=\"og:image:width\" content=\"1200\" \/>\n\t<meta property=\"og:image:height\" content=\"800\" \/>\n\t<meta property=\"og:image:type\" content=\"image\/jpeg\" \/>\n<meta name=\"author\" content=\"cfeditorfr\" \/>\n<meta name=\"twitter:card\" content=\"summary_large_image\" \/>\n<meta name=\"twitter:label1\" content=\"\u00c9crit par\" \/>\n\t<meta name=\"twitter:data1\" content=\"cfeditorfr\" \/>\n\t<meta name=\"twitter:label2\" content=\"Dur\u00e9e de lecture estim\u00e9e\" \/>\n\t<meta name=\"twitter:data2\" content=\"3 minutes\" \/>\n<script type=\"application\/ld+json\" class=\"yoast-schema-graph\">{\"@context\":\"https:\/\/schema.org\",\"@graph\":[{\"@type\":\"Article\",\"@id\":\"https:\/\/www.africa-press.net\/togo\/toutes-les-actualites\/togo-vers-lencadrement-des-activites-culturelles-dans-les-ecoles#article\",\"isPartOf\":{\"@id\":\"https:\/\/www.africa-press.net\/togo\/toutes-les-actualites\/togo-vers-lencadrement-des-activites-culturelles-dans-les-ecoles\"},\"author\":{\"name\":\"cfeditorfr\",\"@id\":\"https:\/\/www.africa-press.net\/togo\/#\/schema\/person\/2b1cf3cd81a31e3cd26889ca66d677f1\"},\"headline\":\"Togo-Vers l\u2019encadrement des activit\u00e9s culturelles dans les \u00e9coles\",\"datePublished\":\"2023-02-03T18:32:59+00:00\",\"dateModified\":\"2023-02-03T21:15:28+00:00\",\"mainEntityOfPage\":{\"@id\":\"https:\/\/www.africa-press.net\/togo\/toutes-les-actualites\/togo-vers-lencadrement-des-activites-culturelles-dans-les-ecoles\"},\"wordCount\":560,\"commentCount\":0,\"image\":{\"@id\":\"https:\/\/www.africa-press.net\/togo\/toutes-les-actualites\/togo-vers-lencadrement-des-activites-culturelles-dans-les-ecoles#primaryimage\"},\"thumbnailUrl\":\"https:\/\/static.africa-press.net\/togo\/sites\/58\/2023\/02\/postQueueImg_1675436606.33.jpg\",\"keywords\":[\"Africa Press\",\"Africa Press-Togo\",\"Togo\"],\"articleSection\":[\"Communaut\u00e9\",\"Toutes les actualit\u00e9s\"],\"inLanguage\":\"fr-FR\",\"potentialAction\":[{\"@type\":\"CommentAction\",\"name\":\"Comment\",\"target\":[\"https:\/\/www.africa-press.net\/togo\/toutes-les-actualites\/togo-vers-lencadrement-des-activites-culturelles-dans-les-ecoles#respond\"]}]},{\"@type\":\"WebPage\",\"@id\":\"https:\/\/www.africa-press.net\/togo\/toutes-les-actualites\/togo-vers-lencadrement-des-activites-culturelles-dans-les-ecoles\",\"url\":\"https:\/\/www.africa-press.net\/togo\/toutes-les-actualites\/togo-vers-lencadrement-des-activites-culturelles-dans-les-ecoles\",\"name\":\"Togo-Vers l\u2019encadrement des activit\u00e9s culturelles dans les \u00e9coles - Togo\",\"isPartOf\":{\"@id\":\"https:\/\/www.africa-press.net\/togo\/#website\"},\"primaryImageOfPage\":{\"@id\":\"https:\/\/www.africa-press.net\/togo\/toutes-les-actualites\/togo-vers-lencadrement-des-activites-culturelles-dans-les-ecoles#primaryimage\"},\"image\":{\"@id\":\"https:\/\/www.africa-press.net\/togo\/toutes-les-actualites\/togo-vers-lencadrement-des-activites-culturelles-dans-les-ecoles#primaryimage\"},\"thumbnailUrl\":\"https:\/\/static.africa-press.net\/togo\/sites\/58\/2023\/02\/postQueueImg_1675436606.33.jpg\",\"datePublished\":\"2023-02-03T18:32:59+00:00\",\"dateModified\":\"2023-02-03T21:15:28+00:00\",\"author\":{\"@id\":\"https:\/\/www.africa-press.net\/togo\/#\/schema\/person\/2b1cf3cd81a31e3cd26889ca66d677f1\"},\"description\":\"Le Professeur Dodzi Komla Kokoroko, ministre charge\u0301 des Enseignements primaire, secondaire, technique et de l\u2019Artisa ...\",\"breadcrumb\":{\"@id\":\"https:\/\/www.africa-press.net\/togo\/toutes-les-actualites\/togo-vers-lencadrement-des-activites-culturelles-dans-les-ecoles#breadcrumb\"},\"inLanguage\":\"fr-FR\",\"potentialAction\":[{\"@type\":\"ReadAction\",\"target\":[\"https:\/\/www.africa-press.net\/togo\/toutes-les-actualites\/togo-vers-lencadrement-des-activites-culturelles-dans-les-ecoles\"]}]},{\"@type\":\"ImageObject\",\"inLanguage\":\"fr-FR\",\"@id\":\"https:\/\/www.africa-press.net\/togo\/toutes-les-actualites\/togo-vers-lencadrement-des-activites-culturelles-dans-les-ecoles#primaryimage\",\"url\":\"https:\/\/static.africa-press.net\/togo\/sites\/58\/2023\/02\/postQueueImg_1675436606.33.jpg\",\"contentUrl\":\"https:\/\/static.africa-press.net\/togo\/sites\/58\/2023\/02\/postQueueImg_1675436606.33.jpg\",\"width\":1200,\"height\":800,\"caption\":\"Togo-Vers l\u2019encadrement des activit\u00e9s culturelles dans les \u00e9coles\"},{\"@type\":\"BreadcrumbList\",\"@id\":\"https:\/\/www.africa-press.net\/togo\/toutes-les-actualites\/togo-vers-lencadrement-des-activites-culturelles-dans-les-ecoles#breadcrumb\",\"itemListElement\":[{\"@type\":\"ListItem\",\"position\":1,\"name\":\"Accueil\",\"item\":\"https:\/\/www.africa-press.net\/togo\/\"},{\"@type\":\"ListItem\",\"position\":2,\"name\":\"Togo-Vers l\u2019encadrement des activit\u00e9s culturelles dans les \u00e9coles\"}]},{\"@type\":\"WebSite\",\"@id\":\"https:\/\/www.africa-press.net\/togo\/#website\",\"url\":\"https:\/\/www.africa-press.net\/togo\/\",\"name\":\"Togo\",\"description\":\"Just another Africa News Agency Sites site\",\"potentialAction\":[{\"@type\":\"SearchAction\",\"target\":{\"@type\":\"EntryPoint\",\"urlTemplate\":\"https:\/\/www.africa-press.net\/togo\/?s={search_term_string}\"},\"query-input\":{\"@type\":\"PropertyValueSpecification\",\"valueRequired\":true,\"valueName\":\"search_term_string\"}}],\"inLanguage\":\"fr-FR\"},{\"@type\":\"Person\",\"@id\":\"https:\/\/www.africa-press.net\/togo\/#\/schema\/person\/2b1cf3cd81a31e3cd26889ca66d677f1\",\"name\":\"cfeditorfr\"}]}<\/script>\n<!-- \/ Yoast SEO Premium plugin. -->","yoast_head_json":{"title":"Togo-Vers l\u2019encadrement des activit\u00e9s culturelles dans les \u00e9coles - Togo","description":"Le Professeur Dodzi Komla Kokoroko, ministre charge\u0301 des Enseignements primaire, secondaire, technique et de l\u2019Artisa ...","robots":{"index":"index","follow":"follow","max-snippet":"max-snippet:-1","max-image-preview":"max-image-preview:large","max-video-preview":"max-video-preview:-1"},"canonical":"https:\/\/www.africa-press.net\/togo\/toutes-les-actualites\/togo-vers-lencadrement-des-activites-culturelles-dans-les-ecoles","og_locale":"fr_FR","og_type":"article","og_title":"Togo-Vers l\u2019encadrement des activit\u00e9s culturelles dans les \u00e9coles","og_description":"Le Professeur Dodzi Komla Kokoroko, ministre charge\u0301 des Enseignements primaire, secondaire, technique et de l\u2019Artisa ...","og_url":"https:\/\/www.africa-press.net\/togo\/toutes-les-actualites\/togo-vers-lencadrement-des-activites-culturelles-dans-les-ecoles","og_site_name":"Togo","article_published_time":"2023-02-03T18:32:59+00:00","article_modified_time":"2023-02-03T21:15:28+00:00","og_image":[{"width":1200,"height":800,"url":"https:\/\/static.africa-press.net\/togo\/sites\/58\/2023\/02\/postQueueImg_1675436606.33.jpg","type":"image\/jpeg"}],"author":"cfeditorfr","twitter_card":"summary_large_image","twitter_misc":{"\u00c9crit par":"cfeditorfr","Dur\u00e9e de lecture estim\u00e9e":"3 minutes"},"schema":{"@context":"https:\/\/schema.org","@graph":[{"@type":"Article","@id":"https:\/\/www.africa-press.net\/togo\/toutes-les-actualites\/togo-vers-lencadrement-des-activites-culturelles-dans-les-ecoles#article","isPartOf":{"@id":"https:\/\/www.africa-press.net\/togo\/toutes-les-actualites\/togo-vers-lencadrement-des-activites-culturelles-dans-les-ecoles"},"author":{"name":"cfeditorfr","@id":"https:\/\/www.africa-press.net\/togo\/#\/schema\/person\/2b1cf3cd81a31e3cd26889ca66d677f1"},"headline":"Togo-Vers l\u2019encadrement des activit\u00e9s culturelles dans les \u00e9coles","datePublished":"2023-02-03T18:32:59+00:00","dateModified":"2023-02-03T21:15:28+00:00","mainEntityOfPage":{"@id":"https:\/\/www.africa-press.net\/togo\/toutes-les-actualites\/togo-vers-lencadrement-des-activites-culturelles-dans-les-ecoles"},"wordCount":560,"commentCount":0,"image":{"@id":"https:\/\/www.africa-press.net\/togo\/toutes-les-actualites\/togo-vers-lencadrement-des-activites-culturelles-dans-les-ecoles#primaryimage"},"thumbnailUrl":"https:\/\/static.africa-press.net\/togo\/sites\/58\/2023\/02\/postQueueImg_1675436606.33.jpg","keywords":["Africa Press","Africa Press-Togo","Togo"],"articleSection":["Communaut\u00e9","Toutes les actualit\u00e9s"],"inLanguage":"fr-FR","potentialAction":[{"@type":"CommentAction","name":"Comment","target":["https:\/\/www.africa-press.net\/togo\/toutes-les-actualites\/togo-vers-lencadrement-des-activites-culturelles-dans-les-ecoles#respond"]}]},{"@type":"WebPage","@id":"https:\/\/www.africa-press.net\/togo\/toutes-les-actualites\/togo-vers-lencadrement-des-activites-culturelles-dans-les-ecoles","url":"https:\/\/www.africa-press.net\/togo\/toutes-les-actualites\/togo-vers-lencadrement-des-activites-culturelles-dans-les-ecoles","name":"Togo-Vers l\u2019encadrement des activit\u00e9s culturelles dans les \u00e9coles - Togo","isPartOf":{"@id":"https:\/\/www.africa-press.net\/togo\/#website"},"primaryImageOfPage":{"@id":"https:\/\/www.africa-press.net\/togo\/toutes-les-actualites\/togo-vers-lencadrement-des-activites-culturelles-dans-les-ecoles#primaryimage"},"image":{"@id":"https:\/\/www.africa-press.net\/togo\/toutes-les-actualites\/togo-vers-lencadrement-des-activites-culturelles-dans-les-ecoles#primaryimage"},"thumbnailUrl":"https:\/\/static.africa-press.net\/togo\/sites\/58\/2023\/02\/postQueueImg_1675436606.33.jpg","datePublished":"2023-02-03T18:32:59+00:00","dateModified":"2023-02-03T21:15:28+00:00","author":{"@id":"https:\/\/www.africa-press.net\/togo\/#\/schema\/person\/2b1cf3cd81a31e3cd26889ca66d677f1"},"description":"Le Professeur Dodzi Komla Kokoroko, ministre charge\u0301 des Enseignements primaire, secondaire, technique et de l\u2019Artisa ...","breadcrumb":{"@id":"https:\/\/www.africa-press.net\/togo\/toutes-les-actualites\/togo-vers-lencadrement-des-activites-culturelles-dans-les-ecoles#breadcrumb"},"inLanguage":"fr-FR","potentialAction":[{"@type":"ReadAction","target":["https:\/\/www.africa-press.net\/togo\/toutes-les-actualites\/togo-vers-lencadrement-des-activites-culturelles-dans-les-ecoles"]}]},{"@type":"ImageObject","inLanguage":"fr-FR","@id":"https:\/\/www.africa-press.net\/togo\/toutes-les-actualites\/togo-vers-lencadrement-des-activites-culturelles-dans-les-ecoles#primaryimage","url":"https:\/\/static.africa-press.net\/togo\/sites\/58\/2023\/02\/postQueueImg_1675436606.33.jpg","contentUrl":"https:\/\/static.africa-press.net\/togo\/sites\/58\/2023\/02\/postQueueImg_1675436606.33.jpg","width":1200,"height":800,"caption":"Togo-Vers l\u2019encadrement des activit\u00e9s culturelles dans les \u00e9coles"},{"@type":"BreadcrumbList","@id":"https:\/\/www.africa-press.net\/togo\/toutes-les-actualites\/togo-vers-lencadrement-des-activites-culturelles-dans-les-ecoles#breadcrumb","itemListElement":[{"@type":"ListItem","position":1,"name":"Accueil","item":"https:\/\/www.africa-press.net\/togo\/"},{"@type":"ListItem","position":2,"name":"Togo-Vers l\u2019encadrement des activit\u00e9s culturelles dans les \u00e9coles"}]},{"@type":"WebSite","@id":"https:\/\/www.africa-press.net\/togo\/#website","url":"https:\/\/www.africa-press.net\/togo\/","name":"Togo","description":"Just another Africa News Agency Sites site","potentialAction":[{"@type":"SearchAction","target":{"@type":"EntryPoint","urlTemplate":"https:\/\/www.africa-press.net\/togo\/?s={search_term_string}"},"query-input":{"@type":"PropertyValueSpecification","valueRequired":true,"valueName":"search_term_string"}}],"inLanguage":"fr-FR"},{"@type":"Person","@id":"https:\/\/www.africa-press.net\/togo\/#\/schema\/person\/2b1cf3cd81a31e3cd26889ca66d677f1","name":"cfeditorfr"}]}},"_links":{"self":[{"href":"https:\/\/www.africa-press.net\/togo\/wp-json\/wp\/v2\/posts\/16797","targetHints":{"allow":["GET"]}}],"collection":[{"href":"https:\/\/www.africa-press.net\/togo\/wp-json\/wp\/v2\/posts"}],"about":[{"href":"https:\/\/www.africa-press.net\/togo\/wp-json\/wp\/v2\/types\/post"}],"author":[{"embeddable":true,"href":"https:\/\/www.africa-press.net\/togo\/wp-json\/wp\/v2\/users\/82"}],"replies":[{"embeddable":true,"href":"https:\/\/www.africa-press.net\/togo\/wp-json\/wp\/v2\/comments?post=16797"}],"version-history":[{"count":0,"href":"https:\/\/www.africa-press.net\/togo\/wp-json\/wp\/v2\/posts\/16797\/revisions"}],"wp:featuredmedia":[{"embeddable":true,"href":"https:\/\/www.africa-press.net\/togo\/wp-json\/wp\/v2\/media\/16796"}],"wp:attachment":[{"href":"https:\/\/www.africa-press.net\/togo\/wp-json\/wp\/v2\/media?parent=16797"}],"wp:term":[{"taxonomy":"category","embeddable":true,"href":"https:\/\/www.africa-press.net\/togo\/wp-json\/wp\/v2\/categories?post=16797"},{"taxonomy":"post_tag","embeddable":true,"href":"https:\/\/www.africa-press.net\/togo\/wp-json\/wp\/v2\/tags?post=16797"}],"curies":[{"name":"wp","href":"https:\/\/api.w.org\/{rel}","templated":true}]}}