{"id":16811,"date":"2023-02-04T12:37:25","date_gmt":"2023-02-04T12:37:25","guid":{"rendered":"https:\/\/www.africa-press.net\/togo\/politique\/togoland-occidental-le-gtda-de-lonu-qualifie-darbitraire-la-detention-des-activistes"},"modified":"2023-02-04T12:37:25","modified_gmt":"2023-02-04T12:37:25","slug":"togoland-occidental-le-gtda-de-lonu-qualifie-darbitraire-la-detention-des-activistes","status":"publish","type":"post","link":"https:\/\/www.africa-press.net\/togo\/politique\/togoland-occidental-le-gtda-de-lonu-qualifie-darbitraire-la-detention-des-activistes","title":{"rendered":"Togoland occidental : Le GTDA de l\u2019ONU qualifie d\u2019arbitraire la d\u00e9tention des activistes"},"content":{"rendered":"<p><span style=\"color: #ff6600\"><strong>Africa-Press &#8211; Togo. <\/strong><\/span><b>Le Groupe de travail des Nations Unies sur la de\u0301tention arbitraire (GTDA ou WGAD) a rendu son verdict sur le cas du militant pour l\u2019autode\u0301termination du Togoland occidental George Nyakpo, concluant que le gouvernement ghane\u0301en a viole\u0301 les droits de ce dernier en l\u2019emprisonnant pour se\u0301dition.<\/b><\/p>\n<p>Le GTDA a rappele\u0301 au gouvernement de Nana Akuffo-Addo que les militants de l\u2019autode\u0301termination qui poursuivent pacifiquement leurs objectifs politiques sont prote\u0301ge\u0301s par l\u2019article 25 du PIDCP, en particulier le droit de \u201cparticiper a\u0300 la conduite des affaires publiques\u201d ainsi que par son droit de former et adhe\u0301rer a\u0300 des associations concerne\u0301es par les affaires politiques et publiques.<\/p>\n<p>En revanche, l\u2019Organisation des nations et des peuples non repre\u0301sente\u0301s (UNPO) et la Western Togoland Homeland Study Group Foundation (HSGF) se fe\u0301licitent de la de\u0301cision et de l\u2019attention accorde\u0301e a\u0300 cette affaire et espe\u0300rent \u00ab que cette de\u0301cision mettra en lumie\u0300re la pratique de la libe\u0301ration et de la re\u0301-arrestation dans les pays d\u2019Afrique de l\u2019Ouest ainsi que dans tous me\u0301thodes utilise\u0301es par les gouvernements du monde entier pour faire taire les militants de l\u2019autode\u0301termination\u00bb.<\/p>\n<p>\u00ab Avec la ferme conviction que l\u2019affaire de M. George Nyakpo e\u0301tait un autre exemple de la criminalisation des mouvements d\u2019autode\u0301termination et des tactiques employe\u0301es par les E\u0301tats pour re\u0301duire au silence les mouvements d\u2019autode\u0301termination dans le monde, l\u2019UNPO a de\u0301pose\u0301 une plainte aupre\u0300s de l\u2019ONU en janvier 2022\u00bb, ajoute l\u2019organisation base\u0301e en Belgique.<\/p>\n<p>En effet, au cours des dernie\u0300res anne\u0301es, les autorite\u0301s ghane\u0301ennes ont proce\u0301de\u0301 a\u0300 d\u2019innombrables arrestations et de\u0301tentions arbitraires de activistes pour des actes aussi anodins que le port de T-shirts en faveur de l\u2019inde\u0301pendance du Togoland occidental, ou pour avoir participe\u0301 a\u0300 des manifestations ou a\u0300 des re\u0301unions en faveur de celle-ci.<\/p>\n<p>Un mode\u0300le de pratique a e\u0301merge\u0301 par lequel les membres de la HSGF sont arre\u0302te\u0301s sous pre\u0301texte qu\u2019ils sont soupc\u0327onne\u0301s de participer a\u0300 des crimes graves tels que la trahison, de\u0301tenus sans inculpation pendant de longues pe\u0301riodes, puis rela\u0302che\u0301s sans inculpation.<\/p>\n<p>Re\u0301pondant a\u0300 ces accusations, le Groupe de Travail des Nations Unies a e\u0301mis un avis juridique indiquant que : \u00ab Des lois formule\u0301es de manie\u0300re vague et large peuvent avoir un effet dissuasif sur l\u2019exercice des droits a\u0300 la liberte\u0301 de pense\u0301e, de conscience et de religion, a\u0300 la liberte\u0301 d\u2019opinion et d\u2019expression, a\u0300 la liberte\u0301 de de re\u0301union et d\u2019association pacifiques, la participation aux affaires politiques et publiques, l\u2019e\u0301galite\u0301 et la non-discrimination, et la protection des personnes appartenant a\u0300 des minorite\u0301s ethniques, religieuses ou linguistiques, car elles pre\u0301sentent un potentiel d\u2019abus, y compris la privation arbitraire de liberte\u0301&#8230;\u00bb.<\/p>\n<p>Dans la lettre, le groupe d\u2019experts inde\u0301pendants des droits de l\u2019homme a souligne\u0301 que les activite\u0301s du HSGF, tant qu\u2019elles sont conformes aux principes de non-violence et d\u2019engagement ge\u0301ne\u0301ral dans la socie\u0301te\u0301 de\u0301mocratique, sont prote\u0301ge\u0301es et que les actions du gouvernement sont en violation directe des droits humains fondamentaux.<\/p>\n<p>\u00ab Le groupe de travail observe que M. Nyakpo appartient a\u0300 HSFG, une organisation qui s\u2019est ouvertement engage\u0301e sur le sujet du Togoland occidental depuis 1994 et qu\u2019aucune mesure ne semble avoir jamais e\u0301te\u0301 prise pour de\u0301signer HSGF comme organisation interdite ou pour poursuivre les membres de HSGF en vertu de la loi sur les organisations interdites (voir par. 19) jusqu\u2019a\u0300 une date relativement re\u0301cente, lorsque les membres de la HSGF auraient e\u0301te\u0301 pris pour cible en vertu des dispositions du droit pe\u0301nal national pour avoir exprime\u0301 pacifiquement leurs opinions politiques.\u00bb<\/p>\n<p>Pour cette raison, le GTDA exhorte le gouvernement du Ghana \u00ab a\u0300 de\u0301finir tout crime en termes pre\u0301cis et a\u0300 prendre des mesures le\u0301gislatives pour introduire une exone\u0301ration de responsabilite\u0301 pe\u0301nale pour ceux qui exercent pacifiquement leurs droits garantis par la De\u0301claration universelle des droits de l\u2019homme et le Pacte. \u00bb<\/p>\n<p>Dans l\u2019avis, les experts de l\u2019ONU ont conclu que \u201cla de\u0301tention de M. Nyakpo re\u0301sultait de son exercice pacifique des liberte\u0301s d\u2019expression et d\u2019opinion, et de la liberte\u0301 d\u2019association, telles que prote\u0301ge\u0301es par les articles 19 et 22 du Pacte et les articles 19 et 20 de la De\u0301claration universelle des droits de l\u2019Homme.\u201d<\/p>\n<p>En outre, les membres du GTDA ont note\u0301 que \u201cl\u2019arrestation de M. Nyakpo e\u0301tait directement lie\u0301e a\u0300 son engagement dans le mouvement pour l\u2019autode\u0301termination du Togoland occidental\u201d et qu\u2019une telle action e\u0301tait prote\u0301ge\u0301e par l\u2019article 25 du PIDCP, en particulier le droit de \u201cprendre participer a\u0300 la conduite des affaires publiques \u00bb ainsi que par son droit de constituer et d\u2019adhe\u0301rer a\u0300 des associations s\u2019occupant des affaires politiques et publiques.<\/p>\n<p>Vous trouverez ci-dessous le document complet <b>publie\u0301 par le Haut-Commissariat des Nations Unies pour les droits de l\u2019homme<\/b>.<\/p>\n<p><strong>Pour plus d&rsquo;informations et d&rsquo;analyses sur la <a href=\"https:\/\/www.africa-press.net\/togo\">Togo<\/a>, suivez <a href=\"https:\/\/www.africa-press.net\/\">Africa-Press<\/a><\/strong><\/p>\n","protected":false},"excerpt":{"rendered":"<p>Africa-Press &#8211; Togo. Le Groupe de travail des Nations Unies sur la de\u0301tention arbitraire (GTDA ou WGAD) a rendu son verdict sur le cas du militant pour l\u2019autode\u0301termination du Togoland occidental George Nyakpo, concluant que le gouvernement ghane\u0301en a viole\u0301 les droits de ce dernier en l\u2019emprisonnant pour se\u0301dition. Le GTDA a rappele\u0301 au gouvernement [&hellip;]<\/p>\n","protected":false},"author":82,"featured_media":16810,"comment_status":"open","ping_status":"closed","sticky":false,"template":"","format":"standard","meta":{"footnotes":""},"categories":[2,10],"tags":[36,49,50],"class_list":["post-16811","post","type-post","status-publish","format-standard","has-post-thumbnail","hentry","category-politique","category-toutes-les-actualites","tag-africa-press","tag-africa-press-togo","tag-togo"],"yoast_head":"<!-- This site is optimized with the Yoast SEO Premium plugin v26.1 (Yoast SEO v27.0) - https:\/\/yoast.com\/product\/yoast-seo-premium-wordpress\/ -->\n<title>Togoland occidental : Le GTDA de l\u2019ONU qualifie d\u2019arbitraire la d\u00e9tention des activistes - Togo<\/title>\n<meta name=\"robots\" content=\"index, follow, max-snippet:-1, max-image-preview:large, max-video-preview:-1\" \/>\n<link rel=\"canonical\" href=\"https:\/\/www.africa-press.net\/togo\/politique\/togoland-occidental-le-gtda-de-lonu-qualifie-darbitraire-la-detention-des-activistes\" \/>\n<meta property=\"og:locale\" content=\"fr_FR\" \/>\n<meta property=\"og:type\" content=\"article\" \/>\n<meta property=\"og:title\" content=\"Togoland occidental : Le GTDA de l\u2019ONU qualifie d\u2019arbitraire la d\u00e9tention des activistes\" \/>\n<meta property=\"og:description\" content=\"Africa-Press &#8211; Togo. Le Groupe de travail des Nations Unies sur la de\u0301tention arbitraire (GTDA ou WGAD) a rendu son verdict sur le cas du militant pour l\u2019autode\u0301termination du Togoland occidental George Nyakpo, concluant que le gouvernement ghane\u0301en a viole\u0301 les droits de ce dernier en l\u2019emprisonnant pour se\u0301dition. Le GTDA a rappele\u0301 au gouvernement [&hellip;]\" \/>\n<meta property=\"og:url\" content=\"https:\/\/www.africa-press.net\/togo\/politique\/togoland-occidental-le-gtda-de-lonu-qualifie-darbitraire-la-detention-des-activistes\" \/>\n<meta property=\"og:site_name\" content=\"Togo\" \/>\n<meta property=\"article:published_time\" content=\"2023-02-04T12:37:25+00:00\" \/>\n<meta name=\"author\" content=\"cfeditorfr\" \/>\n<meta name=\"twitter:card\" content=\"summary_large_image\" \/>\n<meta name=\"twitter:label1\" content=\"\u00c9crit par\" \/>\n\t<meta name=\"twitter:data1\" content=\"cfeditorfr\" \/>\n\t<meta name=\"twitter:label2\" content=\"Dur\u00e9e de lecture estim\u00e9e\" \/>\n\t<meta name=\"twitter:data2\" content=\"4 minutes\" \/>\n<script type=\"application\/ld+json\" class=\"yoast-schema-graph\">{\"@context\":\"https:\/\/schema.org\",\"@graph\":[{\"@type\":\"Article\",\"@id\":\"https:\/\/www.africa-press.net\/togo\/politique\/togoland-occidental-le-gtda-de-lonu-qualifie-darbitraire-la-detention-des-activistes#article\",\"isPartOf\":{\"@id\":\"https:\/\/www.africa-press.net\/togo\/politique\/togoland-occidental-le-gtda-de-lonu-qualifie-darbitraire-la-detention-des-activistes\"},\"author\":{\"name\":\"cfeditorfr\",\"@id\":\"https:\/\/www.africa-press.net\/togo\/#\/schema\/person\/2b1cf3cd81a31e3cd26889ca66d677f1\"},\"headline\":\"Togoland occidental : Le GTDA de l\u2019ONU qualifie d\u2019arbitraire la d\u00e9tention des activistes\",\"datePublished\":\"2023-02-04T12:37:25+00:00\",\"mainEntityOfPage\":{\"@id\":\"https:\/\/www.africa-press.net\/togo\/politique\/togoland-occidental-le-gtda-de-lonu-qualifie-darbitraire-la-detention-des-activistes\"},\"wordCount\":908,\"commentCount\":0,\"image\":{\"@id\":\"https:\/\/www.africa-press.net\/togo\/politique\/togoland-occidental-le-gtda-de-lonu-qualifie-darbitraire-la-detention-des-activistes#primaryimage\"},\"thumbnailUrl\":\"https:\/\/static.africa-press.net\/togo\/sites\/58\/2023\/02\/postQueueImg_1675501667.61.jpg\",\"keywords\":[\"Africa Press\",\"Africa Press-Togo\",\"Togo\"],\"articleSection\":[\"Politique\",\"Toutes les actualit\u00e9s\"],\"inLanguage\":\"fr-FR\",\"potentialAction\":[{\"@type\":\"CommentAction\",\"name\":\"Comment\",\"target\":[\"https:\/\/www.africa-press.net\/togo\/politique\/togoland-occidental-le-gtda-de-lonu-qualifie-darbitraire-la-detention-des-activistes#respond\"]}]},{\"@type\":\"WebPage\",\"@id\":\"https:\/\/www.africa-press.net\/togo\/politique\/togoland-occidental-le-gtda-de-lonu-qualifie-darbitraire-la-detention-des-activistes\",\"url\":\"https:\/\/www.africa-press.net\/togo\/politique\/togoland-occidental-le-gtda-de-lonu-qualifie-darbitraire-la-detention-des-activistes\",\"name\":\"Togoland occidental : Le GTDA de l\u2019ONU qualifie d\u2019arbitraire la d\u00e9tention des activistes - Togo\",\"isPartOf\":{\"@id\":\"https:\/\/www.africa-press.net\/togo\/#website\"},\"primaryImageOfPage\":{\"@id\":\"https:\/\/www.africa-press.net\/togo\/politique\/togoland-occidental-le-gtda-de-lonu-qualifie-darbitraire-la-detention-des-activistes#primaryimage\"},\"image\":{\"@id\":\"https:\/\/www.africa-press.net\/togo\/politique\/togoland-occidental-le-gtda-de-lonu-qualifie-darbitraire-la-detention-des-activistes#primaryimage\"},\"thumbnailUrl\":\"https:\/\/static.africa-press.net\/togo\/sites\/58\/2023\/02\/postQueueImg_1675501667.61.jpg\",\"datePublished\":\"2023-02-04T12:37:25+00:00\",\"author\":{\"@id\":\"https:\/\/www.africa-press.net\/togo\/#\/schema\/person\/2b1cf3cd81a31e3cd26889ca66d677f1\"},\"breadcrumb\":{\"@id\":\"https:\/\/www.africa-press.net\/togo\/politique\/togoland-occidental-le-gtda-de-lonu-qualifie-darbitraire-la-detention-des-activistes#breadcrumb\"},\"inLanguage\":\"fr-FR\",\"potentialAction\":[{\"@type\":\"ReadAction\",\"target\":[\"https:\/\/www.africa-press.net\/togo\/politique\/togoland-occidental-le-gtda-de-lonu-qualifie-darbitraire-la-detention-des-activistes\"]}]},{\"@type\":\"ImageObject\",\"inLanguage\":\"fr-FR\",\"@id\":\"https:\/\/www.africa-press.net\/togo\/politique\/togoland-occidental-le-gtda-de-lonu-qualifie-darbitraire-la-detention-des-activistes#primaryimage\",\"url\":\"https:\/\/static.africa-press.net\/togo\/sites\/58\/2023\/02\/postQueueImg_1675501667.61.jpg\",\"contentUrl\":\"https:\/\/static.africa-press.net\/togo\/sites\/58\/2023\/02\/postQueueImg_1675501667.61.jpg\",\"width\":1024,\"height\":576,\"caption\":\"Togoland occidental : Le GTDA de l\u2019ONU qualifie d\u2019arbitraire la d\u00e9tention des activistes\"},{\"@type\":\"BreadcrumbList\",\"@id\":\"https:\/\/www.africa-press.net\/togo\/politique\/togoland-occidental-le-gtda-de-lonu-qualifie-darbitraire-la-detention-des-activistes#breadcrumb\",\"itemListElement\":[{\"@type\":\"ListItem\",\"position\":1,\"name\":\"Accueil\",\"item\":\"https:\/\/www.africa-press.net\/togo\/\"},{\"@type\":\"ListItem\",\"position\":2,\"name\":\"Togoland occidental : Le GTDA de l\u2019ONU qualifie d\u2019arbitraire la d\u00e9tention des activistes\"}]},{\"@type\":\"WebSite\",\"@id\":\"https:\/\/www.africa-press.net\/togo\/#website\",\"url\":\"https:\/\/www.africa-press.net\/togo\/\",\"name\":\"Togo\",\"description\":\"Just another Africa News Agency Sites site\",\"potentialAction\":[{\"@type\":\"SearchAction\",\"target\":{\"@type\":\"EntryPoint\",\"urlTemplate\":\"https:\/\/www.africa-press.net\/togo\/?s={search_term_string}\"},\"query-input\":{\"@type\":\"PropertyValueSpecification\",\"valueRequired\":true,\"valueName\":\"search_term_string\"}}],\"inLanguage\":\"fr-FR\"},{\"@type\":\"Person\",\"@id\":\"https:\/\/www.africa-press.net\/togo\/#\/schema\/person\/2b1cf3cd81a31e3cd26889ca66d677f1\",\"name\":\"cfeditorfr\"}]}<\/script>\n<!-- \/ Yoast SEO Premium plugin. -->","yoast_head_json":{"title":"Togoland occidental : Le GTDA de l\u2019ONU qualifie d\u2019arbitraire la d\u00e9tention des activistes - Togo","robots":{"index":"index","follow":"follow","max-snippet":"max-snippet:-1","max-image-preview":"max-image-preview:large","max-video-preview":"max-video-preview:-1"},"canonical":"https:\/\/www.africa-press.net\/togo\/politique\/togoland-occidental-le-gtda-de-lonu-qualifie-darbitraire-la-detention-des-activistes","og_locale":"fr_FR","og_type":"article","og_title":"Togoland occidental : Le GTDA de l\u2019ONU qualifie d\u2019arbitraire la d\u00e9tention des activistes","og_description":"Africa-Press &#8211; Togo. Le Groupe de travail des Nations Unies sur la de\u0301tention arbitraire (GTDA ou WGAD) a rendu son verdict sur le cas du militant pour l\u2019autode\u0301termination du Togoland occidental George Nyakpo, concluant que le gouvernement ghane\u0301en a viole\u0301 les droits de ce dernier en l\u2019emprisonnant pour se\u0301dition. Le GTDA a rappele\u0301 au gouvernement [&hellip;]","og_url":"https:\/\/www.africa-press.net\/togo\/politique\/togoland-occidental-le-gtda-de-lonu-qualifie-darbitraire-la-detention-des-activistes","og_site_name":"Togo","article_published_time":"2023-02-04T12:37:25+00:00","author":"cfeditorfr","twitter_card":"summary_large_image","twitter_misc":{"\u00c9crit par":"cfeditorfr","Dur\u00e9e de lecture estim\u00e9e":"4 minutes"},"schema":{"@context":"https:\/\/schema.org","@graph":[{"@type":"Article","@id":"https:\/\/www.africa-press.net\/togo\/politique\/togoland-occidental-le-gtda-de-lonu-qualifie-darbitraire-la-detention-des-activistes#article","isPartOf":{"@id":"https:\/\/www.africa-press.net\/togo\/politique\/togoland-occidental-le-gtda-de-lonu-qualifie-darbitraire-la-detention-des-activistes"},"author":{"name":"cfeditorfr","@id":"https:\/\/www.africa-press.net\/togo\/#\/schema\/person\/2b1cf3cd81a31e3cd26889ca66d677f1"},"headline":"Togoland occidental : Le GTDA de l\u2019ONU qualifie d\u2019arbitraire la d\u00e9tention des activistes","datePublished":"2023-02-04T12:37:25+00:00","mainEntityOfPage":{"@id":"https:\/\/www.africa-press.net\/togo\/politique\/togoland-occidental-le-gtda-de-lonu-qualifie-darbitraire-la-detention-des-activistes"},"wordCount":908,"commentCount":0,"image":{"@id":"https:\/\/www.africa-press.net\/togo\/politique\/togoland-occidental-le-gtda-de-lonu-qualifie-darbitraire-la-detention-des-activistes#primaryimage"},"thumbnailUrl":"https:\/\/static.africa-press.net\/togo\/sites\/58\/2023\/02\/postQueueImg_1675501667.61.jpg","keywords":["Africa Press","Africa Press-Togo","Togo"],"articleSection":["Politique","Toutes les actualit\u00e9s"],"inLanguage":"fr-FR","potentialAction":[{"@type":"CommentAction","name":"Comment","target":["https:\/\/www.africa-press.net\/togo\/politique\/togoland-occidental-le-gtda-de-lonu-qualifie-darbitraire-la-detention-des-activistes#respond"]}]},{"@type":"WebPage","@id":"https:\/\/www.africa-press.net\/togo\/politique\/togoland-occidental-le-gtda-de-lonu-qualifie-darbitraire-la-detention-des-activistes","url":"https:\/\/www.africa-press.net\/togo\/politique\/togoland-occidental-le-gtda-de-lonu-qualifie-darbitraire-la-detention-des-activistes","name":"Togoland occidental : Le GTDA de l\u2019ONU qualifie d\u2019arbitraire la d\u00e9tention des activistes - Togo","isPartOf":{"@id":"https:\/\/www.africa-press.net\/togo\/#website"},"primaryImageOfPage":{"@id":"https:\/\/www.africa-press.net\/togo\/politique\/togoland-occidental-le-gtda-de-lonu-qualifie-darbitraire-la-detention-des-activistes#primaryimage"},"image":{"@id":"https:\/\/www.africa-press.net\/togo\/politique\/togoland-occidental-le-gtda-de-lonu-qualifie-darbitraire-la-detention-des-activistes#primaryimage"},"thumbnailUrl":"https:\/\/static.africa-press.net\/togo\/sites\/58\/2023\/02\/postQueueImg_1675501667.61.jpg","datePublished":"2023-02-04T12:37:25+00:00","author":{"@id":"https:\/\/www.africa-press.net\/togo\/#\/schema\/person\/2b1cf3cd81a31e3cd26889ca66d677f1"},"breadcrumb":{"@id":"https:\/\/www.africa-press.net\/togo\/politique\/togoland-occidental-le-gtda-de-lonu-qualifie-darbitraire-la-detention-des-activistes#breadcrumb"},"inLanguage":"fr-FR","potentialAction":[{"@type":"ReadAction","target":["https:\/\/www.africa-press.net\/togo\/politique\/togoland-occidental-le-gtda-de-lonu-qualifie-darbitraire-la-detention-des-activistes"]}]},{"@type":"ImageObject","inLanguage":"fr-FR","@id":"https:\/\/www.africa-press.net\/togo\/politique\/togoland-occidental-le-gtda-de-lonu-qualifie-darbitraire-la-detention-des-activistes#primaryimage","url":"https:\/\/static.africa-press.net\/togo\/sites\/58\/2023\/02\/postQueueImg_1675501667.61.jpg","contentUrl":"https:\/\/static.africa-press.net\/togo\/sites\/58\/2023\/02\/postQueueImg_1675501667.61.jpg","width":1024,"height":576,"caption":"Togoland occidental : Le GTDA de l\u2019ONU qualifie d\u2019arbitraire la d\u00e9tention des activistes"},{"@type":"BreadcrumbList","@id":"https:\/\/www.africa-press.net\/togo\/politique\/togoland-occidental-le-gtda-de-lonu-qualifie-darbitraire-la-detention-des-activistes#breadcrumb","itemListElement":[{"@type":"ListItem","position":1,"name":"Accueil","item":"https:\/\/www.africa-press.net\/togo\/"},{"@type":"ListItem","position":2,"name":"Togoland occidental : Le GTDA de l\u2019ONU qualifie d\u2019arbitraire la d\u00e9tention des activistes"}]},{"@type":"WebSite","@id":"https:\/\/www.africa-press.net\/togo\/#website","url":"https:\/\/www.africa-press.net\/togo\/","name":"Togo","description":"Just another Africa News Agency Sites site","potentialAction":[{"@type":"SearchAction","target":{"@type":"EntryPoint","urlTemplate":"https:\/\/www.africa-press.net\/togo\/?s={search_term_string}"},"query-input":{"@type":"PropertyValueSpecification","valueRequired":true,"valueName":"search_term_string"}}],"inLanguage":"fr-FR"},{"@type":"Person","@id":"https:\/\/www.africa-press.net\/togo\/#\/schema\/person\/2b1cf3cd81a31e3cd26889ca66d677f1","name":"cfeditorfr"}]}},"_links":{"self":[{"href":"https:\/\/www.africa-press.net\/togo\/wp-json\/wp\/v2\/posts\/16811","targetHints":{"allow":["GET"]}}],"collection":[{"href":"https:\/\/www.africa-press.net\/togo\/wp-json\/wp\/v2\/posts"}],"about":[{"href":"https:\/\/www.africa-press.net\/togo\/wp-json\/wp\/v2\/types\/post"}],"author":[{"embeddable":true,"href":"https:\/\/www.africa-press.net\/togo\/wp-json\/wp\/v2\/users\/82"}],"replies":[{"embeddable":true,"href":"https:\/\/www.africa-press.net\/togo\/wp-json\/wp\/v2\/comments?post=16811"}],"version-history":[{"count":0,"href":"https:\/\/www.africa-press.net\/togo\/wp-json\/wp\/v2\/posts\/16811\/revisions"}],"wp:featuredmedia":[{"embeddable":true,"href":"https:\/\/www.africa-press.net\/togo\/wp-json\/wp\/v2\/media\/16810"}],"wp:attachment":[{"href":"https:\/\/www.africa-press.net\/togo\/wp-json\/wp\/v2\/media?parent=16811"}],"wp:term":[{"taxonomy":"category","embeddable":true,"href":"https:\/\/www.africa-press.net\/togo\/wp-json\/wp\/v2\/categories?post=16811"},{"taxonomy":"post_tag","embeddable":true,"href":"https:\/\/www.africa-press.net\/togo\/wp-json\/wp\/v2\/tags?post=16811"}],"curies":[{"name":"wp","href":"https:\/\/api.w.org\/{rel}","templated":true}]}}