{"id":16813,"date":"2023-02-04T12:36:33","date_gmt":"2023-02-04T12:36:33","guid":{"rendered":"https:\/\/www.africa-press.net\/togo\/politique\/bilie-by-nze-a-ndjole-redresser-ce-quil-y-a-a-redresser-corriger-ce-quil-y-a-a-corriger-rattraper-ce-quil-y-a-a-rattraper"},"modified":"2023-02-04T12:36:33","modified_gmt":"2023-02-04T12:36:33","slug":"bilie-by-nze-a-ndjole-redresser-ce-quil-y-a-a-redresser-corriger-ce-quil-y-a-a-corriger-rattraper-ce-quil-y-a-a-rattraper","status":"publish","type":"post","link":"https:\/\/www.africa-press.net\/togo\/politique\/bilie-by-nze-a-ndjole-redresser-ce-quil-y-a-a-redresser-corriger-ce-quil-y-a-a-corriger-rattraper-ce-quil-y-a-a-rattraper","title":{"rendered":"Bilie-By-Nze \u00e0 Ndjol\u00e9 : \u00abRedresser ce qu\u2019il y a \u00e0 redresser. Corriger ce qu\u2019il y a \u00e0 corriger. Rattraper ce qu\u2019il y a \u00e0 rattraper\u00bb"},"content":{"rendered":"<p><span style=\"color: #ff6600\"><strong>Africa-Press &#8211; Togo. <\/strong><\/span><b>Le de\u0301partement de l\u2019Abanga-Bigne, dans le Moyen-Ogooue\u0301, a constitue\u0301, le 3 fe\u0301vrier, la premie\u0300re e\u0301tape du se\u0301jour du Premier ministre (PM), Alain-Claude Bilie-By-Nze, a\u0300 l\u2019inte\u0301rieur du pays, apre\u0300s sa De\u0301claration de politique ge\u0301ne\u0301rale le 24 janvier dernier. A Bifoun et a\u0300 Njole\u0301, a\u0300 la te\u0302te d\u2019une de\u0301le\u0301gation ministe\u0301rielle, il a passe\u0301 en revue les projets en cours de re\u0301alisation, fait l\u2019e\u0301tat des lieux des voiries, ainsi que des chantiers dans les domaines de la sante\u0301, de l\u2019e\u0301ducation et de l\u2019emploi.<\/b><\/p>\n<p>Pour sa premie\u0300re sortie apre\u0300s sa De\u0301claration de politique ge\u0301ne\u0301rale valide\u0301e par une tre\u0300s grande majorite\u0301 des de\u0301pute\u0301s de l\u2019assemble\u0301e nationale, le chef du gouvernement est, depuis le 3 fe\u0301vrier a\u0300 Ndjole\u0301, dans la province du Moyen-Ogooue\u0301. Dans cette ville, Alain-Claude Bilie-By-Nze a devise\u0301 avec la notabilite\u0301 locale, les diffe\u0301rentes couches de la population afin de re\u0301colter leurs dole\u0301ances et pre\u0301occupations. Ce, apre\u0300s avoir fait la visite de plusieurs sites, chantiers et infrastructures, de Bifoun a\u0300 Ndjole\u0301. Lors de la rencontre avec la population, l\u2019administration, les ope\u0301rateurs e\u0301conomiques et les cadres de ces localite\u0301s, il a annonce\u0301 le paiement, de\u0300s lundi prochain, de l\u2019aide aux personnes re\u0301pertorie\u0301es, ayant subi les re\u0301centes inondations dans la re\u0301gion.<\/p>\n<p>Au-dela\u0300, le patron de l\u2019administration gabonaise a fait savoir que cette mission a e\u0301te\u0301 commande\u0301e par le pre\u0301sident de la Re\u0301publique, Ali Bongo Ondimba, dans l\u2019objectif d\u2019un inventaire de ce qui est fait, de dresser l\u2019e\u0301tat des lieu et d\u2019e\u0301valuer les projets et chantiers prioritaires dans les domaines de la sante\u0301, de l\u2019e\u0301ducation, la formation, l\u2019emploi et l\u2019auto emploi, et de l\u2019ame\u0301lioration du cadre de vie.<\/p>\n<p>A\u0300 Bifoun, les jeunes et les femmes ont e\u0301voque\u0301 plusieurs proble\u0300mes. Notamment, le cho\u0302mage ou les intempe\u0301ries ayant fait chuter les arbres sur des maisons. A\u0300 Ndjole\u0301, le pre\u0301fet de l\u2019Abanga-Bigne, Rosine Loumbi Mpigat, et les chefs de villages ont dresse\u0301 une panoplie de difficulte\u0301s auxquelles il est impe\u0301rieux d\u2019apporter des solutions.<\/p>\n<p>Il s\u2019agit notamment de la route reliant Bifoun a\u0300 Njole\u0301&#8230; a\u0300 re\u0301habiliter, des voiries interurbaines en piteux e\u0301tat, des proble\u0300mes d\u2019eau et d\u2019e\u0301lectricite\u0301 ne\u0301cessitant l\u2019ame\u0301liorer de leur desserte et la finition de la centrale solaire. Le besoin de transformer le dispensaire de Ndjole\u0301 en un ho\u0302pital digne de ce nom (pourvu en me\u0301dicaments) a e\u0301galement e\u0301te\u0301 e\u0301mis. Il a e\u0301te\u0301 demande\u0301 de faire en sorte que les fruits de l\u2019exploitation minie\u0300re soit ressentis par les populations locales.<\/p>\n<p><b>Paiement des aides aux sinistre\u0301s des re\u0301centes inondations<\/b><\/p>\n<p>Des proble\u0300mes concernant l\u2019e\u0301ducation nationale ont e\u0301galement e\u0301te\u0301 e\u0301voque\u0301s d\u2019autant plus que les habitants de Ndjole\u0301 et de Bifoun souhaitent, d\u2019une part la construction d\u2019une e\u0301cole primaire, et de l\u2019autre, un colle\u0300ge. A\u0300 ces pre\u0301occupations, les responsables de chaque de\u0301partement ministe\u0301riel ont apporte\u0301 des re\u0301ponses pre\u0301cises aux populations, leur faisant savoir, a\u0300 la suite du Chef du Gouvernement, que \u00abchacun doit trouver sa place dans la maison Gabon\u00bb.<\/p>\n<p>Le Premier ministre n\u2019a pas manque\u0301 de rappeler que le Gabon est en construction. \u00abIl y a des choix qui ont e\u0301te\u0301 ope\u0301re\u0301s\u00bb, a-t-il laisse\u0301 entendre, indiquant que le de\u0301veloppement concerne tout le monde. \u00abLa personne qui est au village et qui va a\u0300 la plantation participe a\u0300 sa manie\u0300re au de\u0301veloppement de notre pays\u00bb, explique\u0301 Alain-Claude Bilie-By-Nze. Reconnaissant que tout n\u2019a pas e\u0301te\u0301 fait comme souhaite\u0301 ces sept dernie\u0300res anne\u0301es, Alain-Claude Bilie-By-Nze a de\u0301clare\u0301 : \u00abnous sommes la\u0300 pour corriger les choses, redresser ce qu\u2019il y a a\u0300 redresser, corriger ce qu\u2019il y a a\u0300 corriger, rattraper ce qu\u2019il y a a\u0300 rattraper\u00bb.<\/p>\n<p>Au terme de la se\u0301ance de travail, le chef du gouvernement a annonce\u0301 le paiement des aides aux personnes, recense\u0301es, ayant subi les affres des inondations. Les fonds sont disponibles et les sinistre\u0301s pourront passer a\u0300 la caisse de\u0300s lundi prochaine. \u00abCe n\u2019est pas une indemnisation, mais une aide, un accompagnement\u00bb, a pre\u0301cise\u0301 le PM qui a e\u0301galement annonce\u0301 la disponibilite\u0301 des fonds pour le de\u0301dommagement des victimes du conflit homme-faune. Le PM poursuit sa tourne\u0301e dans le Moyen-Ogooue\u0301 demain, a\u0300 Lambare\u0301ne\u0301.<\/p>\n<p><strong>Pour plus d&rsquo;informations et d&rsquo;analyses sur la <a href=\"https:\/\/www.africa-press.net\/togo\">Togo<\/a>, suivez <a href=\"https:\/\/www.africa-press.net\/\">Africa-Press<\/a><\/strong><\/p>\n","protected":false},"excerpt":{"rendered":"<p>Africa-Press &#8211; Togo. Le de\u0301partement de l\u2019Abanga-Bigne, dans le Moyen-Ogooue\u0301, a constitue\u0301, le 3 fe\u0301vrier, la premie\u0300re e\u0301tape du se\u0301jour du Premier ministre (PM), Alain-Claude Bilie-By-Nze, a\u0300 l\u2019inte\u0301rieur du pays, apre\u0300s sa De\u0301claration de politique ge\u0301ne\u0301rale le 24 janvier dernier. A Bifoun et a\u0300 Njole\u0301, a\u0300 la te\u0302te d\u2019une de\u0301le\u0301gation ministe\u0301rielle, il a passe\u0301 en [&hellip;]<\/p>\n","protected":false},"author":82,"featured_media":16812,"comment_status":"open","ping_status":"closed","sticky":false,"template":"","format":"standard","meta":{"footnotes":""},"categories":[2,10],"tags":[36,49,50],"class_list":["post-16813","post","type-post","status-publish","format-standard","has-post-thumbnail","hentry","category-politique","category-toutes-les-actualites","tag-africa-press","tag-africa-press-togo","tag-togo"],"yoast_head":"<!-- This site is optimized with the Yoast SEO Premium plugin v26.1 (Yoast SEO v27.0) - https:\/\/yoast.com\/product\/yoast-seo-premium-wordpress\/ -->\n<title>Bilie-By-Nze \u00e0 Ndjol\u00e9 : \u00abRedresser ce qu\u2019il y a \u00e0 redresser. Corriger ce qu\u2019il y a \u00e0 corriger. Rattraper ce qu\u2019il y a \u00e0 rattraper\u00bb - Togo<\/title>\n<meta name=\"robots\" content=\"index, follow, max-snippet:-1, max-image-preview:large, max-video-preview:-1\" \/>\n<link rel=\"canonical\" href=\"https:\/\/www.africa-press.net\/togo\/politique\/bilie-by-nze-a-ndjole-redresser-ce-quil-y-a-a-redresser-corriger-ce-quil-y-a-a-corriger-rattraper-ce-quil-y-a-a-rattraper\" \/>\n<meta property=\"og:locale\" content=\"fr_FR\" \/>\n<meta property=\"og:type\" content=\"article\" \/>\n<meta property=\"og:title\" content=\"Bilie-By-Nze \u00e0 Ndjol\u00e9 : \u00abRedresser ce qu\u2019il y a \u00e0 redresser. Corriger ce qu\u2019il y a \u00e0 corriger. Rattraper ce qu\u2019il y a \u00e0 rattraper\u00bb\" \/>\n<meta property=\"og:description\" content=\"Africa-Press &#8211; Togo. Le de\u0301partement de l\u2019Abanga-Bigne, dans le Moyen-Ogooue\u0301, a constitue\u0301, le 3 fe\u0301vrier, la premie\u0300re e\u0301tape du se\u0301jour du Premier ministre (PM), Alain-Claude Bilie-By-Nze, a\u0300 l\u2019inte\u0301rieur du pays, apre\u0300s sa De\u0301claration de politique ge\u0301ne\u0301rale le 24 janvier dernier. A Bifoun et a\u0300 Njole\u0301, a\u0300 la te\u0302te d\u2019une de\u0301le\u0301gation ministe\u0301rielle, il a passe\u0301 en [&hellip;]\" \/>\n<meta property=\"og:url\" content=\"https:\/\/www.africa-press.net\/togo\/politique\/bilie-by-nze-a-ndjole-redresser-ce-quil-y-a-a-redresser-corriger-ce-quil-y-a-a-corriger-rattraper-ce-quil-y-a-a-rattraper\" \/>\n<meta property=\"og:site_name\" content=\"Togo\" \/>\n<meta property=\"article:published_time\" content=\"2023-02-04T12:36:33+00:00\" \/>\n<meta name=\"author\" content=\"cfeditorfr\" \/>\n<meta name=\"twitter:card\" content=\"summary_large_image\" \/>\n<meta name=\"twitter:label1\" content=\"\u00c9crit par\" \/>\n\t<meta name=\"twitter:data1\" content=\"cfeditorfr\" \/>\n\t<meta name=\"twitter:label2\" content=\"Dur\u00e9e de lecture estim\u00e9e\" \/>\n\t<meta name=\"twitter:data2\" content=\"4 minutes\" \/>\n<script type=\"application\/ld+json\" class=\"yoast-schema-graph\">{\"@context\":\"https:\/\/schema.org\",\"@graph\":[{\"@type\":\"Article\",\"@id\":\"https:\/\/www.africa-press.net\/togo\/politique\/bilie-by-nze-a-ndjole-redresser-ce-quil-y-a-a-redresser-corriger-ce-quil-y-a-a-corriger-rattraper-ce-quil-y-a-a-rattraper#article\",\"isPartOf\":{\"@id\":\"https:\/\/www.africa-press.net\/togo\/politique\/bilie-by-nze-a-ndjole-redresser-ce-quil-y-a-a-redresser-corriger-ce-quil-y-a-a-corriger-rattraper-ce-quil-y-a-a-rattraper\"},\"author\":{\"name\":\"cfeditorfr\",\"@id\":\"https:\/\/www.africa-press.net\/togo\/#\/schema\/person\/2b1cf3cd81a31e3cd26889ca66d677f1\"},\"headline\":\"Bilie-By-Nze \u00e0 Ndjol\u00e9 : \u00abRedresser ce qu\u2019il y a \u00e0 redresser. Corriger ce qu\u2019il y a \u00e0 corriger. Rattraper ce qu\u2019il y a \u00e0 rattraper\u00bb\",\"datePublished\":\"2023-02-04T12:36:33+00:00\",\"mainEntityOfPage\":{\"@id\":\"https:\/\/www.africa-press.net\/togo\/politique\/bilie-by-nze-a-ndjole-redresser-ce-quil-y-a-a-redresser-corriger-ce-quil-y-a-a-corriger-rattraper-ce-quil-y-a-a-rattraper\"},\"wordCount\":825,\"commentCount\":0,\"image\":{\"@id\":\"https:\/\/www.africa-press.net\/togo\/politique\/bilie-by-nze-a-ndjole-redresser-ce-quil-y-a-a-redresser-corriger-ce-quil-y-a-a-corriger-rattraper-ce-quil-y-a-a-rattraper#primaryimage\"},\"thumbnailUrl\":\"https:\/\/static.africa-press.net\/togo\/sites\/58\/2023\/02\/postQueueImg_1675501951.09.jpg\",\"keywords\":[\"Africa Press\",\"Africa Press-Togo\",\"Togo\"],\"articleSection\":[\"Politique\",\"Toutes les actualit\u00e9s\"],\"inLanguage\":\"fr-FR\",\"potentialAction\":[{\"@type\":\"CommentAction\",\"name\":\"Comment\",\"target\":[\"https:\/\/www.africa-press.net\/togo\/politique\/bilie-by-nze-a-ndjole-redresser-ce-quil-y-a-a-redresser-corriger-ce-quil-y-a-a-corriger-rattraper-ce-quil-y-a-a-rattraper#respond\"]}]},{\"@type\":\"WebPage\",\"@id\":\"https:\/\/www.africa-press.net\/togo\/politique\/bilie-by-nze-a-ndjole-redresser-ce-quil-y-a-a-redresser-corriger-ce-quil-y-a-a-corriger-rattraper-ce-quil-y-a-a-rattraper\",\"url\":\"https:\/\/www.africa-press.net\/togo\/politique\/bilie-by-nze-a-ndjole-redresser-ce-quil-y-a-a-redresser-corriger-ce-quil-y-a-a-corriger-rattraper-ce-quil-y-a-a-rattraper\",\"name\":\"Bilie-By-Nze \u00e0 Ndjol\u00e9 : \u00abRedresser ce qu\u2019il y a \u00e0 redresser. Corriger ce qu\u2019il y a \u00e0 corriger. Rattraper ce qu\u2019il y a \u00e0 rattraper\u00bb - Togo\",\"isPartOf\":{\"@id\":\"https:\/\/www.africa-press.net\/togo\/#website\"},\"primaryImageOfPage\":{\"@id\":\"https:\/\/www.africa-press.net\/togo\/politique\/bilie-by-nze-a-ndjole-redresser-ce-quil-y-a-a-redresser-corriger-ce-quil-y-a-a-corriger-rattraper-ce-quil-y-a-a-rattraper#primaryimage\"},\"image\":{\"@id\":\"https:\/\/www.africa-press.net\/togo\/politique\/bilie-by-nze-a-ndjole-redresser-ce-quil-y-a-a-redresser-corriger-ce-quil-y-a-a-corriger-rattraper-ce-quil-y-a-a-rattraper#primaryimage\"},\"thumbnailUrl\":\"https:\/\/static.africa-press.net\/togo\/sites\/58\/2023\/02\/postQueueImg_1675501951.09.jpg\",\"datePublished\":\"2023-02-04T12:36:33+00:00\",\"author\":{\"@id\":\"https:\/\/www.africa-press.net\/togo\/#\/schema\/person\/2b1cf3cd81a31e3cd26889ca66d677f1\"},\"breadcrumb\":{\"@id\":\"https:\/\/www.africa-press.net\/togo\/politique\/bilie-by-nze-a-ndjole-redresser-ce-quil-y-a-a-redresser-corriger-ce-quil-y-a-a-corriger-rattraper-ce-quil-y-a-a-rattraper#breadcrumb\"},\"inLanguage\":\"fr-FR\",\"potentialAction\":[{\"@type\":\"ReadAction\",\"target\":[\"https:\/\/www.africa-press.net\/togo\/politique\/bilie-by-nze-a-ndjole-redresser-ce-quil-y-a-a-redresser-corriger-ce-quil-y-a-a-corriger-rattraper-ce-quil-y-a-a-rattraper\"]}]},{\"@type\":\"ImageObject\",\"inLanguage\":\"fr-FR\",\"@id\":\"https:\/\/www.africa-press.net\/togo\/politique\/bilie-by-nze-a-ndjole-redresser-ce-quil-y-a-a-redresser-corriger-ce-quil-y-a-a-corriger-rattraper-ce-quil-y-a-a-rattraper#primaryimage\",\"url\":\"https:\/\/static.africa-press.net\/togo\/sites\/58\/2023\/02\/postQueueImg_1675501951.09.jpg\",\"contentUrl\":\"https:\/\/static.africa-press.net\/togo\/sites\/58\/2023\/02\/postQueueImg_1675501951.09.jpg\",\"width\":720,\"height\":480,\"caption\":\"Bilie-By-Nze \u00e0 Ndjol\u00e9 : \u00abRedresser ce qu\u2019il y a \u00e0 redresser. Corriger ce qu\u2019il y a \u00e0 corriger. Rattraper ce qu\u2019il y a \u00e0 rattraper\u00bb\"},{\"@type\":\"BreadcrumbList\",\"@id\":\"https:\/\/www.africa-press.net\/togo\/politique\/bilie-by-nze-a-ndjole-redresser-ce-quil-y-a-a-redresser-corriger-ce-quil-y-a-a-corriger-rattraper-ce-quil-y-a-a-rattraper#breadcrumb\",\"itemListElement\":[{\"@type\":\"ListItem\",\"position\":1,\"name\":\"Accueil\",\"item\":\"https:\/\/www.africa-press.net\/togo\/\"},{\"@type\":\"ListItem\",\"position\":2,\"name\":\"Bilie-By-Nze \u00e0 Ndjol\u00e9 : \u00abRedresser ce qu\u2019il y a \u00e0 redresser. Corriger ce qu\u2019il y a \u00e0 corriger. Rattraper ce qu\u2019il y a \u00e0 rattraper\u00bb\"}]},{\"@type\":\"WebSite\",\"@id\":\"https:\/\/www.africa-press.net\/togo\/#website\",\"url\":\"https:\/\/www.africa-press.net\/togo\/\",\"name\":\"Togo\",\"description\":\"Just another Africa News Agency Sites site\",\"potentialAction\":[{\"@type\":\"SearchAction\",\"target\":{\"@type\":\"EntryPoint\",\"urlTemplate\":\"https:\/\/www.africa-press.net\/togo\/?s={search_term_string}\"},\"query-input\":{\"@type\":\"PropertyValueSpecification\",\"valueRequired\":true,\"valueName\":\"search_term_string\"}}],\"inLanguage\":\"fr-FR\"},{\"@type\":\"Person\",\"@id\":\"https:\/\/www.africa-press.net\/togo\/#\/schema\/person\/2b1cf3cd81a31e3cd26889ca66d677f1\",\"name\":\"cfeditorfr\"}]}<\/script>\n<!-- \/ Yoast SEO Premium plugin. -->","yoast_head_json":{"title":"Bilie-By-Nze \u00e0 Ndjol\u00e9 : \u00abRedresser ce qu\u2019il y a \u00e0 redresser. Corriger ce qu\u2019il y a \u00e0 corriger. Rattraper ce qu\u2019il y a \u00e0 rattraper\u00bb - Togo","robots":{"index":"index","follow":"follow","max-snippet":"max-snippet:-1","max-image-preview":"max-image-preview:large","max-video-preview":"max-video-preview:-1"},"canonical":"https:\/\/www.africa-press.net\/togo\/politique\/bilie-by-nze-a-ndjole-redresser-ce-quil-y-a-a-redresser-corriger-ce-quil-y-a-a-corriger-rattraper-ce-quil-y-a-a-rattraper","og_locale":"fr_FR","og_type":"article","og_title":"Bilie-By-Nze \u00e0 Ndjol\u00e9 : \u00abRedresser ce qu\u2019il y a \u00e0 redresser. Corriger ce qu\u2019il y a \u00e0 corriger. Rattraper ce qu\u2019il y a \u00e0 rattraper\u00bb","og_description":"Africa-Press &#8211; Togo. Le de\u0301partement de l\u2019Abanga-Bigne, dans le Moyen-Ogooue\u0301, a constitue\u0301, le 3 fe\u0301vrier, la premie\u0300re e\u0301tape du se\u0301jour du Premier ministre (PM), Alain-Claude Bilie-By-Nze, a\u0300 l\u2019inte\u0301rieur du pays, apre\u0300s sa De\u0301claration de politique ge\u0301ne\u0301rale le 24 janvier dernier. A Bifoun et a\u0300 Njole\u0301, a\u0300 la te\u0302te d\u2019une de\u0301le\u0301gation ministe\u0301rielle, il a passe\u0301 en [&hellip;]","og_url":"https:\/\/www.africa-press.net\/togo\/politique\/bilie-by-nze-a-ndjole-redresser-ce-quil-y-a-a-redresser-corriger-ce-quil-y-a-a-corriger-rattraper-ce-quil-y-a-a-rattraper","og_site_name":"Togo","article_published_time":"2023-02-04T12:36:33+00:00","author":"cfeditorfr","twitter_card":"summary_large_image","twitter_misc":{"\u00c9crit par":"cfeditorfr","Dur\u00e9e de lecture estim\u00e9e":"4 minutes"},"schema":{"@context":"https:\/\/schema.org","@graph":[{"@type":"Article","@id":"https:\/\/www.africa-press.net\/togo\/politique\/bilie-by-nze-a-ndjole-redresser-ce-quil-y-a-a-redresser-corriger-ce-quil-y-a-a-corriger-rattraper-ce-quil-y-a-a-rattraper#article","isPartOf":{"@id":"https:\/\/www.africa-press.net\/togo\/politique\/bilie-by-nze-a-ndjole-redresser-ce-quil-y-a-a-redresser-corriger-ce-quil-y-a-a-corriger-rattraper-ce-quil-y-a-a-rattraper"},"author":{"name":"cfeditorfr","@id":"https:\/\/www.africa-press.net\/togo\/#\/schema\/person\/2b1cf3cd81a31e3cd26889ca66d677f1"},"headline":"Bilie-By-Nze \u00e0 Ndjol\u00e9 : \u00abRedresser ce qu\u2019il y a \u00e0 redresser. Corriger ce qu\u2019il y a \u00e0 corriger. Rattraper ce qu\u2019il y a \u00e0 rattraper\u00bb","datePublished":"2023-02-04T12:36:33+00:00","mainEntityOfPage":{"@id":"https:\/\/www.africa-press.net\/togo\/politique\/bilie-by-nze-a-ndjole-redresser-ce-quil-y-a-a-redresser-corriger-ce-quil-y-a-a-corriger-rattraper-ce-quil-y-a-a-rattraper"},"wordCount":825,"commentCount":0,"image":{"@id":"https:\/\/www.africa-press.net\/togo\/politique\/bilie-by-nze-a-ndjole-redresser-ce-quil-y-a-a-redresser-corriger-ce-quil-y-a-a-corriger-rattraper-ce-quil-y-a-a-rattraper#primaryimage"},"thumbnailUrl":"https:\/\/static.africa-press.net\/togo\/sites\/58\/2023\/02\/postQueueImg_1675501951.09.jpg","keywords":["Africa Press","Africa Press-Togo","Togo"],"articleSection":["Politique","Toutes les actualit\u00e9s"],"inLanguage":"fr-FR","potentialAction":[{"@type":"CommentAction","name":"Comment","target":["https:\/\/www.africa-press.net\/togo\/politique\/bilie-by-nze-a-ndjole-redresser-ce-quil-y-a-a-redresser-corriger-ce-quil-y-a-a-corriger-rattraper-ce-quil-y-a-a-rattraper#respond"]}]},{"@type":"WebPage","@id":"https:\/\/www.africa-press.net\/togo\/politique\/bilie-by-nze-a-ndjole-redresser-ce-quil-y-a-a-redresser-corriger-ce-quil-y-a-a-corriger-rattraper-ce-quil-y-a-a-rattraper","url":"https:\/\/www.africa-press.net\/togo\/politique\/bilie-by-nze-a-ndjole-redresser-ce-quil-y-a-a-redresser-corriger-ce-quil-y-a-a-corriger-rattraper-ce-quil-y-a-a-rattraper","name":"Bilie-By-Nze \u00e0 Ndjol\u00e9 : \u00abRedresser ce qu\u2019il y a \u00e0 redresser. Corriger ce qu\u2019il y a \u00e0 corriger. Rattraper ce qu\u2019il y a \u00e0 rattraper\u00bb - Togo","isPartOf":{"@id":"https:\/\/www.africa-press.net\/togo\/#website"},"primaryImageOfPage":{"@id":"https:\/\/www.africa-press.net\/togo\/politique\/bilie-by-nze-a-ndjole-redresser-ce-quil-y-a-a-redresser-corriger-ce-quil-y-a-a-corriger-rattraper-ce-quil-y-a-a-rattraper#primaryimage"},"image":{"@id":"https:\/\/www.africa-press.net\/togo\/politique\/bilie-by-nze-a-ndjole-redresser-ce-quil-y-a-a-redresser-corriger-ce-quil-y-a-a-corriger-rattraper-ce-quil-y-a-a-rattraper#primaryimage"},"thumbnailUrl":"https:\/\/static.africa-press.net\/togo\/sites\/58\/2023\/02\/postQueueImg_1675501951.09.jpg","datePublished":"2023-02-04T12:36:33+00:00","author":{"@id":"https:\/\/www.africa-press.net\/togo\/#\/schema\/person\/2b1cf3cd81a31e3cd26889ca66d677f1"},"breadcrumb":{"@id":"https:\/\/www.africa-press.net\/togo\/politique\/bilie-by-nze-a-ndjole-redresser-ce-quil-y-a-a-redresser-corriger-ce-quil-y-a-a-corriger-rattraper-ce-quil-y-a-a-rattraper#breadcrumb"},"inLanguage":"fr-FR","potentialAction":[{"@type":"ReadAction","target":["https:\/\/www.africa-press.net\/togo\/politique\/bilie-by-nze-a-ndjole-redresser-ce-quil-y-a-a-redresser-corriger-ce-quil-y-a-a-corriger-rattraper-ce-quil-y-a-a-rattraper"]}]},{"@type":"ImageObject","inLanguage":"fr-FR","@id":"https:\/\/www.africa-press.net\/togo\/politique\/bilie-by-nze-a-ndjole-redresser-ce-quil-y-a-a-redresser-corriger-ce-quil-y-a-a-corriger-rattraper-ce-quil-y-a-a-rattraper#primaryimage","url":"https:\/\/static.africa-press.net\/togo\/sites\/58\/2023\/02\/postQueueImg_1675501951.09.jpg","contentUrl":"https:\/\/static.africa-press.net\/togo\/sites\/58\/2023\/02\/postQueueImg_1675501951.09.jpg","width":720,"height":480,"caption":"Bilie-By-Nze \u00e0 Ndjol\u00e9 : \u00abRedresser ce qu\u2019il y a \u00e0 redresser. Corriger ce qu\u2019il y a \u00e0 corriger. Rattraper ce qu\u2019il y a \u00e0 rattraper\u00bb"},{"@type":"BreadcrumbList","@id":"https:\/\/www.africa-press.net\/togo\/politique\/bilie-by-nze-a-ndjole-redresser-ce-quil-y-a-a-redresser-corriger-ce-quil-y-a-a-corriger-rattraper-ce-quil-y-a-a-rattraper#breadcrumb","itemListElement":[{"@type":"ListItem","position":1,"name":"Accueil","item":"https:\/\/www.africa-press.net\/togo\/"},{"@type":"ListItem","position":2,"name":"Bilie-By-Nze \u00e0 Ndjol\u00e9 : \u00abRedresser ce qu\u2019il y a \u00e0 redresser. Corriger ce qu\u2019il y a \u00e0 corriger. Rattraper ce qu\u2019il y a \u00e0 rattraper\u00bb"}]},{"@type":"WebSite","@id":"https:\/\/www.africa-press.net\/togo\/#website","url":"https:\/\/www.africa-press.net\/togo\/","name":"Togo","description":"Just another Africa News Agency Sites site","potentialAction":[{"@type":"SearchAction","target":{"@type":"EntryPoint","urlTemplate":"https:\/\/www.africa-press.net\/togo\/?s={search_term_string}"},"query-input":{"@type":"PropertyValueSpecification","valueRequired":true,"valueName":"search_term_string"}}],"inLanguage":"fr-FR"},{"@type":"Person","@id":"https:\/\/www.africa-press.net\/togo\/#\/schema\/person\/2b1cf3cd81a31e3cd26889ca66d677f1","name":"cfeditorfr"}]}},"_links":{"self":[{"href":"https:\/\/www.africa-press.net\/togo\/wp-json\/wp\/v2\/posts\/16813","targetHints":{"allow":["GET"]}}],"collection":[{"href":"https:\/\/www.africa-press.net\/togo\/wp-json\/wp\/v2\/posts"}],"about":[{"href":"https:\/\/www.africa-press.net\/togo\/wp-json\/wp\/v2\/types\/post"}],"author":[{"embeddable":true,"href":"https:\/\/www.africa-press.net\/togo\/wp-json\/wp\/v2\/users\/82"}],"replies":[{"embeddable":true,"href":"https:\/\/www.africa-press.net\/togo\/wp-json\/wp\/v2\/comments?post=16813"}],"version-history":[{"count":0,"href":"https:\/\/www.africa-press.net\/togo\/wp-json\/wp\/v2\/posts\/16813\/revisions"}],"wp:featuredmedia":[{"embeddable":true,"href":"https:\/\/www.africa-press.net\/togo\/wp-json\/wp\/v2\/media\/16812"}],"wp:attachment":[{"href":"https:\/\/www.africa-press.net\/togo\/wp-json\/wp\/v2\/media?parent=16813"}],"wp:term":[{"taxonomy":"category","embeddable":true,"href":"https:\/\/www.africa-press.net\/togo\/wp-json\/wp\/v2\/categories?post=16813"},{"taxonomy":"post_tag","embeddable":true,"href":"https:\/\/www.africa-press.net\/togo\/wp-json\/wp\/v2\/tags?post=16813"}],"curies":[{"name":"wp","href":"https:\/\/api.w.org\/{rel}","templated":true}]}}