{"id":16878,"date":"2023-02-06T21:23:57","date_gmt":"2023-02-06T21:23:57","guid":{"rendered":"https:\/\/www.africa-press.net\/togo\/politique\/togo-ufc-elliott-ohin-et-ses-ex-camarades-devant-le-juge-ce-matin"},"modified":"2023-02-06T22:41:54","modified_gmt":"2023-02-06T22:41:54","slug":"togo-ufc-elliott-ohin-et-ses-ex-camarades-devant-le-juge-ce-matin","status":"publish","type":"post","link":"https:\/\/www.africa-press.net\/togo\/toutes-les-actualites\/togo-ufc-elliott-ohin-et-ses-ex-camarades-devant-le-juge-ce-matin","title":{"rendered":"Togo-UFC: Elliott Ohin et ses ex-camarades devant le juge ce matin"},"content":{"rendered":"<p><span style=\"color: #ff6600\"><strong>Africa-Press &#8211; Togo. <\/strong><\/span><b>Les deux parties en conflit a\u0300 l\u2019Union des forces de changement (UFC) ont re\u0301pondu pre\u0301sentes ce lundi 6 fe\u0301vrier 2023, au tribunal de Lome\u0301. La plainte a e\u0301te\u0301 de\u0301pose\u0301e par Elliot Ohin, deuxie\u0300me vice-pre\u0301sident, accuse\u0301 de de\u0301tournement de fonds et suspendu de ses fonctions.<\/b><\/p>\n<p>14 millions de FCFA. C\u2019est le montant que l\u2019ancien ministre des Affaires aurait de\u0301tourne\u0301 des caisses du parti toujours incarne\u0301 par Dr Gilchrist Olympio a\u0300 travers un \u00ab compte paralle\u0300le (&#8230;) dont il dispose impune\u0301ment au pre\u0301judice de tous les militants du parti \u00bb.<\/p>\n<p>Cette affaire semble e\u0302tre la goutte d\u2019eau qui fait de\u0301border le vase, obligeant les autres membres du bureau directeur de l\u2019UFC a\u0300 suspendre Elliott Ohin de son poste de deuxie\u0300me vice-pre\u0301sident.<\/p>\n<p>Ce dernier conteste cette de\u0301cision et porte l\u2019affaire devant la justice pour, dit-il, laver son honneur, soulignant avoir agi en \u00ab homme conscient de ses responsabilite\u0301s (qui) assume ses fonctions avec dignite\u0301 \u00bb.<\/p>\n<p>La date du de\u0301but du proce\u0300s est fixe\u0301e au lundi 12 de\u0301cembre 2022. Elliott Ohin et son conseil se sont rendus au Tribunal de Lome\u0301. Le camp d\u2019en face n\u2019a pas fait le de\u0301placement. Le proce\u0300s a e\u0301te\u0301 reporte\u0301. Ce lundi 6 fe\u0301vrier 2023 est la date pre\u0301vue pour la reprise du proce\u0300s. Les deux parties sont actuellement devant les juges.<\/p>\n<p>\u00ab On ne peut pas diffamer les gens gratuitement de cette manie\u0300re-la\u0300. Quand on met sur le dos de quelqu\u2019un les actes qu\u2019il n\u2019a pas commis et qu\u2019on le publie partout, c\u2019est de la diffamation. Ils n\u2019ont qu\u2019a\u0300 venir pour qu\u2019on en parle. La justice est la\u0300 pour faire son travail. Il faut re\u0301tablir la ve\u0301rite\u0301 \u00bb, insiste l\u2019ancien ministre des Affaires e\u0301trange\u0300res.<\/p>\n<p>Ses de\u0301tracteurs, eux, estiment que ce proce\u0300s permettra aux uns et autres d\u2019avoir une ide\u0301e claire et pre\u0301cise des casseroles qu\u2019il trai\u0302nerait. Nous y reviendrons avec les de\u0301tails de\u0300s que possible.<\/p>\n<p><strong>Pour plus d&rsquo;informations et d&rsquo;analyses sur la <a href=\"https:\/\/www.africa-press.net\/togo\">Togo<\/a>, suivez <a href=\"https:\/\/www.africa-press.net\/\">Africa-Press<\/a><\/strong><\/p>\n","protected":false},"excerpt":{"rendered":"<p>Africa-Press &#8211; Togo. Les deux parties en conflit a\u0300 l\u2019Union des forces de changement (UFC) ont re\u0301pondu pre\u0301sentes ce lundi 6 fe\u0301vrier 2023, au tribunal de Lome\u0301. La plainte a e\u0301te\u0301 de\u0301pose\u0301e par Elliot Ohin, deuxie\u0300me vice-pre\u0301sident, accuse\u0301 de de\u0301tournement de fonds et suspendu de ses fonctions. 14 millions de FCFA. C\u2019est le montant que [&hellip;]<\/p>\n","protected":false},"author":82,"featured_media":16877,"comment_status":"open","ping_status":"closed","sticky":false,"template":"","format":"standard","meta":{"footnotes":""},"categories":[21,10],"tags":[36,49,50],"class_list":["post-16878","post","type-post","status-publish","format-standard","has-post-thumbnail","hentry","category-communaute","category-toutes-les-actualites","tag-africa-press","tag-africa-press-togo","tag-togo"],"yoast_head":"<!-- This site is optimized with the Yoast SEO Premium plugin v26.1 (Yoast SEO v27.0) - https:\/\/yoast.com\/product\/yoast-seo-premium-wordpress\/ -->\n<title>Togo-UFC: Elliott Ohin et ses ex-camarades devant le juge ce matin - Togo<\/title>\n<meta name=\"description\" content=\"Les deux parties en conflit a\u0300 l\u2019Union des forces de changement (UFC) ont re\u0301pondu pre\u0301sentes ce lundi 6 fe\u0301vrier 202 ...\" \/>\n<meta name=\"robots\" content=\"index, follow, max-snippet:-1, max-image-preview:large, max-video-preview:-1\" \/>\n<link rel=\"canonical\" href=\"https:\/\/www.africa-press.net\/togo\/toutes-les-actualites\/togo-ufc-elliott-ohin-et-ses-ex-camarades-devant-le-juge-ce-matin\" \/>\n<meta property=\"og:locale\" content=\"fr_FR\" \/>\n<meta property=\"og:type\" content=\"article\" \/>\n<meta property=\"og:title\" content=\"Togo-UFC: Elliott Ohin et ses ex-camarades devant le juge ce matin\" \/>\n<meta property=\"og:description\" content=\"Les deux parties en conflit a\u0300 l\u2019Union des forces de changement (UFC) ont re\u0301pondu pre\u0301sentes ce lundi 6 fe\u0301vrier 202 ...\" \/>\n<meta property=\"og:url\" content=\"https:\/\/www.africa-press.net\/togo\/toutes-les-actualites\/togo-ufc-elliott-ohin-et-ses-ex-camarades-devant-le-juge-ce-matin\" \/>\n<meta property=\"og:site_name\" content=\"Togo\" \/>\n<meta property=\"article:published_time\" content=\"2023-02-06T21:23:57+00:00\" \/>\n<meta property=\"article:modified_time\" content=\"2023-02-06T22:41:54+00:00\" \/>\n<meta property=\"og:image\" content=\"https:\/\/static.africa-press.net\/togo\/sites\/58\/2023\/02\/postQueueImg_1675706045.89.jpg\" \/>\n\t<meta property=\"og:image:width\" content=\"1280\" \/>\n\t<meta property=\"og:image:height\" content=\"800\" \/>\n\t<meta property=\"og:image:type\" content=\"image\/jpeg\" \/>\n<meta name=\"author\" content=\"cfeditorfr\" \/>\n<meta name=\"twitter:card\" content=\"summary_large_image\" \/>\n<meta name=\"twitter:label1\" content=\"\u00c9crit par\" \/>\n\t<meta name=\"twitter:data1\" content=\"cfeditorfr\" \/>\n\t<meta name=\"twitter:label2\" content=\"Dur\u00e9e de lecture estim\u00e9e\" \/>\n\t<meta name=\"twitter:data2\" content=\"2 minutes\" \/>\n<script type=\"application\/ld+json\" class=\"yoast-schema-graph\">{\"@context\":\"https:\/\/schema.org\",\"@graph\":[{\"@type\":\"Article\",\"@id\":\"https:\/\/www.africa-press.net\/togo\/toutes-les-actualites\/togo-ufc-elliott-ohin-et-ses-ex-camarades-devant-le-juge-ce-matin#article\",\"isPartOf\":{\"@id\":\"https:\/\/www.africa-press.net\/togo\/toutes-les-actualites\/togo-ufc-elliott-ohin-et-ses-ex-camarades-devant-le-juge-ce-matin\"},\"author\":{\"name\":\"cfeditorfr\",\"@id\":\"https:\/\/www.africa-press.net\/togo\/#\/schema\/person\/2b1cf3cd81a31e3cd26889ca66d677f1\"},\"headline\":\"Togo-UFC: Elliott Ohin et ses ex-camarades devant le juge ce matin\",\"datePublished\":\"2023-02-06T21:23:57+00:00\",\"dateModified\":\"2023-02-06T22:41:54+00:00\",\"mainEntityOfPage\":{\"@id\":\"https:\/\/www.africa-press.net\/togo\/toutes-les-actualites\/togo-ufc-elliott-ohin-et-ses-ex-camarades-devant-le-juge-ce-matin\"},\"wordCount\":379,\"commentCount\":0,\"image\":{\"@id\":\"https:\/\/www.africa-press.net\/togo\/toutes-les-actualites\/togo-ufc-elliott-ohin-et-ses-ex-camarades-devant-le-juge-ce-matin#primaryimage\"},\"thumbnailUrl\":\"https:\/\/static.africa-press.net\/togo\/sites\/58\/2023\/02\/postQueueImg_1675706045.89.jpg\",\"keywords\":[\"Africa Press\",\"Africa Press-Togo\",\"Togo\"],\"articleSection\":[\"Communaut\u00e9\",\"Toutes les actualit\u00e9s\"],\"inLanguage\":\"fr-FR\",\"potentialAction\":[{\"@type\":\"CommentAction\",\"name\":\"Comment\",\"target\":[\"https:\/\/www.africa-press.net\/togo\/toutes-les-actualites\/togo-ufc-elliott-ohin-et-ses-ex-camarades-devant-le-juge-ce-matin#respond\"]}]},{\"@type\":\"WebPage\",\"@id\":\"https:\/\/www.africa-press.net\/togo\/toutes-les-actualites\/togo-ufc-elliott-ohin-et-ses-ex-camarades-devant-le-juge-ce-matin\",\"url\":\"https:\/\/www.africa-press.net\/togo\/toutes-les-actualites\/togo-ufc-elliott-ohin-et-ses-ex-camarades-devant-le-juge-ce-matin\",\"name\":\"Togo-UFC: Elliott Ohin et ses ex-camarades devant le juge ce matin - Togo\",\"isPartOf\":{\"@id\":\"https:\/\/www.africa-press.net\/togo\/#website\"},\"primaryImageOfPage\":{\"@id\":\"https:\/\/www.africa-press.net\/togo\/toutes-les-actualites\/togo-ufc-elliott-ohin-et-ses-ex-camarades-devant-le-juge-ce-matin#primaryimage\"},\"image\":{\"@id\":\"https:\/\/www.africa-press.net\/togo\/toutes-les-actualites\/togo-ufc-elliott-ohin-et-ses-ex-camarades-devant-le-juge-ce-matin#primaryimage\"},\"thumbnailUrl\":\"https:\/\/static.africa-press.net\/togo\/sites\/58\/2023\/02\/postQueueImg_1675706045.89.jpg\",\"datePublished\":\"2023-02-06T21:23:57+00:00\",\"dateModified\":\"2023-02-06T22:41:54+00:00\",\"author\":{\"@id\":\"https:\/\/www.africa-press.net\/togo\/#\/schema\/person\/2b1cf3cd81a31e3cd26889ca66d677f1\"},\"description\":\"Les deux parties en conflit a\u0300 l\u2019Union des forces de changement (UFC) ont re\u0301pondu pre\u0301sentes ce lundi 6 fe\u0301vrier 202 ...\",\"breadcrumb\":{\"@id\":\"https:\/\/www.africa-press.net\/togo\/toutes-les-actualites\/togo-ufc-elliott-ohin-et-ses-ex-camarades-devant-le-juge-ce-matin#breadcrumb\"},\"inLanguage\":\"fr-FR\",\"potentialAction\":[{\"@type\":\"ReadAction\",\"target\":[\"https:\/\/www.africa-press.net\/togo\/toutes-les-actualites\/togo-ufc-elliott-ohin-et-ses-ex-camarades-devant-le-juge-ce-matin\"]}]},{\"@type\":\"ImageObject\",\"inLanguage\":\"fr-FR\",\"@id\":\"https:\/\/www.africa-press.net\/togo\/toutes-les-actualites\/togo-ufc-elliott-ohin-et-ses-ex-camarades-devant-le-juge-ce-matin#primaryimage\",\"url\":\"https:\/\/static.africa-press.net\/togo\/sites\/58\/2023\/02\/postQueueImg_1675706045.89.jpg\",\"contentUrl\":\"https:\/\/static.africa-press.net\/togo\/sites\/58\/2023\/02\/postQueueImg_1675706045.89.jpg\",\"width\":1280,\"height\":800,\"caption\":\"Togo-UFC: Elliott Ohin et ses ex-camarades devant le juge ce matin\"},{\"@type\":\"BreadcrumbList\",\"@id\":\"https:\/\/www.africa-press.net\/togo\/toutes-les-actualites\/togo-ufc-elliott-ohin-et-ses-ex-camarades-devant-le-juge-ce-matin#breadcrumb\",\"itemListElement\":[{\"@type\":\"ListItem\",\"position\":1,\"name\":\"Accueil\",\"item\":\"https:\/\/www.africa-press.net\/togo\/\"},{\"@type\":\"ListItem\",\"position\":2,\"name\":\"Togo-UFC: Elliott Ohin et ses ex-camarades devant le juge ce matin\"}]},{\"@type\":\"WebSite\",\"@id\":\"https:\/\/www.africa-press.net\/togo\/#website\",\"url\":\"https:\/\/www.africa-press.net\/togo\/\",\"name\":\"Togo\",\"description\":\"Just another Africa News Agency Sites site\",\"potentialAction\":[{\"@type\":\"SearchAction\",\"target\":{\"@type\":\"EntryPoint\",\"urlTemplate\":\"https:\/\/www.africa-press.net\/togo\/?s={search_term_string}\"},\"query-input\":{\"@type\":\"PropertyValueSpecification\",\"valueRequired\":true,\"valueName\":\"search_term_string\"}}],\"inLanguage\":\"fr-FR\"},{\"@type\":\"Person\",\"@id\":\"https:\/\/www.africa-press.net\/togo\/#\/schema\/person\/2b1cf3cd81a31e3cd26889ca66d677f1\",\"name\":\"cfeditorfr\"}]}<\/script>\n<!-- \/ Yoast SEO Premium plugin. -->","yoast_head_json":{"title":"Togo-UFC: Elliott Ohin et ses ex-camarades devant le juge ce matin - Togo","description":"Les deux parties en conflit a\u0300 l\u2019Union des forces de changement (UFC) ont re\u0301pondu pre\u0301sentes ce lundi 6 fe\u0301vrier 202 ...","robots":{"index":"index","follow":"follow","max-snippet":"max-snippet:-1","max-image-preview":"max-image-preview:large","max-video-preview":"max-video-preview:-1"},"canonical":"https:\/\/www.africa-press.net\/togo\/toutes-les-actualites\/togo-ufc-elliott-ohin-et-ses-ex-camarades-devant-le-juge-ce-matin","og_locale":"fr_FR","og_type":"article","og_title":"Togo-UFC: Elliott Ohin et ses ex-camarades devant le juge ce matin","og_description":"Les deux parties en conflit a\u0300 l\u2019Union des forces de changement (UFC) ont re\u0301pondu pre\u0301sentes ce lundi 6 fe\u0301vrier 202 ...","og_url":"https:\/\/www.africa-press.net\/togo\/toutes-les-actualites\/togo-ufc-elliott-ohin-et-ses-ex-camarades-devant-le-juge-ce-matin","og_site_name":"Togo","article_published_time":"2023-02-06T21:23:57+00:00","article_modified_time":"2023-02-06T22:41:54+00:00","og_image":[{"width":1280,"height":800,"url":"https:\/\/static.africa-press.net\/togo\/sites\/58\/2023\/02\/postQueueImg_1675706045.89.jpg","type":"image\/jpeg"}],"author":"cfeditorfr","twitter_card":"summary_large_image","twitter_misc":{"\u00c9crit par":"cfeditorfr","Dur\u00e9e de lecture estim\u00e9e":"2 minutes"},"schema":{"@context":"https:\/\/schema.org","@graph":[{"@type":"Article","@id":"https:\/\/www.africa-press.net\/togo\/toutes-les-actualites\/togo-ufc-elliott-ohin-et-ses-ex-camarades-devant-le-juge-ce-matin#article","isPartOf":{"@id":"https:\/\/www.africa-press.net\/togo\/toutes-les-actualites\/togo-ufc-elliott-ohin-et-ses-ex-camarades-devant-le-juge-ce-matin"},"author":{"name":"cfeditorfr","@id":"https:\/\/www.africa-press.net\/togo\/#\/schema\/person\/2b1cf3cd81a31e3cd26889ca66d677f1"},"headline":"Togo-UFC: Elliott Ohin et ses ex-camarades devant le juge ce matin","datePublished":"2023-02-06T21:23:57+00:00","dateModified":"2023-02-06T22:41:54+00:00","mainEntityOfPage":{"@id":"https:\/\/www.africa-press.net\/togo\/toutes-les-actualites\/togo-ufc-elliott-ohin-et-ses-ex-camarades-devant-le-juge-ce-matin"},"wordCount":379,"commentCount":0,"image":{"@id":"https:\/\/www.africa-press.net\/togo\/toutes-les-actualites\/togo-ufc-elliott-ohin-et-ses-ex-camarades-devant-le-juge-ce-matin#primaryimage"},"thumbnailUrl":"https:\/\/static.africa-press.net\/togo\/sites\/58\/2023\/02\/postQueueImg_1675706045.89.jpg","keywords":["Africa Press","Africa Press-Togo","Togo"],"articleSection":["Communaut\u00e9","Toutes les actualit\u00e9s"],"inLanguage":"fr-FR","potentialAction":[{"@type":"CommentAction","name":"Comment","target":["https:\/\/www.africa-press.net\/togo\/toutes-les-actualites\/togo-ufc-elliott-ohin-et-ses-ex-camarades-devant-le-juge-ce-matin#respond"]}]},{"@type":"WebPage","@id":"https:\/\/www.africa-press.net\/togo\/toutes-les-actualites\/togo-ufc-elliott-ohin-et-ses-ex-camarades-devant-le-juge-ce-matin","url":"https:\/\/www.africa-press.net\/togo\/toutes-les-actualites\/togo-ufc-elliott-ohin-et-ses-ex-camarades-devant-le-juge-ce-matin","name":"Togo-UFC: Elliott Ohin et ses ex-camarades devant le juge ce matin - Togo","isPartOf":{"@id":"https:\/\/www.africa-press.net\/togo\/#website"},"primaryImageOfPage":{"@id":"https:\/\/www.africa-press.net\/togo\/toutes-les-actualites\/togo-ufc-elliott-ohin-et-ses-ex-camarades-devant-le-juge-ce-matin#primaryimage"},"image":{"@id":"https:\/\/www.africa-press.net\/togo\/toutes-les-actualites\/togo-ufc-elliott-ohin-et-ses-ex-camarades-devant-le-juge-ce-matin#primaryimage"},"thumbnailUrl":"https:\/\/static.africa-press.net\/togo\/sites\/58\/2023\/02\/postQueueImg_1675706045.89.jpg","datePublished":"2023-02-06T21:23:57+00:00","dateModified":"2023-02-06T22:41:54+00:00","author":{"@id":"https:\/\/www.africa-press.net\/togo\/#\/schema\/person\/2b1cf3cd81a31e3cd26889ca66d677f1"},"description":"Les deux parties en conflit a\u0300 l\u2019Union des forces de changement (UFC) ont re\u0301pondu pre\u0301sentes ce lundi 6 fe\u0301vrier 202 ...","breadcrumb":{"@id":"https:\/\/www.africa-press.net\/togo\/toutes-les-actualites\/togo-ufc-elliott-ohin-et-ses-ex-camarades-devant-le-juge-ce-matin#breadcrumb"},"inLanguage":"fr-FR","potentialAction":[{"@type":"ReadAction","target":["https:\/\/www.africa-press.net\/togo\/toutes-les-actualites\/togo-ufc-elliott-ohin-et-ses-ex-camarades-devant-le-juge-ce-matin"]}]},{"@type":"ImageObject","inLanguage":"fr-FR","@id":"https:\/\/www.africa-press.net\/togo\/toutes-les-actualites\/togo-ufc-elliott-ohin-et-ses-ex-camarades-devant-le-juge-ce-matin#primaryimage","url":"https:\/\/static.africa-press.net\/togo\/sites\/58\/2023\/02\/postQueueImg_1675706045.89.jpg","contentUrl":"https:\/\/static.africa-press.net\/togo\/sites\/58\/2023\/02\/postQueueImg_1675706045.89.jpg","width":1280,"height":800,"caption":"Togo-UFC: Elliott Ohin et ses ex-camarades devant le juge ce matin"},{"@type":"BreadcrumbList","@id":"https:\/\/www.africa-press.net\/togo\/toutes-les-actualites\/togo-ufc-elliott-ohin-et-ses-ex-camarades-devant-le-juge-ce-matin#breadcrumb","itemListElement":[{"@type":"ListItem","position":1,"name":"Accueil","item":"https:\/\/www.africa-press.net\/togo\/"},{"@type":"ListItem","position":2,"name":"Togo-UFC: Elliott Ohin et ses ex-camarades devant le juge ce matin"}]},{"@type":"WebSite","@id":"https:\/\/www.africa-press.net\/togo\/#website","url":"https:\/\/www.africa-press.net\/togo\/","name":"Togo","description":"Just another Africa News Agency Sites site","potentialAction":[{"@type":"SearchAction","target":{"@type":"EntryPoint","urlTemplate":"https:\/\/www.africa-press.net\/togo\/?s={search_term_string}"},"query-input":{"@type":"PropertyValueSpecification","valueRequired":true,"valueName":"search_term_string"}}],"inLanguage":"fr-FR"},{"@type":"Person","@id":"https:\/\/www.africa-press.net\/togo\/#\/schema\/person\/2b1cf3cd81a31e3cd26889ca66d677f1","name":"cfeditorfr"}]}},"_links":{"self":[{"href":"https:\/\/www.africa-press.net\/togo\/wp-json\/wp\/v2\/posts\/16878","targetHints":{"allow":["GET"]}}],"collection":[{"href":"https:\/\/www.africa-press.net\/togo\/wp-json\/wp\/v2\/posts"}],"about":[{"href":"https:\/\/www.africa-press.net\/togo\/wp-json\/wp\/v2\/types\/post"}],"author":[{"embeddable":true,"href":"https:\/\/www.africa-press.net\/togo\/wp-json\/wp\/v2\/users\/82"}],"replies":[{"embeddable":true,"href":"https:\/\/www.africa-press.net\/togo\/wp-json\/wp\/v2\/comments?post=16878"}],"version-history":[{"count":0,"href":"https:\/\/www.africa-press.net\/togo\/wp-json\/wp\/v2\/posts\/16878\/revisions"}],"wp:featuredmedia":[{"embeddable":true,"href":"https:\/\/www.africa-press.net\/togo\/wp-json\/wp\/v2\/media\/16877"}],"wp:attachment":[{"href":"https:\/\/www.africa-press.net\/togo\/wp-json\/wp\/v2\/media?parent=16878"}],"wp:term":[{"taxonomy":"category","embeddable":true,"href":"https:\/\/www.africa-press.net\/togo\/wp-json\/wp\/v2\/categories?post=16878"},{"taxonomy":"post_tag","embeddable":true,"href":"https:\/\/www.africa-press.net\/togo\/wp-json\/wp\/v2\/tags?post=16878"}],"curies":[{"name":"wp","href":"https:\/\/api.w.org\/{rel}","templated":true}]}}