{"id":16905,"date":"2023-02-07T12:33:59","date_gmt":"2023-02-07T12:33:59","guid":{"rendered":"https:\/\/www.africa-press.net\/togo\/politique\/togo-agbeyome-kodjo-sort-de-son-silence"},"modified":"2023-02-07T12:33:59","modified_gmt":"2023-02-07T12:33:59","slug":"togo-agbeyome-kodjo-sort-de-son-silence","status":"publish","type":"post","link":"https:\/\/www.africa-press.net\/togo\/politique\/togo-agbeyome-kodjo-sort-de-son-silence","title":{"rendered":"Togo-Agb\u00e9yom\u00e9 Kodjo sort de son silence"},"content":{"rendered":"<p><span style=\"color: #ff6600\"><strong>Africa-Press &#8211; Togo. <\/strong><\/span><b>Dimanche 5 fe\u0301vrier dernier, c\u2019e\u0301tait le 18em anniversaire du de\u0301ce\u0300s du feu Ge\u0301ne\u0301ral Gnassingbe\u0301 Eyadema, l\u2019ancien chef d\u2019Etat togolais. A l\u2019occasion de cette comme\u0301moration, l\u2019opposant Agbe\u0301yome\u0301 Kodjo lance un appel aux Togolais et l\u2019arme\u0301e pour \u201csauver la patrie\u201d.<\/b><\/p>\n<p>\u201cAujourd\u2019hui, le constat est sans appel, notre nation est disloque\u0301e et martyrise\u0301e par une bande de pre\u0301varicateurs sans foi ni loi. 18 ans, apre\u0300s la fin d\u2019un cycle, le Togo est devenu un Etat en faillite. Notre belle nation est la plaque tournante des trafiquants de tout genre, dont celui de la drogue qui de\u0301truit l\u2019esprit et le corps. Que se passe-t-il, sommes-nous dans un mauvais re\u0302ve ?\u201d, se demande Dr Agbe\u0301yome\u0301.<\/p>\n<p>Suivez pluto\u0302t!<\/p>\n<p><strong>Pour plus d&rsquo;informations et d&rsquo;analyses sur la <a href=\"https:\/\/www.africa-press.net\/togo\">Togo<\/a>, suivez <a href=\"https:\/\/www.africa-press.net\/\">Africa-Press<\/a><\/strong><\/p>\n","protected":false},"excerpt":{"rendered":"<p>Africa-Press &#8211; Togo. Dimanche 5 fe\u0301vrier dernier, c\u2019e\u0301tait le 18em anniversaire du de\u0301ce\u0300s du feu Ge\u0301ne\u0301ral Gnassingbe\u0301 Eyadema, l\u2019ancien chef d\u2019Etat togolais. A l\u2019occasion de cette comme\u0301moration, l\u2019opposant Agbe\u0301yome\u0301 Kodjo lance un appel aux Togolais et l\u2019arme\u0301e pour \u201csauver la patrie\u201d. \u201cAujourd\u2019hui, le constat est sans appel, notre nation est disloque\u0301e et martyrise\u0301e par une [&hellip;]<\/p>\n","protected":false},"author":82,"featured_media":16904,"comment_status":"open","ping_status":"closed","sticky":false,"template":"","format":"standard","meta":{"footnotes":""},"categories":[2,10],"tags":[36,49,50],"class_list":["post-16905","post","type-post","status-publish","format-standard","has-post-thumbnail","hentry","category-politique","category-toutes-les-actualites","tag-africa-press","tag-africa-press-togo","tag-togo"],"yoast_head":"<!-- This site is optimized with the Yoast SEO Premium plugin v26.1 (Yoast SEO v27.0) - https:\/\/yoast.com\/product\/yoast-seo-premium-wordpress\/ -->\n<title>Togo-Agb\u00e9yom\u00e9 Kodjo sort de son silence - Togo<\/title>\n<meta name=\"robots\" content=\"index, follow, max-snippet:-1, max-image-preview:large, max-video-preview:-1\" \/>\n<link rel=\"canonical\" href=\"https:\/\/www.africa-press.net\/togo\/politique\/togo-agbeyome-kodjo-sort-de-son-silence\" \/>\n<meta property=\"og:locale\" content=\"fr_FR\" \/>\n<meta property=\"og:type\" content=\"article\" \/>\n<meta property=\"og:title\" content=\"Togo-Agb\u00e9yom\u00e9 Kodjo sort de son silence\" \/>\n<meta property=\"og:description\" content=\"Africa-Press &#8211; Togo. Dimanche 5 fe\u0301vrier dernier, c\u2019e\u0301tait le 18em anniversaire du de\u0301ce\u0300s du feu Ge\u0301ne\u0301ral Gnassingbe\u0301 Eyadema, l\u2019ancien chef d\u2019Etat togolais. A l\u2019occasion de cette comme\u0301moration, l\u2019opposant Agbe\u0301yome\u0301 Kodjo lance un appel aux Togolais et l\u2019arme\u0301e pour \u201csauver la patrie\u201d. \u201cAujourd\u2019hui, le constat est sans appel, notre nation est disloque\u0301e et martyrise\u0301e par une [&hellip;]\" \/>\n<meta property=\"og:url\" content=\"https:\/\/www.africa-press.net\/togo\/politique\/togo-agbeyome-kodjo-sort-de-son-silence\" \/>\n<meta property=\"og:site_name\" content=\"Togo\" \/>\n<meta property=\"article:published_time\" content=\"2023-02-07T12:33:59+00:00\" \/>\n<meta name=\"author\" content=\"cfeditorfr\" \/>\n<meta name=\"twitter:card\" content=\"summary_large_image\" \/>\n<meta name=\"twitter:label1\" content=\"\u00c9crit par\" \/>\n\t<meta name=\"twitter:data1\" content=\"cfeditorfr\" \/>\n\t<meta name=\"twitter:label2\" content=\"Dur\u00e9e de lecture estim\u00e9e\" \/>\n\t<meta name=\"twitter:data2\" content=\"1 minute\" \/>\n<script type=\"application\/ld+json\" class=\"yoast-schema-graph\">{\"@context\":\"https:\/\/schema.org\",\"@graph\":[{\"@type\":\"Article\",\"@id\":\"https:\/\/www.africa-press.net\/togo\/politique\/togo-agbeyome-kodjo-sort-de-son-silence#article\",\"isPartOf\":{\"@id\":\"https:\/\/www.africa-press.net\/togo\/politique\/togo-agbeyome-kodjo-sort-de-son-silence\"},\"author\":{\"name\":\"cfeditorfr\",\"@id\":\"https:\/\/www.africa-press.net\/togo\/#\/schema\/person\/2b1cf3cd81a31e3cd26889ca66d677f1\"},\"headline\":\"Togo-Agb\u00e9yom\u00e9 Kodjo sort de son silence\",\"datePublished\":\"2023-02-07T12:33:59+00:00\",\"mainEntityOfPage\":{\"@id\":\"https:\/\/www.africa-press.net\/togo\/politique\/togo-agbeyome-kodjo-sort-de-son-silence\"},\"wordCount\":157,\"commentCount\":0,\"image\":{\"@id\":\"https:\/\/www.africa-press.net\/togo\/politique\/togo-agbeyome-kodjo-sort-de-son-silence#primaryimage\"},\"thumbnailUrl\":\"https:\/\/static.africa-press.net\/togo\/sites\/58\/2023\/02\/postQueueImg_1675760643.45.jpg\",\"keywords\":[\"Africa Press\",\"Africa Press-Togo\",\"Togo\"],\"articleSection\":[\"Politique\",\"Toutes les actualit\u00e9s\"],\"inLanguage\":\"fr-FR\",\"potentialAction\":[{\"@type\":\"CommentAction\",\"name\":\"Comment\",\"target\":[\"https:\/\/www.africa-press.net\/togo\/politique\/togo-agbeyome-kodjo-sort-de-son-silence#respond\"]}]},{\"@type\":\"WebPage\",\"@id\":\"https:\/\/www.africa-press.net\/togo\/politique\/togo-agbeyome-kodjo-sort-de-son-silence\",\"url\":\"https:\/\/www.africa-press.net\/togo\/politique\/togo-agbeyome-kodjo-sort-de-son-silence\",\"name\":\"Togo-Agb\u00e9yom\u00e9 Kodjo sort de son silence - Togo\",\"isPartOf\":{\"@id\":\"https:\/\/www.africa-press.net\/togo\/#website\"},\"primaryImageOfPage\":{\"@id\":\"https:\/\/www.africa-press.net\/togo\/politique\/togo-agbeyome-kodjo-sort-de-son-silence#primaryimage\"},\"image\":{\"@id\":\"https:\/\/www.africa-press.net\/togo\/politique\/togo-agbeyome-kodjo-sort-de-son-silence#primaryimage\"},\"thumbnailUrl\":\"https:\/\/static.africa-press.net\/togo\/sites\/58\/2023\/02\/postQueueImg_1675760643.45.jpg\",\"datePublished\":\"2023-02-07T12:33:59+00:00\",\"author\":{\"@id\":\"https:\/\/www.africa-press.net\/togo\/#\/schema\/person\/2b1cf3cd81a31e3cd26889ca66d677f1\"},\"breadcrumb\":{\"@id\":\"https:\/\/www.africa-press.net\/togo\/politique\/togo-agbeyome-kodjo-sort-de-son-silence#breadcrumb\"},\"inLanguage\":\"fr-FR\",\"potentialAction\":[{\"@type\":\"ReadAction\",\"target\":[\"https:\/\/www.africa-press.net\/togo\/politique\/togo-agbeyome-kodjo-sort-de-son-silence\"]}]},{\"@type\":\"ImageObject\",\"inLanguage\":\"fr-FR\",\"@id\":\"https:\/\/www.africa-press.net\/togo\/politique\/togo-agbeyome-kodjo-sort-de-son-silence#primaryimage\",\"url\":\"https:\/\/static.africa-press.net\/togo\/sites\/58\/2023\/02\/postQueueImg_1675760643.45.jpg\",\"contentUrl\":\"https:\/\/static.africa-press.net\/togo\/sites\/58\/2023\/02\/postQueueImg_1675760643.45.jpg\",\"width\":1280,\"height\":800,\"caption\":\"Togo-Agb\u00e9yom\u00e9 Kodjo sort de son silence\"},{\"@type\":\"BreadcrumbList\",\"@id\":\"https:\/\/www.africa-press.net\/togo\/politique\/togo-agbeyome-kodjo-sort-de-son-silence#breadcrumb\",\"itemListElement\":[{\"@type\":\"ListItem\",\"position\":1,\"name\":\"Accueil\",\"item\":\"https:\/\/www.africa-press.net\/togo\/\"},{\"@type\":\"ListItem\",\"position\":2,\"name\":\"Togo-Agb\u00e9yom\u00e9 Kodjo sort de son silence\"}]},{\"@type\":\"WebSite\",\"@id\":\"https:\/\/www.africa-press.net\/togo\/#website\",\"url\":\"https:\/\/www.africa-press.net\/togo\/\",\"name\":\"Togo\",\"description\":\"Just another Africa News Agency Sites site\",\"potentialAction\":[{\"@type\":\"SearchAction\",\"target\":{\"@type\":\"EntryPoint\",\"urlTemplate\":\"https:\/\/www.africa-press.net\/togo\/?s={search_term_string}\"},\"query-input\":{\"@type\":\"PropertyValueSpecification\",\"valueRequired\":true,\"valueName\":\"search_term_string\"}}],\"inLanguage\":\"fr-FR\"},{\"@type\":\"Person\",\"@id\":\"https:\/\/www.africa-press.net\/togo\/#\/schema\/person\/2b1cf3cd81a31e3cd26889ca66d677f1\",\"name\":\"cfeditorfr\"}]}<\/script>\n<!-- \/ Yoast SEO Premium plugin. -->","yoast_head_json":{"title":"Togo-Agb\u00e9yom\u00e9 Kodjo sort de son silence - Togo","robots":{"index":"index","follow":"follow","max-snippet":"max-snippet:-1","max-image-preview":"max-image-preview:large","max-video-preview":"max-video-preview:-1"},"canonical":"https:\/\/www.africa-press.net\/togo\/politique\/togo-agbeyome-kodjo-sort-de-son-silence","og_locale":"fr_FR","og_type":"article","og_title":"Togo-Agb\u00e9yom\u00e9 Kodjo sort de son silence","og_description":"Africa-Press &#8211; Togo. Dimanche 5 fe\u0301vrier dernier, c\u2019e\u0301tait le 18em anniversaire du de\u0301ce\u0300s du feu Ge\u0301ne\u0301ral Gnassingbe\u0301 Eyadema, l\u2019ancien chef d\u2019Etat togolais. A l\u2019occasion de cette comme\u0301moration, l\u2019opposant Agbe\u0301yome\u0301 Kodjo lance un appel aux Togolais et l\u2019arme\u0301e pour \u201csauver la patrie\u201d. \u201cAujourd\u2019hui, le constat est sans appel, notre nation est disloque\u0301e et martyrise\u0301e par une [&hellip;]","og_url":"https:\/\/www.africa-press.net\/togo\/politique\/togo-agbeyome-kodjo-sort-de-son-silence","og_site_name":"Togo","article_published_time":"2023-02-07T12:33:59+00:00","author":"cfeditorfr","twitter_card":"summary_large_image","twitter_misc":{"\u00c9crit par":"cfeditorfr","Dur\u00e9e de lecture estim\u00e9e":"1 minute"},"schema":{"@context":"https:\/\/schema.org","@graph":[{"@type":"Article","@id":"https:\/\/www.africa-press.net\/togo\/politique\/togo-agbeyome-kodjo-sort-de-son-silence#article","isPartOf":{"@id":"https:\/\/www.africa-press.net\/togo\/politique\/togo-agbeyome-kodjo-sort-de-son-silence"},"author":{"name":"cfeditorfr","@id":"https:\/\/www.africa-press.net\/togo\/#\/schema\/person\/2b1cf3cd81a31e3cd26889ca66d677f1"},"headline":"Togo-Agb\u00e9yom\u00e9 Kodjo sort de son silence","datePublished":"2023-02-07T12:33:59+00:00","mainEntityOfPage":{"@id":"https:\/\/www.africa-press.net\/togo\/politique\/togo-agbeyome-kodjo-sort-de-son-silence"},"wordCount":157,"commentCount":0,"image":{"@id":"https:\/\/www.africa-press.net\/togo\/politique\/togo-agbeyome-kodjo-sort-de-son-silence#primaryimage"},"thumbnailUrl":"https:\/\/static.africa-press.net\/togo\/sites\/58\/2023\/02\/postQueueImg_1675760643.45.jpg","keywords":["Africa Press","Africa Press-Togo","Togo"],"articleSection":["Politique","Toutes les actualit\u00e9s"],"inLanguage":"fr-FR","potentialAction":[{"@type":"CommentAction","name":"Comment","target":["https:\/\/www.africa-press.net\/togo\/politique\/togo-agbeyome-kodjo-sort-de-son-silence#respond"]}]},{"@type":"WebPage","@id":"https:\/\/www.africa-press.net\/togo\/politique\/togo-agbeyome-kodjo-sort-de-son-silence","url":"https:\/\/www.africa-press.net\/togo\/politique\/togo-agbeyome-kodjo-sort-de-son-silence","name":"Togo-Agb\u00e9yom\u00e9 Kodjo sort de son silence - Togo","isPartOf":{"@id":"https:\/\/www.africa-press.net\/togo\/#website"},"primaryImageOfPage":{"@id":"https:\/\/www.africa-press.net\/togo\/politique\/togo-agbeyome-kodjo-sort-de-son-silence#primaryimage"},"image":{"@id":"https:\/\/www.africa-press.net\/togo\/politique\/togo-agbeyome-kodjo-sort-de-son-silence#primaryimage"},"thumbnailUrl":"https:\/\/static.africa-press.net\/togo\/sites\/58\/2023\/02\/postQueueImg_1675760643.45.jpg","datePublished":"2023-02-07T12:33:59+00:00","author":{"@id":"https:\/\/www.africa-press.net\/togo\/#\/schema\/person\/2b1cf3cd81a31e3cd26889ca66d677f1"},"breadcrumb":{"@id":"https:\/\/www.africa-press.net\/togo\/politique\/togo-agbeyome-kodjo-sort-de-son-silence#breadcrumb"},"inLanguage":"fr-FR","potentialAction":[{"@type":"ReadAction","target":["https:\/\/www.africa-press.net\/togo\/politique\/togo-agbeyome-kodjo-sort-de-son-silence"]}]},{"@type":"ImageObject","inLanguage":"fr-FR","@id":"https:\/\/www.africa-press.net\/togo\/politique\/togo-agbeyome-kodjo-sort-de-son-silence#primaryimage","url":"https:\/\/static.africa-press.net\/togo\/sites\/58\/2023\/02\/postQueueImg_1675760643.45.jpg","contentUrl":"https:\/\/static.africa-press.net\/togo\/sites\/58\/2023\/02\/postQueueImg_1675760643.45.jpg","width":1280,"height":800,"caption":"Togo-Agb\u00e9yom\u00e9 Kodjo sort de son silence"},{"@type":"BreadcrumbList","@id":"https:\/\/www.africa-press.net\/togo\/politique\/togo-agbeyome-kodjo-sort-de-son-silence#breadcrumb","itemListElement":[{"@type":"ListItem","position":1,"name":"Accueil","item":"https:\/\/www.africa-press.net\/togo\/"},{"@type":"ListItem","position":2,"name":"Togo-Agb\u00e9yom\u00e9 Kodjo sort de son silence"}]},{"@type":"WebSite","@id":"https:\/\/www.africa-press.net\/togo\/#website","url":"https:\/\/www.africa-press.net\/togo\/","name":"Togo","description":"Just another Africa News Agency Sites site","potentialAction":[{"@type":"SearchAction","target":{"@type":"EntryPoint","urlTemplate":"https:\/\/www.africa-press.net\/togo\/?s={search_term_string}"},"query-input":{"@type":"PropertyValueSpecification","valueRequired":true,"valueName":"search_term_string"}}],"inLanguage":"fr-FR"},{"@type":"Person","@id":"https:\/\/www.africa-press.net\/togo\/#\/schema\/person\/2b1cf3cd81a31e3cd26889ca66d677f1","name":"cfeditorfr"}]}},"_links":{"self":[{"href":"https:\/\/www.africa-press.net\/togo\/wp-json\/wp\/v2\/posts\/16905","targetHints":{"allow":["GET"]}}],"collection":[{"href":"https:\/\/www.africa-press.net\/togo\/wp-json\/wp\/v2\/posts"}],"about":[{"href":"https:\/\/www.africa-press.net\/togo\/wp-json\/wp\/v2\/types\/post"}],"author":[{"embeddable":true,"href":"https:\/\/www.africa-press.net\/togo\/wp-json\/wp\/v2\/users\/82"}],"replies":[{"embeddable":true,"href":"https:\/\/www.africa-press.net\/togo\/wp-json\/wp\/v2\/comments?post=16905"}],"version-history":[{"count":0,"href":"https:\/\/www.africa-press.net\/togo\/wp-json\/wp\/v2\/posts\/16905\/revisions"}],"wp:featuredmedia":[{"embeddable":true,"href":"https:\/\/www.africa-press.net\/togo\/wp-json\/wp\/v2\/media\/16904"}],"wp:attachment":[{"href":"https:\/\/www.africa-press.net\/togo\/wp-json\/wp\/v2\/media?parent=16905"}],"wp:term":[{"taxonomy":"category","embeddable":true,"href":"https:\/\/www.africa-press.net\/togo\/wp-json\/wp\/v2\/categories?post=16905"},{"taxonomy":"post_tag","embeddable":true,"href":"https:\/\/www.africa-press.net\/togo\/wp-json\/wp\/v2\/tags?post=16905"}],"curies":[{"name":"wp","href":"https:\/\/api.w.org\/{rel}","templated":true}]}}