{"id":16923,"date":"2023-02-07T19:49:22","date_gmt":"2023-02-07T19:49:22","guid":{"rendered":"https:\/\/www.africa-press.net\/togo\/politique\/dernieres-minutes-le-togo-suspendu-de-litie"},"modified":"2023-02-07T21:40:15","modified_gmt":"2023-02-07T21:40:15","slug":"dernieres-minutes-le-togo-suspendu-de-litie","status":"publish","type":"post","link":"https:\/\/www.africa-press.net\/togo\/politique\/dernieres-minutes-le-togo-suspendu-de-litie","title":{"rendered":"Derni\u00e8res minutes : Le Togo suspendu de l\u2019ITIE"},"content":{"rendered":"<p><span style=\"color: #ff6600\"><strong>Africa-Press &#8211; Togo. <\/strong><\/span>Depuis le 1er janvier, le Togo ne fait plus partie de l\u2019Initiative pour la transparence dans les industries extractives (ITIE).<\/p>\n<p>Le pays de Faure Gnassingbe\u0301 est purement et simplement suspendu de l\u2019Initiative pour la transparence dans les Industries Extractives (ITIE). Ce, en raison de la non publication des rapports de l\u2019exercice fiscal de 2020.<\/p>\n<p>\u00ab Le Togo ne peut pas pre\u0301tendre a\u0300 une prorogation de l\u2019e\u0301che\u0301ance de rapportage pour l\u2019exercice fiscal du 1er janvier 2020 au 31 de\u0301cembre 2020. L\u2019e\u0301che\u0301ance de publication du rapport en suspens demeure le 31 de\u0301cembre 2022. Conforme\u0301ment a\u0300 l\u2019Article 7, Section 4 de la Norme ITIE, le Togo est temporairement suspendu. La suspension sera automatiquement leve\u0301e si le rapport est publie\u0301 dans les 6 mois suivant la date limite de rapportage \u00bb, a informe\u0301 le conseil de l\u2019Administration de l\u2019ITIE dans une de\u0301cision rendue publique le 1er fe\u0301vrier 2023.<\/p>\n<p>L\u2019ITIE est une organisation internationale a\u0300 but non lucratif et de droit norve\u0301gien, dont le but est de promouvoir les bonnes pratiques de la transparence et de la redevabilite\u0301 dans la gouvernance du secteur extractif, notamment les secteurs pe\u0301trolier, gazier et minier. Le Togo en est membre depuis 2013. Le pays s\u2019est de\u0300s lors engager a\u0300 divulguer des informations sur l\u2019ensemble de la chai\u0302ne de valeur de l\u2019industrie extractive \u2013 allant des conditions d\u2019octroi des droits d\u2019extraction, a\u0300 la manie\u0300re dont les revenus parviennent au gouvernement et profitent a\u0300 la population.<\/p>\n<p><strong>Pour plus d&rsquo;informations et d&rsquo;analyses sur la <a href=\"https:\/\/www.africa-press.net\/togo\">Togo<\/a>, suivez <a href=\"https:\/\/www.africa-press.net\/\">Africa-Press<\/a><\/strong><\/p>\n","protected":false},"excerpt":{"rendered":"<p>Africa-Press &#8211; Togo. Depuis le 1er janvier, le Togo ne fait plus partie de l\u2019Initiative pour la transparence dans les industries extractives (ITIE). Le pays de Faure Gnassingbe\u0301 est purement et simplement suspendu de l\u2019Initiative pour la transparence dans les Industries Extractives (ITIE). Ce, en raison de la non publication des rapports de l\u2019exercice fiscal [&hellip;]<\/p>\n","protected":false},"author":82,"featured_media":16922,"comment_status":"open","ping_status":"closed","sticky":false,"template":"","format":"standard","meta":{"footnotes":""},"categories":[2,10],"tags":[36,49,50],"class_list":["post-16923","post","type-post","status-publish","format-standard","has-post-thumbnail","hentry","category-politique","category-toutes-les-actualites","tag-africa-press","tag-africa-press-togo","tag-togo"],"yoast_head":"<!-- This site is optimized with the Yoast SEO Premium plugin v26.1 (Yoast SEO v27.0) - https:\/\/yoast.com\/product\/yoast-seo-premium-wordpress\/ -->\n<title>Derni\u00e8res minutes : Le Togo suspendu de l\u2019ITIE - Togo<\/title>\n<meta name=\"description\" content=\"Depuis le 1er janvier, le Togo ne fait plus partie de l\u2019Initiative pour la transparence dans les industries extractives ...\" \/>\n<meta name=\"robots\" content=\"index, follow, max-snippet:-1, max-image-preview:large, max-video-preview:-1\" \/>\n<link rel=\"canonical\" href=\"https:\/\/www.africa-press.net\/togo\/politique\/dernieres-minutes-le-togo-suspendu-de-litie\" \/>\n<meta property=\"og:locale\" content=\"fr_FR\" \/>\n<meta property=\"og:type\" content=\"article\" \/>\n<meta property=\"og:title\" content=\"Derni\u00e8res minutes : Le Togo suspendu de l\u2019ITIE\" \/>\n<meta property=\"og:description\" content=\"Depuis le 1er janvier, le Togo ne fait plus partie de l\u2019Initiative pour la transparence dans les industries extractives ...\" \/>\n<meta property=\"og:url\" content=\"https:\/\/www.africa-press.net\/togo\/politique\/dernieres-minutes-le-togo-suspendu-de-litie\" \/>\n<meta property=\"og:site_name\" content=\"Togo\" \/>\n<meta property=\"article:published_time\" content=\"2023-02-07T19:49:22+00:00\" \/>\n<meta property=\"article:modified_time\" content=\"2023-02-07T21:40:15+00:00\" \/>\n<meta property=\"og:image\" content=\"https:\/\/static.africa-press.net\/togo\/sites\/58\/2023\/02\/postQueueImg_1675786764.36.jpg\" \/>\n\t<meta property=\"og:image:width\" content=\"720\" \/>\n\t<meta property=\"og:image:height\" content=\"480\" \/>\n\t<meta property=\"og:image:type\" content=\"image\/jpeg\" \/>\n<meta name=\"author\" content=\"cfeditorfr\" \/>\n<meta name=\"twitter:card\" content=\"summary_large_image\" \/>\n<meta name=\"twitter:label1\" content=\"\u00c9crit par\" \/>\n\t<meta name=\"twitter:data1\" content=\"cfeditorfr\" \/>\n\t<meta name=\"twitter:label2\" content=\"Dur\u00e9e de lecture estim\u00e9e\" \/>\n\t<meta name=\"twitter:data2\" content=\"1 minute\" \/>\n<script type=\"application\/ld+json\" class=\"yoast-schema-graph\">{\"@context\":\"https:\/\/schema.org\",\"@graph\":[{\"@type\":\"Article\",\"@id\":\"https:\/\/www.africa-press.net\/togo\/politique\/dernieres-minutes-le-togo-suspendu-de-litie#article\",\"isPartOf\":{\"@id\":\"https:\/\/www.africa-press.net\/togo\/politique\/dernieres-minutes-le-togo-suspendu-de-litie\"},\"author\":{\"name\":\"cfeditorfr\",\"@id\":\"https:\/\/www.africa-press.net\/togo\/#\/schema\/person\/2b1cf3cd81a31e3cd26889ca66d677f1\"},\"headline\":\"Derni\u00e8res minutes : Le Togo suspendu de l\u2019ITIE\",\"datePublished\":\"2023-02-07T19:49:22+00:00\",\"dateModified\":\"2023-02-07T21:40:15+00:00\",\"mainEntityOfPage\":{\"@id\":\"https:\/\/www.africa-press.net\/togo\/politique\/dernieres-minutes-le-togo-suspendu-de-litie\"},\"wordCount\":276,\"commentCount\":0,\"image\":{\"@id\":\"https:\/\/www.africa-press.net\/togo\/politique\/dernieres-minutes-le-togo-suspendu-de-litie#primaryimage\"},\"thumbnailUrl\":\"https:\/\/static.africa-press.net\/togo\/sites\/58\/2023\/02\/postQueueImg_1675786764.36.jpg\",\"keywords\":[\"Africa Press\",\"Africa Press-Togo\",\"Togo\"],\"articleSection\":[\"Politique\",\"Toutes les actualit\u00e9s\"],\"inLanguage\":\"fr-FR\",\"potentialAction\":[{\"@type\":\"CommentAction\",\"name\":\"Comment\",\"target\":[\"https:\/\/www.africa-press.net\/togo\/politique\/dernieres-minutes-le-togo-suspendu-de-litie#respond\"]}]},{\"@type\":\"WebPage\",\"@id\":\"https:\/\/www.africa-press.net\/togo\/politique\/dernieres-minutes-le-togo-suspendu-de-litie\",\"url\":\"https:\/\/www.africa-press.net\/togo\/politique\/dernieres-minutes-le-togo-suspendu-de-litie\",\"name\":\"Derni\u00e8res minutes : Le Togo suspendu de l\u2019ITIE - Togo\",\"isPartOf\":{\"@id\":\"https:\/\/www.africa-press.net\/togo\/#website\"},\"primaryImageOfPage\":{\"@id\":\"https:\/\/www.africa-press.net\/togo\/politique\/dernieres-minutes-le-togo-suspendu-de-litie#primaryimage\"},\"image\":{\"@id\":\"https:\/\/www.africa-press.net\/togo\/politique\/dernieres-minutes-le-togo-suspendu-de-litie#primaryimage\"},\"thumbnailUrl\":\"https:\/\/static.africa-press.net\/togo\/sites\/58\/2023\/02\/postQueueImg_1675786764.36.jpg\",\"datePublished\":\"2023-02-07T19:49:22+00:00\",\"dateModified\":\"2023-02-07T21:40:15+00:00\",\"author\":{\"@id\":\"https:\/\/www.africa-press.net\/togo\/#\/schema\/person\/2b1cf3cd81a31e3cd26889ca66d677f1\"},\"description\":\"Depuis le 1er janvier, le Togo ne fait plus partie de l\u2019Initiative pour la transparence dans les industries extractives ...\",\"breadcrumb\":{\"@id\":\"https:\/\/www.africa-press.net\/togo\/politique\/dernieres-minutes-le-togo-suspendu-de-litie#breadcrumb\"},\"inLanguage\":\"fr-FR\",\"potentialAction\":[{\"@type\":\"ReadAction\",\"target\":[\"https:\/\/www.africa-press.net\/togo\/politique\/dernieres-minutes-le-togo-suspendu-de-litie\"]}]},{\"@type\":\"ImageObject\",\"inLanguage\":\"fr-FR\",\"@id\":\"https:\/\/www.africa-press.net\/togo\/politique\/dernieres-minutes-le-togo-suspendu-de-litie#primaryimage\",\"url\":\"https:\/\/static.africa-press.net\/togo\/sites\/58\/2023\/02\/postQueueImg_1675786764.36.jpg\",\"contentUrl\":\"https:\/\/static.africa-press.net\/togo\/sites\/58\/2023\/02\/postQueueImg_1675786764.36.jpg\",\"width\":720,\"height\":480,\"caption\":\"Derni\u00e8res minutes : Le Togo suspendu de l\u2019ITIE\"},{\"@type\":\"BreadcrumbList\",\"@id\":\"https:\/\/www.africa-press.net\/togo\/politique\/dernieres-minutes-le-togo-suspendu-de-litie#breadcrumb\",\"itemListElement\":[{\"@type\":\"ListItem\",\"position\":1,\"name\":\"Accueil\",\"item\":\"https:\/\/www.africa-press.net\/togo\/\"},{\"@type\":\"ListItem\",\"position\":2,\"name\":\"Derni\u00e8res minutes : Le Togo suspendu de l\u2019ITIE\"}]},{\"@type\":\"WebSite\",\"@id\":\"https:\/\/www.africa-press.net\/togo\/#website\",\"url\":\"https:\/\/www.africa-press.net\/togo\/\",\"name\":\"Togo\",\"description\":\"Just another Africa News Agency Sites site\",\"potentialAction\":[{\"@type\":\"SearchAction\",\"target\":{\"@type\":\"EntryPoint\",\"urlTemplate\":\"https:\/\/www.africa-press.net\/togo\/?s={search_term_string}\"},\"query-input\":{\"@type\":\"PropertyValueSpecification\",\"valueRequired\":true,\"valueName\":\"search_term_string\"}}],\"inLanguage\":\"fr-FR\"},{\"@type\":\"Person\",\"@id\":\"https:\/\/www.africa-press.net\/togo\/#\/schema\/person\/2b1cf3cd81a31e3cd26889ca66d677f1\",\"name\":\"cfeditorfr\"}]}<\/script>\n<!-- \/ Yoast SEO Premium plugin. -->","yoast_head_json":{"title":"Derni\u00e8res minutes : Le Togo suspendu de l\u2019ITIE - Togo","description":"Depuis le 1er janvier, le Togo ne fait plus partie de l\u2019Initiative pour la transparence dans les industries extractives ...","robots":{"index":"index","follow":"follow","max-snippet":"max-snippet:-1","max-image-preview":"max-image-preview:large","max-video-preview":"max-video-preview:-1"},"canonical":"https:\/\/www.africa-press.net\/togo\/politique\/dernieres-minutes-le-togo-suspendu-de-litie","og_locale":"fr_FR","og_type":"article","og_title":"Derni\u00e8res minutes : Le Togo suspendu de l\u2019ITIE","og_description":"Depuis le 1er janvier, le Togo ne fait plus partie de l\u2019Initiative pour la transparence dans les industries extractives ...","og_url":"https:\/\/www.africa-press.net\/togo\/politique\/dernieres-minutes-le-togo-suspendu-de-litie","og_site_name":"Togo","article_published_time":"2023-02-07T19:49:22+00:00","article_modified_time":"2023-02-07T21:40:15+00:00","og_image":[{"width":720,"height":480,"url":"https:\/\/static.africa-press.net\/togo\/sites\/58\/2023\/02\/postQueueImg_1675786764.36.jpg","type":"image\/jpeg"}],"author":"cfeditorfr","twitter_card":"summary_large_image","twitter_misc":{"\u00c9crit par":"cfeditorfr","Dur\u00e9e de lecture estim\u00e9e":"1 minute"},"schema":{"@context":"https:\/\/schema.org","@graph":[{"@type":"Article","@id":"https:\/\/www.africa-press.net\/togo\/politique\/dernieres-minutes-le-togo-suspendu-de-litie#article","isPartOf":{"@id":"https:\/\/www.africa-press.net\/togo\/politique\/dernieres-minutes-le-togo-suspendu-de-litie"},"author":{"name":"cfeditorfr","@id":"https:\/\/www.africa-press.net\/togo\/#\/schema\/person\/2b1cf3cd81a31e3cd26889ca66d677f1"},"headline":"Derni\u00e8res minutes : Le Togo suspendu de l\u2019ITIE","datePublished":"2023-02-07T19:49:22+00:00","dateModified":"2023-02-07T21:40:15+00:00","mainEntityOfPage":{"@id":"https:\/\/www.africa-press.net\/togo\/politique\/dernieres-minutes-le-togo-suspendu-de-litie"},"wordCount":276,"commentCount":0,"image":{"@id":"https:\/\/www.africa-press.net\/togo\/politique\/dernieres-minutes-le-togo-suspendu-de-litie#primaryimage"},"thumbnailUrl":"https:\/\/static.africa-press.net\/togo\/sites\/58\/2023\/02\/postQueueImg_1675786764.36.jpg","keywords":["Africa Press","Africa Press-Togo","Togo"],"articleSection":["Politique","Toutes les actualit\u00e9s"],"inLanguage":"fr-FR","potentialAction":[{"@type":"CommentAction","name":"Comment","target":["https:\/\/www.africa-press.net\/togo\/politique\/dernieres-minutes-le-togo-suspendu-de-litie#respond"]}]},{"@type":"WebPage","@id":"https:\/\/www.africa-press.net\/togo\/politique\/dernieres-minutes-le-togo-suspendu-de-litie","url":"https:\/\/www.africa-press.net\/togo\/politique\/dernieres-minutes-le-togo-suspendu-de-litie","name":"Derni\u00e8res minutes : Le Togo suspendu de l\u2019ITIE - Togo","isPartOf":{"@id":"https:\/\/www.africa-press.net\/togo\/#website"},"primaryImageOfPage":{"@id":"https:\/\/www.africa-press.net\/togo\/politique\/dernieres-minutes-le-togo-suspendu-de-litie#primaryimage"},"image":{"@id":"https:\/\/www.africa-press.net\/togo\/politique\/dernieres-minutes-le-togo-suspendu-de-litie#primaryimage"},"thumbnailUrl":"https:\/\/static.africa-press.net\/togo\/sites\/58\/2023\/02\/postQueueImg_1675786764.36.jpg","datePublished":"2023-02-07T19:49:22+00:00","dateModified":"2023-02-07T21:40:15+00:00","author":{"@id":"https:\/\/www.africa-press.net\/togo\/#\/schema\/person\/2b1cf3cd81a31e3cd26889ca66d677f1"},"description":"Depuis le 1er janvier, le Togo ne fait plus partie de l\u2019Initiative pour la transparence dans les industries extractives ...","breadcrumb":{"@id":"https:\/\/www.africa-press.net\/togo\/politique\/dernieres-minutes-le-togo-suspendu-de-litie#breadcrumb"},"inLanguage":"fr-FR","potentialAction":[{"@type":"ReadAction","target":["https:\/\/www.africa-press.net\/togo\/politique\/dernieres-minutes-le-togo-suspendu-de-litie"]}]},{"@type":"ImageObject","inLanguage":"fr-FR","@id":"https:\/\/www.africa-press.net\/togo\/politique\/dernieres-minutes-le-togo-suspendu-de-litie#primaryimage","url":"https:\/\/static.africa-press.net\/togo\/sites\/58\/2023\/02\/postQueueImg_1675786764.36.jpg","contentUrl":"https:\/\/static.africa-press.net\/togo\/sites\/58\/2023\/02\/postQueueImg_1675786764.36.jpg","width":720,"height":480,"caption":"Derni\u00e8res minutes : Le Togo suspendu de l\u2019ITIE"},{"@type":"BreadcrumbList","@id":"https:\/\/www.africa-press.net\/togo\/politique\/dernieres-minutes-le-togo-suspendu-de-litie#breadcrumb","itemListElement":[{"@type":"ListItem","position":1,"name":"Accueil","item":"https:\/\/www.africa-press.net\/togo\/"},{"@type":"ListItem","position":2,"name":"Derni\u00e8res minutes : Le Togo suspendu de l\u2019ITIE"}]},{"@type":"WebSite","@id":"https:\/\/www.africa-press.net\/togo\/#website","url":"https:\/\/www.africa-press.net\/togo\/","name":"Togo","description":"Just another Africa News Agency Sites site","potentialAction":[{"@type":"SearchAction","target":{"@type":"EntryPoint","urlTemplate":"https:\/\/www.africa-press.net\/togo\/?s={search_term_string}"},"query-input":{"@type":"PropertyValueSpecification","valueRequired":true,"valueName":"search_term_string"}}],"inLanguage":"fr-FR"},{"@type":"Person","@id":"https:\/\/www.africa-press.net\/togo\/#\/schema\/person\/2b1cf3cd81a31e3cd26889ca66d677f1","name":"cfeditorfr"}]}},"_links":{"self":[{"href":"https:\/\/www.africa-press.net\/togo\/wp-json\/wp\/v2\/posts\/16923","targetHints":{"allow":["GET"]}}],"collection":[{"href":"https:\/\/www.africa-press.net\/togo\/wp-json\/wp\/v2\/posts"}],"about":[{"href":"https:\/\/www.africa-press.net\/togo\/wp-json\/wp\/v2\/types\/post"}],"author":[{"embeddable":true,"href":"https:\/\/www.africa-press.net\/togo\/wp-json\/wp\/v2\/users\/82"}],"replies":[{"embeddable":true,"href":"https:\/\/www.africa-press.net\/togo\/wp-json\/wp\/v2\/comments?post=16923"}],"version-history":[{"count":0,"href":"https:\/\/www.africa-press.net\/togo\/wp-json\/wp\/v2\/posts\/16923\/revisions"}],"wp:featuredmedia":[{"embeddable":true,"href":"https:\/\/www.africa-press.net\/togo\/wp-json\/wp\/v2\/media\/16922"}],"wp:attachment":[{"href":"https:\/\/www.africa-press.net\/togo\/wp-json\/wp\/v2\/media?parent=16923"}],"wp:term":[{"taxonomy":"category","embeddable":true,"href":"https:\/\/www.africa-press.net\/togo\/wp-json\/wp\/v2\/categories?post=16923"},{"taxonomy":"post_tag","embeddable":true,"href":"https:\/\/www.africa-press.net\/togo\/wp-json\/wp\/v2\/tags?post=16923"}],"curies":[{"name":"wp","href":"https:\/\/api.w.org\/{rel}","templated":true}]}}