{"id":16931,"date":"2023-02-08T22:52:41","date_gmt":"2023-02-08T22:52:41","guid":{"rendered":"https:\/\/www.africa-press.net\/togo\/politique\/turquie-syrie-le-togo-soutient-les-victimes-du-seisme"},"modified":"2023-02-08T23:34:16","modified_gmt":"2023-02-08T23:34:16","slug":"turquie-syrie-le-togo-soutient-les-victimes-du-seisme","status":"publish","type":"post","link":"https:\/\/www.africa-press.net\/togo\/politique\/turquie-syrie-le-togo-soutient-les-victimes-du-seisme","title":{"rendered":"Turquie\/Syrie-Le Togo soutient les victimes du s\u00e9isme"},"content":{"rendered":"<p><span style=\"color: #ff6600\"><strong>Africa-Press &#8211; Togo. <\/strong><\/span><b>Le se\u0301isme qui fait plusieurs morts en Turquie et en Syrie semble avoir particulie\u0300rement touche\u0301 Faure Gnassingbe\u0301, le chef de l\u2019Etat togolais, qui travaille sur une mobilisation des moyens pour venir en aide aux victimes.<\/b><\/p>\n<p>Le bilan du se\u0301isme intervenu dans la nuit de lundi 6 a\u0300 mardi 7 fe\u0301vrier 2023, a\u0300 l\u2019e\u0301tape encore provisoire, fait e\u0301tat de 6957 morts. En Syrie le chiffre est de 2 547.<\/p>\n<p>Faure Gnassingbe\u0301 travaille pour une mobilisation internationale au profit des victimes, sa manie\u0300re de compatir aux douleurs des familles e\u0301plore\u0301es. \u00ab La terrible trage\u0301die qui frappe la Turquie et la Syrie endeuille le Togo. Le peuple togolais partage la douleur de ses fre\u0300res turcs et syriens. Nous appelons a\u0300 une mobilisation internationale pour faire face aux effets de\u0301vastateurs de cette horrible catastrophe \u00bb, poste le chef de l\u2019Etat togolais sur son compte Twitter.<\/p>\n<p>Ce dernier ajoute : \u00ab Le Togo apportera un soutien permanent a\u0300 ses deux pays fre\u0300res, et affirme toute sa confiance dans leurs capacite\u0301s a\u0300 faire face et a\u0300 se relever \u00bb, tout pre\u0301sentant ses condole\u0301ances a\u0300 ses homologues Recep Tayyip Erdog\u0306an et Bachar al-Assad de me\u0302me qu\u2019aux familles des victimes.<\/p>\n<p><strong>Pour plus d&rsquo;informations et d&rsquo;analyses sur la <a href=\"https:\/\/www.africa-press.net\/togo\">Togo<\/a>, suivez <a href=\"https:\/\/www.africa-press.net\/\">Africa-Press<\/a><\/strong><\/p>\n","protected":false},"excerpt":{"rendered":"<p>Africa-Press &#8211; Togo. Le se\u0301isme qui fait plusieurs morts en Turquie et en Syrie semble avoir particulie\u0300rement touche\u0301 Faure Gnassingbe\u0301, le chef de l\u2019Etat togolais, qui travaille sur une mobilisation des moyens pour venir en aide aux victimes. Le bilan du se\u0301isme intervenu dans la nuit de lundi 6 a\u0300 mardi 7 fe\u0301vrier 2023, a\u0300 [&hellip;]<\/p>\n","protected":false},"author":82,"featured_media":16930,"comment_status":"open","ping_status":"closed","sticky":false,"template":"","format":"standard","meta":{"footnotes":""},"categories":[2,10],"tags":[36,49,50],"class_list":["post-16931","post","type-post","status-publish","format-standard","has-post-thumbnail","hentry","category-politique","category-toutes-les-actualites","tag-africa-press","tag-africa-press-togo","tag-togo"],"yoast_head":"<!-- This site is optimized with the Yoast SEO Premium plugin v26.1 (Yoast SEO v27.0) - https:\/\/yoast.com\/product\/yoast-seo-premium-wordpress\/ -->\n<title>Turquie\/Syrie-Le Togo soutient les victimes du s\u00e9isme - Togo<\/title>\n<meta name=\"description\" content=\"Le se\u0301isme qui fait plusieurs morts en Turquie et en Syrie semble avoir particulie\u0300rement touche\u0301 Faure Gnassingbe\u0301, ...\" \/>\n<meta name=\"robots\" content=\"index, follow, max-snippet:-1, max-image-preview:large, max-video-preview:-1\" \/>\n<link rel=\"canonical\" href=\"https:\/\/www.africa-press.net\/togo\/politique\/turquie-syrie-le-togo-soutient-les-victimes-du-seisme\" \/>\n<meta property=\"og:locale\" content=\"fr_FR\" \/>\n<meta property=\"og:type\" content=\"article\" \/>\n<meta property=\"og:title\" content=\"Turquie\/Syrie-Le Togo soutient les victimes du s\u00e9isme\" \/>\n<meta property=\"og:description\" content=\"Le se\u0301isme qui fait plusieurs morts en Turquie et en Syrie semble avoir particulie\u0300rement touche\u0301 Faure Gnassingbe\u0301, ...\" \/>\n<meta property=\"og:url\" content=\"https:\/\/www.africa-press.net\/togo\/politique\/turquie-syrie-le-togo-soutient-les-victimes-du-seisme\" \/>\n<meta property=\"og:site_name\" content=\"Togo\" \/>\n<meta property=\"article:published_time\" content=\"2023-02-08T22:52:41+00:00\" \/>\n<meta property=\"article:modified_time\" content=\"2023-02-08T23:34:16+00:00\" \/>\n<meta property=\"og:image\" content=\"https:\/\/static.africa-press.net\/togo\/sites\/58\/2023\/02\/postQueueImg_1675884164.68.jpg\" \/>\n\t<meta property=\"og:image:width\" content=\"1200\" \/>\n\t<meta property=\"og:image:height\" content=\"800\" \/>\n\t<meta property=\"og:image:type\" content=\"image\/jpeg\" \/>\n<meta name=\"author\" content=\"cfeditorfr\" \/>\n<meta name=\"twitter:card\" content=\"summary_large_image\" \/>\n<meta name=\"twitter:label1\" content=\"\u00c9crit par\" \/>\n\t<meta name=\"twitter:data1\" content=\"cfeditorfr\" \/>\n\t<meta name=\"twitter:label2\" content=\"Dur\u00e9e de lecture estim\u00e9e\" \/>\n\t<meta name=\"twitter:data2\" content=\"1 minute\" \/>\n<script type=\"application\/ld+json\" class=\"yoast-schema-graph\">{\"@context\":\"https:\/\/schema.org\",\"@graph\":[{\"@type\":\"Article\",\"@id\":\"https:\/\/www.africa-press.net\/togo\/politique\/turquie-syrie-le-togo-soutient-les-victimes-du-seisme#article\",\"isPartOf\":{\"@id\":\"https:\/\/www.africa-press.net\/togo\/politique\/turquie-syrie-le-togo-soutient-les-victimes-du-seisme\"},\"author\":{\"name\":\"cfeditorfr\",\"@id\":\"https:\/\/www.africa-press.net\/togo\/#\/schema\/person\/2b1cf3cd81a31e3cd26889ca66d677f1\"},\"headline\":\"Turquie\/Syrie-Le Togo soutient les victimes du s\u00e9isme\",\"datePublished\":\"2023-02-08T22:52:41+00:00\",\"dateModified\":\"2023-02-08T23:34:16+00:00\",\"mainEntityOfPage\":{\"@id\":\"https:\/\/www.africa-press.net\/togo\/politique\/turquie-syrie-le-togo-soutient-les-victimes-du-seisme\"},\"wordCount\":227,\"commentCount\":0,\"image\":{\"@id\":\"https:\/\/www.africa-press.net\/togo\/politique\/turquie-syrie-le-togo-soutient-les-victimes-du-seisme#primaryimage\"},\"thumbnailUrl\":\"https:\/\/static.africa-press.net\/togo\/sites\/58\/2023\/02\/postQueueImg_1675884164.68.jpg\",\"keywords\":[\"Africa Press\",\"Africa Press-Togo\",\"Togo\"],\"articleSection\":[\"Politique\",\"Toutes les actualit\u00e9s\"],\"inLanguage\":\"fr-FR\",\"potentialAction\":[{\"@type\":\"CommentAction\",\"name\":\"Comment\",\"target\":[\"https:\/\/www.africa-press.net\/togo\/politique\/turquie-syrie-le-togo-soutient-les-victimes-du-seisme#respond\"]}]},{\"@type\":\"WebPage\",\"@id\":\"https:\/\/www.africa-press.net\/togo\/politique\/turquie-syrie-le-togo-soutient-les-victimes-du-seisme\",\"url\":\"https:\/\/www.africa-press.net\/togo\/politique\/turquie-syrie-le-togo-soutient-les-victimes-du-seisme\",\"name\":\"Turquie\/Syrie-Le Togo soutient les victimes du s\u00e9isme - Togo\",\"isPartOf\":{\"@id\":\"https:\/\/www.africa-press.net\/togo\/#website\"},\"primaryImageOfPage\":{\"@id\":\"https:\/\/www.africa-press.net\/togo\/politique\/turquie-syrie-le-togo-soutient-les-victimes-du-seisme#primaryimage\"},\"image\":{\"@id\":\"https:\/\/www.africa-press.net\/togo\/politique\/turquie-syrie-le-togo-soutient-les-victimes-du-seisme#primaryimage\"},\"thumbnailUrl\":\"https:\/\/static.africa-press.net\/togo\/sites\/58\/2023\/02\/postQueueImg_1675884164.68.jpg\",\"datePublished\":\"2023-02-08T22:52:41+00:00\",\"dateModified\":\"2023-02-08T23:34:16+00:00\",\"author\":{\"@id\":\"https:\/\/www.africa-press.net\/togo\/#\/schema\/person\/2b1cf3cd81a31e3cd26889ca66d677f1\"},\"description\":\"Le se\u0301isme qui fait plusieurs morts en Turquie et en Syrie semble avoir particulie\u0300rement touche\u0301 Faure Gnassingbe\u0301, ...\",\"breadcrumb\":{\"@id\":\"https:\/\/www.africa-press.net\/togo\/politique\/turquie-syrie-le-togo-soutient-les-victimes-du-seisme#breadcrumb\"},\"inLanguage\":\"fr-FR\",\"potentialAction\":[{\"@type\":\"ReadAction\",\"target\":[\"https:\/\/www.africa-press.net\/togo\/politique\/turquie-syrie-le-togo-soutient-les-victimes-du-seisme\"]}]},{\"@type\":\"ImageObject\",\"inLanguage\":\"fr-FR\",\"@id\":\"https:\/\/www.africa-press.net\/togo\/politique\/turquie-syrie-le-togo-soutient-les-victimes-du-seisme#primaryimage\",\"url\":\"https:\/\/static.africa-press.net\/togo\/sites\/58\/2023\/02\/postQueueImg_1675884164.68.jpg\",\"contentUrl\":\"https:\/\/static.africa-press.net\/togo\/sites\/58\/2023\/02\/postQueueImg_1675884164.68.jpg\",\"width\":1200,\"height\":800,\"caption\":\"Turquie\/Syrie-Le Togo soutient les victimes du s\u00e9isme\"},{\"@type\":\"BreadcrumbList\",\"@id\":\"https:\/\/www.africa-press.net\/togo\/politique\/turquie-syrie-le-togo-soutient-les-victimes-du-seisme#breadcrumb\",\"itemListElement\":[{\"@type\":\"ListItem\",\"position\":1,\"name\":\"Accueil\",\"item\":\"https:\/\/www.africa-press.net\/togo\/\"},{\"@type\":\"ListItem\",\"position\":2,\"name\":\"Turquie\/Syrie-Le Togo soutient les victimes du s\u00e9isme\"}]},{\"@type\":\"WebSite\",\"@id\":\"https:\/\/www.africa-press.net\/togo\/#website\",\"url\":\"https:\/\/www.africa-press.net\/togo\/\",\"name\":\"Togo\",\"description\":\"Just another Africa News Agency Sites site\",\"potentialAction\":[{\"@type\":\"SearchAction\",\"target\":{\"@type\":\"EntryPoint\",\"urlTemplate\":\"https:\/\/www.africa-press.net\/togo\/?s={search_term_string}\"},\"query-input\":{\"@type\":\"PropertyValueSpecification\",\"valueRequired\":true,\"valueName\":\"search_term_string\"}}],\"inLanguage\":\"fr-FR\"},{\"@type\":\"Person\",\"@id\":\"https:\/\/www.africa-press.net\/togo\/#\/schema\/person\/2b1cf3cd81a31e3cd26889ca66d677f1\",\"name\":\"cfeditorfr\"}]}<\/script>\n<!-- \/ Yoast SEO Premium plugin. -->","yoast_head_json":{"title":"Turquie\/Syrie-Le Togo soutient les victimes du s\u00e9isme - Togo","description":"Le se\u0301isme qui fait plusieurs morts en Turquie et en Syrie semble avoir particulie\u0300rement touche\u0301 Faure Gnassingbe\u0301, ...","robots":{"index":"index","follow":"follow","max-snippet":"max-snippet:-1","max-image-preview":"max-image-preview:large","max-video-preview":"max-video-preview:-1"},"canonical":"https:\/\/www.africa-press.net\/togo\/politique\/turquie-syrie-le-togo-soutient-les-victimes-du-seisme","og_locale":"fr_FR","og_type":"article","og_title":"Turquie\/Syrie-Le Togo soutient les victimes du s\u00e9isme","og_description":"Le se\u0301isme qui fait plusieurs morts en Turquie et en Syrie semble avoir particulie\u0300rement touche\u0301 Faure Gnassingbe\u0301, ...","og_url":"https:\/\/www.africa-press.net\/togo\/politique\/turquie-syrie-le-togo-soutient-les-victimes-du-seisme","og_site_name":"Togo","article_published_time":"2023-02-08T22:52:41+00:00","article_modified_time":"2023-02-08T23:34:16+00:00","og_image":[{"width":1200,"height":800,"url":"https:\/\/static.africa-press.net\/togo\/sites\/58\/2023\/02\/postQueueImg_1675884164.68.jpg","type":"image\/jpeg"}],"author":"cfeditorfr","twitter_card":"summary_large_image","twitter_misc":{"\u00c9crit par":"cfeditorfr","Dur\u00e9e de lecture estim\u00e9e":"1 minute"},"schema":{"@context":"https:\/\/schema.org","@graph":[{"@type":"Article","@id":"https:\/\/www.africa-press.net\/togo\/politique\/turquie-syrie-le-togo-soutient-les-victimes-du-seisme#article","isPartOf":{"@id":"https:\/\/www.africa-press.net\/togo\/politique\/turquie-syrie-le-togo-soutient-les-victimes-du-seisme"},"author":{"name":"cfeditorfr","@id":"https:\/\/www.africa-press.net\/togo\/#\/schema\/person\/2b1cf3cd81a31e3cd26889ca66d677f1"},"headline":"Turquie\/Syrie-Le Togo soutient les victimes du s\u00e9isme","datePublished":"2023-02-08T22:52:41+00:00","dateModified":"2023-02-08T23:34:16+00:00","mainEntityOfPage":{"@id":"https:\/\/www.africa-press.net\/togo\/politique\/turquie-syrie-le-togo-soutient-les-victimes-du-seisme"},"wordCount":227,"commentCount":0,"image":{"@id":"https:\/\/www.africa-press.net\/togo\/politique\/turquie-syrie-le-togo-soutient-les-victimes-du-seisme#primaryimage"},"thumbnailUrl":"https:\/\/static.africa-press.net\/togo\/sites\/58\/2023\/02\/postQueueImg_1675884164.68.jpg","keywords":["Africa Press","Africa Press-Togo","Togo"],"articleSection":["Politique","Toutes les actualit\u00e9s"],"inLanguage":"fr-FR","potentialAction":[{"@type":"CommentAction","name":"Comment","target":["https:\/\/www.africa-press.net\/togo\/politique\/turquie-syrie-le-togo-soutient-les-victimes-du-seisme#respond"]}]},{"@type":"WebPage","@id":"https:\/\/www.africa-press.net\/togo\/politique\/turquie-syrie-le-togo-soutient-les-victimes-du-seisme","url":"https:\/\/www.africa-press.net\/togo\/politique\/turquie-syrie-le-togo-soutient-les-victimes-du-seisme","name":"Turquie\/Syrie-Le Togo soutient les victimes du s\u00e9isme - Togo","isPartOf":{"@id":"https:\/\/www.africa-press.net\/togo\/#website"},"primaryImageOfPage":{"@id":"https:\/\/www.africa-press.net\/togo\/politique\/turquie-syrie-le-togo-soutient-les-victimes-du-seisme#primaryimage"},"image":{"@id":"https:\/\/www.africa-press.net\/togo\/politique\/turquie-syrie-le-togo-soutient-les-victimes-du-seisme#primaryimage"},"thumbnailUrl":"https:\/\/static.africa-press.net\/togo\/sites\/58\/2023\/02\/postQueueImg_1675884164.68.jpg","datePublished":"2023-02-08T22:52:41+00:00","dateModified":"2023-02-08T23:34:16+00:00","author":{"@id":"https:\/\/www.africa-press.net\/togo\/#\/schema\/person\/2b1cf3cd81a31e3cd26889ca66d677f1"},"description":"Le se\u0301isme qui fait plusieurs morts en Turquie et en Syrie semble avoir particulie\u0300rement touche\u0301 Faure Gnassingbe\u0301, ...","breadcrumb":{"@id":"https:\/\/www.africa-press.net\/togo\/politique\/turquie-syrie-le-togo-soutient-les-victimes-du-seisme#breadcrumb"},"inLanguage":"fr-FR","potentialAction":[{"@type":"ReadAction","target":["https:\/\/www.africa-press.net\/togo\/politique\/turquie-syrie-le-togo-soutient-les-victimes-du-seisme"]}]},{"@type":"ImageObject","inLanguage":"fr-FR","@id":"https:\/\/www.africa-press.net\/togo\/politique\/turquie-syrie-le-togo-soutient-les-victimes-du-seisme#primaryimage","url":"https:\/\/static.africa-press.net\/togo\/sites\/58\/2023\/02\/postQueueImg_1675884164.68.jpg","contentUrl":"https:\/\/static.africa-press.net\/togo\/sites\/58\/2023\/02\/postQueueImg_1675884164.68.jpg","width":1200,"height":800,"caption":"Turquie\/Syrie-Le Togo soutient les victimes du s\u00e9isme"},{"@type":"BreadcrumbList","@id":"https:\/\/www.africa-press.net\/togo\/politique\/turquie-syrie-le-togo-soutient-les-victimes-du-seisme#breadcrumb","itemListElement":[{"@type":"ListItem","position":1,"name":"Accueil","item":"https:\/\/www.africa-press.net\/togo\/"},{"@type":"ListItem","position":2,"name":"Turquie\/Syrie-Le Togo soutient les victimes du s\u00e9isme"}]},{"@type":"WebSite","@id":"https:\/\/www.africa-press.net\/togo\/#website","url":"https:\/\/www.africa-press.net\/togo\/","name":"Togo","description":"Just another Africa News Agency Sites site","potentialAction":[{"@type":"SearchAction","target":{"@type":"EntryPoint","urlTemplate":"https:\/\/www.africa-press.net\/togo\/?s={search_term_string}"},"query-input":{"@type":"PropertyValueSpecification","valueRequired":true,"valueName":"search_term_string"}}],"inLanguage":"fr-FR"},{"@type":"Person","@id":"https:\/\/www.africa-press.net\/togo\/#\/schema\/person\/2b1cf3cd81a31e3cd26889ca66d677f1","name":"cfeditorfr"}]}},"_links":{"self":[{"href":"https:\/\/www.africa-press.net\/togo\/wp-json\/wp\/v2\/posts\/16931","targetHints":{"allow":["GET"]}}],"collection":[{"href":"https:\/\/www.africa-press.net\/togo\/wp-json\/wp\/v2\/posts"}],"about":[{"href":"https:\/\/www.africa-press.net\/togo\/wp-json\/wp\/v2\/types\/post"}],"author":[{"embeddable":true,"href":"https:\/\/www.africa-press.net\/togo\/wp-json\/wp\/v2\/users\/82"}],"replies":[{"embeddable":true,"href":"https:\/\/www.africa-press.net\/togo\/wp-json\/wp\/v2\/comments?post=16931"}],"version-history":[{"count":0,"href":"https:\/\/www.africa-press.net\/togo\/wp-json\/wp\/v2\/posts\/16931\/revisions"}],"wp:featuredmedia":[{"embeddable":true,"href":"https:\/\/www.africa-press.net\/togo\/wp-json\/wp\/v2\/media\/16930"}],"wp:attachment":[{"href":"https:\/\/www.africa-press.net\/togo\/wp-json\/wp\/v2\/media?parent=16931"}],"wp:term":[{"taxonomy":"category","embeddable":true,"href":"https:\/\/www.africa-press.net\/togo\/wp-json\/wp\/v2\/categories?post=16931"},{"taxonomy":"post_tag","embeddable":true,"href":"https:\/\/www.africa-press.net\/togo\/wp-json\/wp\/v2\/tags?post=16931"}],"curies":[{"name":"wp","href":"https:\/\/api.w.org\/{rel}","templated":true}]}}