{"id":16942,"date":"2023-02-08T22:53:18","date_gmt":"2023-02-08T22:53:18","guid":{"rendered":"https:\/\/www.africa-press.net\/togo\/politique\/togos-reaction-to-the-earthquakes-in-turkey-and-syria"},"modified":"2023-02-08T23:38:15","modified_gmt":"2023-02-08T23:38:15","slug":"togos-reaction-to-the-earthquakes-in-turkey-and-syria","status":"publish","type":"post","link":"https:\/\/www.africa-press.net\/togo\/politique\/togos-reaction-to-the-earthquakes-in-turkey-and-syria","title":{"rendered":"Togo\u2019s reaction to the earthquakes in Turkey and Syria"},"content":{"rendered":"<p><span style=\"color: #ff6600\"><strong>Africa-Press &#8211; Togo. <\/strong><\/span><b>In a message published Tuesday evening, the President of the Republic of Togo, Faure Essozimna Gnassingbe\u0301, expressed to Turkey and Syria, the compassion and solidarity of the Togolese people following the earthquakes that struck the two countries.<\/b><\/p>\n<p>Turkey and Syria have been hit since Monday, February 6, 2023 by several deadly earthquakes. The tremors, felt in several regions of the two countries, caused more than 9,500 deaths according to the latest official reports, and thousands of injured and homeless.<\/p>\n<p>Despite the fact that international aid is gradually beginning to be put in place, the Head of State of Togo also called for mobilization \u201cto deal with the devastating effects of this horrible disaster\u201d.<\/p>\n<p>\u201cTogo will provide permanent support to its two brotherly countries, and affirms its full confidence in their ability to deal with it and recover,\u201d said Faure Gnassingbe\u0301, before sending his condolences to his counterparts, Recep Tayyip Erdog\u0306an and Bashar Al-Assad, as well as to the victims.<\/p>\n<p><strong>Pour plus d&rsquo;informations et d&rsquo;analyses sur la <a href=\"https:\/\/www.africa-press.net\/togo\">Togo<\/a>, suivez <a href=\"https:\/\/www.africa-press.net\/\">Africa-Press<\/a><\/strong><\/p>\n","protected":false},"excerpt":{"rendered":"<p>Africa-Press &#8211; Togo. In a message published Tuesday evening, the President of the Republic of Togo, Faure Essozimna Gnassingbe\u0301, expressed to Turkey and Syria, the compassion and solidarity of the Togolese people following the earthquakes that struck the two countries. Turkey and Syria have been hit since Monday, February 6, 2023 by several deadly earthquakes. [&hellip;]<\/p>\n","protected":false},"author":82,"featured_media":16941,"comment_status":"open","ping_status":"closed","sticky":false,"template":"","format":"standard","meta":{"footnotes":""},"categories":[2,10],"tags":[36,49,50],"class_list":["post-16942","post","type-post","status-publish","format-standard","has-post-thumbnail","hentry","category-politique","category-toutes-les-actualites","tag-africa-press","tag-africa-press-togo","tag-togo"],"yoast_head":"<!-- This site is optimized with the Yoast SEO Premium plugin v26.1 (Yoast SEO v27.0) - https:\/\/yoast.com\/product\/yoast-seo-premium-wordpress\/ -->\n<title>Togo\u2019s reaction to the earthquakes in Turkey and Syria - Togo<\/title>\n<meta name=\"description\" content=\"In a message published Tuesday evening, the President of the Republic of Togo, Faure Essozimna Gnassingbe\u0301, expressed ...\" \/>\n<meta name=\"robots\" content=\"index, follow, max-snippet:-1, max-image-preview:large, max-video-preview:-1\" \/>\n<link rel=\"canonical\" href=\"https:\/\/www.africa-press.net\/togo\/politique\/togos-reaction-to-the-earthquakes-in-turkey-and-syria\" \/>\n<meta property=\"og:locale\" content=\"fr_FR\" \/>\n<meta property=\"og:type\" content=\"article\" \/>\n<meta property=\"og:title\" content=\"Togo\u2019s reaction to the earthquakes in Turkey and Syria\" \/>\n<meta property=\"og:description\" content=\"In a message published Tuesday evening, the President of the Republic of Togo, Faure Essozimna Gnassingbe\u0301, expressed ...\" \/>\n<meta property=\"og:url\" content=\"https:\/\/www.africa-press.net\/togo\/politique\/togos-reaction-to-the-earthquakes-in-turkey-and-syria\" \/>\n<meta property=\"og:site_name\" content=\"Togo\" \/>\n<meta property=\"article:published_time\" content=\"2023-02-08T22:53:18+00:00\" \/>\n<meta property=\"article:modified_time\" content=\"2023-02-08T23:38:15+00:00\" \/>\n<meta property=\"og:image\" content=\"https:\/\/static.africa-press.net\/togo\/sites\/58\/2023\/02\/postQueueImg_1675884203.09.jpg\" \/>\n\t<meta property=\"og:image:width\" content=\"1920\" \/>\n\t<meta property=\"og:image:height\" content=\"1080\" \/>\n\t<meta property=\"og:image:type\" content=\"image\/jpeg\" \/>\n<meta name=\"author\" content=\"cfeditorfr\" \/>\n<meta name=\"twitter:card\" content=\"summary_large_image\" \/>\n<meta name=\"twitter:label1\" content=\"\u00c9crit par\" \/>\n\t<meta name=\"twitter:data1\" content=\"cfeditorfr\" \/>\n\t<meta name=\"twitter:label2\" content=\"Dur\u00e9e de lecture estim\u00e9e\" \/>\n\t<meta name=\"twitter:data2\" content=\"1 minute\" \/>\n<script type=\"application\/ld+json\" class=\"yoast-schema-graph\">{\"@context\":\"https:\/\/schema.org\",\"@graph\":[{\"@type\":\"Article\",\"@id\":\"https:\/\/www.africa-press.net\/togo\/politique\/togos-reaction-to-the-earthquakes-in-turkey-and-syria#article\",\"isPartOf\":{\"@id\":\"https:\/\/www.africa-press.net\/togo\/politique\/togos-reaction-to-the-earthquakes-in-turkey-and-syria\"},\"author\":{\"name\":\"cfeditorfr\",\"@id\":\"https:\/\/www.africa-press.net\/togo\/#\/schema\/person\/2b1cf3cd81a31e3cd26889ca66d677f1\"},\"headline\":\"Togo\u2019s reaction to the earthquakes in Turkey and Syria\",\"datePublished\":\"2023-02-08T22:53:18+00:00\",\"dateModified\":\"2023-02-08T23:38:15+00:00\",\"mainEntityOfPage\":{\"@id\":\"https:\/\/www.africa-press.net\/togo\/politique\/togos-reaction-to-the-earthquakes-in-turkey-and-syria\"},\"wordCount\":182,\"commentCount\":0,\"image\":{\"@id\":\"https:\/\/www.africa-press.net\/togo\/politique\/togos-reaction-to-the-earthquakes-in-turkey-and-syria#primaryimage\"},\"thumbnailUrl\":\"https:\/\/static.africa-press.net\/togo\/sites\/58\/2023\/02\/postQueueImg_1675884203.09.jpg\",\"keywords\":[\"Africa Press\",\"Africa Press-Togo\",\"Togo\"],\"articleSection\":[\"Politique\",\"Toutes les actualit\u00e9s\"],\"inLanguage\":\"fr-FR\",\"potentialAction\":[{\"@type\":\"CommentAction\",\"name\":\"Comment\",\"target\":[\"https:\/\/www.africa-press.net\/togo\/politique\/togos-reaction-to-the-earthquakes-in-turkey-and-syria#respond\"]}]},{\"@type\":\"WebPage\",\"@id\":\"https:\/\/www.africa-press.net\/togo\/politique\/togos-reaction-to-the-earthquakes-in-turkey-and-syria\",\"url\":\"https:\/\/www.africa-press.net\/togo\/politique\/togos-reaction-to-the-earthquakes-in-turkey-and-syria\",\"name\":\"Togo\u2019s reaction to the earthquakes in Turkey and Syria - Togo\",\"isPartOf\":{\"@id\":\"https:\/\/www.africa-press.net\/togo\/#website\"},\"primaryImageOfPage\":{\"@id\":\"https:\/\/www.africa-press.net\/togo\/politique\/togos-reaction-to-the-earthquakes-in-turkey-and-syria#primaryimage\"},\"image\":{\"@id\":\"https:\/\/www.africa-press.net\/togo\/politique\/togos-reaction-to-the-earthquakes-in-turkey-and-syria#primaryimage\"},\"thumbnailUrl\":\"https:\/\/static.africa-press.net\/togo\/sites\/58\/2023\/02\/postQueueImg_1675884203.09.jpg\",\"datePublished\":\"2023-02-08T22:53:18+00:00\",\"dateModified\":\"2023-02-08T23:38:15+00:00\",\"author\":{\"@id\":\"https:\/\/www.africa-press.net\/togo\/#\/schema\/person\/2b1cf3cd81a31e3cd26889ca66d677f1\"},\"description\":\"In a message published Tuesday evening, the President of the Republic of Togo, Faure Essozimna Gnassingbe\u0301, expressed ...\",\"breadcrumb\":{\"@id\":\"https:\/\/www.africa-press.net\/togo\/politique\/togos-reaction-to-the-earthquakes-in-turkey-and-syria#breadcrumb\"},\"inLanguage\":\"fr-FR\",\"potentialAction\":[{\"@type\":\"ReadAction\",\"target\":[\"https:\/\/www.africa-press.net\/togo\/politique\/togos-reaction-to-the-earthquakes-in-turkey-and-syria\"]}]},{\"@type\":\"ImageObject\",\"inLanguage\":\"fr-FR\",\"@id\":\"https:\/\/www.africa-press.net\/togo\/politique\/togos-reaction-to-the-earthquakes-in-turkey-and-syria#primaryimage\",\"url\":\"https:\/\/static.africa-press.net\/togo\/sites\/58\/2023\/02\/postQueueImg_1675884203.09.jpg\",\"contentUrl\":\"https:\/\/static.africa-press.net\/togo\/sites\/58\/2023\/02\/postQueueImg_1675884203.09.jpg\",\"width\":1920,\"height\":1080,\"caption\":\"Togo\u2019s reaction to the earthquakes in Turkey and Syria\"},{\"@type\":\"BreadcrumbList\",\"@id\":\"https:\/\/www.africa-press.net\/togo\/politique\/togos-reaction-to-the-earthquakes-in-turkey-and-syria#breadcrumb\",\"itemListElement\":[{\"@type\":\"ListItem\",\"position\":1,\"name\":\"Accueil\",\"item\":\"https:\/\/www.africa-press.net\/togo\/\"},{\"@type\":\"ListItem\",\"position\":2,\"name\":\"Togo\u2019s reaction to the earthquakes in Turkey and Syria\"}]},{\"@type\":\"WebSite\",\"@id\":\"https:\/\/www.africa-press.net\/togo\/#website\",\"url\":\"https:\/\/www.africa-press.net\/togo\/\",\"name\":\"Togo\",\"description\":\"Just another Africa News Agency Sites site\",\"potentialAction\":[{\"@type\":\"SearchAction\",\"target\":{\"@type\":\"EntryPoint\",\"urlTemplate\":\"https:\/\/www.africa-press.net\/togo\/?s={search_term_string}\"},\"query-input\":{\"@type\":\"PropertyValueSpecification\",\"valueRequired\":true,\"valueName\":\"search_term_string\"}}],\"inLanguage\":\"fr-FR\"},{\"@type\":\"Person\",\"@id\":\"https:\/\/www.africa-press.net\/togo\/#\/schema\/person\/2b1cf3cd81a31e3cd26889ca66d677f1\",\"name\":\"cfeditorfr\"}]}<\/script>\n<!-- \/ Yoast SEO Premium plugin. -->","yoast_head_json":{"title":"Togo\u2019s reaction to the earthquakes in Turkey and Syria - Togo","description":"In a message published Tuesday evening, the President of the Republic of Togo, Faure Essozimna Gnassingbe\u0301, expressed ...","robots":{"index":"index","follow":"follow","max-snippet":"max-snippet:-1","max-image-preview":"max-image-preview:large","max-video-preview":"max-video-preview:-1"},"canonical":"https:\/\/www.africa-press.net\/togo\/politique\/togos-reaction-to-the-earthquakes-in-turkey-and-syria","og_locale":"fr_FR","og_type":"article","og_title":"Togo\u2019s reaction to the earthquakes in Turkey and Syria","og_description":"In a message published Tuesday evening, the President of the Republic of Togo, Faure Essozimna Gnassingbe\u0301, expressed ...","og_url":"https:\/\/www.africa-press.net\/togo\/politique\/togos-reaction-to-the-earthquakes-in-turkey-and-syria","og_site_name":"Togo","article_published_time":"2023-02-08T22:53:18+00:00","article_modified_time":"2023-02-08T23:38:15+00:00","og_image":[{"width":1920,"height":1080,"url":"https:\/\/static.africa-press.net\/togo\/sites\/58\/2023\/02\/postQueueImg_1675884203.09.jpg","type":"image\/jpeg"}],"author":"cfeditorfr","twitter_card":"summary_large_image","twitter_misc":{"\u00c9crit par":"cfeditorfr","Dur\u00e9e de lecture estim\u00e9e":"1 minute"},"schema":{"@context":"https:\/\/schema.org","@graph":[{"@type":"Article","@id":"https:\/\/www.africa-press.net\/togo\/politique\/togos-reaction-to-the-earthquakes-in-turkey-and-syria#article","isPartOf":{"@id":"https:\/\/www.africa-press.net\/togo\/politique\/togos-reaction-to-the-earthquakes-in-turkey-and-syria"},"author":{"name":"cfeditorfr","@id":"https:\/\/www.africa-press.net\/togo\/#\/schema\/person\/2b1cf3cd81a31e3cd26889ca66d677f1"},"headline":"Togo\u2019s reaction to the earthquakes in Turkey and Syria","datePublished":"2023-02-08T22:53:18+00:00","dateModified":"2023-02-08T23:38:15+00:00","mainEntityOfPage":{"@id":"https:\/\/www.africa-press.net\/togo\/politique\/togos-reaction-to-the-earthquakes-in-turkey-and-syria"},"wordCount":182,"commentCount":0,"image":{"@id":"https:\/\/www.africa-press.net\/togo\/politique\/togos-reaction-to-the-earthquakes-in-turkey-and-syria#primaryimage"},"thumbnailUrl":"https:\/\/static.africa-press.net\/togo\/sites\/58\/2023\/02\/postQueueImg_1675884203.09.jpg","keywords":["Africa Press","Africa Press-Togo","Togo"],"articleSection":["Politique","Toutes les actualit\u00e9s"],"inLanguage":"fr-FR","potentialAction":[{"@type":"CommentAction","name":"Comment","target":["https:\/\/www.africa-press.net\/togo\/politique\/togos-reaction-to-the-earthquakes-in-turkey-and-syria#respond"]}]},{"@type":"WebPage","@id":"https:\/\/www.africa-press.net\/togo\/politique\/togos-reaction-to-the-earthquakes-in-turkey-and-syria","url":"https:\/\/www.africa-press.net\/togo\/politique\/togos-reaction-to-the-earthquakes-in-turkey-and-syria","name":"Togo\u2019s reaction to the earthquakes in Turkey and Syria - Togo","isPartOf":{"@id":"https:\/\/www.africa-press.net\/togo\/#website"},"primaryImageOfPage":{"@id":"https:\/\/www.africa-press.net\/togo\/politique\/togos-reaction-to-the-earthquakes-in-turkey-and-syria#primaryimage"},"image":{"@id":"https:\/\/www.africa-press.net\/togo\/politique\/togos-reaction-to-the-earthquakes-in-turkey-and-syria#primaryimage"},"thumbnailUrl":"https:\/\/static.africa-press.net\/togo\/sites\/58\/2023\/02\/postQueueImg_1675884203.09.jpg","datePublished":"2023-02-08T22:53:18+00:00","dateModified":"2023-02-08T23:38:15+00:00","author":{"@id":"https:\/\/www.africa-press.net\/togo\/#\/schema\/person\/2b1cf3cd81a31e3cd26889ca66d677f1"},"description":"In a message published Tuesday evening, the President of the Republic of Togo, Faure Essozimna Gnassingbe\u0301, expressed ...","breadcrumb":{"@id":"https:\/\/www.africa-press.net\/togo\/politique\/togos-reaction-to-the-earthquakes-in-turkey-and-syria#breadcrumb"},"inLanguage":"fr-FR","potentialAction":[{"@type":"ReadAction","target":["https:\/\/www.africa-press.net\/togo\/politique\/togos-reaction-to-the-earthquakes-in-turkey-and-syria"]}]},{"@type":"ImageObject","inLanguage":"fr-FR","@id":"https:\/\/www.africa-press.net\/togo\/politique\/togos-reaction-to-the-earthquakes-in-turkey-and-syria#primaryimage","url":"https:\/\/static.africa-press.net\/togo\/sites\/58\/2023\/02\/postQueueImg_1675884203.09.jpg","contentUrl":"https:\/\/static.africa-press.net\/togo\/sites\/58\/2023\/02\/postQueueImg_1675884203.09.jpg","width":1920,"height":1080,"caption":"Togo\u2019s reaction to the earthquakes in Turkey and Syria"},{"@type":"BreadcrumbList","@id":"https:\/\/www.africa-press.net\/togo\/politique\/togos-reaction-to-the-earthquakes-in-turkey-and-syria#breadcrumb","itemListElement":[{"@type":"ListItem","position":1,"name":"Accueil","item":"https:\/\/www.africa-press.net\/togo\/"},{"@type":"ListItem","position":2,"name":"Togo\u2019s reaction to the earthquakes in Turkey and Syria"}]},{"@type":"WebSite","@id":"https:\/\/www.africa-press.net\/togo\/#website","url":"https:\/\/www.africa-press.net\/togo\/","name":"Togo","description":"Just another Africa News Agency Sites site","potentialAction":[{"@type":"SearchAction","target":{"@type":"EntryPoint","urlTemplate":"https:\/\/www.africa-press.net\/togo\/?s={search_term_string}"},"query-input":{"@type":"PropertyValueSpecification","valueRequired":true,"valueName":"search_term_string"}}],"inLanguage":"fr-FR"},{"@type":"Person","@id":"https:\/\/www.africa-press.net\/togo\/#\/schema\/person\/2b1cf3cd81a31e3cd26889ca66d677f1","name":"cfeditorfr"}]}},"_links":{"self":[{"href":"https:\/\/www.africa-press.net\/togo\/wp-json\/wp\/v2\/posts\/16942","targetHints":{"allow":["GET"]}}],"collection":[{"href":"https:\/\/www.africa-press.net\/togo\/wp-json\/wp\/v2\/posts"}],"about":[{"href":"https:\/\/www.africa-press.net\/togo\/wp-json\/wp\/v2\/types\/post"}],"author":[{"embeddable":true,"href":"https:\/\/www.africa-press.net\/togo\/wp-json\/wp\/v2\/users\/82"}],"replies":[{"embeddable":true,"href":"https:\/\/www.africa-press.net\/togo\/wp-json\/wp\/v2\/comments?post=16942"}],"version-history":[{"count":0,"href":"https:\/\/www.africa-press.net\/togo\/wp-json\/wp\/v2\/posts\/16942\/revisions"}],"wp:featuredmedia":[{"embeddable":true,"href":"https:\/\/www.africa-press.net\/togo\/wp-json\/wp\/v2\/media\/16941"}],"wp:attachment":[{"href":"https:\/\/www.africa-press.net\/togo\/wp-json\/wp\/v2\/media?parent=16942"}],"wp:term":[{"taxonomy":"category","embeddable":true,"href":"https:\/\/www.africa-press.net\/togo\/wp-json\/wp\/v2\/categories?post=16942"},{"taxonomy":"post_tag","embeddable":true,"href":"https:\/\/www.africa-press.net\/togo\/wp-json\/wp\/v2\/tags?post=16942"}],"curies":[{"name":"wp","href":"https:\/\/api.w.org\/{rel}","templated":true}]}}