{"id":16945,"date":"2023-02-08T22:53:25","date_gmt":"2023-02-08T22:53:25","guid":{"rendered":"https:\/\/www.africa-press.net\/togo\/politique\/togo-demarrage-du-forum-des-producteurs-agricoles-a-atakpame"},"modified":"2023-02-08T23:38:42","modified_gmt":"2023-02-08T23:38:42","slug":"togo-demarrage-du-forum-des-producteurs-agricoles-a-atakpame","status":"publish","type":"post","link":"https:\/\/www.africa-press.net\/togo\/economie\/togo-demarrage-du-forum-des-producteurs-agricoles-a-atakpame","title":{"rendered":"Togo-D\u00e9marrage du Forum des producteurs agricoles \u00e0 Atakpam\u00e9"},"content":{"rendered":"<p><span style=\"color: #ff6600\"><strong>Africa-Press &#8211; Togo. <\/strong><\/span><b>Atakpame\u0301, la capitale de la Re\u0301gion des Plateaux, accueille a\u0300 partir de ce mercredi 08 fe\u0301vrier 2023, le Forum des Producteurs Agricoles du Togo (FOPAT).<\/b><\/p>\n<p>L\u2019e\u0301ve\u0301nement qui suit celui des Savanes et de la Maritime, prendra fin le 11 fe\u0301vrier 2023.<\/p>\n<p>Durant ces quatre jours, les acteurs de la re\u0301gion re\u0301fle\u0301chiront ensemble aux enjeux et perspectives de l\u2019agriculture nationale.<\/p>\n<p>Comme a\u0300 l\u2019accoutume\u0301e, les travaux seront marque\u0301s par un dialogue direct entre le chef de l\u2019Etat, Faure Essozimna Gnassingbe\u0301 et les producteurs.<\/p>\n<p>\u201cLe FOPAT a e\u0301te\u0301 initie\u0301 par le chef de l\u2019Etat, dans le but de cre\u0301er un cadre d\u2019e\u0301changes et d\u2019e\u0301coute des acteurs agricoles sur la strate\u0301gie gouvernementale\u201d, rappelle le gouvernement.<\/p>\n<p><strong>Pour plus d&rsquo;informations et d&rsquo;analyses sur la <a href=\"https:\/\/www.africa-press.net\/togo\">Togo<\/a>, suivez <a href=\"https:\/\/www.africa-press.net\/\">Africa-Press<\/a><\/strong><\/p>\n","protected":false},"excerpt":{"rendered":"<p>Africa-Press &#8211; Togo. Atakpame\u0301, la capitale de la Re\u0301gion des Plateaux, accueille a\u0300 partir de ce mercredi 08 fe\u0301vrier 2023, le Forum des Producteurs Agricoles du Togo (FOPAT). L\u2019e\u0301ve\u0301nement qui suit celui des Savanes et de la Maritime, prendra fin le 11 fe\u0301vrier 2023. Durant ces quatre jours, les acteurs de la re\u0301gion re\u0301fle\u0301chiront ensemble [&hellip;]<\/p>\n","protected":false},"author":82,"featured_media":16943,"comment_status":"open","ping_status":"closed","sticky":false,"template":"","format":"standard","meta":{"footnotes":""},"categories":[3,10],"tags":[36,49,50],"class_list":["post-16945","post","type-post","status-publish","format-standard","has-post-thumbnail","hentry","category-economie","category-toutes-les-actualites","tag-africa-press","tag-africa-press-togo","tag-togo"],"yoast_head":"<!-- This site is optimized with the Yoast SEO Premium plugin v26.1 (Yoast SEO v27.0) - https:\/\/yoast.com\/product\/yoast-seo-premium-wordpress\/ -->\n<title>Togo-D\u00e9marrage du Forum des producteurs agricoles \u00e0 Atakpam\u00e9 - Togo<\/title>\n<meta name=\"description\" content=\"Atakpame\u0301, la capitale de la Re\u0301gion des Plateaux, accueille a\u0300 partir de ce mercredi 08 fe\u0301vrier 2023, le Forum des ...\" \/>\n<meta name=\"robots\" content=\"index, follow, max-snippet:-1, max-image-preview:large, max-video-preview:-1\" \/>\n<link rel=\"canonical\" href=\"https:\/\/www.africa-press.net\/togo\/economie\/togo-demarrage-du-forum-des-producteurs-agricoles-a-atakpame\" \/>\n<meta property=\"og:locale\" content=\"fr_FR\" \/>\n<meta property=\"og:type\" content=\"article\" \/>\n<meta property=\"og:title\" content=\"Togo-D\u00e9marrage du Forum des producteurs agricoles \u00e0 Atakpam\u00e9\" \/>\n<meta property=\"og:description\" content=\"Atakpame\u0301, la capitale de la Re\u0301gion des Plateaux, accueille a\u0300 partir de ce mercredi 08 fe\u0301vrier 2023, le Forum des ...\" \/>\n<meta property=\"og:url\" content=\"https:\/\/www.africa-press.net\/togo\/economie\/togo-demarrage-du-forum-des-producteurs-agricoles-a-atakpame\" \/>\n<meta property=\"og:site_name\" content=\"Togo\" \/>\n<meta property=\"article:published_time\" content=\"2023-02-08T22:53:25+00:00\" \/>\n<meta property=\"article:modified_time\" content=\"2023-02-08T23:38:42+00:00\" \/>\n<meta property=\"og:image\" content=\"https:\/\/static.africa-press.net\/togo\/sites\/58\/2023\/02\/postQueueImg_1675884210.45.jpg\" \/>\n\t<meta property=\"og:image:width\" content=\"1081\" \/>\n\t<meta property=\"og:image:height\" content=\"720\" \/>\n\t<meta property=\"og:image:type\" content=\"image\/jpeg\" \/>\n<meta name=\"author\" content=\"cfeditorfr\" \/>\n<meta name=\"twitter:card\" content=\"summary_large_image\" \/>\n<meta name=\"twitter:label1\" content=\"\u00c9crit par\" \/>\n\t<meta name=\"twitter:data1\" content=\"cfeditorfr\" \/>\n\t<meta name=\"twitter:label2\" content=\"Dur\u00e9e de lecture estim\u00e9e\" \/>\n\t<meta name=\"twitter:data2\" content=\"1 minute\" \/>\n<script type=\"application\/ld+json\" class=\"yoast-schema-graph\">{\"@context\":\"https:\/\/schema.org\",\"@graph\":[{\"@type\":\"Article\",\"@id\":\"https:\/\/www.africa-press.net\/togo\/economie\/togo-demarrage-du-forum-des-producteurs-agricoles-a-atakpame#article\",\"isPartOf\":{\"@id\":\"https:\/\/www.africa-press.net\/togo\/economie\/togo-demarrage-du-forum-des-producteurs-agricoles-a-atakpame\"},\"author\":{\"name\":\"cfeditorfr\",\"@id\":\"https:\/\/www.africa-press.net\/togo\/#\/schema\/person\/2b1cf3cd81a31e3cd26889ca66d677f1\"},\"headline\":\"Togo-D\u00e9marrage du Forum des producteurs agricoles \u00e0 Atakpam\u00e9\",\"datePublished\":\"2023-02-08T22:53:25+00:00\",\"dateModified\":\"2023-02-08T23:38:42+00:00\",\"mainEntityOfPage\":{\"@id\":\"https:\/\/www.africa-press.net\/togo\/economie\/togo-demarrage-du-forum-des-producteurs-agricoles-a-atakpame\"},\"wordCount\":152,\"commentCount\":0,\"image\":{\"@id\":\"https:\/\/www.africa-press.net\/togo\/economie\/togo-demarrage-du-forum-des-producteurs-agricoles-a-atakpame#primaryimage\"},\"thumbnailUrl\":\"https:\/\/static.africa-press.net\/togo\/sites\/58\/2023\/02\/postQueueImg_1675884210.45.jpg\",\"keywords\":[\"Africa Press\",\"Africa Press-Togo\",\"Togo\"],\"articleSection\":[\"\u00c9conomie\",\"Toutes les actualit\u00e9s\"],\"inLanguage\":\"fr-FR\",\"potentialAction\":[{\"@type\":\"CommentAction\",\"name\":\"Comment\",\"target\":[\"https:\/\/www.africa-press.net\/togo\/economie\/togo-demarrage-du-forum-des-producteurs-agricoles-a-atakpame#respond\"]}]},{\"@type\":\"WebPage\",\"@id\":\"https:\/\/www.africa-press.net\/togo\/economie\/togo-demarrage-du-forum-des-producteurs-agricoles-a-atakpame\",\"url\":\"https:\/\/www.africa-press.net\/togo\/economie\/togo-demarrage-du-forum-des-producteurs-agricoles-a-atakpame\",\"name\":\"Togo-D\u00e9marrage du Forum des producteurs agricoles \u00e0 Atakpam\u00e9 - Togo\",\"isPartOf\":{\"@id\":\"https:\/\/www.africa-press.net\/togo\/#website\"},\"primaryImageOfPage\":{\"@id\":\"https:\/\/www.africa-press.net\/togo\/economie\/togo-demarrage-du-forum-des-producteurs-agricoles-a-atakpame#primaryimage\"},\"image\":{\"@id\":\"https:\/\/www.africa-press.net\/togo\/economie\/togo-demarrage-du-forum-des-producteurs-agricoles-a-atakpame#primaryimage\"},\"thumbnailUrl\":\"https:\/\/static.africa-press.net\/togo\/sites\/58\/2023\/02\/postQueueImg_1675884210.45.jpg\",\"datePublished\":\"2023-02-08T22:53:25+00:00\",\"dateModified\":\"2023-02-08T23:38:42+00:00\",\"author\":{\"@id\":\"https:\/\/www.africa-press.net\/togo\/#\/schema\/person\/2b1cf3cd81a31e3cd26889ca66d677f1\"},\"description\":\"Atakpame\u0301, la capitale de la Re\u0301gion des Plateaux, accueille a\u0300 partir de ce mercredi 08 fe\u0301vrier 2023, le Forum des ...\",\"breadcrumb\":{\"@id\":\"https:\/\/www.africa-press.net\/togo\/economie\/togo-demarrage-du-forum-des-producteurs-agricoles-a-atakpame#breadcrumb\"},\"inLanguage\":\"fr-FR\",\"potentialAction\":[{\"@type\":\"ReadAction\",\"target\":[\"https:\/\/www.africa-press.net\/togo\/economie\/togo-demarrage-du-forum-des-producteurs-agricoles-a-atakpame\"]}]},{\"@type\":\"ImageObject\",\"inLanguage\":\"fr-FR\",\"@id\":\"https:\/\/www.africa-press.net\/togo\/economie\/togo-demarrage-du-forum-des-producteurs-agricoles-a-atakpame#primaryimage\",\"url\":\"https:\/\/static.africa-press.net\/togo\/sites\/58\/2023\/02\/postQueueImg_1675884210.45.jpg\",\"contentUrl\":\"https:\/\/static.africa-press.net\/togo\/sites\/58\/2023\/02\/postQueueImg_1675884210.45.jpg\",\"width\":1081,\"height\":720,\"caption\":\"Togo-D\u00e9marrage du Forum des producteurs agricoles \u00e0 Atakpam\u00e9\"},{\"@type\":\"BreadcrumbList\",\"@id\":\"https:\/\/www.africa-press.net\/togo\/economie\/togo-demarrage-du-forum-des-producteurs-agricoles-a-atakpame#breadcrumb\",\"itemListElement\":[{\"@type\":\"ListItem\",\"position\":1,\"name\":\"Accueil\",\"item\":\"https:\/\/www.africa-press.net\/togo\/\"},{\"@type\":\"ListItem\",\"position\":2,\"name\":\"Togo-D\u00e9marrage du Forum des producteurs agricoles \u00e0 Atakpam\u00e9\"}]},{\"@type\":\"WebSite\",\"@id\":\"https:\/\/www.africa-press.net\/togo\/#website\",\"url\":\"https:\/\/www.africa-press.net\/togo\/\",\"name\":\"Togo\",\"description\":\"Just another Africa News Agency Sites site\",\"potentialAction\":[{\"@type\":\"SearchAction\",\"target\":{\"@type\":\"EntryPoint\",\"urlTemplate\":\"https:\/\/www.africa-press.net\/togo\/?s={search_term_string}\"},\"query-input\":{\"@type\":\"PropertyValueSpecification\",\"valueRequired\":true,\"valueName\":\"search_term_string\"}}],\"inLanguage\":\"fr-FR\"},{\"@type\":\"Person\",\"@id\":\"https:\/\/www.africa-press.net\/togo\/#\/schema\/person\/2b1cf3cd81a31e3cd26889ca66d677f1\",\"name\":\"cfeditorfr\"}]}<\/script>\n<!-- \/ Yoast SEO Premium plugin. -->","yoast_head_json":{"title":"Togo-D\u00e9marrage du Forum des producteurs agricoles \u00e0 Atakpam\u00e9 - Togo","description":"Atakpame\u0301, la capitale de la Re\u0301gion des Plateaux, accueille a\u0300 partir de ce mercredi 08 fe\u0301vrier 2023, le Forum des ...","robots":{"index":"index","follow":"follow","max-snippet":"max-snippet:-1","max-image-preview":"max-image-preview:large","max-video-preview":"max-video-preview:-1"},"canonical":"https:\/\/www.africa-press.net\/togo\/economie\/togo-demarrage-du-forum-des-producteurs-agricoles-a-atakpame","og_locale":"fr_FR","og_type":"article","og_title":"Togo-D\u00e9marrage du Forum des producteurs agricoles \u00e0 Atakpam\u00e9","og_description":"Atakpame\u0301, la capitale de la Re\u0301gion des Plateaux, accueille a\u0300 partir de ce mercredi 08 fe\u0301vrier 2023, le Forum des ...","og_url":"https:\/\/www.africa-press.net\/togo\/economie\/togo-demarrage-du-forum-des-producteurs-agricoles-a-atakpame","og_site_name":"Togo","article_published_time":"2023-02-08T22:53:25+00:00","article_modified_time":"2023-02-08T23:38:42+00:00","og_image":[{"width":1081,"height":720,"url":"https:\/\/static.africa-press.net\/togo\/sites\/58\/2023\/02\/postQueueImg_1675884210.45.jpg","type":"image\/jpeg"}],"author":"cfeditorfr","twitter_card":"summary_large_image","twitter_misc":{"\u00c9crit par":"cfeditorfr","Dur\u00e9e de lecture estim\u00e9e":"1 minute"},"schema":{"@context":"https:\/\/schema.org","@graph":[{"@type":"Article","@id":"https:\/\/www.africa-press.net\/togo\/economie\/togo-demarrage-du-forum-des-producteurs-agricoles-a-atakpame#article","isPartOf":{"@id":"https:\/\/www.africa-press.net\/togo\/economie\/togo-demarrage-du-forum-des-producteurs-agricoles-a-atakpame"},"author":{"name":"cfeditorfr","@id":"https:\/\/www.africa-press.net\/togo\/#\/schema\/person\/2b1cf3cd81a31e3cd26889ca66d677f1"},"headline":"Togo-D\u00e9marrage du Forum des producteurs agricoles \u00e0 Atakpam\u00e9","datePublished":"2023-02-08T22:53:25+00:00","dateModified":"2023-02-08T23:38:42+00:00","mainEntityOfPage":{"@id":"https:\/\/www.africa-press.net\/togo\/economie\/togo-demarrage-du-forum-des-producteurs-agricoles-a-atakpame"},"wordCount":152,"commentCount":0,"image":{"@id":"https:\/\/www.africa-press.net\/togo\/economie\/togo-demarrage-du-forum-des-producteurs-agricoles-a-atakpame#primaryimage"},"thumbnailUrl":"https:\/\/static.africa-press.net\/togo\/sites\/58\/2023\/02\/postQueueImg_1675884210.45.jpg","keywords":["Africa Press","Africa Press-Togo","Togo"],"articleSection":["\u00c9conomie","Toutes les actualit\u00e9s"],"inLanguage":"fr-FR","potentialAction":[{"@type":"CommentAction","name":"Comment","target":["https:\/\/www.africa-press.net\/togo\/economie\/togo-demarrage-du-forum-des-producteurs-agricoles-a-atakpame#respond"]}]},{"@type":"WebPage","@id":"https:\/\/www.africa-press.net\/togo\/economie\/togo-demarrage-du-forum-des-producteurs-agricoles-a-atakpame","url":"https:\/\/www.africa-press.net\/togo\/economie\/togo-demarrage-du-forum-des-producteurs-agricoles-a-atakpame","name":"Togo-D\u00e9marrage du Forum des producteurs agricoles \u00e0 Atakpam\u00e9 - Togo","isPartOf":{"@id":"https:\/\/www.africa-press.net\/togo\/#website"},"primaryImageOfPage":{"@id":"https:\/\/www.africa-press.net\/togo\/economie\/togo-demarrage-du-forum-des-producteurs-agricoles-a-atakpame#primaryimage"},"image":{"@id":"https:\/\/www.africa-press.net\/togo\/economie\/togo-demarrage-du-forum-des-producteurs-agricoles-a-atakpame#primaryimage"},"thumbnailUrl":"https:\/\/static.africa-press.net\/togo\/sites\/58\/2023\/02\/postQueueImg_1675884210.45.jpg","datePublished":"2023-02-08T22:53:25+00:00","dateModified":"2023-02-08T23:38:42+00:00","author":{"@id":"https:\/\/www.africa-press.net\/togo\/#\/schema\/person\/2b1cf3cd81a31e3cd26889ca66d677f1"},"description":"Atakpame\u0301, la capitale de la Re\u0301gion des Plateaux, accueille a\u0300 partir de ce mercredi 08 fe\u0301vrier 2023, le Forum des ...","breadcrumb":{"@id":"https:\/\/www.africa-press.net\/togo\/economie\/togo-demarrage-du-forum-des-producteurs-agricoles-a-atakpame#breadcrumb"},"inLanguage":"fr-FR","potentialAction":[{"@type":"ReadAction","target":["https:\/\/www.africa-press.net\/togo\/economie\/togo-demarrage-du-forum-des-producteurs-agricoles-a-atakpame"]}]},{"@type":"ImageObject","inLanguage":"fr-FR","@id":"https:\/\/www.africa-press.net\/togo\/economie\/togo-demarrage-du-forum-des-producteurs-agricoles-a-atakpame#primaryimage","url":"https:\/\/static.africa-press.net\/togo\/sites\/58\/2023\/02\/postQueueImg_1675884210.45.jpg","contentUrl":"https:\/\/static.africa-press.net\/togo\/sites\/58\/2023\/02\/postQueueImg_1675884210.45.jpg","width":1081,"height":720,"caption":"Togo-D\u00e9marrage du Forum des producteurs agricoles \u00e0 Atakpam\u00e9"},{"@type":"BreadcrumbList","@id":"https:\/\/www.africa-press.net\/togo\/economie\/togo-demarrage-du-forum-des-producteurs-agricoles-a-atakpame#breadcrumb","itemListElement":[{"@type":"ListItem","position":1,"name":"Accueil","item":"https:\/\/www.africa-press.net\/togo\/"},{"@type":"ListItem","position":2,"name":"Togo-D\u00e9marrage du Forum des producteurs agricoles \u00e0 Atakpam\u00e9"}]},{"@type":"WebSite","@id":"https:\/\/www.africa-press.net\/togo\/#website","url":"https:\/\/www.africa-press.net\/togo\/","name":"Togo","description":"Just another Africa News Agency Sites site","potentialAction":[{"@type":"SearchAction","target":{"@type":"EntryPoint","urlTemplate":"https:\/\/www.africa-press.net\/togo\/?s={search_term_string}"},"query-input":{"@type":"PropertyValueSpecification","valueRequired":true,"valueName":"search_term_string"}}],"inLanguage":"fr-FR"},{"@type":"Person","@id":"https:\/\/www.africa-press.net\/togo\/#\/schema\/person\/2b1cf3cd81a31e3cd26889ca66d677f1","name":"cfeditorfr"}]}},"_links":{"self":[{"href":"https:\/\/www.africa-press.net\/togo\/wp-json\/wp\/v2\/posts\/16945","targetHints":{"allow":["GET"]}}],"collection":[{"href":"https:\/\/www.africa-press.net\/togo\/wp-json\/wp\/v2\/posts"}],"about":[{"href":"https:\/\/www.africa-press.net\/togo\/wp-json\/wp\/v2\/types\/post"}],"author":[{"embeddable":true,"href":"https:\/\/www.africa-press.net\/togo\/wp-json\/wp\/v2\/users\/82"}],"replies":[{"embeddable":true,"href":"https:\/\/www.africa-press.net\/togo\/wp-json\/wp\/v2\/comments?post=16945"}],"version-history":[{"count":0,"href":"https:\/\/www.africa-press.net\/togo\/wp-json\/wp\/v2\/posts\/16945\/revisions"}],"wp:featuredmedia":[{"embeddable":true,"href":"https:\/\/www.africa-press.net\/togo\/wp-json\/wp\/v2\/media\/16943"}],"wp:attachment":[{"href":"https:\/\/www.africa-press.net\/togo\/wp-json\/wp\/v2\/media?parent=16945"}],"wp:term":[{"taxonomy":"category","embeddable":true,"href":"https:\/\/www.africa-press.net\/togo\/wp-json\/wp\/v2\/categories?post=16945"},{"taxonomy":"post_tag","embeddable":true,"href":"https:\/\/www.africa-press.net\/togo\/wp-json\/wp\/v2\/tags?post=16945"}],"curies":[{"name":"wp","href":"https:\/\/api.w.org\/{rel}","templated":true}]}}