{"id":16953,"date":"2023-02-09T12:45:48","date_gmt":"2023-02-09T12:45:48","guid":{"rendered":"https:\/\/www.africa-press.net\/togo\/politique\/togo-lome-accueille-le-salon-de-lemploi-en-mars"},"modified":"2023-02-09T12:45:48","modified_gmt":"2023-02-09T12:45:48","slug":"togo-lome-accueille-le-salon-de-lemploi-en-mars","status":"publish","type":"post","link":"https:\/\/www.africa-press.net\/togo\/toutes-les-actualites\/togo-lome-accueille-le-salon-de-lemploi-en-mars","title":{"rendered":"Togo-Lom\u00e9 accueille le Salon de l\u2019Emploi en mars"},"content":{"rendered":"<p><span style=\"color: #ff6600\"><strong>Africa-Press &#8211; Togo. <\/strong><\/span><b>En mars prochain, Lome\u0301 tiendra la toute premie\u0300re e\u0301dition du Salon de l\u2019Emploi en faveur des jeunes diplo\u0302me\u0301s organise\u0301e par la Fondation Piscare. <\/b><\/p>\n<p>les dates 17 et 18 sont retenues pour ce grand rendez-vous place\u0301 sous le the\u0300me \u201cL\u2019emploi des jeunes diplo\u0302me\u0301s : une responsabilite\u0301 sociale\u201d.<\/p>\n<p>L\u2019initiative selon les organisateurs, vise a\u0300 mettre en relation les entreprises en que\u0302te de compe\u0301tences et les jeunes diplo\u0302me\u0301s a\u0300 la recherche d\u2019emploi.<\/p>\n<p>Ceci, a\u0300 travers des ateliers de formations pratiques, des po\u0302les de recrutement et des expositions de compe\u0301tences.<\/p>\n<p>La Fondation Piscare organise cette rencontre avec la collaboration de l\u2019Universite\u0301 de Lome\u0301 et l\u2019Agence Nationale pour l\u2019Emploi (ANPE).<\/p>\n<p><strong>Pour plus d&rsquo;informations et d&rsquo;analyses sur la <a href=\"https:\/\/www.africa-press.net\/togo\">Togo<\/a>, suivez <a href=\"https:\/\/www.africa-press.net\/\">Africa-Press<\/a><\/strong><\/p>\n","protected":false},"excerpt":{"rendered":"<p>Africa-Press &#8211; Togo. En mars prochain, Lome\u0301 tiendra la toute premie\u0300re e\u0301dition du Salon de l\u2019Emploi en faveur des jeunes diplo\u0302me\u0301s organise\u0301e par la Fondation Piscare. les dates 17 et 18 sont retenues pour ce grand rendez-vous place\u0301 sous le the\u0300me \u201cL\u2019emploi des jeunes diplo\u0302me\u0301s : une responsabilite\u0301 sociale\u201d. L\u2019initiative selon les organisateurs, vise a\u0300 [&hellip;]<\/p>\n","protected":false},"author":82,"featured_media":16952,"comment_status":"open","ping_status":"closed","sticky":false,"template":"","format":"standard","meta":{"footnotes":""},"categories":[21,10],"tags":[36,49,50],"class_list":["post-16953","post","type-post","status-publish","format-standard","has-post-thumbnail","hentry","category-communaute","category-toutes-les-actualites","tag-africa-press","tag-africa-press-togo","tag-togo"],"yoast_head":"<!-- This site is optimized with the Yoast SEO Premium plugin v26.1 (Yoast SEO v27.0) - https:\/\/yoast.com\/product\/yoast-seo-premium-wordpress\/ -->\n<title>Togo-Lom\u00e9 accueille le Salon de l\u2019Emploi en mars - Togo<\/title>\n<meta name=\"robots\" content=\"index, follow, max-snippet:-1, max-image-preview:large, max-video-preview:-1\" \/>\n<link rel=\"canonical\" href=\"https:\/\/www.africa-press.net\/togo\/politique\/togo-lome-accueille-le-salon-de-lemploi-en-mars\" \/>\n<meta property=\"og:locale\" content=\"fr_FR\" \/>\n<meta property=\"og:type\" content=\"article\" \/>\n<meta property=\"og:title\" content=\"Togo-Lom\u00e9 accueille le Salon de l\u2019Emploi en mars\" \/>\n<meta property=\"og:description\" content=\"Africa-Press &#8211; Togo. En mars prochain, Lome\u0301 tiendra la toute premie\u0300re e\u0301dition du Salon de l\u2019Emploi en faveur des jeunes diplo\u0302me\u0301s organise\u0301e par la Fondation Piscare. les dates 17 et 18 sont retenues pour ce grand rendez-vous place\u0301 sous le the\u0300me \u201cL\u2019emploi des jeunes diplo\u0302me\u0301s : une responsabilite\u0301 sociale\u201d. L\u2019initiative selon les organisateurs, vise a\u0300 [&hellip;]\" \/>\n<meta property=\"og:url\" content=\"https:\/\/www.africa-press.net\/togo\/politique\/togo-lome-accueille-le-salon-de-lemploi-en-mars\" \/>\n<meta property=\"og:site_name\" content=\"Togo\" \/>\n<meta property=\"article:published_time\" content=\"2023-02-09T12:45:48+00:00\" \/>\n<meta name=\"author\" content=\"cfeditorfr\" \/>\n<meta name=\"twitter:card\" content=\"summary_large_image\" \/>\n<meta name=\"twitter:label1\" content=\"\u00c9crit par\" \/>\n\t<meta name=\"twitter:data1\" content=\"cfeditorfr\" \/>\n\t<meta name=\"twitter:label2\" content=\"Dur\u00e9e de lecture estim\u00e9e\" \/>\n\t<meta name=\"twitter:data2\" content=\"1 minute\" \/>\n<script type=\"application\/ld+json\" class=\"yoast-schema-graph\">{\"@context\":\"https:\/\/schema.org\",\"@graph\":[{\"@type\":\"Article\",\"@id\":\"https:\/\/www.africa-press.net\/togo\/politique\/togo-lome-accueille-le-salon-de-lemploi-en-mars#article\",\"isPartOf\":{\"@id\":\"https:\/\/www.africa-press.net\/togo\/politique\/togo-lome-accueille-le-salon-de-lemploi-en-mars\"},\"author\":{\"name\":\"cfeditorfr\",\"@id\":\"https:\/\/www.africa-press.net\/togo\/#\/schema\/person\/2b1cf3cd81a31e3cd26889ca66d677f1\"},\"headline\":\"Togo-Lom\u00e9 accueille le Salon de l\u2019Emploi en mars\",\"datePublished\":\"2023-02-09T12:45:48+00:00\",\"mainEntityOfPage\":{\"@id\":\"https:\/\/www.africa-press.net\/togo\/politique\/togo-lome-accueille-le-salon-de-lemploi-en-mars\"},\"wordCount\":147,\"commentCount\":0,\"image\":{\"@id\":\"https:\/\/www.africa-press.net\/togo\/politique\/togo-lome-accueille-le-salon-de-lemploi-en-mars#primaryimage\"},\"thumbnailUrl\":\"https:\/\/static.africa-press.net\/togo\/sites\/58\/2023\/02\/postQueueImg_1675934154.07.jpg\",\"keywords\":[\"Africa Press\",\"Africa Press-Togo\",\"Togo\"],\"articleSection\":[\"Communaut\u00e9\",\"Toutes les actualit\u00e9s\"],\"inLanguage\":\"fr-FR\",\"potentialAction\":[{\"@type\":\"CommentAction\",\"name\":\"Comment\",\"target\":[\"https:\/\/www.africa-press.net\/togo\/politique\/togo-lome-accueille-le-salon-de-lemploi-en-mars#respond\"]}]},{\"@type\":\"WebPage\",\"@id\":\"https:\/\/www.africa-press.net\/togo\/politique\/togo-lome-accueille-le-salon-de-lemploi-en-mars\",\"url\":\"https:\/\/www.africa-press.net\/togo\/politique\/togo-lome-accueille-le-salon-de-lemploi-en-mars\",\"name\":\"Togo-Lom\u00e9 accueille le Salon de l\u2019Emploi en mars - Togo\",\"isPartOf\":{\"@id\":\"https:\/\/www.africa-press.net\/togo\/#website\"},\"primaryImageOfPage\":{\"@id\":\"https:\/\/www.africa-press.net\/togo\/politique\/togo-lome-accueille-le-salon-de-lemploi-en-mars#primaryimage\"},\"image\":{\"@id\":\"https:\/\/www.africa-press.net\/togo\/politique\/togo-lome-accueille-le-salon-de-lemploi-en-mars#primaryimage\"},\"thumbnailUrl\":\"https:\/\/static.africa-press.net\/togo\/sites\/58\/2023\/02\/postQueueImg_1675934154.07.jpg\",\"datePublished\":\"2023-02-09T12:45:48+00:00\",\"author\":{\"@id\":\"https:\/\/www.africa-press.net\/togo\/#\/schema\/person\/2b1cf3cd81a31e3cd26889ca66d677f1\"},\"breadcrumb\":{\"@id\":\"https:\/\/www.africa-press.net\/togo\/politique\/togo-lome-accueille-le-salon-de-lemploi-en-mars#breadcrumb\"},\"inLanguage\":\"fr-FR\",\"potentialAction\":[{\"@type\":\"ReadAction\",\"target\":[\"https:\/\/www.africa-press.net\/togo\/politique\/togo-lome-accueille-le-salon-de-lemploi-en-mars\"]}]},{\"@type\":\"ImageObject\",\"inLanguage\":\"fr-FR\",\"@id\":\"https:\/\/www.africa-press.net\/togo\/politique\/togo-lome-accueille-le-salon-de-lemploi-en-mars#primaryimage\",\"url\":\"https:\/\/static.africa-press.net\/togo\/sites\/58\/2023\/02\/postQueueImg_1675934154.07.jpg\",\"contentUrl\":\"https:\/\/static.africa-press.net\/togo\/sites\/58\/2023\/02\/postQueueImg_1675934154.07.jpg\",\"width\":1280,\"height\":800,\"caption\":\"Togo-Lom\u00e9 accueille le Salon de l\u2019Emploi en mars\"},{\"@type\":\"BreadcrumbList\",\"@id\":\"https:\/\/www.africa-press.net\/togo\/politique\/togo-lome-accueille-le-salon-de-lemploi-en-mars#breadcrumb\",\"itemListElement\":[{\"@type\":\"ListItem\",\"position\":1,\"name\":\"Accueil\",\"item\":\"https:\/\/www.africa-press.net\/togo\/\"},{\"@type\":\"ListItem\",\"position\":2,\"name\":\"Togo-Lom\u00e9 accueille le Salon de l\u2019Emploi en mars\"}]},{\"@type\":\"WebSite\",\"@id\":\"https:\/\/www.africa-press.net\/togo\/#website\",\"url\":\"https:\/\/www.africa-press.net\/togo\/\",\"name\":\"Togo\",\"description\":\"Just another Africa News Agency Sites site\",\"potentialAction\":[{\"@type\":\"SearchAction\",\"target\":{\"@type\":\"EntryPoint\",\"urlTemplate\":\"https:\/\/www.africa-press.net\/togo\/?s={search_term_string}\"},\"query-input\":{\"@type\":\"PropertyValueSpecification\",\"valueRequired\":true,\"valueName\":\"search_term_string\"}}],\"inLanguage\":\"fr-FR\"},{\"@type\":\"Person\",\"@id\":\"https:\/\/www.africa-press.net\/togo\/#\/schema\/person\/2b1cf3cd81a31e3cd26889ca66d677f1\",\"name\":\"cfeditorfr\"}]}<\/script>\n<!-- \/ Yoast SEO Premium plugin. -->","yoast_head_json":{"title":"Togo-Lom\u00e9 accueille le Salon de l\u2019Emploi en mars - Togo","robots":{"index":"index","follow":"follow","max-snippet":"max-snippet:-1","max-image-preview":"max-image-preview:large","max-video-preview":"max-video-preview:-1"},"canonical":"https:\/\/www.africa-press.net\/togo\/politique\/togo-lome-accueille-le-salon-de-lemploi-en-mars","og_locale":"fr_FR","og_type":"article","og_title":"Togo-Lom\u00e9 accueille le Salon de l\u2019Emploi en mars","og_description":"Africa-Press &#8211; Togo. En mars prochain, Lome\u0301 tiendra la toute premie\u0300re e\u0301dition du Salon de l\u2019Emploi en faveur des jeunes diplo\u0302me\u0301s organise\u0301e par la Fondation Piscare. les dates 17 et 18 sont retenues pour ce grand rendez-vous place\u0301 sous le the\u0300me \u201cL\u2019emploi des jeunes diplo\u0302me\u0301s : une responsabilite\u0301 sociale\u201d. L\u2019initiative selon les organisateurs, vise a\u0300 [&hellip;]","og_url":"https:\/\/www.africa-press.net\/togo\/politique\/togo-lome-accueille-le-salon-de-lemploi-en-mars","og_site_name":"Togo","article_published_time":"2023-02-09T12:45:48+00:00","author":"cfeditorfr","twitter_card":"summary_large_image","twitter_misc":{"\u00c9crit par":"cfeditorfr","Dur\u00e9e de lecture estim\u00e9e":"1 minute"},"schema":{"@context":"https:\/\/schema.org","@graph":[{"@type":"Article","@id":"https:\/\/www.africa-press.net\/togo\/politique\/togo-lome-accueille-le-salon-de-lemploi-en-mars#article","isPartOf":{"@id":"https:\/\/www.africa-press.net\/togo\/politique\/togo-lome-accueille-le-salon-de-lemploi-en-mars"},"author":{"name":"cfeditorfr","@id":"https:\/\/www.africa-press.net\/togo\/#\/schema\/person\/2b1cf3cd81a31e3cd26889ca66d677f1"},"headline":"Togo-Lom\u00e9 accueille le Salon de l\u2019Emploi en mars","datePublished":"2023-02-09T12:45:48+00:00","mainEntityOfPage":{"@id":"https:\/\/www.africa-press.net\/togo\/politique\/togo-lome-accueille-le-salon-de-lemploi-en-mars"},"wordCount":147,"commentCount":0,"image":{"@id":"https:\/\/www.africa-press.net\/togo\/politique\/togo-lome-accueille-le-salon-de-lemploi-en-mars#primaryimage"},"thumbnailUrl":"https:\/\/static.africa-press.net\/togo\/sites\/58\/2023\/02\/postQueueImg_1675934154.07.jpg","keywords":["Africa Press","Africa Press-Togo","Togo"],"articleSection":["Communaut\u00e9","Toutes les actualit\u00e9s"],"inLanguage":"fr-FR","potentialAction":[{"@type":"CommentAction","name":"Comment","target":["https:\/\/www.africa-press.net\/togo\/politique\/togo-lome-accueille-le-salon-de-lemploi-en-mars#respond"]}]},{"@type":"WebPage","@id":"https:\/\/www.africa-press.net\/togo\/politique\/togo-lome-accueille-le-salon-de-lemploi-en-mars","url":"https:\/\/www.africa-press.net\/togo\/politique\/togo-lome-accueille-le-salon-de-lemploi-en-mars","name":"Togo-Lom\u00e9 accueille le Salon de l\u2019Emploi en mars - Togo","isPartOf":{"@id":"https:\/\/www.africa-press.net\/togo\/#website"},"primaryImageOfPage":{"@id":"https:\/\/www.africa-press.net\/togo\/politique\/togo-lome-accueille-le-salon-de-lemploi-en-mars#primaryimage"},"image":{"@id":"https:\/\/www.africa-press.net\/togo\/politique\/togo-lome-accueille-le-salon-de-lemploi-en-mars#primaryimage"},"thumbnailUrl":"https:\/\/static.africa-press.net\/togo\/sites\/58\/2023\/02\/postQueueImg_1675934154.07.jpg","datePublished":"2023-02-09T12:45:48+00:00","author":{"@id":"https:\/\/www.africa-press.net\/togo\/#\/schema\/person\/2b1cf3cd81a31e3cd26889ca66d677f1"},"breadcrumb":{"@id":"https:\/\/www.africa-press.net\/togo\/politique\/togo-lome-accueille-le-salon-de-lemploi-en-mars#breadcrumb"},"inLanguage":"fr-FR","potentialAction":[{"@type":"ReadAction","target":["https:\/\/www.africa-press.net\/togo\/politique\/togo-lome-accueille-le-salon-de-lemploi-en-mars"]}]},{"@type":"ImageObject","inLanguage":"fr-FR","@id":"https:\/\/www.africa-press.net\/togo\/politique\/togo-lome-accueille-le-salon-de-lemploi-en-mars#primaryimage","url":"https:\/\/static.africa-press.net\/togo\/sites\/58\/2023\/02\/postQueueImg_1675934154.07.jpg","contentUrl":"https:\/\/static.africa-press.net\/togo\/sites\/58\/2023\/02\/postQueueImg_1675934154.07.jpg","width":1280,"height":800,"caption":"Togo-Lom\u00e9 accueille le Salon de l\u2019Emploi en mars"},{"@type":"BreadcrumbList","@id":"https:\/\/www.africa-press.net\/togo\/politique\/togo-lome-accueille-le-salon-de-lemploi-en-mars#breadcrumb","itemListElement":[{"@type":"ListItem","position":1,"name":"Accueil","item":"https:\/\/www.africa-press.net\/togo\/"},{"@type":"ListItem","position":2,"name":"Togo-Lom\u00e9 accueille le Salon de l\u2019Emploi en mars"}]},{"@type":"WebSite","@id":"https:\/\/www.africa-press.net\/togo\/#website","url":"https:\/\/www.africa-press.net\/togo\/","name":"Togo","description":"Just another Africa News Agency Sites site","potentialAction":[{"@type":"SearchAction","target":{"@type":"EntryPoint","urlTemplate":"https:\/\/www.africa-press.net\/togo\/?s={search_term_string}"},"query-input":{"@type":"PropertyValueSpecification","valueRequired":true,"valueName":"search_term_string"}}],"inLanguage":"fr-FR"},{"@type":"Person","@id":"https:\/\/www.africa-press.net\/togo\/#\/schema\/person\/2b1cf3cd81a31e3cd26889ca66d677f1","name":"cfeditorfr"}]}},"_links":{"self":[{"href":"https:\/\/www.africa-press.net\/togo\/wp-json\/wp\/v2\/posts\/16953","targetHints":{"allow":["GET"]}}],"collection":[{"href":"https:\/\/www.africa-press.net\/togo\/wp-json\/wp\/v2\/posts"}],"about":[{"href":"https:\/\/www.africa-press.net\/togo\/wp-json\/wp\/v2\/types\/post"}],"author":[{"embeddable":true,"href":"https:\/\/www.africa-press.net\/togo\/wp-json\/wp\/v2\/users\/82"}],"replies":[{"embeddable":true,"href":"https:\/\/www.africa-press.net\/togo\/wp-json\/wp\/v2\/comments?post=16953"}],"version-history":[{"count":0,"href":"https:\/\/www.africa-press.net\/togo\/wp-json\/wp\/v2\/posts\/16953\/revisions"}],"wp:featuredmedia":[{"embeddable":true,"href":"https:\/\/www.africa-press.net\/togo\/wp-json\/wp\/v2\/media\/16952"}],"wp:attachment":[{"href":"https:\/\/www.africa-press.net\/togo\/wp-json\/wp\/v2\/media?parent=16953"}],"wp:term":[{"taxonomy":"category","embeddable":true,"href":"https:\/\/www.africa-press.net\/togo\/wp-json\/wp\/v2\/categories?post=16953"},{"taxonomy":"post_tag","embeddable":true,"href":"https:\/\/www.africa-press.net\/togo\/wp-json\/wp\/v2\/tags?post=16953"}],"curies":[{"name":"wp","href":"https:\/\/api.w.org\/{rel}","templated":true}]}}