{"id":16965,"date":"2023-02-09T12:46:50","date_gmt":"2023-02-09T12:46:50","guid":{"rendered":"https:\/\/www.africa-press.net\/togo\/politique\/de-lespoir-vole-au-destin-enchaine-5-fevrier-2005-5-fevrier-2023-il-y-a-18-ans-le-togo-rata-son-envol-democratique"},"modified":"2023-02-09T12:46:50","modified_gmt":"2023-02-09T12:46:50","slug":"de-lespoir-vole-au-destin-enchaine-5-fevrier-2005-5-fevrier-2023-il-y-a-18-ans-le-togo-rata-son-envol-democratique","status":"publish","type":"post","link":"https:\/\/www.africa-press.net\/togo\/politique\/de-lespoir-vole-au-destin-enchaine-5-fevrier-2005-5-fevrier-2023-il-y-a-18-ans-le-togo-rata-son-envol-democratique","title":{"rendered":"De l\u2019espoir vol\u00e9 au destin encha\u00een\u00e9\/5 f\u00e9vrier 2005 \u2013 5 f\u00e9vrier 2023\u00a0: Il y a 18 ans, le Togo rata son envol d\u00e9mocratique"},"content":{"rendered":"<p><span style=\"color: #ff6600\"><strong>Africa-Press &#8211; Togo. <\/strong><\/span>5 fe\u0301vrier 2005 \u2013 5 fe\u0301vrier 2023, il y a 18 ans que le ge\u0301ne\u0301ral Gnassingbe\u0301 Eyadema s\u2019est e\u0301teint. Ge\u0301niteur de l\u2019actuel pre\u0301sident Faure Gnassingbe\u0301, Eyadema est reste\u0301 dans la me\u0301moire collective des Togolais comme ce chef d\u2019Etat qui a dirige\u0301 le pays d\u2019une main de fer et sans discontinue pendant 38 ans. A son de\u0301ce\u0300s, alors que la constitution offre des garanties pour une transition de\u0301mocratique se\u0301curise\u0301e et apaise\u0301e a\u0300 travers le respect des dispositions pre\u0301vues en cas de vacance de pouvoir, les Forces Arme\u0301es Togolaises (FAT), comme en 1963, faussent a\u0300 nouveau le jeu de\u0301mocratique au Togo par un coup d\u2019e\u0301tat, plongeant plus que jadis, les populations togolaises dans leurs sempiternels tourments et leurs re\u0302ves de changement, sont encore remis. Triste !<\/p>\n<p>\u00ab Le Togo vient d\u2019e\u0302tre frappe\u0301 par un grand malheur. Il s\u2019agit d\u2019une ve\u0301ritable catastrophe nationale. Le Pre\u0301sident de la Re\u0301publique, son Excellence Gnassingbe\u0301 Eyadema n\u2019est plus. Il a rendu l\u2019a\u0302me ce samedi matin 05 fe\u0301vrier alors qu\u2019il e\u0301tait e\u0301vacue\u0301 d\u2019urgence pour des soins a\u0300 l\u2019exte\u0301rieur du pays \u00bb. C\u2019est ainsi que le Premier ministre Koffi Sama annonc\u0327a la \u00ab catastrophe \u00bb sur la Te\u0301le\u0301vision Togolaise (TVT).<\/p>\n<p>Arborant un air de\u0301primant avec un regard apitoyant et parlant sur un ton larmoyant, M. Sama invitait en fin d\u2019annonce les Togolais a\u0300 pre\u0301server la paix et la concorde nationale. \u00ab Ce deuil cruel dont est victime notre pays a\u0300 une pe\u0301riode cruciale de notre vie commune doit nous inciter a\u0300 pre\u0301server la paix et l\u2019unite\u0301 nationale qui sont nos acquis les plus pre\u0301cieux \u00bb, a-t-il de\u0301clare\u0301. Mais, c\u2019est sans compter avec les Forces Arme\u0301es Togolaises (FAT) qui, pour la e\u0301nie\u0300me fois dans l\u2019histoire politique du Togo, empe\u0302chent par la force des armes, la promotion du jeu de\u0301mocratique au Togo.<\/p>\n<p>\u00ab Nous de\u0301clarons vous servir loyalement a\u0300 partir de cet instant \u00bb, dixit le chef d\u2019e\u0301tatmajor ge\u0301ne\u0301ral des FAT, le Ge\u0301ne\u0301ral Zakari Nandja aux co\u0302te\u0301s d\u2019autres Ge\u0301ne\u0301raux et Officiers supe\u0301rieurs de l\u2019arme\u0301e. Tous debout, ils faisaient alle\u0301geance a\u0300 un jeune homme cravate\u0301 au visage e\u0301motionne\u0301. Ce jeune sera plus tard connu par le grand public sous le nom de Faure Gnassingbe\u0301, l\u2019actuel pre\u0301sident de la Re\u0301publique togolaise, fils du pre\u0301sident de\u0301ce\u0301de\u0301. Quoique loin des 38 ans de re\u0300gne du Pe\u0300re, les 18 ans du Fils n\u2019ont rien a\u0300 envier a\u0300 celui du Pe\u0300re. \u00ab Tel Pe\u0300re, tel Fils \u00bb, oseraient quelques Togolais. Et pourtant, a\u0300 sa prise de pouvoir, pour marquer ses envies de rupture avec le syste\u0300me antique, syste\u0300me de gouvernance du Pe\u0300re, le Fils de\u0301clarait : \u00ab Lui, c\u2019est lui, moi, c\u2019est moi ! \u00bb.<\/p>\n<p>Mais le de\u0301bat n\u2019en est pas la\u0300. Apre\u0300s la pe\u0301riode de dictature (1967-1979) a\u0300 celle de la de\u0301mocrature qui court de 1992 jusqu\u2019au de\u0301ce\u0300s du chef en 2005, beaucoup espe\u0301raient, mieux, pensaient que le Togo va enfin se relever pour consacrer les principes et valeurs de\u0301mocratiques. Mais que nenni ! au contraire, la Re\u0301publique a touche\u0301 le fond des abi\u0302mes du fait de la violence inoui\u0308e qui s\u2019est abattue sur le pays de\u0300s la disparition du Ge\u0301ne\u0301ral-pre\u0301sident Gnassingbe\u0301 Eyadema et a\u0300 l\u2019intervention des FAT sur la sce\u0300ne politique, \u00ab nommant \u00bb Faure Gnassingbe\u0301, pre\u0301sident de la Re\u0301publique togolaise. De grandes villes du pays comme Ane\u0301ho dans la pre\u0301fecture des Lacs, Lome\u0301, la capitale et Atakpame\u0301 dans la pre\u0301fecture de l\u2019Ogou pour ne citer que ces villes-la\u0300, ont paye\u0301 de lourds tributs.<\/p>\n<p>En prenant en compte les chiffres officiels publie\u0301s par les Organisations de De\u0301fense des Droits de l\u2019Homme tant nationales qu\u2019internationales, la Commission de Joseph Koffigoh, les partis politiques qui ont aussi enque\u0302te\u0301 sur les violences de 2005 sans oublier le rapport des Nations Unies, il y a plusieurs centaines de personnes tue\u0301es avant, pendant et apre\u0300s le scrutin pre\u0301sidentiel de 2005. Le nombre de 400 a\u0300 500 morts, a e\u0301te\u0301 retenu dans le rapport des Nations Unies. Et pourtant, le Premier ministre Koffi Sama avait appele\u0301 \u00ab a\u0300 pre\u0301server la paix \u00bb. Les FAT aussi. Ces dernie\u0300res, a\u0300 travers le Ge\u0301ne\u0301ral Nandja, ont lu sur les me\u0301dias officiels, un communique\u0301 appelant a\u0300 \u00ab pre\u0301server la paix et l\u2019unite\u0301 nationale \u00bb. Que s\u2019est-il alors passe\u0301 qu\u2019ils en soient a\u0300 l\u2019origine des violences qu\u2019a connues le Togo de\u0300s l\u2019acte de nomination d\u2019un nouveau pre\u0301sident, marchant ainsi sur les textes constitutionnels de la Re\u0301publique ? La question demeure. Mais ce qui est constant, sur le sujet, Kpatcha Gnassingbe\u0301, un autre fils de l\u2019illustre disparu, en dit la part de ve\u0301rite\u0301. \u00ab J\u2019ai demande\u0301 aux officiers a\u0300 l\u2019e\u0301poque de faire alle\u0301geance a\u0300 mon fre\u0300re le Pre\u0301sident. C\u0327a, je le reconnais et je le redis ! Parce que je connais a\u0300 peu pre\u0300s cette arme\u0301e. Je sais qu\u2019il y a de petits groupes ethniques. Pour moi, il fallait e\u0301viter le pire. Et si j\u2019ai mal fait, je pre\u0301sente mes excuses. Mais je crois qu\u2019il fallait aller pour e\u0301viter le chaos. C\u2019est cette raison qui m\u2019a pousse\u0301 a\u0300 demander aux Officiers supe\u0301rieurs, d\u2019abord aux Ge\u0301ne\u0301raux et ensuite aux Officiers supe\u0301rieurs de faire alle\u0301geance a\u0300 mon fre\u0300re le Pre\u0301sident Faure&#8230; \u00bb. Tels sont les propos de Luc Kpatcha Gnassingbe\u0301, ancien ministre de la de\u0301fense, et fre\u0300re du Pre\u0301sident Faure. L\u2019ancien de\u0301pute\u0301 de la Kozah, Kpatcha, donnait en 2012 sa version des faits sur les dramatiques e\u0301ve\u0301nements de 2005. Seulement, comment peut-on vouloir une chose et son contraire ? Comment peuton penser e\u0301viter le chaos en le cre\u0301ant ? C\u2019est incohe\u0301rent. Et depuis lors, la Re\u0301publique togolaise est embarque\u0301e vers un sans-nom. Les frustrations demeurent, les brimades sociopolitiques s\u2019intensifient, la paix n\u2019est qu\u2019un apparat, la corruption n\u2019a connu ni d\u2019apoge\u0301e ni de de\u0301clin, la reddition des comptes n\u2019est qu\u2019un re\u0302ve.<\/p>\n<p>\u00ab Lorsque le plus petit nombre accapare les ressources au de\u0301triment du plus grand nombre, alors s\u2019instaure un de\u0301se\u0301quilibre nuisible qui menace jusqu\u2019en ses tre\u0301fonds la de\u0301mocratie et le progre\u0300s \u00bb, a de\u0301clare\u0301 le pre\u0301sident Faure Gnassingbe\u0301 le 26 avril 2012, veille de la comme\u0301moration de l\u2019inde\u0301pendance du Togo. Malgre\u0301 ce qu\u2019on peut qualifier au bas mot d\u2019aveu d\u2019un re\u0301gime, qu\u2019a-t-il fait pour arre\u0302ter l\u2019he\u0301morragie ? Rien et le mal se mue en e\u0301pide\u0301mie. Le re\u0301cent rapport de la cour des comptes sur la gestion des fonds covid en est une illustration parfaite.<\/p>\n<p>Ainsi, 18 anne\u0301es apre\u0300s Eyadema, la Re\u0301publique n\u2019a vraiment pas change\u0301. L\u2019on continue de de\u0301shabiller Pierre pour habiller Paul avec une propagande politique de plus en plus ancre\u0301e dans les habitudes des femmes et hommes de \u00ab la maison \u00bb. Le reste, c\u2019est du dilatoire, du folklore avec un pays mis en pilotage automatique.<\/p>\n<p>5 fe\u0301vrier 2005, de l\u2019espoir vole\u0301 a\u0300 la fe\u0301licite\u0301 embrigade\u0301e, c\u2019e\u0301tait incontestablement le jour ou\u0300 le Togo a rate\u0301 une occasion en or de re\u0301aliser enfin sa mue politique et amorcer son envol de\u0301mocratique. Mais ce n\u2019e\u0301tait que partie remise. Car, to\u0302t ou tard, cette nation va renaitre.<\/p>\n<p>Sylvestre Beni La Manchette<\/p>\n<p><strong>Pour plus d&rsquo;informations et d&rsquo;analyses sur la <a href=\"https:\/\/www.africa-press.net\/togo\">Togo<\/a>, suivez <a href=\"https:\/\/www.africa-press.net\/\">Africa-Press<\/a><\/strong><\/p>\n","protected":false},"excerpt":{"rendered":"<p>Africa-Press &#8211; Togo. 5 fe\u0301vrier 2005 \u2013 5 fe\u0301vrier 2023, il y a 18 ans que le ge\u0301ne\u0301ral Gnassingbe\u0301 Eyadema s\u2019est e\u0301teint. Ge\u0301niteur de l\u2019actuel pre\u0301sident Faure Gnassingbe\u0301, Eyadema est reste\u0301 dans la me\u0301moire collective des Togolais comme ce chef d\u2019Etat qui a dirige\u0301 le pays d\u2019une main de fer et sans discontinue pendant 38 [&hellip;]<\/p>\n","protected":false},"author":82,"featured_media":16964,"comment_status":"open","ping_status":"closed","sticky":false,"template":"","format":"standard","meta":{"footnotes":""},"categories":[2,10],"tags":[36,49,50],"class_list":["post-16965","post","type-post","status-publish","format-standard","has-post-thumbnail","hentry","category-politique","category-toutes-les-actualites","tag-africa-press","tag-africa-press-togo","tag-togo"],"yoast_head":"<!-- This site is optimized with the Yoast SEO Premium plugin v26.1 (Yoast SEO v27.0) - https:\/\/yoast.com\/product\/yoast-seo-premium-wordpress\/ -->\n<title>De l\u2019espoir vol\u00e9 au destin encha\u00een\u00e9\/5 f\u00e9vrier 2005 \u2013 5 f\u00e9vrier 2023\u00a0: Il y a 18 ans, le Togo rata son envol d\u00e9mocratique - Togo<\/title>\n<meta name=\"robots\" content=\"index, follow, max-snippet:-1, max-image-preview:large, max-video-preview:-1\" \/>\n<link rel=\"canonical\" href=\"https:\/\/www.africa-press.net\/togo\/politique\/de-lespoir-vole-au-destin-enchaine-5-fevrier-2005-5-fevrier-2023-il-y-a-18-ans-le-togo-rata-son-envol-democratique\" \/>\n<meta property=\"og:locale\" content=\"fr_FR\" \/>\n<meta property=\"og:type\" content=\"article\" \/>\n<meta property=\"og:title\" content=\"De l\u2019espoir vol\u00e9 au destin encha\u00een\u00e9\/5 f\u00e9vrier 2005 \u2013 5 f\u00e9vrier 2023\u00a0: Il y a 18 ans, le Togo rata son envol d\u00e9mocratique\" \/>\n<meta property=\"og:description\" content=\"Africa-Press &#8211; Togo. 5 fe\u0301vrier 2005 \u2013 5 fe\u0301vrier 2023, il y a 18 ans que le ge\u0301ne\u0301ral Gnassingbe\u0301 Eyadema s\u2019est e\u0301teint. Ge\u0301niteur de l\u2019actuel pre\u0301sident Faure Gnassingbe\u0301, Eyadema est reste\u0301 dans la me\u0301moire collective des Togolais comme ce chef d\u2019Etat qui a dirige\u0301 le pays d\u2019une main de fer et sans discontinue pendant 38 [&hellip;]\" \/>\n<meta property=\"og:url\" content=\"https:\/\/www.africa-press.net\/togo\/politique\/de-lespoir-vole-au-destin-enchaine-5-fevrier-2005-5-fevrier-2023-il-y-a-18-ans-le-togo-rata-son-envol-democratique\" \/>\n<meta property=\"og:site_name\" content=\"Togo\" \/>\n<meta property=\"article:published_time\" content=\"2023-02-09T12:46:50+00:00\" \/>\n<meta name=\"author\" content=\"cfeditorfr\" \/>\n<meta name=\"twitter:card\" content=\"summary_large_image\" \/>\n<meta name=\"twitter:label1\" content=\"\u00c9crit par\" \/>\n\t<meta name=\"twitter:data1\" content=\"cfeditorfr\" \/>\n\t<meta name=\"twitter:label2\" content=\"Dur\u00e9e de lecture estim\u00e9e\" \/>\n\t<meta name=\"twitter:data2\" content=\"7 minutes\" \/>\n<script type=\"application\/ld+json\" class=\"yoast-schema-graph\">{\"@context\":\"https:\/\/schema.org\",\"@graph\":[{\"@type\":\"Article\",\"@id\":\"https:\/\/www.africa-press.net\/togo\/politique\/de-lespoir-vole-au-destin-enchaine-5-fevrier-2005-5-fevrier-2023-il-y-a-18-ans-le-togo-rata-son-envol-democratique#article\",\"isPartOf\":{\"@id\":\"https:\/\/www.africa-press.net\/togo\/politique\/de-lespoir-vole-au-destin-enchaine-5-fevrier-2005-5-fevrier-2023-il-y-a-18-ans-le-togo-rata-son-envol-democratique\"},\"author\":{\"name\":\"cfeditorfr\",\"@id\":\"https:\/\/www.africa-press.net\/togo\/#\/schema\/person\/2b1cf3cd81a31e3cd26889ca66d677f1\"},\"headline\":\"De l\u2019espoir vol\u00e9 au destin encha\u00een\u00e9\/5 f\u00e9vrier 2005 \u2013 5 f\u00e9vrier 2023\u00a0: Il y a 18 ans, le Togo rata son envol d\u00e9mocratique\",\"datePublished\":\"2023-02-09T12:46:50+00:00\",\"mainEntityOfPage\":{\"@id\":\"https:\/\/www.africa-press.net\/togo\/politique\/de-lespoir-vole-au-destin-enchaine-5-fevrier-2005-5-fevrier-2023-il-y-a-18-ans-le-togo-rata-son-envol-democratique\"},\"wordCount\":1349,\"commentCount\":0,\"image\":{\"@id\":\"https:\/\/www.africa-press.net\/togo\/politique\/de-lespoir-vole-au-destin-enchaine-5-fevrier-2005-5-fevrier-2023-il-y-a-18-ans-le-togo-rata-son-envol-democratique#primaryimage\"},\"thumbnailUrl\":\"https:\/\/static.africa-press.net\/togo\/sites\/58\/2023\/02\/postQueueImg_1675934215.64.jpg\",\"keywords\":[\"Africa Press\",\"Africa Press-Togo\",\"Togo\"],\"articleSection\":[\"Politique\",\"Toutes les actualit\u00e9s\"],\"inLanguage\":\"fr-FR\",\"potentialAction\":[{\"@type\":\"CommentAction\",\"name\":\"Comment\",\"target\":[\"https:\/\/www.africa-press.net\/togo\/politique\/de-lespoir-vole-au-destin-enchaine-5-fevrier-2005-5-fevrier-2023-il-y-a-18-ans-le-togo-rata-son-envol-democratique#respond\"]}]},{\"@type\":\"WebPage\",\"@id\":\"https:\/\/www.africa-press.net\/togo\/politique\/de-lespoir-vole-au-destin-enchaine-5-fevrier-2005-5-fevrier-2023-il-y-a-18-ans-le-togo-rata-son-envol-democratique\",\"url\":\"https:\/\/www.africa-press.net\/togo\/politique\/de-lespoir-vole-au-destin-enchaine-5-fevrier-2005-5-fevrier-2023-il-y-a-18-ans-le-togo-rata-son-envol-democratique\",\"name\":\"De l\u2019espoir vol\u00e9 au destin encha\u00een\u00e9\/5 f\u00e9vrier 2005 \u2013 5 f\u00e9vrier 2023\u00a0: Il y a 18 ans, le Togo rata son envol d\u00e9mocratique - Togo\",\"isPartOf\":{\"@id\":\"https:\/\/www.africa-press.net\/togo\/#website\"},\"primaryImageOfPage\":{\"@id\":\"https:\/\/www.africa-press.net\/togo\/politique\/de-lespoir-vole-au-destin-enchaine-5-fevrier-2005-5-fevrier-2023-il-y-a-18-ans-le-togo-rata-son-envol-democratique#primaryimage\"},\"image\":{\"@id\":\"https:\/\/www.africa-press.net\/togo\/politique\/de-lespoir-vole-au-destin-enchaine-5-fevrier-2005-5-fevrier-2023-il-y-a-18-ans-le-togo-rata-son-envol-democratique#primaryimage\"},\"thumbnailUrl\":\"https:\/\/static.africa-press.net\/togo\/sites\/58\/2023\/02\/postQueueImg_1675934215.64.jpg\",\"datePublished\":\"2023-02-09T12:46:50+00:00\",\"author\":{\"@id\":\"https:\/\/www.africa-press.net\/togo\/#\/schema\/person\/2b1cf3cd81a31e3cd26889ca66d677f1\"},\"breadcrumb\":{\"@id\":\"https:\/\/www.africa-press.net\/togo\/politique\/de-lespoir-vole-au-destin-enchaine-5-fevrier-2005-5-fevrier-2023-il-y-a-18-ans-le-togo-rata-son-envol-democratique#breadcrumb\"},\"inLanguage\":\"fr-FR\",\"potentialAction\":[{\"@type\":\"ReadAction\",\"target\":[\"https:\/\/www.africa-press.net\/togo\/politique\/de-lespoir-vole-au-destin-enchaine-5-fevrier-2005-5-fevrier-2023-il-y-a-18-ans-le-togo-rata-son-envol-democratique\"]}]},{\"@type\":\"ImageObject\",\"inLanguage\":\"fr-FR\",\"@id\":\"https:\/\/www.africa-press.net\/togo\/politique\/de-lespoir-vole-au-destin-enchaine-5-fevrier-2005-5-fevrier-2023-il-y-a-18-ans-le-togo-rata-son-envol-democratique#primaryimage\",\"url\":\"https:\/\/static.africa-press.net\/togo\/sites\/58\/2023\/02\/postQueueImg_1675934215.64.jpg\",\"contentUrl\":\"https:\/\/static.africa-press.net\/togo\/sites\/58\/2023\/02\/postQueueImg_1675934215.64.jpg\",\"width\":720,\"height\":479,\"caption\":\"De l\u2019espoir vol\u00e9 au destin encha\u00een\u00e9\/5 f\u00e9vrier 2005 \u2013 5 f\u00e9vrier 2023\u00a0: Il y a 18 ans, le Togo rata son envol d\u00e9mocratique\"},{\"@type\":\"BreadcrumbList\",\"@id\":\"https:\/\/www.africa-press.net\/togo\/politique\/de-lespoir-vole-au-destin-enchaine-5-fevrier-2005-5-fevrier-2023-il-y-a-18-ans-le-togo-rata-son-envol-democratique#breadcrumb\",\"itemListElement\":[{\"@type\":\"ListItem\",\"position\":1,\"name\":\"Accueil\",\"item\":\"https:\/\/www.africa-press.net\/togo\/\"},{\"@type\":\"ListItem\",\"position\":2,\"name\":\"De l\u2019espoir vol\u00e9 au destin encha\u00een\u00e9\/5 f\u00e9vrier 2005 \u2013 5 f\u00e9vrier 2023\u00a0: Il y a 18 ans, le Togo rata son envol d\u00e9mocratique\"}]},{\"@type\":\"WebSite\",\"@id\":\"https:\/\/www.africa-press.net\/togo\/#website\",\"url\":\"https:\/\/www.africa-press.net\/togo\/\",\"name\":\"Togo\",\"description\":\"Just another Africa News Agency Sites site\",\"potentialAction\":[{\"@type\":\"SearchAction\",\"target\":{\"@type\":\"EntryPoint\",\"urlTemplate\":\"https:\/\/www.africa-press.net\/togo\/?s={search_term_string}\"},\"query-input\":{\"@type\":\"PropertyValueSpecification\",\"valueRequired\":true,\"valueName\":\"search_term_string\"}}],\"inLanguage\":\"fr-FR\"},{\"@type\":\"Person\",\"@id\":\"https:\/\/www.africa-press.net\/togo\/#\/schema\/person\/2b1cf3cd81a31e3cd26889ca66d677f1\",\"name\":\"cfeditorfr\"}]}<\/script>\n<!-- \/ Yoast SEO Premium plugin. -->","yoast_head_json":{"title":"De l\u2019espoir vol\u00e9 au destin encha\u00een\u00e9\/5 f\u00e9vrier 2005 \u2013 5 f\u00e9vrier 2023\u00a0: Il y a 18 ans, le Togo rata son envol d\u00e9mocratique - Togo","robots":{"index":"index","follow":"follow","max-snippet":"max-snippet:-1","max-image-preview":"max-image-preview:large","max-video-preview":"max-video-preview:-1"},"canonical":"https:\/\/www.africa-press.net\/togo\/politique\/de-lespoir-vole-au-destin-enchaine-5-fevrier-2005-5-fevrier-2023-il-y-a-18-ans-le-togo-rata-son-envol-democratique","og_locale":"fr_FR","og_type":"article","og_title":"De l\u2019espoir vol\u00e9 au destin encha\u00een\u00e9\/5 f\u00e9vrier 2005 \u2013 5 f\u00e9vrier 2023\u00a0: Il y a 18 ans, le Togo rata son envol d\u00e9mocratique","og_description":"Africa-Press &#8211; Togo. 5 fe\u0301vrier 2005 \u2013 5 fe\u0301vrier 2023, il y a 18 ans que le ge\u0301ne\u0301ral Gnassingbe\u0301 Eyadema s\u2019est e\u0301teint. Ge\u0301niteur de l\u2019actuel pre\u0301sident Faure Gnassingbe\u0301, Eyadema est reste\u0301 dans la me\u0301moire collective des Togolais comme ce chef d\u2019Etat qui a dirige\u0301 le pays d\u2019une main de fer et sans discontinue pendant 38 [&hellip;]","og_url":"https:\/\/www.africa-press.net\/togo\/politique\/de-lespoir-vole-au-destin-enchaine-5-fevrier-2005-5-fevrier-2023-il-y-a-18-ans-le-togo-rata-son-envol-democratique","og_site_name":"Togo","article_published_time":"2023-02-09T12:46:50+00:00","author":"cfeditorfr","twitter_card":"summary_large_image","twitter_misc":{"\u00c9crit par":"cfeditorfr","Dur\u00e9e de lecture estim\u00e9e":"7 minutes"},"schema":{"@context":"https:\/\/schema.org","@graph":[{"@type":"Article","@id":"https:\/\/www.africa-press.net\/togo\/politique\/de-lespoir-vole-au-destin-enchaine-5-fevrier-2005-5-fevrier-2023-il-y-a-18-ans-le-togo-rata-son-envol-democratique#article","isPartOf":{"@id":"https:\/\/www.africa-press.net\/togo\/politique\/de-lespoir-vole-au-destin-enchaine-5-fevrier-2005-5-fevrier-2023-il-y-a-18-ans-le-togo-rata-son-envol-democratique"},"author":{"name":"cfeditorfr","@id":"https:\/\/www.africa-press.net\/togo\/#\/schema\/person\/2b1cf3cd81a31e3cd26889ca66d677f1"},"headline":"De l\u2019espoir vol\u00e9 au destin encha\u00een\u00e9\/5 f\u00e9vrier 2005 \u2013 5 f\u00e9vrier 2023\u00a0: Il y a 18 ans, le Togo rata son envol d\u00e9mocratique","datePublished":"2023-02-09T12:46:50+00:00","mainEntityOfPage":{"@id":"https:\/\/www.africa-press.net\/togo\/politique\/de-lespoir-vole-au-destin-enchaine-5-fevrier-2005-5-fevrier-2023-il-y-a-18-ans-le-togo-rata-son-envol-democratique"},"wordCount":1349,"commentCount":0,"image":{"@id":"https:\/\/www.africa-press.net\/togo\/politique\/de-lespoir-vole-au-destin-enchaine-5-fevrier-2005-5-fevrier-2023-il-y-a-18-ans-le-togo-rata-son-envol-democratique#primaryimage"},"thumbnailUrl":"https:\/\/static.africa-press.net\/togo\/sites\/58\/2023\/02\/postQueueImg_1675934215.64.jpg","keywords":["Africa Press","Africa Press-Togo","Togo"],"articleSection":["Politique","Toutes les actualit\u00e9s"],"inLanguage":"fr-FR","potentialAction":[{"@type":"CommentAction","name":"Comment","target":["https:\/\/www.africa-press.net\/togo\/politique\/de-lespoir-vole-au-destin-enchaine-5-fevrier-2005-5-fevrier-2023-il-y-a-18-ans-le-togo-rata-son-envol-democratique#respond"]}]},{"@type":"WebPage","@id":"https:\/\/www.africa-press.net\/togo\/politique\/de-lespoir-vole-au-destin-enchaine-5-fevrier-2005-5-fevrier-2023-il-y-a-18-ans-le-togo-rata-son-envol-democratique","url":"https:\/\/www.africa-press.net\/togo\/politique\/de-lespoir-vole-au-destin-enchaine-5-fevrier-2005-5-fevrier-2023-il-y-a-18-ans-le-togo-rata-son-envol-democratique","name":"De l\u2019espoir vol\u00e9 au destin encha\u00een\u00e9\/5 f\u00e9vrier 2005 \u2013 5 f\u00e9vrier 2023\u00a0: Il y a 18 ans, le Togo rata son envol d\u00e9mocratique - Togo","isPartOf":{"@id":"https:\/\/www.africa-press.net\/togo\/#website"},"primaryImageOfPage":{"@id":"https:\/\/www.africa-press.net\/togo\/politique\/de-lespoir-vole-au-destin-enchaine-5-fevrier-2005-5-fevrier-2023-il-y-a-18-ans-le-togo-rata-son-envol-democratique#primaryimage"},"image":{"@id":"https:\/\/www.africa-press.net\/togo\/politique\/de-lespoir-vole-au-destin-enchaine-5-fevrier-2005-5-fevrier-2023-il-y-a-18-ans-le-togo-rata-son-envol-democratique#primaryimage"},"thumbnailUrl":"https:\/\/static.africa-press.net\/togo\/sites\/58\/2023\/02\/postQueueImg_1675934215.64.jpg","datePublished":"2023-02-09T12:46:50+00:00","author":{"@id":"https:\/\/www.africa-press.net\/togo\/#\/schema\/person\/2b1cf3cd81a31e3cd26889ca66d677f1"},"breadcrumb":{"@id":"https:\/\/www.africa-press.net\/togo\/politique\/de-lespoir-vole-au-destin-enchaine-5-fevrier-2005-5-fevrier-2023-il-y-a-18-ans-le-togo-rata-son-envol-democratique#breadcrumb"},"inLanguage":"fr-FR","potentialAction":[{"@type":"ReadAction","target":["https:\/\/www.africa-press.net\/togo\/politique\/de-lespoir-vole-au-destin-enchaine-5-fevrier-2005-5-fevrier-2023-il-y-a-18-ans-le-togo-rata-son-envol-democratique"]}]},{"@type":"ImageObject","inLanguage":"fr-FR","@id":"https:\/\/www.africa-press.net\/togo\/politique\/de-lespoir-vole-au-destin-enchaine-5-fevrier-2005-5-fevrier-2023-il-y-a-18-ans-le-togo-rata-son-envol-democratique#primaryimage","url":"https:\/\/static.africa-press.net\/togo\/sites\/58\/2023\/02\/postQueueImg_1675934215.64.jpg","contentUrl":"https:\/\/static.africa-press.net\/togo\/sites\/58\/2023\/02\/postQueueImg_1675934215.64.jpg","width":720,"height":479,"caption":"De l\u2019espoir vol\u00e9 au destin encha\u00een\u00e9\/5 f\u00e9vrier 2005 \u2013 5 f\u00e9vrier 2023\u00a0: Il y a 18 ans, le Togo rata son envol d\u00e9mocratique"},{"@type":"BreadcrumbList","@id":"https:\/\/www.africa-press.net\/togo\/politique\/de-lespoir-vole-au-destin-enchaine-5-fevrier-2005-5-fevrier-2023-il-y-a-18-ans-le-togo-rata-son-envol-democratique#breadcrumb","itemListElement":[{"@type":"ListItem","position":1,"name":"Accueil","item":"https:\/\/www.africa-press.net\/togo\/"},{"@type":"ListItem","position":2,"name":"De l\u2019espoir vol\u00e9 au destin encha\u00een\u00e9\/5 f\u00e9vrier 2005 \u2013 5 f\u00e9vrier 2023\u00a0: Il y a 18 ans, le Togo rata son envol d\u00e9mocratique"}]},{"@type":"WebSite","@id":"https:\/\/www.africa-press.net\/togo\/#website","url":"https:\/\/www.africa-press.net\/togo\/","name":"Togo","description":"Just another Africa News Agency Sites site","potentialAction":[{"@type":"SearchAction","target":{"@type":"EntryPoint","urlTemplate":"https:\/\/www.africa-press.net\/togo\/?s={search_term_string}"},"query-input":{"@type":"PropertyValueSpecification","valueRequired":true,"valueName":"search_term_string"}}],"inLanguage":"fr-FR"},{"@type":"Person","@id":"https:\/\/www.africa-press.net\/togo\/#\/schema\/person\/2b1cf3cd81a31e3cd26889ca66d677f1","name":"cfeditorfr"}]}},"_links":{"self":[{"href":"https:\/\/www.africa-press.net\/togo\/wp-json\/wp\/v2\/posts\/16965","targetHints":{"allow":["GET"]}}],"collection":[{"href":"https:\/\/www.africa-press.net\/togo\/wp-json\/wp\/v2\/posts"}],"about":[{"href":"https:\/\/www.africa-press.net\/togo\/wp-json\/wp\/v2\/types\/post"}],"author":[{"embeddable":true,"href":"https:\/\/www.africa-press.net\/togo\/wp-json\/wp\/v2\/users\/82"}],"replies":[{"embeddable":true,"href":"https:\/\/www.africa-press.net\/togo\/wp-json\/wp\/v2\/comments?post=16965"}],"version-history":[{"count":0,"href":"https:\/\/www.africa-press.net\/togo\/wp-json\/wp\/v2\/posts\/16965\/revisions"}],"wp:featuredmedia":[{"embeddable":true,"href":"https:\/\/www.africa-press.net\/togo\/wp-json\/wp\/v2\/media\/16964"}],"wp:attachment":[{"href":"https:\/\/www.africa-press.net\/togo\/wp-json\/wp\/v2\/media?parent=16965"}],"wp:term":[{"taxonomy":"category","embeddable":true,"href":"https:\/\/www.africa-press.net\/togo\/wp-json\/wp\/v2\/categories?post=16965"},{"taxonomy":"post_tag","embeddable":true,"href":"https:\/\/www.africa-press.net\/togo\/wp-json\/wp\/v2\/tags?post=16965"}],"curies":[{"name":"wp","href":"https:\/\/api.w.org\/{rel}","templated":true}]}}