{"id":16967,"date":"2023-02-09T12:41:00","date_gmt":"2023-02-09T12:41:00","guid":{"rendered":"https:\/\/www.africa-press.net\/togo\/politique\/togo-desengorgement-des-voies-la-date-du-15-fevrier-maintenue-par-les-autorites"},"modified":"2023-02-09T12:41:00","modified_gmt":"2023-02-09T12:41:00","slug":"togo-desengorgement-des-voies-la-date-du-15-fevrier-maintenue-par-les-autorites","status":"publish","type":"post","link":"https:\/\/www.africa-press.net\/togo\/politique\/togo-desengorgement-des-voies-la-date-du-15-fevrier-maintenue-par-les-autorites","title":{"rendered":"Togo-D\u00e9sengorgement des voies: la date du 15 f\u00e9vrier maintenue par les autorit\u00e9s"},"content":{"rendered":"<p><span style=\"color: #ff6600\"><strong>Africa-Press &#8211; Togo. <\/strong><\/span>Plusieurs observateurs ont propose\u0301 qu\u2019un moratoire de 6 mois soit donne\u0301 aux commerc\u0327ants qui occupent ille\u0301galement les abords des voies publiques. Ce ne sera malheureusement pas le cas. Lors d\u2019une rencontre entre Payadowa Boukpessi, ministre en charge de l\u2019administration territoriale, avec les maires du Grand Lome\u0301, la date du 15 fe\u0301vrier est maintenue.<\/p>\n<p>Etaient e\u0301galement pre\u0301sents a\u0300 cette rencontre, le ministre en charge de la communication, Prof Akodah Ayewouadan et des travaux publics Mme Zoure\u0301hatou Kassah-Traore\u0301, le pre\u0301fet d\u2019Agoe\u0300-Nyive\u0301 et la directrice ge\u0301ne\u0301rale de l\u2019EPAM.<\/p>\n<p>Les discussions ont porte\u0301 sur le de\u0301sengorgement des voies et au cours des discussions, le gouvernement a encourage\u0301 les maires a\u0300 intensifier la sensibilisation a\u0300 l\u2019intention des occupants des voies sur la ne\u0301cessite\u0301 d\u2019y quitter.<\/p>\n<p>\u00ab Avant les anne\u0301es 90, le Togo e\u0301tait un mode\u0300le en ce qui concerne une utilisation rationnelle de l\u2019espace public et c\u2019est ce mode\u0300le togolais qui a inspire\u0301 les pays limitrophes, il n\u2019y a pas de raison qu\u2019ils parviennent et que nous, aujourd\u2019hui nous soyons a\u0300 la trai\u0302ne \u00bb ont indique\u0301 les autorite\u0301s.<\/p>\n<p>Le moratoire de 6 mois propose\u0301 par plusieurs observateurs ne sera donc pas adopte\u0301. Les autorite\u0301s maintiennent la date du 15 fe\u0301vrier. Selon les informations, du 15 au 22 fe\u0301vrier, de lourdes amendes seront impose\u0301es aux contrevenants. Le de\u0301guerpissement proprement dit commencera a\u0300 partir du 23 fe\u0301vrier ou\u0300 les bulldozers rentreront en activite\u0301.<\/p>\n<p>Cette ope\u0301ration de de\u0301sengorgement ne concerne que les routes goudronne\u0301es.<\/p>\n<p><strong>Pour plus d&rsquo;informations et d&rsquo;analyses sur la <a href=\"https:\/\/www.africa-press.net\/togo\">Togo<\/a>, suivez <a href=\"https:\/\/www.africa-press.net\/\">Africa-Press<\/a><\/strong><\/p>\n","protected":false},"excerpt":{"rendered":"<p>Africa-Press &#8211; Togo. Plusieurs observateurs ont propose\u0301 qu\u2019un moratoire de 6 mois soit donne\u0301 aux commerc\u0327ants qui occupent ille\u0301galement les abords des voies publiques. Ce ne sera malheureusement pas le cas. Lors d\u2019une rencontre entre Payadowa Boukpessi, ministre en charge de l\u2019administration territoriale, avec les maires du Grand Lome\u0301, la date du 15 fe\u0301vrier est [&hellip;]<\/p>\n","protected":false},"author":82,"featured_media":16966,"comment_status":"open","ping_status":"closed","sticky":false,"template":"","format":"standard","meta":{"footnotes":""},"categories":[2,10],"tags":[36,49,50],"class_list":["post-16967","post","type-post","status-publish","format-standard","has-post-thumbnail","hentry","category-politique","category-toutes-les-actualites","tag-africa-press","tag-africa-press-togo","tag-togo"],"yoast_head":"<!-- This site is optimized with the Yoast SEO Premium plugin v26.1 (Yoast SEO v27.0) - https:\/\/yoast.com\/product\/yoast-seo-premium-wordpress\/ -->\n<title>Togo-D\u00e9sengorgement des voies: la date du 15 f\u00e9vrier maintenue par les autorit\u00e9s - Togo<\/title>\n<meta name=\"robots\" content=\"index, follow, max-snippet:-1, max-image-preview:large, max-video-preview:-1\" \/>\n<link rel=\"canonical\" href=\"https:\/\/www.africa-press.net\/togo\/politique\/togo-desengorgement-des-voies-la-date-du-15-fevrier-maintenue-par-les-autorites\" \/>\n<meta property=\"og:locale\" content=\"fr_FR\" \/>\n<meta property=\"og:type\" content=\"article\" \/>\n<meta property=\"og:title\" content=\"Togo-D\u00e9sengorgement des voies: la date du 15 f\u00e9vrier maintenue par les autorit\u00e9s\" \/>\n<meta property=\"og:description\" content=\"Africa-Press &#8211; Togo. Plusieurs observateurs ont propose\u0301 qu\u2019un moratoire de 6 mois soit donne\u0301 aux commerc\u0327ants qui occupent ille\u0301galement les abords des voies publiques. Ce ne sera malheureusement pas le cas. Lors d\u2019une rencontre entre Payadowa Boukpessi, ministre en charge de l\u2019administration territoriale, avec les maires du Grand Lome\u0301, la date du 15 fe\u0301vrier est [&hellip;]\" \/>\n<meta property=\"og:url\" content=\"https:\/\/www.africa-press.net\/togo\/politique\/togo-desengorgement-des-voies-la-date-du-15-fevrier-maintenue-par-les-autorites\" \/>\n<meta property=\"og:site_name\" content=\"Togo\" \/>\n<meta property=\"article:published_time\" content=\"2023-02-09T12:41:00+00:00\" \/>\n<meta name=\"author\" content=\"cfeditorfr\" \/>\n<meta name=\"twitter:card\" content=\"summary_large_image\" \/>\n<meta name=\"twitter:label1\" content=\"\u00c9crit par\" \/>\n\t<meta name=\"twitter:data1\" content=\"cfeditorfr\" \/>\n\t<meta name=\"twitter:label2\" content=\"Dur\u00e9e de lecture estim\u00e9e\" \/>\n\t<meta name=\"twitter:data2\" content=\"1 minute\" \/>\n<script type=\"application\/ld+json\" class=\"yoast-schema-graph\">{\"@context\":\"https:\/\/schema.org\",\"@graph\":[{\"@type\":\"Article\",\"@id\":\"https:\/\/www.africa-press.net\/togo\/politique\/togo-desengorgement-des-voies-la-date-du-15-fevrier-maintenue-par-les-autorites#article\",\"isPartOf\":{\"@id\":\"https:\/\/www.africa-press.net\/togo\/politique\/togo-desengorgement-des-voies-la-date-du-15-fevrier-maintenue-par-les-autorites\"},\"author\":{\"name\":\"cfeditorfr\",\"@id\":\"https:\/\/www.africa-press.net\/togo\/#\/schema\/person\/2b1cf3cd81a31e3cd26889ca66d677f1\"},\"headline\":\"Togo-D\u00e9sengorgement des voies: la date du 15 f\u00e9vrier maintenue par les autorit\u00e9s\",\"datePublished\":\"2023-02-09T12:41:00+00:00\",\"mainEntityOfPage\":{\"@id\":\"https:\/\/www.africa-press.net\/togo\/politique\/togo-desengorgement-des-voies-la-date-du-15-fevrier-maintenue-par-les-autorites\"},\"wordCount\":294,\"commentCount\":0,\"image\":{\"@id\":\"https:\/\/www.africa-press.net\/togo\/politique\/togo-desengorgement-des-voies-la-date-du-15-fevrier-maintenue-par-les-autorites#primaryimage\"},\"thumbnailUrl\":\"https:\/\/static.africa-press.net\/togo\/sites\/58\/2023\/02\/postQueueImg_1675934228.53.jpg\",\"keywords\":[\"Africa Press\",\"Africa Press-Togo\",\"Togo\"],\"articleSection\":[\"Politique\",\"Toutes les actualit\u00e9s\"],\"inLanguage\":\"fr-FR\",\"potentialAction\":[{\"@type\":\"CommentAction\",\"name\":\"Comment\",\"target\":[\"https:\/\/www.africa-press.net\/togo\/politique\/togo-desengorgement-des-voies-la-date-du-15-fevrier-maintenue-par-les-autorites#respond\"]}]},{\"@type\":\"WebPage\",\"@id\":\"https:\/\/www.africa-press.net\/togo\/politique\/togo-desengorgement-des-voies-la-date-du-15-fevrier-maintenue-par-les-autorites\",\"url\":\"https:\/\/www.africa-press.net\/togo\/politique\/togo-desengorgement-des-voies-la-date-du-15-fevrier-maintenue-par-les-autorites\",\"name\":\"Togo-D\u00e9sengorgement des voies: la date du 15 f\u00e9vrier maintenue par les autorit\u00e9s - Togo\",\"isPartOf\":{\"@id\":\"https:\/\/www.africa-press.net\/togo\/#website\"},\"primaryImageOfPage\":{\"@id\":\"https:\/\/www.africa-press.net\/togo\/politique\/togo-desengorgement-des-voies-la-date-du-15-fevrier-maintenue-par-les-autorites#primaryimage\"},\"image\":{\"@id\":\"https:\/\/www.africa-press.net\/togo\/politique\/togo-desengorgement-des-voies-la-date-du-15-fevrier-maintenue-par-les-autorites#primaryimage\"},\"thumbnailUrl\":\"https:\/\/static.africa-press.net\/togo\/sites\/58\/2023\/02\/postQueueImg_1675934228.53.jpg\",\"datePublished\":\"2023-02-09T12:41:00+00:00\",\"author\":{\"@id\":\"https:\/\/www.africa-press.net\/togo\/#\/schema\/person\/2b1cf3cd81a31e3cd26889ca66d677f1\"},\"breadcrumb\":{\"@id\":\"https:\/\/www.africa-press.net\/togo\/politique\/togo-desengorgement-des-voies-la-date-du-15-fevrier-maintenue-par-les-autorites#breadcrumb\"},\"inLanguage\":\"fr-FR\",\"potentialAction\":[{\"@type\":\"ReadAction\",\"target\":[\"https:\/\/www.africa-press.net\/togo\/politique\/togo-desengorgement-des-voies-la-date-du-15-fevrier-maintenue-par-les-autorites\"]}]},{\"@type\":\"ImageObject\",\"inLanguage\":\"fr-FR\",\"@id\":\"https:\/\/www.africa-press.net\/togo\/politique\/togo-desengorgement-des-voies-la-date-du-15-fevrier-maintenue-par-les-autorites#primaryimage\",\"url\":\"https:\/\/static.africa-press.net\/togo\/sites\/58\/2023\/02\/postQueueImg_1675934228.53.jpg\",\"contentUrl\":\"https:\/\/static.africa-press.net\/togo\/sites\/58\/2023\/02\/postQueueImg_1675934228.53.jpg\",\"width\":720,\"height\":479,\"caption\":\"Togo-D\u00e9sengorgement des voies: la date du 15 f\u00e9vrier maintenue par les autorit\u00e9s\"},{\"@type\":\"BreadcrumbList\",\"@id\":\"https:\/\/www.africa-press.net\/togo\/politique\/togo-desengorgement-des-voies-la-date-du-15-fevrier-maintenue-par-les-autorites#breadcrumb\",\"itemListElement\":[{\"@type\":\"ListItem\",\"position\":1,\"name\":\"Accueil\",\"item\":\"https:\/\/www.africa-press.net\/togo\/\"},{\"@type\":\"ListItem\",\"position\":2,\"name\":\"Togo-D\u00e9sengorgement des voies: la date du 15 f\u00e9vrier maintenue par les autorit\u00e9s\"}]},{\"@type\":\"WebSite\",\"@id\":\"https:\/\/www.africa-press.net\/togo\/#website\",\"url\":\"https:\/\/www.africa-press.net\/togo\/\",\"name\":\"Togo\",\"description\":\"Just another Africa News Agency Sites site\",\"potentialAction\":[{\"@type\":\"SearchAction\",\"target\":{\"@type\":\"EntryPoint\",\"urlTemplate\":\"https:\/\/www.africa-press.net\/togo\/?s={search_term_string}\"},\"query-input\":{\"@type\":\"PropertyValueSpecification\",\"valueRequired\":true,\"valueName\":\"search_term_string\"}}],\"inLanguage\":\"fr-FR\"},{\"@type\":\"Person\",\"@id\":\"https:\/\/www.africa-press.net\/togo\/#\/schema\/person\/2b1cf3cd81a31e3cd26889ca66d677f1\",\"name\":\"cfeditorfr\"}]}<\/script>\n<!-- \/ Yoast SEO Premium plugin. -->","yoast_head_json":{"title":"Togo-D\u00e9sengorgement des voies: la date du 15 f\u00e9vrier maintenue par les autorit\u00e9s - Togo","robots":{"index":"index","follow":"follow","max-snippet":"max-snippet:-1","max-image-preview":"max-image-preview:large","max-video-preview":"max-video-preview:-1"},"canonical":"https:\/\/www.africa-press.net\/togo\/politique\/togo-desengorgement-des-voies-la-date-du-15-fevrier-maintenue-par-les-autorites","og_locale":"fr_FR","og_type":"article","og_title":"Togo-D\u00e9sengorgement des voies: la date du 15 f\u00e9vrier maintenue par les autorit\u00e9s","og_description":"Africa-Press &#8211; Togo. Plusieurs observateurs ont propose\u0301 qu\u2019un moratoire de 6 mois soit donne\u0301 aux commerc\u0327ants qui occupent ille\u0301galement les abords des voies publiques. Ce ne sera malheureusement pas le cas. Lors d\u2019une rencontre entre Payadowa Boukpessi, ministre en charge de l\u2019administration territoriale, avec les maires du Grand Lome\u0301, la date du 15 fe\u0301vrier est [&hellip;]","og_url":"https:\/\/www.africa-press.net\/togo\/politique\/togo-desengorgement-des-voies-la-date-du-15-fevrier-maintenue-par-les-autorites","og_site_name":"Togo","article_published_time":"2023-02-09T12:41:00+00:00","author":"cfeditorfr","twitter_card":"summary_large_image","twitter_misc":{"\u00c9crit par":"cfeditorfr","Dur\u00e9e de lecture estim\u00e9e":"1 minute"},"schema":{"@context":"https:\/\/schema.org","@graph":[{"@type":"Article","@id":"https:\/\/www.africa-press.net\/togo\/politique\/togo-desengorgement-des-voies-la-date-du-15-fevrier-maintenue-par-les-autorites#article","isPartOf":{"@id":"https:\/\/www.africa-press.net\/togo\/politique\/togo-desengorgement-des-voies-la-date-du-15-fevrier-maintenue-par-les-autorites"},"author":{"name":"cfeditorfr","@id":"https:\/\/www.africa-press.net\/togo\/#\/schema\/person\/2b1cf3cd81a31e3cd26889ca66d677f1"},"headline":"Togo-D\u00e9sengorgement des voies: la date du 15 f\u00e9vrier maintenue par les autorit\u00e9s","datePublished":"2023-02-09T12:41:00+00:00","mainEntityOfPage":{"@id":"https:\/\/www.africa-press.net\/togo\/politique\/togo-desengorgement-des-voies-la-date-du-15-fevrier-maintenue-par-les-autorites"},"wordCount":294,"commentCount":0,"image":{"@id":"https:\/\/www.africa-press.net\/togo\/politique\/togo-desengorgement-des-voies-la-date-du-15-fevrier-maintenue-par-les-autorites#primaryimage"},"thumbnailUrl":"https:\/\/static.africa-press.net\/togo\/sites\/58\/2023\/02\/postQueueImg_1675934228.53.jpg","keywords":["Africa Press","Africa Press-Togo","Togo"],"articleSection":["Politique","Toutes les actualit\u00e9s"],"inLanguage":"fr-FR","potentialAction":[{"@type":"CommentAction","name":"Comment","target":["https:\/\/www.africa-press.net\/togo\/politique\/togo-desengorgement-des-voies-la-date-du-15-fevrier-maintenue-par-les-autorites#respond"]}]},{"@type":"WebPage","@id":"https:\/\/www.africa-press.net\/togo\/politique\/togo-desengorgement-des-voies-la-date-du-15-fevrier-maintenue-par-les-autorites","url":"https:\/\/www.africa-press.net\/togo\/politique\/togo-desengorgement-des-voies-la-date-du-15-fevrier-maintenue-par-les-autorites","name":"Togo-D\u00e9sengorgement des voies: la date du 15 f\u00e9vrier maintenue par les autorit\u00e9s - Togo","isPartOf":{"@id":"https:\/\/www.africa-press.net\/togo\/#website"},"primaryImageOfPage":{"@id":"https:\/\/www.africa-press.net\/togo\/politique\/togo-desengorgement-des-voies-la-date-du-15-fevrier-maintenue-par-les-autorites#primaryimage"},"image":{"@id":"https:\/\/www.africa-press.net\/togo\/politique\/togo-desengorgement-des-voies-la-date-du-15-fevrier-maintenue-par-les-autorites#primaryimage"},"thumbnailUrl":"https:\/\/static.africa-press.net\/togo\/sites\/58\/2023\/02\/postQueueImg_1675934228.53.jpg","datePublished":"2023-02-09T12:41:00+00:00","author":{"@id":"https:\/\/www.africa-press.net\/togo\/#\/schema\/person\/2b1cf3cd81a31e3cd26889ca66d677f1"},"breadcrumb":{"@id":"https:\/\/www.africa-press.net\/togo\/politique\/togo-desengorgement-des-voies-la-date-du-15-fevrier-maintenue-par-les-autorites#breadcrumb"},"inLanguage":"fr-FR","potentialAction":[{"@type":"ReadAction","target":["https:\/\/www.africa-press.net\/togo\/politique\/togo-desengorgement-des-voies-la-date-du-15-fevrier-maintenue-par-les-autorites"]}]},{"@type":"ImageObject","inLanguage":"fr-FR","@id":"https:\/\/www.africa-press.net\/togo\/politique\/togo-desengorgement-des-voies-la-date-du-15-fevrier-maintenue-par-les-autorites#primaryimage","url":"https:\/\/static.africa-press.net\/togo\/sites\/58\/2023\/02\/postQueueImg_1675934228.53.jpg","contentUrl":"https:\/\/static.africa-press.net\/togo\/sites\/58\/2023\/02\/postQueueImg_1675934228.53.jpg","width":720,"height":479,"caption":"Togo-D\u00e9sengorgement des voies: la date du 15 f\u00e9vrier maintenue par les autorit\u00e9s"},{"@type":"BreadcrumbList","@id":"https:\/\/www.africa-press.net\/togo\/politique\/togo-desengorgement-des-voies-la-date-du-15-fevrier-maintenue-par-les-autorites#breadcrumb","itemListElement":[{"@type":"ListItem","position":1,"name":"Accueil","item":"https:\/\/www.africa-press.net\/togo\/"},{"@type":"ListItem","position":2,"name":"Togo-D\u00e9sengorgement des voies: la date du 15 f\u00e9vrier maintenue par les autorit\u00e9s"}]},{"@type":"WebSite","@id":"https:\/\/www.africa-press.net\/togo\/#website","url":"https:\/\/www.africa-press.net\/togo\/","name":"Togo","description":"Just another Africa News Agency Sites site","potentialAction":[{"@type":"SearchAction","target":{"@type":"EntryPoint","urlTemplate":"https:\/\/www.africa-press.net\/togo\/?s={search_term_string}"},"query-input":{"@type":"PropertyValueSpecification","valueRequired":true,"valueName":"search_term_string"}}],"inLanguage":"fr-FR"},{"@type":"Person","@id":"https:\/\/www.africa-press.net\/togo\/#\/schema\/person\/2b1cf3cd81a31e3cd26889ca66d677f1","name":"cfeditorfr"}]}},"_links":{"self":[{"href":"https:\/\/www.africa-press.net\/togo\/wp-json\/wp\/v2\/posts\/16967","targetHints":{"allow":["GET"]}}],"collection":[{"href":"https:\/\/www.africa-press.net\/togo\/wp-json\/wp\/v2\/posts"}],"about":[{"href":"https:\/\/www.africa-press.net\/togo\/wp-json\/wp\/v2\/types\/post"}],"author":[{"embeddable":true,"href":"https:\/\/www.africa-press.net\/togo\/wp-json\/wp\/v2\/users\/82"}],"replies":[{"embeddable":true,"href":"https:\/\/www.africa-press.net\/togo\/wp-json\/wp\/v2\/comments?post=16967"}],"version-history":[{"count":0,"href":"https:\/\/www.africa-press.net\/togo\/wp-json\/wp\/v2\/posts\/16967\/revisions"}],"wp:featuredmedia":[{"embeddable":true,"href":"https:\/\/www.africa-press.net\/togo\/wp-json\/wp\/v2\/media\/16966"}],"wp:attachment":[{"href":"https:\/\/www.africa-press.net\/togo\/wp-json\/wp\/v2\/media?parent=16967"}],"wp:term":[{"taxonomy":"category","embeddable":true,"href":"https:\/\/www.africa-press.net\/togo\/wp-json\/wp\/v2\/categories?post=16967"},{"taxonomy":"post_tag","embeddable":true,"href":"https:\/\/www.africa-press.net\/togo\/wp-json\/wp\/v2\/tags?post=16967"}],"curies":[{"name":"wp","href":"https:\/\/api.w.org\/{rel}","templated":true}]}}