{"id":16970,"date":"2023-02-09T12:47:11","date_gmt":"2023-02-09T12:47:11","guid":{"rendered":"https:\/\/www.africa-press.net\/togo\/politique\/togo-la-campagne-avant-lheure"},"modified":"2023-02-09T12:47:11","modified_gmt":"2023-02-09T12:47:11","slug":"togo-la-campagne-avant-lheure","status":"publish","type":"post","link":"https:\/\/www.africa-press.net\/togo\/dossiers\/togo-la-campagne-avant-lheure","title":{"rendered":"Togo : la campagne avant l\u2019heure ?"},"content":{"rendered":"<p><span style=\"color: #ff6600\"><strong>Africa-Press &#8211; Togo. <\/strong><\/span>La politique est l\u2019art de nous berner et d\u2019abuser de notre cre\u0301dulite\u0301 comme dans une sce\u0300ne de somnambulisme \u00bb (Mostefa Khellaf)<\/p>\n<p>Dans les pays africains, notamment dans les tyrannies, il est difficile de faire un distinguo entre les actions gouvernementales au profit des populations et des actions e\u0301lectoralistes. Le chef de l\u2019Etat Faure Gnassingbe\u0301 et tout l\u2019attirail du pouvoir s\u2019e\u0301taient transporte\u0301s mi-janvier dans le grand Nord, dans le cadre du Forum des producteurs agricoles du Togo (FOPAT).<\/p>\n<p>Faure Gnassingbe\u0301 qui a pre\u0301side\u0301 la ce\u0301re\u0301monie d\u2019apothe\u0301ose marquant la clo\u0302ture du forum, a eu a\u0300 e\u0301changer avec les producteurs agricoles de la re\u0301gion des Savanes sur les proble\u0301matiques de l\u2019agriculture dans notre pays, notamment la modernisation des techniques productives, la re\u0301duction et la disponibilite\u0301 des engrais, l\u2019ame\u0301nagement des territoires, la promotion durable de l\u2019e\u0301levage et de la pisciculture, etc.<\/p>\n<p>\u00ab Le de\u0301veloppement du Togo passe par le de\u0301veloppement de l\u2019agriculture \u00bb, a souligne\u0301 Faure Gnassingbe\u0301, pre\u0301cisant que \u00ab ce que nous faisons aujourd\u2019hui doit contribuer a\u0300 la cre\u0301ation de la richesse dans notre pays et que le producteur agricole soit une fierte\u0301 nationale en faisant de lui un ve\u0301ritable entrepreneur agricole.\u00bb<\/p>\n<p>Lors de cette rencontre, Faure Gnassingbe\u0301 a fait e\u0301talage de sa ge\u0301ne\u0301rosite\u0301 en offrant des machines agricoles aux producteurs, dans le cadre, dit-on, du Programme d\u2019urgence pour la re\u0301silience dans la re\u0301gion des Savanes.<\/p>\n<p>Ce qui a surtout marque\u0301 les Togolais lors de cette rencontre avec les producteurs agricoles dans le septentrion, c\u2019est le fait que les ministres et autres commis de l\u2019Etat qui accompagnaient Faure Gnassingbe\u0301 soient barde\u0301s des attributs aux couleurs de l\u2019UNIR, le parti pre\u0301sidentiel. Or tout le monde sait que 2023 est anne\u0301e e\u0301lectorale au Togo ou\u0300 devront se tenir deux scrutins importants, les e\u0301lections re\u0301gionales et le\u0301gislatives.<\/p>\n<p>Faure Gnassingbe\u0301 a eu d\u2019ailleurs a\u0300 le rappeler lors de son discours de Nouvel an. \u00ab L\u2019anne\u0301e 2023 sera e\u0301galement une anne\u0301e e\u0301lectorale. Les pre\u0301paratifs par la Commission e\u0301lectorale nationale inde\u0301pendante et les autres institutions implique\u0301es sont en cours. Ces e\u0301lections des conseillers re\u0301gionaux et des de\u0301pute\u0301s se tiendront dans le respect du consensus re\u0301alise\u0301 par la Concertation nationale entre acteurs politiques (CNAP)&#8230; Les conditions sont ainsi re\u0301unies pour des e\u0301lections apaise\u0301es \u00bb, avait-il de\u0301clare\u0301.<\/p>\n<p>Dans ce contexte, lorsque, pour des rencontres de ce genre qu\u2019on voulait citoyenne et pour lesquelles on utilise grassement les moyens de l\u2019Etat, des ministres se parent de gadgets et autres apparats griffe\u0301s UNIR, on se pose des questions. Et certains ont vite fait de parler de campagne e\u0301lectorale de\u0301guise\u0301e. Surtout que dans notre pays ou\u0300 on manque cruellement de culture politique, les populations surtout de l\u2019hinterland, pas assez forme\u0301es, sont souvent influence\u0301es par ces man\u0153uvres politiciennes.<\/p>\n<p>Et comme ceux qui tiennent le pouvoir d\u2019Etat dans notre pays sont foncie\u0300rement hostiles au changement, les actions re\u0301alise\u0301es gra\u0302ce aux contribuables togolais, sont souvent pre\u0301sente\u0301es comme des cadeaux spe\u0301ciaux de Faure Gnassingbe\u0301, histoire d\u2019amener les populations a\u0300 opter pour le maintien de l\u2019ordre e\u0301tabli. Et les e\u0301quipements offerts aux producteurs agricoles dans la re\u0301gion des Savanes suffisent largement pour faire changer les votes lors des prochaines consultations e\u0301lectorales dans notre pays.<\/p>\n<p>Me\u0301dard AMETEPE<\/p>\n<p><strong>Pour plus d&rsquo;informations et d&rsquo;analyses sur la <a href=\"https:\/\/www.africa-press.net\/togo\">Togo<\/a>, suivez <a href=\"https:\/\/www.africa-press.net\/\">Africa-Press<\/a><\/strong><\/p>\n","protected":false},"excerpt":{"rendered":"<p>Africa-Press &#8211; Togo. La politique est l\u2019art de nous berner et d\u2019abuser de notre cre\u0301dulite\u0301 comme dans une sce\u0300ne de somnambulisme \u00bb (Mostefa Khellaf) Dans les pays africains, notamment dans les tyrannies, il est difficile de faire un distinguo entre les actions gouvernementales au profit des populations et des actions e\u0301lectoralistes. Le chef de l\u2019Etat [&hellip;]<\/p>\n","protected":false},"author":82,"featured_media":16968,"comment_status":"open","ping_status":"closed","sticky":false,"template":"","format":"standard","meta":{"footnotes":""},"categories":[7,10],"tags":[36,49,50],"class_list":["post-16970","post","type-post","status-publish","format-standard","has-post-thumbnail","hentry","category-dossiers","category-toutes-les-actualites","tag-africa-press","tag-africa-press-togo","tag-togo"],"yoast_head":"<!-- This site is optimized with the Yoast SEO Premium plugin v26.1 (Yoast SEO v27.0) - https:\/\/yoast.com\/product\/yoast-seo-premium-wordpress\/ -->\n<title>Togo : la campagne avant l\u2019heure ? - Togo<\/title>\n<meta name=\"robots\" content=\"index, follow, max-snippet:-1, max-image-preview:large, max-video-preview:-1\" \/>\n<link rel=\"canonical\" href=\"https:\/\/www.africa-press.net\/togo\/politique\/togo-la-campagne-avant-lheure\" \/>\n<meta property=\"og:locale\" content=\"fr_FR\" \/>\n<meta property=\"og:type\" content=\"article\" \/>\n<meta property=\"og:title\" content=\"Togo : la campagne avant l\u2019heure ?\" \/>\n<meta property=\"og:description\" content=\"Africa-Press &#8211; Togo. La politique est l\u2019art de nous berner et d\u2019abuser de notre cre\u0301dulite\u0301 comme dans une sce\u0300ne de somnambulisme \u00bb (Mostefa Khellaf) Dans les pays africains, notamment dans les tyrannies, il est difficile de faire un distinguo entre les actions gouvernementales au profit des populations et des actions e\u0301lectoralistes. Le chef de l\u2019Etat [&hellip;]\" \/>\n<meta property=\"og:url\" content=\"https:\/\/www.africa-press.net\/togo\/politique\/togo-la-campagne-avant-lheure\" \/>\n<meta property=\"og:site_name\" content=\"Togo\" \/>\n<meta property=\"article:published_time\" content=\"2023-02-09T12:47:11+00:00\" \/>\n<meta name=\"author\" content=\"cfeditorfr\" \/>\n<meta name=\"twitter:card\" content=\"summary_large_image\" \/>\n<meta name=\"twitter:label1\" content=\"\u00c9crit par\" \/>\n\t<meta name=\"twitter:data1\" content=\"cfeditorfr\" \/>\n\t<meta name=\"twitter:label2\" content=\"Dur\u00e9e de lecture estim\u00e9e\" \/>\n\t<meta name=\"twitter:data2\" content=\"3 minutes\" \/>\n<script type=\"application\/ld+json\" class=\"yoast-schema-graph\">{\"@context\":\"https:\/\/schema.org\",\"@graph\":[{\"@type\":\"Article\",\"@id\":\"https:\/\/www.africa-press.net\/togo\/politique\/togo-la-campagne-avant-lheure#article\",\"isPartOf\":{\"@id\":\"https:\/\/www.africa-press.net\/togo\/politique\/togo-la-campagne-avant-lheure\"},\"author\":{\"name\":\"cfeditorfr\",\"@id\":\"https:\/\/www.africa-press.net\/togo\/#\/schema\/person\/2b1cf3cd81a31e3cd26889ca66d677f1\"},\"headline\":\"Togo : la campagne avant l\u2019heure ?\",\"datePublished\":\"2023-02-09T12:47:11+00:00\",\"mainEntityOfPage\":{\"@id\":\"https:\/\/www.africa-press.net\/togo\/politique\/togo-la-campagne-avant-lheure\"},\"wordCount\":622,\"commentCount\":0,\"image\":{\"@id\":\"https:\/\/www.africa-press.net\/togo\/politique\/togo-la-campagne-avant-lheure#primaryimage\"},\"thumbnailUrl\":\"https:\/\/static.africa-press.net\/togo\/sites\/58\/2023\/02\/postQueueImg_1675934237.70.jpg\",\"keywords\":[\"Africa Press\",\"Africa Press-Togo\",\"Togo\"],\"articleSection\":[\"Dossiers\",\"Toutes les actualit\u00e9s\"],\"inLanguage\":\"fr-FR\",\"potentialAction\":[{\"@type\":\"CommentAction\",\"name\":\"Comment\",\"target\":[\"https:\/\/www.africa-press.net\/togo\/politique\/togo-la-campagne-avant-lheure#respond\"]}]},{\"@type\":\"WebPage\",\"@id\":\"https:\/\/www.africa-press.net\/togo\/politique\/togo-la-campagne-avant-lheure\",\"url\":\"https:\/\/www.africa-press.net\/togo\/politique\/togo-la-campagne-avant-lheure\",\"name\":\"Togo : la campagne avant l\u2019heure ? - Togo\",\"isPartOf\":{\"@id\":\"https:\/\/www.africa-press.net\/togo\/#website\"},\"primaryImageOfPage\":{\"@id\":\"https:\/\/www.africa-press.net\/togo\/politique\/togo-la-campagne-avant-lheure#primaryimage\"},\"image\":{\"@id\":\"https:\/\/www.africa-press.net\/togo\/politique\/togo-la-campagne-avant-lheure#primaryimage\"},\"thumbnailUrl\":\"https:\/\/static.africa-press.net\/togo\/sites\/58\/2023\/02\/postQueueImg_1675934237.70.jpg\",\"datePublished\":\"2023-02-09T12:47:11+00:00\",\"author\":{\"@id\":\"https:\/\/www.africa-press.net\/togo\/#\/schema\/person\/2b1cf3cd81a31e3cd26889ca66d677f1\"},\"breadcrumb\":{\"@id\":\"https:\/\/www.africa-press.net\/togo\/politique\/togo-la-campagne-avant-lheure#breadcrumb\"},\"inLanguage\":\"fr-FR\",\"potentialAction\":[{\"@type\":\"ReadAction\",\"target\":[\"https:\/\/www.africa-press.net\/togo\/politique\/togo-la-campagne-avant-lheure\"]}]},{\"@type\":\"ImageObject\",\"inLanguage\":\"fr-FR\",\"@id\":\"https:\/\/www.africa-press.net\/togo\/politique\/togo-la-campagne-avant-lheure#primaryimage\",\"url\":\"https:\/\/static.africa-press.net\/togo\/sites\/58\/2023\/02\/postQueueImg_1675934237.70.jpg\",\"contentUrl\":\"https:\/\/static.africa-press.net\/togo\/sites\/58\/2023\/02\/postQueueImg_1675934237.70.jpg\",\"width\":720,\"height\":479,\"caption\":\"Togo : la campagne avant l\u2019heure ?\"},{\"@type\":\"BreadcrumbList\",\"@id\":\"https:\/\/www.africa-press.net\/togo\/politique\/togo-la-campagne-avant-lheure#breadcrumb\",\"itemListElement\":[{\"@type\":\"ListItem\",\"position\":1,\"name\":\"Accueil\",\"item\":\"https:\/\/www.africa-press.net\/togo\/\"},{\"@type\":\"ListItem\",\"position\":2,\"name\":\"Togo : la campagne avant l\u2019heure ?\"}]},{\"@type\":\"WebSite\",\"@id\":\"https:\/\/www.africa-press.net\/togo\/#website\",\"url\":\"https:\/\/www.africa-press.net\/togo\/\",\"name\":\"Togo\",\"description\":\"Just another Africa News Agency Sites site\",\"potentialAction\":[{\"@type\":\"SearchAction\",\"target\":{\"@type\":\"EntryPoint\",\"urlTemplate\":\"https:\/\/www.africa-press.net\/togo\/?s={search_term_string}\"},\"query-input\":{\"@type\":\"PropertyValueSpecification\",\"valueRequired\":true,\"valueName\":\"search_term_string\"}}],\"inLanguage\":\"fr-FR\"},{\"@type\":\"Person\",\"@id\":\"https:\/\/www.africa-press.net\/togo\/#\/schema\/person\/2b1cf3cd81a31e3cd26889ca66d677f1\",\"name\":\"cfeditorfr\"}]}<\/script>\n<!-- \/ Yoast SEO Premium plugin. -->","yoast_head_json":{"title":"Togo : la campagne avant l\u2019heure ? - Togo","robots":{"index":"index","follow":"follow","max-snippet":"max-snippet:-1","max-image-preview":"max-image-preview:large","max-video-preview":"max-video-preview:-1"},"canonical":"https:\/\/www.africa-press.net\/togo\/politique\/togo-la-campagne-avant-lheure","og_locale":"fr_FR","og_type":"article","og_title":"Togo : la campagne avant l\u2019heure ?","og_description":"Africa-Press &#8211; Togo. La politique est l\u2019art de nous berner et d\u2019abuser de notre cre\u0301dulite\u0301 comme dans une sce\u0300ne de somnambulisme \u00bb (Mostefa Khellaf) Dans les pays africains, notamment dans les tyrannies, il est difficile de faire un distinguo entre les actions gouvernementales au profit des populations et des actions e\u0301lectoralistes. Le chef de l\u2019Etat [&hellip;]","og_url":"https:\/\/www.africa-press.net\/togo\/politique\/togo-la-campagne-avant-lheure","og_site_name":"Togo","article_published_time":"2023-02-09T12:47:11+00:00","author":"cfeditorfr","twitter_card":"summary_large_image","twitter_misc":{"\u00c9crit par":"cfeditorfr","Dur\u00e9e de lecture estim\u00e9e":"3 minutes"},"schema":{"@context":"https:\/\/schema.org","@graph":[{"@type":"Article","@id":"https:\/\/www.africa-press.net\/togo\/politique\/togo-la-campagne-avant-lheure#article","isPartOf":{"@id":"https:\/\/www.africa-press.net\/togo\/politique\/togo-la-campagne-avant-lheure"},"author":{"name":"cfeditorfr","@id":"https:\/\/www.africa-press.net\/togo\/#\/schema\/person\/2b1cf3cd81a31e3cd26889ca66d677f1"},"headline":"Togo : la campagne avant l\u2019heure ?","datePublished":"2023-02-09T12:47:11+00:00","mainEntityOfPage":{"@id":"https:\/\/www.africa-press.net\/togo\/politique\/togo-la-campagne-avant-lheure"},"wordCount":622,"commentCount":0,"image":{"@id":"https:\/\/www.africa-press.net\/togo\/politique\/togo-la-campagne-avant-lheure#primaryimage"},"thumbnailUrl":"https:\/\/static.africa-press.net\/togo\/sites\/58\/2023\/02\/postQueueImg_1675934237.70.jpg","keywords":["Africa Press","Africa Press-Togo","Togo"],"articleSection":["Dossiers","Toutes les actualit\u00e9s"],"inLanguage":"fr-FR","potentialAction":[{"@type":"CommentAction","name":"Comment","target":["https:\/\/www.africa-press.net\/togo\/politique\/togo-la-campagne-avant-lheure#respond"]}]},{"@type":"WebPage","@id":"https:\/\/www.africa-press.net\/togo\/politique\/togo-la-campagne-avant-lheure","url":"https:\/\/www.africa-press.net\/togo\/politique\/togo-la-campagne-avant-lheure","name":"Togo : la campagne avant l\u2019heure ? - Togo","isPartOf":{"@id":"https:\/\/www.africa-press.net\/togo\/#website"},"primaryImageOfPage":{"@id":"https:\/\/www.africa-press.net\/togo\/politique\/togo-la-campagne-avant-lheure#primaryimage"},"image":{"@id":"https:\/\/www.africa-press.net\/togo\/politique\/togo-la-campagne-avant-lheure#primaryimage"},"thumbnailUrl":"https:\/\/static.africa-press.net\/togo\/sites\/58\/2023\/02\/postQueueImg_1675934237.70.jpg","datePublished":"2023-02-09T12:47:11+00:00","author":{"@id":"https:\/\/www.africa-press.net\/togo\/#\/schema\/person\/2b1cf3cd81a31e3cd26889ca66d677f1"},"breadcrumb":{"@id":"https:\/\/www.africa-press.net\/togo\/politique\/togo-la-campagne-avant-lheure#breadcrumb"},"inLanguage":"fr-FR","potentialAction":[{"@type":"ReadAction","target":["https:\/\/www.africa-press.net\/togo\/politique\/togo-la-campagne-avant-lheure"]}]},{"@type":"ImageObject","inLanguage":"fr-FR","@id":"https:\/\/www.africa-press.net\/togo\/politique\/togo-la-campagne-avant-lheure#primaryimage","url":"https:\/\/static.africa-press.net\/togo\/sites\/58\/2023\/02\/postQueueImg_1675934237.70.jpg","contentUrl":"https:\/\/static.africa-press.net\/togo\/sites\/58\/2023\/02\/postQueueImg_1675934237.70.jpg","width":720,"height":479,"caption":"Togo : la campagne avant l\u2019heure ?"},{"@type":"BreadcrumbList","@id":"https:\/\/www.africa-press.net\/togo\/politique\/togo-la-campagne-avant-lheure#breadcrumb","itemListElement":[{"@type":"ListItem","position":1,"name":"Accueil","item":"https:\/\/www.africa-press.net\/togo\/"},{"@type":"ListItem","position":2,"name":"Togo : la campagne avant l\u2019heure ?"}]},{"@type":"WebSite","@id":"https:\/\/www.africa-press.net\/togo\/#website","url":"https:\/\/www.africa-press.net\/togo\/","name":"Togo","description":"Just another Africa News Agency Sites site","potentialAction":[{"@type":"SearchAction","target":{"@type":"EntryPoint","urlTemplate":"https:\/\/www.africa-press.net\/togo\/?s={search_term_string}"},"query-input":{"@type":"PropertyValueSpecification","valueRequired":true,"valueName":"search_term_string"}}],"inLanguage":"fr-FR"},{"@type":"Person","@id":"https:\/\/www.africa-press.net\/togo\/#\/schema\/person\/2b1cf3cd81a31e3cd26889ca66d677f1","name":"cfeditorfr"}]}},"_links":{"self":[{"href":"https:\/\/www.africa-press.net\/togo\/wp-json\/wp\/v2\/posts\/16970","targetHints":{"allow":["GET"]}}],"collection":[{"href":"https:\/\/www.africa-press.net\/togo\/wp-json\/wp\/v2\/posts"}],"about":[{"href":"https:\/\/www.africa-press.net\/togo\/wp-json\/wp\/v2\/types\/post"}],"author":[{"embeddable":true,"href":"https:\/\/www.africa-press.net\/togo\/wp-json\/wp\/v2\/users\/82"}],"replies":[{"embeddable":true,"href":"https:\/\/www.africa-press.net\/togo\/wp-json\/wp\/v2\/comments?post=16970"}],"version-history":[{"count":0,"href":"https:\/\/www.africa-press.net\/togo\/wp-json\/wp\/v2\/posts\/16970\/revisions"}],"wp:featuredmedia":[{"embeddable":true,"href":"https:\/\/www.africa-press.net\/togo\/wp-json\/wp\/v2\/media\/16968"}],"wp:attachment":[{"href":"https:\/\/www.africa-press.net\/togo\/wp-json\/wp\/v2\/media?parent=16970"}],"wp:term":[{"taxonomy":"category","embeddable":true,"href":"https:\/\/www.africa-press.net\/togo\/wp-json\/wp\/v2\/categories?post=16970"},{"taxonomy":"post_tag","embeddable":true,"href":"https:\/\/www.africa-press.net\/togo\/wp-json\/wp\/v2\/tags?post=16970"}],"curies":[{"name":"wp","href":"https:\/\/api.w.org\/{rel}","templated":true}]}}