{"id":16982,"date":"2023-02-09T22:04:55","date_gmt":"2023-02-09T22:04:55","guid":{"rendered":"https:\/\/www.africa-press.net\/togo\/politique\/togo-detournement-du-fonds-covid-abass-kaboua-indigne"},"modified":"2023-02-09T22:50:35","modified_gmt":"2023-02-09T22:50:35","slug":"togo-detournement-du-fonds-covid-abass-kaboua-indigne","status":"publish","type":"post","link":"https:\/\/www.africa-press.net\/togo\/politique\/togo-detournement-du-fonds-covid-abass-kaboua-indigne","title":{"rendered":"Togo-D\u00e9tournement du fonds Covid : Abass Kaboua indign\u00e9"},"content":{"rendered":"<p><span style=\"color: #ff6600\"><strong>Africa-Press &#8211; Togo. <\/strong><\/span><b>L\u2019affaire de de\u0301tournement du Fonds de riposte et de solidarite\u0301 Covid-19 (FRSC) continue de susciter des re\u0301actions. Indigne\u0301, le de\u0301pute\u0301 Abass Kaboua du Mouvement des Re\u0301publicains Centristes (MRC) interpelle le chef de l\u2019Etat.<\/b><\/p>\n<p>L\u2019homme politique estime que le dossier doit avancer et que les pre\u0301varicateurs soient livre\u0301s a\u0300 la justice. \u00ab A partir du moment ou\u0300 c\u2019est la Cour des Comptes qui a fait sortir ce dossier, et qu\u2019on colle le nom d\u2019un membre du gouvernement comme celui qui a passe\u0301 les commandes, je dois, en tant qu\u2019e\u0301lus du peuple, re\u0301agir. La Cour des comptes c\u2019est une institution de la Re\u0301publique togolaise. Le pre\u0301sident doit permettre a\u0300 ce que le dossier avance, et que nous soyons tous instruits \u00bb, a indique\u0301 le de\u0301pute\u0301 Kaboua.<\/p>\n<p>Suivez pluto\u0302t<\/p>\n<p><strong>Pour plus d&rsquo;informations et d&rsquo;analyses sur la <a href=\"https:\/\/www.africa-press.net\/togo\">Togo<\/a>, suivez <a href=\"https:\/\/www.africa-press.net\/\">Africa-Press<\/a><\/strong><\/p>\n","protected":false},"excerpt":{"rendered":"<p>Africa-Press &#8211; Togo. L\u2019affaire de de\u0301tournement du Fonds de riposte et de solidarite\u0301 Covid-19 (FRSC) continue de susciter des re\u0301actions. Indigne\u0301, le de\u0301pute\u0301 Abass Kaboua du Mouvement des Re\u0301publicains Centristes (MRC) interpelle le chef de l\u2019Etat. L\u2019homme politique estime que le dossier doit avancer et que les pre\u0301varicateurs soient livre\u0301s a\u0300 la justice. \u00ab A [&hellip;]<\/p>\n","protected":false},"author":82,"featured_media":16981,"comment_status":"open","ping_status":"closed","sticky":false,"template":"","format":"standard","meta":{"footnotes":""},"categories":[2,10],"tags":[36,49,50],"class_list":["post-16982","post","type-post","status-publish","format-standard","has-post-thumbnail","hentry","category-politique","category-toutes-les-actualites","tag-africa-press","tag-africa-press-togo","tag-togo"],"yoast_head":"<!-- This site is optimized with the Yoast SEO Premium plugin v26.1 (Yoast SEO v27.0) - https:\/\/yoast.com\/product\/yoast-seo-premium-wordpress\/ -->\n<title>Togo-D\u00e9tournement du fonds Covid : Abass Kaboua indign\u00e9 - Togo<\/title>\n<meta name=\"description\" content=\"L\u2019affaire de de\u0301tournement du Fonds de riposte et de solidarite\u0301 Covid-19 (FRSC) continue de susciter des re\u0301actions. ...\" \/>\n<meta name=\"robots\" content=\"index, follow, max-snippet:-1, max-image-preview:large, max-video-preview:-1\" \/>\n<link rel=\"canonical\" href=\"https:\/\/www.africa-press.net\/togo\/politique\/togo-detournement-du-fonds-covid-abass-kaboua-indigne\" \/>\n<meta property=\"og:locale\" content=\"fr_FR\" \/>\n<meta property=\"og:type\" content=\"article\" \/>\n<meta property=\"og:title\" content=\"Togo-D\u00e9tournement du fonds Covid : Abass Kaboua indign\u00e9\" \/>\n<meta property=\"og:description\" content=\"L\u2019affaire de de\u0301tournement du Fonds de riposte et de solidarite\u0301 Covid-19 (FRSC) continue de susciter des re\u0301actions. ...\" \/>\n<meta property=\"og:url\" content=\"https:\/\/www.africa-press.net\/togo\/politique\/togo-detournement-du-fonds-covid-abass-kaboua-indigne\" \/>\n<meta property=\"og:site_name\" content=\"Togo\" \/>\n<meta property=\"article:published_time\" content=\"2023-02-09T22:04:55+00:00\" \/>\n<meta property=\"article:modified_time\" content=\"2023-02-09T22:50:35+00:00\" \/>\n<meta property=\"og:image\" content=\"https:\/\/static.africa-press.net\/togo\/sites\/58\/2023\/02\/postQueueImg_1675967703.67.jpg\" \/>\n\t<meta property=\"og:image:width\" content=\"1280\" \/>\n\t<meta property=\"og:image:height\" content=\"798\" \/>\n\t<meta property=\"og:image:type\" content=\"image\/jpeg\" \/>\n<meta name=\"author\" content=\"cfeditorfr\" \/>\n<meta name=\"twitter:card\" content=\"summary_large_image\" \/>\n<meta name=\"twitter:label1\" content=\"\u00c9crit par\" \/>\n\t<meta name=\"twitter:data1\" content=\"cfeditorfr\" \/>\n\t<meta name=\"twitter:label2\" content=\"Dur\u00e9e de lecture estim\u00e9e\" \/>\n\t<meta name=\"twitter:data2\" content=\"1 minute\" \/>\n<script type=\"application\/ld+json\" class=\"yoast-schema-graph\">{\"@context\":\"https:\/\/schema.org\",\"@graph\":[{\"@type\":\"Article\",\"@id\":\"https:\/\/www.africa-press.net\/togo\/politique\/togo-detournement-du-fonds-covid-abass-kaboua-indigne#article\",\"isPartOf\":{\"@id\":\"https:\/\/www.africa-press.net\/togo\/politique\/togo-detournement-du-fonds-covid-abass-kaboua-indigne\"},\"author\":{\"name\":\"cfeditorfr\",\"@id\":\"https:\/\/www.africa-press.net\/togo\/#\/schema\/person\/2b1cf3cd81a31e3cd26889ca66d677f1\"},\"headline\":\"Togo-D\u00e9tournement du fonds Covid : Abass Kaboua indign\u00e9\",\"datePublished\":\"2023-02-09T22:04:55+00:00\",\"dateModified\":\"2023-02-09T22:50:35+00:00\",\"mainEntityOfPage\":{\"@id\":\"https:\/\/www.africa-press.net\/togo\/politique\/togo-detournement-du-fonds-covid-abass-kaboua-indigne\"},\"wordCount\":167,\"commentCount\":0,\"image\":{\"@id\":\"https:\/\/www.africa-press.net\/togo\/politique\/togo-detournement-du-fonds-covid-abass-kaboua-indigne#primaryimage\"},\"thumbnailUrl\":\"https:\/\/static.africa-press.net\/togo\/sites\/58\/2023\/02\/postQueueImg_1675967703.67.jpg\",\"keywords\":[\"Africa Press\",\"Africa Press-Togo\",\"Togo\"],\"articleSection\":[\"Politique\",\"Toutes les actualit\u00e9s\"],\"inLanguage\":\"fr-FR\",\"potentialAction\":[{\"@type\":\"CommentAction\",\"name\":\"Comment\",\"target\":[\"https:\/\/www.africa-press.net\/togo\/politique\/togo-detournement-du-fonds-covid-abass-kaboua-indigne#respond\"]}]},{\"@type\":\"WebPage\",\"@id\":\"https:\/\/www.africa-press.net\/togo\/politique\/togo-detournement-du-fonds-covid-abass-kaboua-indigne\",\"url\":\"https:\/\/www.africa-press.net\/togo\/politique\/togo-detournement-du-fonds-covid-abass-kaboua-indigne\",\"name\":\"Togo-D\u00e9tournement du fonds Covid : Abass Kaboua indign\u00e9 - Togo\",\"isPartOf\":{\"@id\":\"https:\/\/www.africa-press.net\/togo\/#website\"},\"primaryImageOfPage\":{\"@id\":\"https:\/\/www.africa-press.net\/togo\/politique\/togo-detournement-du-fonds-covid-abass-kaboua-indigne#primaryimage\"},\"image\":{\"@id\":\"https:\/\/www.africa-press.net\/togo\/politique\/togo-detournement-du-fonds-covid-abass-kaboua-indigne#primaryimage\"},\"thumbnailUrl\":\"https:\/\/static.africa-press.net\/togo\/sites\/58\/2023\/02\/postQueueImg_1675967703.67.jpg\",\"datePublished\":\"2023-02-09T22:04:55+00:00\",\"dateModified\":\"2023-02-09T22:50:35+00:00\",\"author\":{\"@id\":\"https:\/\/www.africa-press.net\/togo\/#\/schema\/person\/2b1cf3cd81a31e3cd26889ca66d677f1\"},\"description\":\"L\u2019affaire de de\u0301tournement du Fonds de riposte et de solidarite\u0301 Covid-19 (FRSC) continue de susciter des re\u0301actions. ...\",\"breadcrumb\":{\"@id\":\"https:\/\/www.africa-press.net\/togo\/politique\/togo-detournement-du-fonds-covid-abass-kaboua-indigne#breadcrumb\"},\"inLanguage\":\"fr-FR\",\"potentialAction\":[{\"@type\":\"ReadAction\",\"target\":[\"https:\/\/www.africa-press.net\/togo\/politique\/togo-detournement-du-fonds-covid-abass-kaboua-indigne\"]}]},{\"@type\":\"ImageObject\",\"inLanguage\":\"fr-FR\",\"@id\":\"https:\/\/www.africa-press.net\/togo\/politique\/togo-detournement-du-fonds-covid-abass-kaboua-indigne#primaryimage\",\"url\":\"https:\/\/static.africa-press.net\/togo\/sites\/58\/2023\/02\/postQueueImg_1675967703.67.jpg\",\"contentUrl\":\"https:\/\/static.africa-press.net\/togo\/sites\/58\/2023\/02\/postQueueImg_1675967703.67.jpg\",\"width\":1280,\"height\":798,\"caption\":\"Togo-D\u00e9tournement du fonds Covid : Abass Kaboua indign\u00e9\"},{\"@type\":\"BreadcrumbList\",\"@id\":\"https:\/\/www.africa-press.net\/togo\/politique\/togo-detournement-du-fonds-covid-abass-kaboua-indigne#breadcrumb\",\"itemListElement\":[{\"@type\":\"ListItem\",\"position\":1,\"name\":\"Accueil\",\"item\":\"https:\/\/www.africa-press.net\/togo\/\"},{\"@type\":\"ListItem\",\"position\":2,\"name\":\"Togo-D\u00e9tournement du fonds Covid : Abass Kaboua indign\u00e9\"}]},{\"@type\":\"WebSite\",\"@id\":\"https:\/\/www.africa-press.net\/togo\/#website\",\"url\":\"https:\/\/www.africa-press.net\/togo\/\",\"name\":\"Togo\",\"description\":\"Just another Africa News Agency Sites site\",\"potentialAction\":[{\"@type\":\"SearchAction\",\"target\":{\"@type\":\"EntryPoint\",\"urlTemplate\":\"https:\/\/www.africa-press.net\/togo\/?s={search_term_string}\"},\"query-input\":{\"@type\":\"PropertyValueSpecification\",\"valueRequired\":true,\"valueName\":\"search_term_string\"}}],\"inLanguage\":\"fr-FR\"},{\"@type\":\"Person\",\"@id\":\"https:\/\/www.africa-press.net\/togo\/#\/schema\/person\/2b1cf3cd81a31e3cd26889ca66d677f1\",\"name\":\"cfeditorfr\"}]}<\/script>\n<!-- \/ Yoast SEO Premium plugin. -->","yoast_head_json":{"title":"Togo-D\u00e9tournement du fonds Covid : Abass Kaboua indign\u00e9 - Togo","description":"L\u2019affaire de de\u0301tournement du Fonds de riposte et de solidarite\u0301 Covid-19 (FRSC) continue de susciter des re\u0301actions. ...","robots":{"index":"index","follow":"follow","max-snippet":"max-snippet:-1","max-image-preview":"max-image-preview:large","max-video-preview":"max-video-preview:-1"},"canonical":"https:\/\/www.africa-press.net\/togo\/politique\/togo-detournement-du-fonds-covid-abass-kaboua-indigne","og_locale":"fr_FR","og_type":"article","og_title":"Togo-D\u00e9tournement du fonds Covid : Abass Kaboua indign\u00e9","og_description":"L\u2019affaire de de\u0301tournement du Fonds de riposte et de solidarite\u0301 Covid-19 (FRSC) continue de susciter des re\u0301actions. ...","og_url":"https:\/\/www.africa-press.net\/togo\/politique\/togo-detournement-du-fonds-covid-abass-kaboua-indigne","og_site_name":"Togo","article_published_time":"2023-02-09T22:04:55+00:00","article_modified_time":"2023-02-09T22:50:35+00:00","og_image":[{"width":1280,"height":798,"url":"https:\/\/static.africa-press.net\/togo\/sites\/58\/2023\/02\/postQueueImg_1675967703.67.jpg","type":"image\/jpeg"}],"author":"cfeditorfr","twitter_card":"summary_large_image","twitter_misc":{"\u00c9crit par":"cfeditorfr","Dur\u00e9e de lecture estim\u00e9e":"1 minute"},"schema":{"@context":"https:\/\/schema.org","@graph":[{"@type":"Article","@id":"https:\/\/www.africa-press.net\/togo\/politique\/togo-detournement-du-fonds-covid-abass-kaboua-indigne#article","isPartOf":{"@id":"https:\/\/www.africa-press.net\/togo\/politique\/togo-detournement-du-fonds-covid-abass-kaboua-indigne"},"author":{"name":"cfeditorfr","@id":"https:\/\/www.africa-press.net\/togo\/#\/schema\/person\/2b1cf3cd81a31e3cd26889ca66d677f1"},"headline":"Togo-D\u00e9tournement du fonds Covid : Abass Kaboua indign\u00e9","datePublished":"2023-02-09T22:04:55+00:00","dateModified":"2023-02-09T22:50:35+00:00","mainEntityOfPage":{"@id":"https:\/\/www.africa-press.net\/togo\/politique\/togo-detournement-du-fonds-covid-abass-kaboua-indigne"},"wordCount":167,"commentCount":0,"image":{"@id":"https:\/\/www.africa-press.net\/togo\/politique\/togo-detournement-du-fonds-covid-abass-kaboua-indigne#primaryimage"},"thumbnailUrl":"https:\/\/static.africa-press.net\/togo\/sites\/58\/2023\/02\/postQueueImg_1675967703.67.jpg","keywords":["Africa Press","Africa Press-Togo","Togo"],"articleSection":["Politique","Toutes les actualit\u00e9s"],"inLanguage":"fr-FR","potentialAction":[{"@type":"CommentAction","name":"Comment","target":["https:\/\/www.africa-press.net\/togo\/politique\/togo-detournement-du-fonds-covid-abass-kaboua-indigne#respond"]}]},{"@type":"WebPage","@id":"https:\/\/www.africa-press.net\/togo\/politique\/togo-detournement-du-fonds-covid-abass-kaboua-indigne","url":"https:\/\/www.africa-press.net\/togo\/politique\/togo-detournement-du-fonds-covid-abass-kaboua-indigne","name":"Togo-D\u00e9tournement du fonds Covid : Abass Kaboua indign\u00e9 - Togo","isPartOf":{"@id":"https:\/\/www.africa-press.net\/togo\/#website"},"primaryImageOfPage":{"@id":"https:\/\/www.africa-press.net\/togo\/politique\/togo-detournement-du-fonds-covid-abass-kaboua-indigne#primaryimage"},"image":{"@id":"https:\/\/www.africa-press.net\/togo\/politique\/togo-detournement-du-fonds-covid-abass-kaboua-indigne#primaryimage"},"thumbnailUrl":"https:\/\/static.africa-press.net\/togo\/sites\/58\/2023\/02\/postQueueImg_1675967703.67.jpg","datePublished":"2023-02-09T22:04:55+00:00","dateModified":"2023-02-09T22:50:35+00:00","author":{"@id":"https:\/\/www.africa-press.net\/togo\/#\/schema\/person\/2b1cf3cd81a31e3cd26889ca66d677f1"},"description":"L\u2019affaire de de\u0301tournement du Fonds de riposte et de solidarite\u0301 Covid-19 (FRSC) continue de susciter des re\u0301actions. ...","breadcrumb":{"@id":"https:\/\/www.africa-press.net\/togo\/politique\/togo-detournement-du-fonds-covid-abass-kaboua-indigne#breadcrumb"},"inLanguage":"fr-FR","potentialAction":[{"@type":"ReadAction","target":["https:\/\/www.africa-press.net\/togo\/politique\/togo-detournement-du-fonds-covid-abass-kaboua-indigne"]}]},{"@type":"ImageObject","inLanguage":"fr-FR","@id":"https:\/\/www.africa-press.net\/togo\/politique\/togo-detournement-du-fonds-covid-abass-kaboua-indigne#primaryimage","url":"https:\/\/static.africa-press.net\/togo\/sites\/58\/2023\/02\/postQueueImg_1675967703.67.jpg","contentUrl":"https:\/\/static.africa-press.net\/togo\/sites\/58\/2023\/02\/postQueueImg_1675967703.67.jpg","width":1280,"height":798,"caption":"Togo-D\u00e9tournement du fonds Covid : Abass Kaboua indign\u00e9"},{"@type":"BreadcrumbList","@id":"https:\/\/www.africa-press.net\/togo\/politique\/togo-detournement-du-fonds-covid-abass-kaboua-indigne#breadcrumb","itemListElement":[{"@type":"ListItem","position":1,"name":"Accueil","item":"https:\/\/www.africa-press.net\/togo\/"},{"@type":"ListItem","position":2,"name":"Togo-D\u00e9tournement du fonds Covid : Abass Kaboua indign\u00e9"}]},{"@type":"WebSite","@id":"https:\/\/www.africa-press.net\/togo\/#website","url":"https:\/\/www.africa-press.net\/togo\/","name":"Togo","description":"Just another Africa News Agency Sites site","potentialAction":[{"@type":"SearchAction","target":{"@type":"EntryPoint","urlTemplate":"https:\/\/www.africa-press.net\/togo\/?s={search_term_string}"},"query-input":{"@type":"PropertyValueSpecification","valueRequired":true,"valueName":"search_term_string"}}],"inLanguage":"fr-FR"},{"@type":"Person","@id":"https:\/\/www.africa-press.net\/togo\/#\/schema\/person\/2b1cf3cd81a31e3cd26889ca66d677f1","name":"cfeditorfr"}]}},"_links":{"self":[{"href":"https:\/\/www.africa-press.net\/togo\/wp-json\/wp\/v2\/posts\/16982","targetHints":{"allow":["GET"]}}],"collection":[{"href":"https:\/\/www.africa-press.net\/togo\/wp-json\/wp\/v2\/posts"}],"about":[{"href":"https:\/\/www.africa-press.net\/togo\/wp-json\/wp\/v2\/types\/post"}],"author":[{"embeddable":true,"href":"https:\/\/www.africa-press.net\/togo\/wp-json\/wp\/v2\/users\/82"}],"replies":[{"embeddable":true,"href":"https:\/\/www.africa-press.net\/togo\/wp-json\/wp\/v2\/comments?post=16982"}],"version-history":[{"count":0,"href":"https:\/\/www.africa-press.net\/togo\/wp-json\/wp\/v2\/posts\/16982\/revisions"}],"wp:featuredmedia":[{"embeddable":true,"href":"https:\/\/www.africa-press.net\/togo\/wp-json\/wp\/v2\/media\/16981"}],"wp:attachment":[{"href":"https:\/\/www.africa-press.net\/togo\/wp-json\/wp\/v2\/media?parent=16982"}],"wp:term":[{"taxonomy":"category","embeddable":true,"href":"https:\/\/www.africa-press.net\/togo\/wp-json\/wp\/v2\/categories?post=16982"},{"taxonomy":"post_tag","embeddable":true,"href":"https:\/\/www.africa-press.net\/togo\/wp-json\/wp\/v2\/tags?post=16982"}],"curies":[{"name":"wp","href":"https:\/\/api.w.org\/{rel}","templated":true}]}}