{"id":16984,"date":"2023-02-09T22:05:08","date_gmt":"2023-02-09T22:05:08","guid":{"rendered":"https:\/\/www.africa-press.net\/togo\/politique\/mauvaise-gestion-du-fonds-covid-19-grogne-au-senegal-silence-plat-au-togo"},"modified":"2023-02-09T22:51:24","modified_gmt":"2023-02-09T22:51:24","slug":"mauvaise-gestion-du-fonds-covid-19-grogne-au-senegal-silence-plat-au-togo","status":"publish","type":"post","link":"https:\/\/www.africa-press.net\/togo\/economie\/mauvaise-gestion-du-fonds-covid-19-grogne-au-senegal-silence-plat-au-togo","title":{"rendered":"Mauvaise gestion du fonds Covid-19: Grogne au S\u00e9n\u00e9gal, silence plat au Togo"},"content":{"rendered":"<p><span style=\"color: #ff6600\"><strong>Africa-Press &#8211; Togo. <\/strong><\/span><b>Ce n\u2019est pas seulement au Togo que la Cour des Comptes a releve\u0301 des anomalie dans gestion du fonds covid-19. Au Se\u0301ne\u0301gal, le rapport d\u2019audit de la Cour des Comptes affiche e\u0301galement des incongruite\u0301s.<\/b><\/p>\n<p>Si pour le moment, les Togolais restent dans l\u2019expectative et retiennent leur souffle, au Se\u0301ne\u0301gal, la socie\u0301te\u0301 civile se mobilise. Depuis lundi, plus de 100 plaintes ont e\u0301te\u0301 de\u0301pose\u0301es sur la table du procureur par le collectif \u00ab Sunu\u2019y milliards du rees \u00bb.<\/p>\n<p>Le collectif compte mettre la pression sur les autorite\u0301s judiciaires pour acce\u0301le\u0301rer la cadence apre\u0300s la publication du rapport de la Cour des comptes sur la gestion des fonds force covid-19. Lequel rapport demande l\u2019ouverture d\u2019informations judiciaires.<\/p>\n<p>Au Togo, depuis la publication de ce rapport de la Cour des Comptes relevant des anomalies graves dans la gestion 2020 du Fonds de riposte et de solidarite\u0301 Covid-19 (FRSC) cre\u0301e\u0301 par ordonnance n\u00b02020-002 du 11 mai 2020, les re\u0301actions et les commentaires d\u2019indignations fusent de partout, surtout sur les re\u0301seaux sociaux, mais pas une seule action concre\u0300te comme le cas au Se\u0301ne\u0301gal.<\/p>\n<p>L\u2019on espe\u0300re que les auteurs de cette e\u0301nie\u0300me malversation financie\u0300re au Togo seront traduits devant la justice.<\/p>\n<p><strong>Pour plus d&rsquo;informations et d&rsquo;analyses sur la <a href=\"https:\/\/www.africa-press.net\/togo\">Togo<\/a>, suivez <a href=\"https:\/\/www.africa-press.net\/\">Africa-Press<\/a><\/strong><\/p>\n","protected":false},"excerpt":{"rendered":"<p>Africa-Press &#8211; Togo. Ce n\u2019est pas seulement au Togo que la Cour des Comptes a releve\u0301 des anomalie dans gestion du fonds covid-19. Au Se\u0301ne\u0301gal, le rapport d\u2019audit de la Cour des Comptes affiche e\u0301galement des incongruite\u0301s. Si pour le moment, les Togolais restent dans l\u2019expectative et retiennent leur souffle, au Se\u0301ne\u0301gal, la socie\u0301te\u0301 civile [&hellip;]<\/p>\n","protected":false},"author":82,"featured_media":16983,"comment_status":"open","ping_status":"closed","sticky":false,"template":"","format":"standard","meta":{"footnotes":""},"categories":[3,10],"tags":[36,49,50],"class_list":["post-16984","post","type-post","status-publish","format-standard","has-post-thumbnail","hentry","category-economie","category-toutes-les-actualites","tag-africa-press","tag-africa-press-togo","tag-togo"],"yoast_head":"<!-- This site is optimized with the Yoast SEO Premium plugin v26.1 (Yoast SEO v27.0) - https:\/\/yoast.com\/product\/yoast-seo-premium-wordpress\/ -->\n<title>Mauvaise gestion du fonds Covid-19: Grogne au S\u00e9n\u00e9gal, silence plat au Togo - Togo<\/title>\n<meta name=\"description\" content=\"Ce n\u2019est pas seulement au Togo que la Cour des Comptes a releve\u0301 des anomalie dans gestion du fonds covid-19. Au Se\u0301n ...\" \/>\n<meta name=\"robots\" content=\"index, follow, max-snippet:-1, max-image-preview:large, max-video-preview:-1\" \/>\n<link rel=\"canonical\" href=\"https:\/\/www.africa-press.net\/togo\/economie\/mauvaise-gestion-du-fonds-covid-19-grogne-au-senegal-silence-plat-au-togo\" \/>\n<meta property=\"og:locale\" content=\"fr_FR\" \/>\n<meta property=\"og:type\" content=\"article\" \/>\n<meta property=\"og:title\" content=\"Mauvaise gestion du fonds Covid-19: Grogne au S\u00e9n\u00e9gal, silence plat au Togo\" \/>\n<meta property=\"og:description\" content=\"Ce n\u2019est pas seulement au Togo que la Cour des Comptes a releve\u0301 des anomalie dans gestion du fonds covid-19. Au Se\u0301n ...\" \/>\n<meta property=\"og:url\" content=\"https:\/\/www.africa-press.net\/togo\/economie\/mauvaise-gestion-du-fonds-covid-19-grogne-au-senegal-silence-plat-au-togo\" \/>\n<meta property=\"og:site_name\" content=\"Togo\" \/>\n<meta property=\"article:published_time\" content=\"2023-02-09T22:05:08+00:00\" \/>\n<meta property=\"article:modified_time\" content=\"2023-02-09T22:51:24+00:00\" \/>\n<meta property=\"og:image\" content=\"https:\/\/static.africa-press.net\/togo\/sites\/58\/2023\/02\/postQueueImg_1675967713.51.jpg\" \/>\n\t<meta property=\"og:image:width\" content=\"1280\" \/>\n\t<meta property=\"og:image:height\" content=\"800\" \/>\n\t<meta property=\"og:image:type\" content=\"image\/jpeg\" \/>\n<meta name=\"author\" content=\"cfeditorfr\" \/>\n<meta name=\"twitter:card\" content=\"summary_large_image\" \/>\n<meta name=\"twitter:label1\" content=\"\u00c9crit par\" \/>\n\t<meta name=\"twitter:data1\" content=\"cfeditorfr\" \/>\n\t<meta name=\"twitter:label2\" content=\"Dur\u00e9e de lecture estim\u00e9e\" \/>\n\t<meta name=\"twitter:data2\" content=\"1 minute\" \/>\n<script type=\"application\/ld+json\" class=\"yoast-schema-graph\">{\"@context\":\"https:\/\/schema.org\",\"@graph\":[{\"@type\":\"Article\",\"@id\":\"https:\/\/www.africa-press.net\/togo\/economie\/mauvaise-gestion-du-fonds-covid-19-grogne-au-senegal-silence-plat-au-togo#article\",\"isPartOf\":{\"@id\":\"https:\/\/www.africa-press.net\/togo\/economie\/mauvaise-gestion-du-fonds-covid-19-grogne-au-senegal-silence-plat-au-togo\"},\"author\":{\"name\":\"cfeditorfr\",\"@id\":\"https:\/\/www.africa-press.net\/togo\/#\/schema\/person\/2b1cf3cd81a31e3cd26889ca66d677f1\"},\"headline\":\"Mauvaise gestion du fonds Covid-19: Grogne au S\u00e9n\u00e9gal, silence plat au Togo\",\"datePublished\":\"2023-02-09T22:05:08+00:00\",\"dateModified\":\"2023-02-09T22:51:24+00:00\",\"mainEntityOfPage\":{\"@id\":\"https:\/\/www.africa-press.net\/togo\/economie\/mauvaise-gestion-du-fonds-covid-19-grogne-au-senegal-silence-plat-au-togo\"},\"wordCount\":250,\"commentCount\":0,\"image\":{\"@id\":\"https:\/\/www.africa-press.net\/togo\/economie\/mauvaise-gestion-du-fonds-covid-19-grogne-au-senegal-silence-plat-au-togo#primaryimage\"},\"thumbnailUrl\":\"https:\/\/static.africa-press.net\/togo\/sites\/58\/2023\/02\/postQueueImg_1675967713.51.jpg\",\"keywords\":[\"Africa Press\",\"Africa Press-Togo\",\"Togo\"],\"articleSection\":[\"\u00c9conomie\",\"Toutes les actualit\u00e9s\"],\"inLanguage\":\"fr-FR\",\"potentialAction\":[{\"@type\":\"CommentAction\",\"name\":\"Comment\",\"target\":[\"https:\/\/www.africa-press.net\/togo\/economie\/mauvaise-gestion-du-fonds-covid-19-grogne-au-senegal-silence-plat-au-togo#respond\"]}]},{\"@type\":\"WebPage\",\"@id\":\"https:\/\/www.africa-press.net\/togo\/economie\/mauvaise-gestion-du-fonds-covid-19-grogne-au-senegal-silence-plat-au-togo\",\"url\":\"https:\/\/www.africa-press.net\/togo\/economie\/mauvaise-gestion-du-fonds-covid-19-grogne-au-senegal-silence-plat-au-togo\",\"name\":\"Mauvaise gestion du fonds Covid-19: Grogne au S\u00e9n\u00e9gal, silence plat au Togo - Togo\",\"isPartOf\":{\"@id\":\"https:\/\/www.africa-press.net\/togo\/#website\"},\"primaryImageOfPage\":{\"@id\":\"https:\/\/www.africa-press.net\/togo\/economie\/mauvaise-gestion-du-fonds-covid-19-grogne-au-senegal-silence-plat-au-togo#primaryimage\"},\"image\":{\"@id\":\"https:\/\/www.africa-press.net\/togo\/economie\/mauvaise-gestion-du-fonds-covid-19-grogne-au-senegal-silence-plat-au-togo#primaryimage\"},\"thumbnailUrl\":\"https:\/\/static.africa-press.net\/togo\/sites\/58\/2023\/02\/postQueueImg_1675967713.51.jpg\",\"datePublished\":\"2023-02-09T22:05:08+00:00\",\"dateModified\":\"2023-02-09T22:51:24+00:00\",\"author\":{\"@id\":\"https:\/\/www.africa-press.net\/togo\/#\/schema\/person\/2b1cf3cd81a31e3cd26889ca66d677f1\"},\"description\":\"Ce n\u2019est pas seulement au Togo que la Cour des Comptes a releve\u0301 des anomalie dans gestion du fonds covid-19. Au Se\u0301n ...\",\"breadcrumb\":{\"@id\":\"https:\/\/www.africa-press.net\/togo\/economie\/mauvaise-gestion-du-fonds-covid-19-grogne-au-senegal-silence-plat-au-togo#breadcrumb\"},\"inLanguage\":\"fr-FR\",\"potentialAction\":[{\"@type\":\"ReadAction\",\"target\":[\"https:\/\/www.africa-press.net\/togo\/economie\/mauvaise-gestion-du-fonds-covid-19-grogne-au-senegal-silence-plat-au-togo\"]}]},{\"@type\":\"ImageObject\",\"inLanguage\":\"fr-FR\",\"@id\":\"https:\/\/www.africa-press.net\/togo\/economie\/mauvaise-gestion-du-fonds-covid-19-grogne-au-senegal-silence-plat-au-togo#primaryimage\",\"url\":\"https:\/\/static.africa-press.net\/togo\/sites\/58\/2023\/02\/postQueueImg_1675967713.51.jpg\",\"contentUrl\":\"https:\/\/static.africa-press.net\/togo\/sites\/58\/2023\/02\/postQueueImg_1675967713.51.jpg\",\"width\":1280,\"height\":800,\"caption\":\"Mauvaise gestion du fonds Covid-19: Grogne au S\u00e9n\u00e9gal, silence plat au Togo\"},{\"@type\":\"BreadcrumbList\",\"@id\":\"https:\/\/www.africa-press.net\/togo\/economie\/mauvaise-gestion-du-fonds-covid-19-grogne-au-senegal-silence-plat-au-togo#breadcrumb\",\"itemListElement\":[{\"@type\":\"ListItem\",\"position\":1,\"name\":\"Accueil\",\"item\":\"https:\/\/www.africa-press.net\/togo\/\"},{\"@type\":\"ListItem\",\"position\":2,\"name\":\"Mauvaise gestion du fonds Covid-19: Grogne au S\u00e9n\u00e9gal, silence plat au Togo\"}]},{\"@type\":\"WebSite\",\"@id\":\"https:\/\/www.africa-press.net\/togo\/#website\",\"url\":\"https:\/\/www.africa-press.net\/togo\/\",\"name\":\"Togo\",\"description\":\"Just another Africa News Agency Sites site\",\"potentialAction\":[{\"@type\":\"SearchAction\",\"target\":{\"@type\":\"EntryPoint\",\"urlTemplate\":\"https:\/\/www.africa-press.net\/togo\/?s={search_term_string}\"},\"query-input\":{\"@type\":\"PropertyValueSpecification\",\"valueRequired\":true,\"valueName\":\"search_term_string\"}}],\"inLanguage\":\"fr-FR\"},{\"@type\":\"Person\",\"@id\":\"https:\/\/www.africa-press.net\/togo\/#\/schema\/person\/2b1cf3cd81a31e3cd26889ca66d677f1\",\"name\":\"cfeditorfr\"}]}<\/script>\n<!-- \/ Yoast SEO Premium plugin. -->","yoast_head_json":{"title":"Mauvaise gestion du fonds Covid-19: Grogne au S\u00e9n\u00e9gal, silence plat au Togo - Togo","description":"Ce n\u2019est pas seulement au Togo que la Cour des Comptes a releve\u0301 des anomalie dans gestion du fonds covid-19. Au Se\u0301n ...","robots":{"index":"index","follow":"follow","max-snippet":"max-snippet:-1","max-image-preview":"max-image-preview:large","max-video-preview":"max-video-preview:-1"},"canonical":"https:\/\/www.africa-press.net\/togo\/economie\/mauvaise-gestion-du-fonds-covid-19-grogne-au-senegal-silence-plat-au-togo","og_locale":"fr_FR","og_type":"article","og_title":"Mauvaise gestion du fonds Covid-19: Grogne au S\u00e9n\u00e9gal, silence plat au Togo","og_description":"Ce n\u2019est pas seulement au Togo que la Cour des Comptes a releve\u0301 des anomalie dans gestion du fonds covid-19. Au Se\u0301n ...","og_url":"https:\/\/www.africa-press.net\/togo\/economie\/mauvaise-gestion-du-fonds-covid-19-grogne-au-senegal-silence-plat-au-togo","og_site_name":"Togo","article_published_time":"2023-02-09T22:05:08+00:00","article_modified_time":"2023-02-09T22:51:24+00:00","og_image":[{"width":1280,"height":800,"url":"https:\/\/static.africa-press.net\/togo\/sites\/58\/2023\/02\/postQueueImg_1675967713.51.jpg","type":"image\/jpeg"}],"author":"cfeditorfr","twitter_card":"summary_large_image","twitter_misc":{"\u00c9crit par":"cfeditorfr","Dur\u00e9e de lecture estim\u00e9e":"1 minute"},"schema":{"@context":"https:\/\/schema.org","@graph":[{"@type":"Article","@id":"https:\/\/www.africa-press.net\/togo\/economie\/mauvaise-gestion-du-fonds-covid-19-grogne-au-senegal-silence-plat-au-togo#article","isPartOf":{"@id":"https:\/\/www.africa-press.net\/togo\/economie\/mauvaise-gestion-du-fonds-covid-19-grogne-au-senegal-silence-plat-au-togo"},"author":{"name":"cfeditorfr","@id":"https:\/\/www.africa-press.net\/togo\/#\/schema\/person\/2b1cf3cd81a31e3cd26889ca66d677f1"},"headline":"Mauvaise gestion du fonds Covid-19: Grogne au S\u00e9n\u00e9gal, silence plat au Togo","datePublished":"2023-02-09T22:05:08+00:00","dateModified":"2023-02-09T22:51:24+00:00","mainEntityOfPage":{"@id":"https:\/\/www.africa-press.net\/togo\/economie\/mauvaise-gestion-du-fonds-covid-19-grogne-au-senegal-silence-plat-au-togo"},"wordCount":250,"commentCount":0,"image":{"@id":"https:\/\/www.africa-press.net\/togo\/economie\/mauvaise-gestion-du-fonds-covid-19-grogne-au-senegal-silence-plat-au-togo#primaryimage"},"thumbnailUrl":"https:\/\/static.africa-press.net\/togo\/sites\/58\/2023\/02\/postQueueImg_1675967713.51.jpg","keywords":["Africa Press","Africa Press-Togo","Togo"],"articleSection":["\u00c9conomie","Toutes les actualit\u00e9s"],"inLanguage":"fr-FR","potentialAction":[{"@type":"CommentAction","name":"Comment","target":["https:\/\/www.africa-press.net\/togo\/economie\/mauvaise-gestion-du-fonds-covid-19-grogne-au-senegal-silence-plat-au-togo#respond"]}]},{"@type":"WebPage","@id":"https:\/\/www.africa-press.net\/togo\/economie\/mauvaise-gestion-du-fonds-covid-19-grogne-au-senegal-silence-plat-au-togo","url":"https:\/\/www.africa-press.net\/togo\/economie\/mauvaise-gestion-du-fonds-covid-19-grogne-au-senegal-silence-plat-au-togo","name":"Mauvaise gestion du fonds Covid-19: Grogne au S\u00e9n\u00e9gal, silence plat au Togo - Togo","isPartOf":{"@id":"https:\/\/www.africa-press.net\/togo\/#website"},"primaryImageOfPage":{"@id":"https:\/\/www.africa-press.net\/togo\/economie\/mauvaise-gestion-du-fonds-covid-19-grogne-au-senegal-silence-plat-au-togo#primaryimage"},"image":{"@id":"https:\/\/www.africa-press.net\/togo\/economie\/mauvaise-gestion-du-fonds-covid-19-grogne-au-senegal-silence-plat-au-togo#primaryimage"},"thumbnailUrl":"https:\/\/static.africa-press.net\/togo\/sites\/58\/2023\/02\/postQueueImg_1675967713.51.jpg","datePublished":"2023-02-09T22:05:08+00:00","dateModified":"2023-02-09T22:51:24+00:00","author":{"@id":"https:\/\/www.africa-press.net\/togo\/#\/schema\/person\/2b1cf3cd81a31e3cd26889ca66d677f1"},"description":"Ce n\u2019est pas seulement au Togo que la Cour des Comptes a releve\u0301 des anomalie dans gestion du fonds covid-19. Au Se\u0301n ...","breadcrumb":{"@id":"https:\/\/www.africa-press.net\/togo\/economie\/mauvaise-gestion-du-fonds-covid-19-grogne-au-senegal-silence-plat-au-togo#breadcrumb"},"inLanguage":"fr-FR","potentialAction":[{"@type":"ReadAction","target":["https:\/\/www.africa-press.net\/togo\/economie\/mauvaise-gestion-du-fonds-covid-19-grogne-au-senegal-silence-plat-au-togo"]}]},{"@type":"ImageObject","inLanguage":"fr-FR","@id":"https:\/\/www.africa-press.net\/togo\/economie\/mauvaise-gestion-du-fonds-covid-19-grogne-au-senegal-silence-plat-au-togo#primaryimage","url":"https:\/\/static.africa-press.net\/togo\/sites\/58\/2023\/02\/postQueueImg_1675967713.51.jpg","contentUrl":"https:\/\/static.africa-press.net\/togo\/sites\/58\/2023\/02\/postQueueImg_1675967713.51.jpg","width":1280,"height":800,"caption":"Mauvaise gestion du fonds Covid-19: Grogne au S\u00e9n\u00e9gal, silence plat au Togo"},{"@type":"BreadcrumbList","@id":"https:\/\/www.africa-press.net\/togo\/economie\/mauvaise-gestion-du-fonds-covid-19-grogne-au-senegal-silence-plat-au-togo#breadcrumb","itemListElement":[{"@type":"ListItem","position":1,"name":"Accueil","item":"https:\/\/www.africa-press.net\/togo\/"},{"@type":"ListItem","position":2,"name":"Mauvaise gestion du fonds Covid-19: Grogne au S\u00e9n\u00e9gal, silence plat au Togo"}]},{"@type":"WebSite","@id":"https:\/\/www.africa-press.net\/togo\/#website","url":"https:\/\/www.africa-press.net\/togo\/","name":"Togo","description":"Just another Africa News Agency Sites site","potentialAction":[{"@type":"SearchAction","target":{"@type":"EntryPoint","urlTemplate":"https:\/\/www.africa-press.net\/togo\/?s={search_term_string}"},"query-input":{"@type":"PropertyValueSpecification","valueRequired":true,"valueName":"search_term_string"}}],"inLanguage":"fr-FR"},{"@type":"Person","@id":"https:\/\/www.africa-press.net\/togo\/#\/schema\/person\/2b1cf3cd81a31e3cd26889ca66d677f1","name":"cfeditorfr"}]}},"_links":{"self":[{"href":"https:\/\/www.africa-press.net\/togo\/wp-json\/wp\/v2\/posts\/16984","targetHints":{"allow":["GET"]}}],"collection":[{"href":"https:\/\/www.africa-press.net\/togo\/wp-json\/wp\/v2\/posts"}],"about":[{"href":"https:\/\/www.africa-press.net\/togo\/wp-json\/wp\/v2\/types\/post"}],"author":[{"embeddable":true,"href":"https:\/\/www.africa-press.net\/togo\/wp-json\/wp\/v2\/users\/82"}],"replies":[{"embeddable":true,"href":"https:\/\/www.africa-press.net\/togo\/wp-json\/wp\/v2\/comments?post=16984"}],"version-history":[{"count":0,"href":"https:\/\/www.africa-press.net\/togo\/wp-json\/wp\/v2\/posts\/16984\/revisions"}],"wp:featuredmedia":[{"embeddable":true,"href":"https:\/\/www.africa-press.net\/togo\/wp-json\/wp\/v2\/media\/16983"}],"wp:attachment":[{"href":"https:\/\/www.africa-press.net\/togo\/wp-json\/wp\/v2\/media?parent=16984"}],"wp:term":[{"taxonomy":"category","embeddable":true,"href":"https:\/\/www.africa-press.net\/togo\/wp-json\/wp\/v2\/categories?post=16984"},{"taxonomy":"post_tag","embeddable":true,"href":"https:\/\/www.africa-press.net\/togo\/wp-json\/wp\/v2\/tags?post=16984"}],"curies":[{"name":"wp","href":"https:\/\/api.w.org\/{rel}","templated":true}]}}