{"id":17006,"date":"2023-02-10T12:17:59","date_gmt":"2023-02-10T12:17:59","guid":{"rendered":"https:\/\/www.africa-press.net\/togo\/politique\/togo-gestion-des-fonds-covid-19-lufc-demande-une-interpellation-des-ministres-concernes"},"modified":"2023-02-10T13:39:58","modified_gmt":"2023-02-10T13:39:58","slug":"togo-gestion-des-fonds-covid-19-lufc-demande-une-interpellation-des-ministres-concernes","status":"publish","type":"post","link":"https:\/\/www.africa-press.net\/togo\/politique\/togo-gestion-des-fonds-covid-19-lufc-demande-une-interpellation-des-ministres-concernes","title":{"rendered":"Togo\/Gestion des fonds Covid-19\u00a0: l\u2019UFC demande une interpellation des ministres concern\u00e9s"},"content":{"rendered":"<p><span style=\"color: #ff6600\"><strong>Africa-Press &#8211; Togo. <\/strong><\/span>L\u2019Union des Forces de Changement (UFC) a re\u0301agi suite a\u0300 la publication par la Cour des Comptes du rapport de gestion des Fonds Covid-19. C\u2019est dans un communique\u0301 signe\u0301 par le 2e vice-pre\u0301sident du parti, Elliot Ohin.<\/p>\n<p>Dans ce communique\u0301 l\u2019UFC demande a\u0300 son groupe parlementaire d\u2019interpeller les ministres concerne\u0301s pour plus d\u2019e\u0301&amp;clairage \u00ab sur cette pe\u0301riode sombre de notre pays \u00bb.<\/p>\n<p>Communique\u0301<\/p>\n<p>L\u2019Union des Forces de Changement(UFC) a pris connaissance avec stupe\u0301faction du rapport d\u2019audit de la Cour des comptes sur la gestion 2020 du Fonds de Riposte et de Solidarite\u0301 Covid- 19 (FRSC).<\/p>\n<p>L\u2019UFC fe\u0301licite les auditeurs pour le travail scientifique abattu, et demande que toute la pe\u0301riode 2020-2022 soit audite\u0301e.<\/p>\n<p>L\u2019UFC demande en outre a\u0300 son Groupe parlementaire d\u2019interpeller les ministres concerne\u0301s pour plus d\u2019e\u0301clairage sur cette pe\u0301riode sombre de notre pays.<\/p>\n<p>L\u2019e\u0301quite\u0301 devant e\u0302tre la re\u0300gle d\u2019or d\u2019un re\u0301gime de\u0301mocratique, l\u2019UFC demande aux plus hautes autorite\u0301s togolaises de mettre tout en \u0153uvre pour e\u0301radiquer l\u2019impunite\u0301 afin que le peuple togolais ne se sente pas le\u0301se\u0301 par rapport a\u0300 une minorite\u0301 qui fait des deniers publics leurs proprie\u0301te\u0301s personnelles.<\/p>\n<p>Pour Finir, l\u2019UFC demande que tous les secteurs de l\u2019administration publique togolaise soient audite\u0301s en vue de donner un nouvel e\u0301lan a\u0300 la gestion de la chose publique.<\/p>\n<p><strong>Pour plus d&rsquo;informations et d&rsquo;analyses sur la <a href=\"https:\/\/www.africa-press.net\/togo\">Togo<\/a>, suivez <a href=\"https:\/\/www.africa-press.net\/\">Africa-Press<\/a><\/strong><\/p>\n","protected":false},"excerpt":{"rendered":"<p>Africa-Press &#8211; Togo. L\u2019Union des Forces de Changement (UFC) a re\u0301agi suite a\u0300 la publication par la Cour des Comptes du rapport de gestion des Fonds Covid-19. C\u2019est dans un communique\u0301 signe\u0301 par le 2e vice-pre\u0301sident du parti, Elliot Ohin. Dans ce communique\u0301 l\u2019UFC demande a\u0300 son groupe parlementaire d\u2019interpeller les ministres concerne\u0301s pour plus [&hellip;]<\/p>\n","protected":false},"author":82,"featured_media":17004,"comment_status":"open","ping_status":"closed","sticky":false,"template":"","format":"standard","meta":{"footnotes":""},"categories":[2,10],"tags":[36,49,285,50,1657],"class_list":["post-17006","post","type-post","status-publish","format-standard","has-post-thumbnail","hentry","category-politique","category-toutes-les-actualites","tag-africa-press","tag-africa-press-togo","tag-covid-19","tag-togo","tag-ufc-togo"],"yoast_head":"<!-- This site is optimized with the Yoast SEO Premium plugin v26.1 (Yoast SEO v27.0) - https:\/\/yoast.com\/product\/yoast-seo-premium-wordpress\/ -->\n<title>Togo\/Gestion des fonds Covid-19\u00a0: l\u2019UFC demande une interpellation des ministres concern\u00e9s - Togo<\/title>\n<meta name=\"description\" content=\"L\u2019Union des Forces de Changement (UFC) a re\u0301agi suite a\u0300 la publication par la Cour des Comptes du rapport de gestion de ...\" \/>\n<meta name=\"robots\" content=\"index, follow, max-snippet:-1, max-image-preview:large, max-video-preview:-1\" \/>\n<link rel=\"canonical\" href=\"https:\/\/www.africa-press.net\/togo\/politique\/togo-gestion-des-fonds-covid-19-lufc-demande-une-interpellation-des-ministres-concernes\" \/>\n<meta property=\"og:locale\" content=\"fr_FR\" \/>\n<meta property=\"og:type\" content=\"article\" \/>\n<meta property=\"og:title\" content=\"Togo\/Gestion des fonds Covid-19\u00a0: l\u2019UFC demande une interpellation des ministres concern\u00e9s\" \/>\n<meta property=\"og:description\" content=\"L\u2019Union des Forces de Changement (UFC) a re\u0301agi suite a\u0300 la publication par la Cour des Comptes du rapport de gestion de ...\" \/>\n<meta property=\"og:url\" content=\"https:\/\/www.africa-press.net\/togo\/politique\/togo-gestion-des-fonds-covid-19-lufc-demande-une-interpellation-des-ministres-concernes\" \/>\n<meta property=\"og:site_name\" content=\"Togo\" \/>\n<meta property=\"article:published_time\" content=\"2023-02-10T12:17:59+00:00\" \/>\n<meta property=\"article:modified_time\" content=\"2023-02-10T13:39:58+00:00\" \/>\n<meta property=\"og:image\" content=\"https:\/\/static.africa-press.net\/togo\/sites\/58\/2023\/02\/postQueueImg_1676018883.92.jpg\" \/>\n\t<meta property=\"og:image:width\" content=\"720\" \/>\n\t<meta property=\"og:image:height\" content=\"480\" \/>\n\t<meta property=\"og:image:type\" content=\"image\/jpeg\" \/>\n<meta name=\"author\" content=\"cfeditorfr\" \/>\n<meta name=\"twitter:card\" content=\"summary_large_image\" \/>\n<meta name=\"twitter:label1\" content=\"\u00c9crit par\" \/>\n\t<meta name=\"twitter:data1\" content=\"cfeditorfr\" \/>\n\t<meta name=\"twitter:label2\" content=\"Dur\u00e9e de lecture estim\u00e9e\" \/>\n\t<meta name=\"twitter:data2\" content=\"1 minute\" \/>\n<script type=\"application\/ld+json\" class=\"yoast-schema-graph\">{\"@context\":\"https:\/\/schema.org\",\"@graph\":[{\"@type\":\"Article\",\"@id\":\"https:\/\/www.africa-press.net\/togo\/politique\/togo-gestion-des-fonds-covid-19-lufc-demande-une-interpellation-des-ministres-concernes#article\",\"isPartOf\":{\"@id\":\"https:\/\/www.africa-press.net\/togo\/politique\/togo-gestion-des-fonds-covid-19-lufc-demande-une-interpellation-des-ministres-concernes\"},\"author\":{\"name\":\"cfeditorfr\",\"@id\":\"https:\/\/www.africa-press.net\/togo\/#\/schema\/person\/2b1cf3cd81a31e3cd26889ca66d677f1\"},\"headline\":\"Togo\/Gestion des fonds Covid-19\u00a0: l\u2019UFC demande une interpellation des ministres concern\u00e9s\",\"datePublished\":\"2023-02-10T12:17:59+00:00\",\"dateModified\":\"2023-02-10T13:39:58+00:00\",\"mainEntityOfPage\":{\"@id\":\"https:\/\/www.africa-press.net\/togo\/politique\/togo-gestion-des-fonds-covid-19-lufc-demande-une-interpellation-des-ministres-concernes\"},\"wordCount\":279,\"commentCount\":0,\"image\":{\"@id\":\"https:\/\/www.africa-press.net\/togo\/politique\/togo-gestion-des-fonds-covid-19-lufc-demande-une-interpellation-des-ministres-concernes#primaryimage\"},\"thumbnailUrl\":\"https:\/\/static.africa-press.net\/togo\/sites\/58\/2023\/02\/postQueueImg_1676018883.92.jpg\",\"keywords\":[\"Africa Press\",\"Africa Press-Togo\",\"Covid-19\",\"Togo\",\"UFC-Togo\"],\"articleSection\":[\"Politique\",\"Toutes les actualit\u00e9s\"],\"inLanguage\":\"fr-FR\",\"potentialAction\":[{\"@type\":\"CommentAction\",\"name\":\"Comment\",\"target\":[\"https:\/\/www.africa-press.net\/togo\/politique\/togo-gestion-des-fonds-covid-19-lufc-demande-une-interpellation-des-ministres-concernes#respond\"]}]},{\"@type\":\"WebPage\",\"@id\":\"https:\/\/www.africa-press.net\/togo\/politique\/togo-gestion-des-fonds-covid-19-lufc-demande-une-interpellation-des-ministres-concernes\",\"url\":\"https:\/\/www.africa-press.net\/togo\/politique\/togo-gestion-des-fonds-covid-19-lufc-demande-une-interpellation-des-ministres-concernes\",\"name\":\"Togo\/Gestion des fonds Covid-19\u00a0: l\u2019UFC demande une interpellation des ministres concern\u00e9s - Togo\",\"isPartOf\":{\"@id\":\"https:\/\/www.africa-press.net\/togo\/#website\"},\"primaryImageOfPage\":{\"@id\":\"https:\/\/www.africa-press.net\/togo\/politique\/togo-gestion-des-fonds-covid-19-lufc-demande-une-interpellation-des-ministres-concernes#primaryimage\"},\"image\":{\"@id\":\"https:\/\/www.africa-press.net\/togo\/politique\/togo-gestion-des-fonds-covid-19-lufc-demande-une-interpellation-des-ministres-concernes#primaryimage\"},\"thumbnailUrl\":\"https:\/\/static.africa-press.net\/togo\/sites\/58\/2023\/02\/postQueueImg_1676018883.92.jpg\",\"datePublished\":\"2023-02-10T12:17:59+00:00\",\"dateModified\":\"2023-02-10T13:39:58+00:00\",\"author\":{\"@id\":\"https:\/\/www.africa-press.net\/togo\/#\/schema\/person\/2b1cf3cd81a31e3cd26889ca66d677f1\"},\"description\":\"L\u2019Union des Forces de Changement (UFC) a re\u0301agi suite a\u0300 la publication par la Cour des Comptes du rapport de gestion de ...\",\"breadcrumb\":{\"@id\":\"https:\/\/www.africa-press.net\/togo\/politique\/togo-gestion-des-fonds-covid-19-lufc-demande-une-interpellation-des-ministres-concernes#breadcrumb\"},\"inLanguage\":\"fr-FR\",\"potentialAction\":[{\"@type\":\"ReadAction\",\"target\":[\"https:\/\/www.africa-press.net\/togo\/politique\/togo-gestion-des-fonds-covid-19-lufc-demande-une-interpellation-des-ministres-concernes\"]}]},{\"@type\":\"ImageObject\",\"inLanguage\":\"fr-FR\",\"@id\":\"https:\/\/www.africa-press.net\/togo\/politique\/togo-gestion-des-fonds-covid-19-lufc-demande-une-interpellation-des-ministres-concernes#primaryimage\",\"url\":\"https:\/\/static.africa-press.net\/togo\/sites\/58\/2023\/02\/postQueueImg_1676018883.92.jpg\",\"contentUrl\":\"https:\/\/static.africa-press.net\/togo\/sites\/58\/2023\/02\/postQueueImg_1676018883.92.jpg\",\"width\":720,\"height\":480,\"caption\":\"Togo\/Gestion des fonds Covid-19\u00a0: l\u2019UFC demande une interpellation des ministres concern\u00e9s\"},{\"@type\":\"BreadcrumbList\",\"@id\":\"https:\/\/www.africa-press.net\/togo\/politique\/togo-gestion-des-fonds-covid-19-lufc-demande-une-interpellation-des-ministres-concernes#breadcrumb\",\"itemListElement\":[{\"@type\":\"ListItem\",\"position\":1,\"name\":\"Accueil\",\"item\":\"https:\/\/www.africa-press.net\/togo\/\"},{\"@type\":\"ListItem\",\"position\":2,\"name\":\"Togo\/Gestion des fonds Covid-19\u00a0: l\u2019UFC demande une interpellation des ministres concern\u00e9s\"}]},{\"@type\":\"WebSite\",\"@id\":\"https:\/\/www.africa-press.net\/togo\/#website\",\"url\":\"https:\/\/www.africa-press.net\/togo\/\",\"name\":\"Togo\",\"description\":\"Just another Africa News Agency Sites site\",\"potentialAction\":[{\"@type\":\"SearchAction\",\"target\":{\"@type\":\"EntryPoint\",\"urlTemplate\":\"https:\/\/www.africa-press.net\/togo\/?s={search_term_string}\"},\"query-input\":{\"@type\":\"PropertyValueSpecification\",\"valueRequired\":true,\"valueName\":\"search_term_string\"}}],\"inLanguage\":\"fr-FR\"},{\"@type\":\"Person\",\"@id\":\"https:\/\/www.africa-press.net\/togo\/#\/schema\/person\/2b1cf3cd81a31e3cd26889ca66d677f1\",\"name\":\"cfeditorfr\"}]}<\/script>\n<!-- \/ Yoast SEO Premium plugin. -->","yoast_head_json":{"title":"Togo\/Gestion des fonds Covid-19\u00a0: l\u2019UFC demande une interpellation des ministres concern\u00e9s - Togo","description":"L\u2019Union des Forces de Changement (UFC) a re\u0301agi suite a\u0300 la publication par la Cour des Comptes du rapport de gestion de ...","robots":{"index":"index","follow":"follow","max-snippet":"max-snippet:-1","max-image-preview":"max-image-preview:large","max-video-preview":"max-video-preview:-1"},"canonical":"https:\/\/www.africa-press.net\/togo\/politique\/togo-gestion-des-fonds-covid-19-lufc-demande-une-interpellation-des-ministres-concernes","og_locale":"fr_FR","og_type":"article","og_title":"Togo\/Gestion des fonds Covid-19\u00a0: l\u2019UFC demande une interpellation des ministres concern\u00e9s","og_description":"L\u2019Union des Forces de Changement (UFC) a re\u0301agi suite a\u0300 la publication par la Cour des Comptes du rapport de gestion de ...","og_url":"https:\/\/www.africa-press.net\/togo\/politique\/togo-gestion-des-fonds-covid-19-lufc-demande-une-interpellation-des-ministres-concernes","og_site_name":"Togo","article_published_time":"2023-02-10T12:17:59+00:00","article_modified_time":"2023-02-10T13:39:58+00:00","og_image":[{"width":720,"height":480,"url":"https:\/\/static.africa-press.net\/togo\/sites\/58\/2023\/02\/postQueueImg_1676018883.92.jpg","type":"image\/jpeg"}],"author":"cfeditorfr","twitter_card":"summary_large_image","twitter_misc":{"\u00c9crit par":"cfeditorfr","Dur\u00e9e de lecture estim\u00e9e":"1 minute"},"schema":{"@context":"https:\/\/schema.org","@graph":[{"@type":"Article","@id":"https:\/\/www.africa-press.net\/togo\/politique\/togo-gestion-des-fonds-covid-19-lufc-demande-une-interpellation-des-ministres-concernes#article","isPartOf":{"@id":"https:\/\/www.africa-press.net\/togo\/politique\/togo-gestion-des-fonds-covid-19-lufc-demande-une-interpellation-des-ministres-concernes"},"author":{"name":"cfeditorfr","@id":"https:\/\/www.africa-press.net\/togo\/#\/schema\/person\/2b1cf3cd81a31e3cd26889ca66d677f1"},"headline":"Togo\/Gestion des fonds Covid-19\u00a0: l\u2019UFC demande une interpellation des ministres concern\u00e9s","datePublished":"2023-02-10T12:17:59+00:00","dateModified":"2023-02-10T13:39:58+00:00","mainEntityOfPage":{"@id":"https:\/\/www.africa-press.net\/togo\/politique\/togo-gestion-des-fonds-covid-19-lufc-demande-une-interpellation-des-ministres-concernes"},"wordCount":279,"commentCount":0,"image":{"@id":"https:\/\/www.africa-press.net\/togo\/politique\/togo-gestion-des-fonds-covid-19-lufc-demande-une-interpellation-des-ministres-concernes#primaryimage"},"thumbnailUrl":"https:\/\/static.africa-press.net\/togo\/sites\/58\/2023\/02\/postQueueImg_1676018883.92.jpg","keywords":["Africa Press","Africa Press-Togo","Covid-19","Togo","UFC-Togo"],"articleSection":["Politique","Toutes les actualit\u00e9s"],"inLanguage":"fr-FR","potentialAction":[{"@type":"CommentAction","name":"Comment","target":["https:\/\/www.africa-press.net\/togo\/politique\/togo-gestion-des-fonds-covid-19-lufc-demande-une-interpellation-des-ministres-concernes#respond"]}]},{"@type":"WebPage","@id":"https:\/\/www.africa-press.net\/togo\/politique\/togo-gestion-des-fonds-covid-19-lufc-demande-une-interpellation-des-ministres-concernes","url":"https:\/\/www.africa-press.net\/togo\/politique\/togo-gestion-des-fonds-covid-19-lufc-demande-une-interpellation-des-ministres-concernes","name":"Togo\/Gestion des fonds Covid-19\u00a0: l\u2019UFC demande une interpellation des ministres concern\u00e9s - Togo","isPartOf":{"@id":"https:\/\/www.africa-press.net\/togo\/#website"},"primaryImageOfPage":{"@id":"https:\/\/www.africa-press.net\/togo\/politique\/togo-gestion-des-fonds-covid-19-lufc-demande-une-interpellation-des-ministres-concernes#primaryimage"},"image":{"@id":"https:\/\/www.africa-press.net\/togo\/politique\/togo-gestion-des-fonds-covid-19-lufc-demande-une-interpellation-des-ministres-concernes#primaryimage"},"thumbnailUrl":"https:\/\/static.africa-press.net\/togo\/sites\/58\/2023\/02\/postQueueImg_1676018883.92.jpg","datePublished":"2023-02-10T12:17:59+00:00","dateModified":"2023-02-10T13:39:58+00:00","author":{"@id":"https:\/\/www.africa-press.net\/togo\/#\/schema\/person\/2b1cf3cd81a31e3cd26889ca66d677f1"},"description":"L\u2019Union des Forces de Changement (UFC) a re\u0301agi suite a\u0300 la publication par la Cour des Comptes du rapport de gestion de ...","breadcrumb":{"@id":"https:\/\/www.africa-press.net\/togo\/politique\/togo-gestion-des-fonds-covid-19-lufc-demande-une-interpellation-des-ministres-concernes#breadcrumb"},"inLanguage":"fr-FR","potentialAction":[{"@type":"ReadAction","target":["https:\/\/www.africa-press.net\/togo\/politique\/togo-gestion-des-fonds-covid-19-lufc-demande-une-interpellation-des-ministres-concernes"]}]},{"@type":"ImageObject","inLanguage":"fr-FR","@id":"https:\/\/www.africa-press.net\/togo\/politique\/togo-gestion-des-fonds-covid-19-lufc-demande-une-interpellation-des-ministres-concernes#primaryimage","url":"https:\/\/static.africa-press.net\/togo\/sites\/58\/2023\/02\/postQueueImg_1676018883.92.jpg","contentUrl":"https:\/\/static.africa-press.net\/togo\/sites\/58\/2023\/02\/postQueueImg_1676018883.92.jpg","width":720,"height":480,"caption":"Togo\/Gestion des fonds Covid-19\u00a0: l\u2019UFC demande une interpellation des ministres concern\u00e9s"},{"@type":"BreadcrumbList","@id":"https:\/\/www.africa-press.net\/togo\/politique\/togo-gestion-des-fonds-covid-19-lufc-demande-une-interpellation-des-ministres-concernes#breadcrumb","itemListElement":[{"@type":"ListItem","position":1,"name":"Accueil","item":"https:\/\/www.africa-press.net\/togo\/"},{"@type":"ListItem","position":2,"name":"Togo\/Gestion des fonds Covid-19\u00a0: l\u2019UFC demande une interpellation des ministres concern\u00e9s"}]},{"@type":"WebSite","@id":"https:\/\/www.africa-press.net\/togo\/#website","url":"https:\/\/www.africa-press.net\/togo\/","name":"Togo","description":"Just another Africa News Agency Sites site","potentialAction":[{"@type":"SearchAction","target":{"@type":"EntryPoint","urlTemplate":"https:\/\/www.africa-press.net\/togo\/?s={search_term_string}"},"query-input":{"@type":"PropertyValueSpecification","valueRequired":true,"valueName":"search_term_string"}}],"inLanguage":"fr-FR"},{"@type":"Person","@id":"https:\/\/www.africa-press.net\/togo\/#\/schema\/person\/2b1cf3cd81a31e3cd26889ca66d677f1","name":"cfeditorfr"}]}},"_links":{"self":[{"href":"https:\/\/www.africa-press.net\/togo\/wp-json\/wp\/v2\/posts\/17006","targetHints":{"allow":["GET"]}}],"collection":[{"href":"https:\/\/www.africa-press.net\/togo\/wp-json\/wp\/v2\/posts"}],"about":[{"href":"https:\/\/www.africa-press.net\/togo\/wp-json\/wp\/v2\/types\/post"}],"author":[{"embeddable":true,"href":"https:\/\/www.africa-press.net\/togo\/wp-json\/wp\/v2\/users\/82"}],"replies":[{"embeddable":true,"href":"https:\/\/www.africa-press.net\/togo\/wp-json\/wp\/v2\/comments?post=17006"}],"version-history":[{"count":0,"href":"https:\/\/www.africa-press.net\/togo\/wp-json\/wp\/v2\/posts\/17006\/revisions"}],"wp:featuredmedia":[{"embeddable":true,"href":"https:\/\/www.africa-press.net\/togo\/wp-json\/wp\/v2\/media\/17004"}],"wp:attachment":[{"href":"https:\/\/www.africa-press.net\/togo\/wp-json\/wp\/v2\/media?parent=17006"}],"wp:term":[{"taxonomy":"category","embeddable":true,"href":"https:\/\/www.africa-press.net\/togo\/wp-json\/wp\/v2\/categories?post=17006"},{"taxonomy":"post_tag","embeddable":true,"href":"https:\/\/www.africa-press.net\/togo\/wp-json\/wp\/v2\/tags?post=17006"}],"curies":[{"name":"wp","href":"https:\/\/api.w.org\/{rel}","templated":true}]}}