{"id":17018,"date":"2023-02-10T12:16:32","date_gmt":"2023-02-10T12:16:32","guid":{"rendered":"https:\/\/www.africa-press.net\/togo\/politique\/naples-pourra-t-il-garder-son-attaquant-victor-osimhen"},"modified":"2023-02-10T14:19:49","modified_gmt":"2023-02-10T14:19:49","slug":"naples-pourra-t-il-garder-son-attaquant-victor-osimhen","status":"publish","type":"post","link":"https:\/\/www.africa-press.net\/togo\/sports\/naples-pourra-t-il-garder-son-attaquant-victor-osimhen","title":{"rendered":"Naples pourra-t-il garder son attaquant Victor Osimhen ?"},"content":{"rendered":"<p><span style=\"color: #ff6600\"><strong>Africa-Press &#8211; Togo. <\/strong><\/span><b>Victor Osimhen est plus que jamais au meilleur de sa forme. L\u2019actuel meilleur buteur de la Seria A est cible\u0301 par de grosses e\u0301curies, notamment Manchester United pre\u0302t a\u0300 casser sa tirelire pour l\u2019enro\u0302ler.<\/b><\/p>\n<p>A 24 ans, l\u2019international nige\u0301rian marche sur l\u2019eau en Italie. Le buteur napolitain est l\u2019un des meilleurs artisans des belles prestations de son club actuellement en Serie A. L\u2019auteur de 16 re\u0301alisations depuis le de\u0301but de la saison 2022-2023 en championnat a mis tout le monde d\u2019accord sur ses qualite\u0301s de buteur : 45 buts, 13 passes de\u0301cisives en 85 matches, toutes compe\u0301titions confondues.<\/p>\n<p>Des chiffres impressionnants qui font qu\u2019il est suivi de pre\u0300s par de grands clubs. Et le nom qui revient de plus en plus est celui de Manchester United.<\/p>\n<p>Les Red Devils travaillent pour signer cette machine a\u0300 marquer. Selon des me\u0301dias spe\u0301cialise\u0301s, le troisie\u0300me du classement de Premier league sont pre\u0302ts a\u0300 mettre sur la table 120 millions d\u2019euros. Une somme conse\u0301quente d\u2019autant plus que ce serait le me\u0302me montant inscrit dans sa clause libe\u0301ratoire.<\/p>\n<p>Dans ce dossier, Manchester United a un adversaire de taille. Il s\u2019appelle Chelsea bien qu\u2019il y soit annonce\u0301 l\u2019arrive\u0301e de l\u2019international franc\u0327ais Christopher Nkunku.<\/p>\n<p><strong>Pour plus d&rsquo;informations et d&rsquo;analyses sur la <a href=\"https:\/\/www.africa-press.net\/togo\">Togo<\/a>, suivez <a href=\"https:\/\/www.africa-press.net\/\">Africa-Press<\/a><\/strong><\/p>\n","protected":false},"excerpt":{"rendered":"<p>Africa-Press &#8211; Togo. Victor Osimhen est plus que jamais au meilleur de sa forme. L\u2019actuel meilleur buteur de la Seria A est cible\u0301 par de grosses e\u0301curies, notamment Manchester United pre\u0302t a\u0300 casser sa tirelire pour l\u2019enro\u0302ler. A 24 ans, l\u2019international nige\u0301rian marche sur l\u2019eau en Italie. Le buteur napolitain est l\u2019un des meilleurs artisans [&hellip;]<\/p>\n","protected":false},"author":82,"featured_media":17016,"comment_status":"open","ping_status":"closed","sticky":false,"template":"","format":"standard","meta":{"footnotes":""},"categories":[6,10],"tags":[36,49,50],"class_list":["post-17018","post","type-post","status-publish","format-standard","has-post-thumbnail","hentry","category-sports","category-toutes-les-actualites","tag-africa-press","tag-africa-press-togo","tag-togo"],"yoast_head":"<!-- This site is optimized with the Yoast SEO Premium plugin v26.1 (Yoast SEO v27.0) - https:\/\/yoast.com\/product\/yoast-seo-premium-wordpress\/ -->\n<title>Naples pourra-t-il garder son attaquant Victor Osimhen ? - Togo<\/title>\n<meta name=\"description\" content=\"Victor Osimhen est plus que jamais au meilleur de sa forme. L\u2019actuel meilleur buteur de la Seria A est cible\u0301 par de ...\" \/>\n<meta name=\"robots\" content=\"index, follow, max-snippet:-1, max-image-preview:large, max-video-preview:-1\" \/>\n<link rel=\"canonical\" href=\"https:\/\/www.africa-press.net\/togo\/sports\/naples-pourra-t-il-garder-son-attaquant-victor-osimhen\" \/>\n<meta property=\"og:locale\" content=\"fr_FR\" \/>\n<meta property=\"og:type\" content=\"article\" \/>\n<meta property=\"og:title\" content=\"Naples pourra-t-il garder son attaquant Victor Osimhen ?\" \/>\n<meta property=\"og:description\" content=\"Victor Osimhen est plus que jamais au meilleur de sa forme. L\u2019actuel meilleur buteur de la Seria A est cible\u0301 par de ...\" \/>\n<meta property=\"og:url\" content=\"https:\/\/www.africa-press.net\/togo\/sports\/naples-pourra-t-il-garder-son-attaquant-victor-osimhen\" \/>\n<meta property=\"og:site_name\" content=\"Togo\" \/>\n<meta property=\"article:published_time\" content=\"2023-02-10T12:16:32+00:00\" \/>\n<meta property=\"article:modified_time\" content=\"2023-02-10T14:19:49+00:00\" \/>\n<meta property=\"og:image\" content=\"https:\/\/static.africa-press.net\/togo\/sites\/58\/2023\/02\/postQueueImg_1676018795.83.jpg\" \/>\n\t<meta property=\"og:image:width\" content=\"1280\" \/>\n\t<meta property=\"og:image:height\" content=\"800\" \/>\n\t<meta property=\"og:image:type\" content=\"image\/jpeg\" \/>\n<meta name=\"author\" content=\"cfeditorfr\" \/>\n<meta name=\"twitter:card\" content=\"summary_large_image\" \/>\n<meta name=\"twitter:label1\" content=\"\u00c9crit par\" \/>\n\t<meta name=\"twitter:data1\" content=\"cfeditorfr\" \/>\n\t<meta name=\"twitter:label2\" content=\"Dur\u00e9e de lecture estim\u00e9e\" \/>\n\t<meta name=\"twitter:data2\" content=\"1 minute\" \/>\n<script type=\"application\/ld+json\" class=\"yoast-schema-graph\">{\"@context\":\"https:\/\/schema.org\",\"@graph\":[{\"@type\":\"Article\",\"@id\":\"https:\/\/www.africa-press.net\/togo\/sports\/naples-pourra-t-il-garder-son-attaquant-victor-osimhen#article\",\"isPartOf\":{\"@id\":\"https:\/\/www.africa-press.net\/togo\/sports\/naples-pourra-t-il-garder-son-attaquant-victor-osimhen\"},\"author\":{\"name\":\"cfeditorfr\",\"@id\":\"https:\/\/www.africa-press.net\/togo\/#\/schema\/person\/2b1cf3cd81a31e3cd26889ca66d677f1\"},\"headline\":\"Naples pourra-t-il garder son attaquant Victor Osimhen ?\",\"datePublished\":\"2023-02-10T12:16:32+00:00\",\"dateModified\":\"2023-02-10T14:19:49+00:00\",\"mainEntityOfPage\":{\"@id\":\"https:\/\/www.africa-press.net\/togo\/sports\/naples-pourra-t-il-garder-son-attaquant-victor-osimhen\"},\"wordCount\":246,\"commentCount\":0,\"image\":{\"@id\":\"https:\/\/www.africa-press.net\/togo\/sports\/naples-pourra-t-il-garder-son-attaquant-victor-osimhen#primaryimage\"},\"thumbnailUrl\":\"https:\/\/static.africa-press.net\/togo\/sites\/58\/2023\/02\/postQueueImg_1676018795.83.jpg\",\"keywords\":[\"Africa Press\",\"Africa Press-Togo\",\"Togo\"],\"articleSection\":[\"Sports\",\"Toutes les actualit\u00e9s\"],\"inLanguage\":\"fr-FR\",\"potentialAction\":[{\"@type\":\"CommentAction\",\"name\":\"Comment\",\"target\":[\"https:\/\/www.africa-press.net\/togo\/sports\/naples-pourra-t-il-garder-son-attaquant-victor-osimhen#respond\"]}]},{\"@type\":\"WebPage\",\"@id\":\"https:\/\/www.africa-press.net\/togo\/sports\/naples-pourra-t-il-garder-son-attaquant-victor-osimhen\",\"url\":\"https:\/\/www.africa-press.net\/togo\/sports\/naples-pourra-t-il-garder-son-attaquant-victor-osimhen\",\"name\":\"Naples pourra-t-il garder son attaquant Victor Osimhen ? - Togo\",\"isPartOf\":{\"@id\":\"https:\/\/www.africa-press.net\/togo\/#website\"},\"primaryImageOfPage\":{\"@id\":\"https:\/\/www.africa-press.net\/togo\/sports\/naples-pourra-t-il-garder-son-attaquant-victor-osimhen#primaryimage\"},\"image\":{\"@id\":\"https:\/\/www.africa-press.net\/togo\/sports\/naples-pourra-t-il-garder-son-attaquant-victor-osimhen#primaryimage\"},\"thumbnailUrl\":\"https:\/\/static.africa-press.net\/togo\/sites\/58\/2023\/02\/postQueueImg_1676018795.83.jpg\",\"datePublished\":\"2023-02-10T12:16:32+00:00\",\"dateModified\":\"2023-02-10T14:19:49+00:00\",\"author\":{\"@id\":\"https:\/\/www.africa-press.net\/togo\/#\/schema\/person\/2b1cf3cd81a31e3cd26889ca66d677f1\"},\"description\":\"Victor Osimhen est plus que jamais au meilleur de sa forme. L\u2019actuel meilleur buteur de la Seria A est cible\u0301 par de ...\",\"breadcrumb\":{\"@id\":\"https:\/\/www.africa-press.net\/togo\/sports\/naples-pourra-t-il-garder-son-attaquant-victor-osimhen#breadcrumb\"},\"inLanguage\":\"fr-FR\",\"potentialAction\":[{\"@type\":\"ReadAction\",\"target\":[\"https:\/\/www.africa-press.net\/togo\/sports\/naples-pourra-t-il-garder-son-attaquant-victor-osimhen\"]}]},{\"@type\":\"ImageObject\",\"inLanguage\":\"fr-FR\",\"@id\":\"https:\/\/www.africa-press.net\/togo\/sports\/naples-pourra-t-il-garder-son-attaquant-victor-osimhen#primaryimage\",\"url\":\"https:\/\/static.africa-press.net\/togo\/sites\/58\/2023\/02\/postQueueImg_1676018795.83.jpg\",\"contentUrl\":\"https:\/\/static.africa-press.net\/togo\/sites\/58\/2023\/02\/postQueueImg_1676018795.83.jpg\",\"width\":1280,\"height\":800,\"caption\":\"Naples pourra-t-il garder son attaquant Victor Osimhen ?\"},{\"@type\":\"BreadcrumbList\",\"@id\":\"https:\/\/www.africa-press.net\/togo\/sports\/naples-pourra-t-il-garder-son-attaquant-victor-osimhen#breadcrumb\",\"itemListElement\":[{\"@type\":\"ListItem\",\"position\":1,\"name\":\"Accueil\",\"item\":\"https:\/\/www.africa-press.net\/togo\/\"},{\"@type\":\"ListItem\",\"position\":2,\"name\":\"Naples pourra-t-il garder son attaquant Victor Osimhen ?\"}]},{\"@type\":\"WebSite\",\"@id\":\"https:\/\/www.africa-press.net\/togo\/#website\",\"url\":\"https:\/\/www.africa-press.net\/togo\/\",\"name\":\"Togo\",\"description\":\"Just another Africa News Agency Sites site\",\"potentialAction\":[{\"@type\":\"SearchAction\",\"target\":{\"@type\":\"EntryPoint\",\"urlTemplate\":\"https:\/\/www.africa-press.net\/togo\/?s={search_term_string}\"},\"query-input\":{\"@type\":\"PropertyValueSpecification\",\"valueRequired\":true,\"valueName\":\"search_term_string\"}}],\"inLanguage\":\"fr-FR\"},{\"@type\":\"Person\",\"@id\":\"https:\/\/www.africa-press.net\/togo\/#\/schema\/person\/2b1cf3cd81a31e3cd26889ca66d677f1\",\"name\":\"cfeditorfr\"}]}<\/script>\n<!-- \/ Yoast SEO Premium plugin. -->","yoast_head_json":{"title":"Naples pourra-t-il garder son attaquant Victor Osimhen ? - Togo","description":"Victor Osimhen est plus que jamais au meilleur de sa forme. L\u2019actuel meilleur buteur de la Seria A est cible\u0301 par de ...","robots":{"index":"index","follow":"follow","max-snippet":"max-snippet:-1","max-image-preview":"max-image-preview:large","max-video-preview":"max-video-preview:-1"},"canonical":"https:\/\/www.africa-press.net\/togo\/sports\/naples-pourra-t-il-garder-son-attaquant-victor-osimhen","og_locale":"fr_FR","og_type":"article","og_title":"Naples pourra-t-il garder son attaquant Victor Osimhen ?","og_description":"Victor Osimhen est plus que jamais au meilleur de sa forme. L\u2019actuel meilleur buteur de la Seria A est cible\u0301 par de ...","og_url":"https:\/\/www.africa-press.net\/togo\/sports\/naples-pourra-t-il-garder-son-attaquant-victor-osimhen","og_site_name":"Togo","article_published_time":"2023-02-10T12:16:32+00:00","article_modified_time":"2023-02-10T14:19:49+00:00","og_image":[{"width":1280,"height":800,"url":"https:\/\/static.africa-press.net\/togo\/sites\/58\/2023\/02\/postQueueImg_1676018795.83.jpg","type":"image\/jpeg"}],"author":"cfeditorfr","twitter_card":"summary_large_image","twitter_misc":{"\u00c9crit par":"cfeditorfr","Dur\u00e9e de lecture estim\u00e9e":"1 minute"},"schema":{"@context":"https:\/\/schema.org","@graph":[{"@type":"Article","@id":"https:\/\/www.africa-press.net\/togo\/sports\/naples-pourra-t-il-garder-son-attaquant-victor-osimhen#article","isPartOf":{"@id":"https:\/\/www.africa-press.net\/togo\/sports\/naples-pourra-t-il-garder-son-attaquant-victor-osimhen"},"author":{"name":"cfeditorfr","@id":"https:\/\/www.africa-press.net\/togo\/#\/schema\/person\/2b1cf3cd81a31e3cd26889ca66d677f1"},"headline":"Naples pourra-t-il garder son attaquant Victor Osimhen ?","datePublished":"2023-02-10T12:16:32+00:00","dateModified":"2023-02-10T14:19:49+00:00","mainEntityOfPage":{"@id":"https:\/\/www.africa-press.net\/togo\/sports\/naples-pourra-t-il-garder-son-attaquant-victor-osimhen"},"wordCount":246,"commentCount":0,"image":{"@id":"https:\/\/www.africa-press.net\/togo\/sports\/naples-pourra-t-il-garder-son-attaquant-victor-osimhen#primaryimage"},"thumbnailUrl":"https:\/\/static.africa-press.net\/togo\/sites\/58\/2023\/02\/postQueueImg_1676018795.83.jpg","keywords":["Africa Press","Africa Press-Togo","Togo"],"articleSection":["Sports","Toutes les actualit\u00e9s"],"inLanguage":"fr-FR","potentialAction":[{"@type":"CommentAction","name":"Comment","target":["https:\/\/www.africa-press.net\/togo\/sports\/naples-pourra-t-il-garder-son-attaquant-victor-osimhen#respond"]}]},{"@type":"WebPage","@id":"https:\/\/www.africa-press.net\/togo\/sports\/naples-pourra-t-il-garder-son-attaquant-victor-osimhen","url":"https:\/\/www.africa-press.net\/togo\/sports\/naples-pourra-t-il-garder-son-attaquant-victor-osimhen","name":"Naples pourra-t-il garder son attaquant Victor Osimhen ? - Togo","isPartOf":{"@id":"https:\/\/www.africa-press.net\/togo\/#website"},"primaryImageOfPage":{"@id":"https:\/\/www.africa-press.net\/togo\/sports\/naples-pourra-t-il-garder-son-attaquant-victor-osimhen#primaryimage"},"image":{"@id":"https:\/\/www.africa-press.net\/togo\/sports\/naples-pourra-t-il-garder-son-attaquant-victor-osimhen#primaryimage"},"thumbnailUrl":"https:\/\/static.africa-press.net\/togo\/sites\/58\/2023\/02\/postQueueImg_1676018795.83.jpg","datePublished":"2023-02-10T12:16:32+00:00","dateModified":"2023-02-10T14:19:49+00:00","author":{"@id":"https:\/\/www.africa-press.net\/togo\/#\/schema\/person\/2b1cf3cd81a31e3cd26889ca66d677f1"},"description":"Victor Osimhen est plus que jamais au meilleur de sa forme. L\u2019actuel meilleur buteur de la Seria A est cible\u0301 par de ...","breadcrumb":{"@id":"https:\/\/www.africa-press.net\/togo\/sports\/naples-pourra-t-il-garder-son-attaquant-victor-osimhen#breadcrumb"},"inLanguage":"fr-FR","potentialAction":[{"@type":"ReadAction","target":["https:\/\/www.africa-press.net\/togo\/sports\/naples-pourra-t-il-garder-son-attaquant-victor-osimhen"]}]},{"@type":"ImageObject","inLanguage":"fr-FR","@id":"https:\/\/www.africa-press.net\/togo\/sports\/naples-pourra-t-il-garder-son-attaquant-victor-osimhen#primaryimage","url":"https:\/\/static.africa-press.net\/togo\/sites\/58\/2023\/02\/postQueueImg_1676018795.83.jpg","contentUrl":"https:\/\/static.africa-press.net\/togo\/sites\/58\/2023\/02\/postQueueImg_1676018795.83.jpg","width":1280,"height":800,"caption":"Naples pourra-t-il garder son attaquant Victor Osimhen ?"},{"@type":"BreadcrumbList","@id":"https:\/\/www.africa-press.net\/togo\/sports\/naples-pourra-t-il-garder-son-attaquant-victor-osimhen#breadcrumb","itemListElement":[{"@type":"ListItem","position":1,"name":"Accueil","item":"https:\/\/www.africa-press.net\/togo\/"},{"@type":"ListItem","position":2,"name":"Naples pourra-t-il garder son attaquant Victor Osimhen ?"}]},{"@type":"WebSite","@id":"https:\/\/www.africa-press.net\/togo\/#website","url":"https:\/\/www.africa-press.net\/togo\/","name":"Togo","description":"Just another Africa News Agency Sites site","potentialAction":[{"@type":"SearchAction","target":{"@type":"EntryPoint","urlTemplate":"https:\/\/www.africa-press.net\/togo\/?s={search_term_string}"},"query-input":{"@type":"PropertyValueSpecification","valueRequired":true,"valueName":"search_term_string"}}],"inLanguage":"fr-FR"},{"@type":"Person","@id":"https:\/\/www.africa-press.net\/togo\/#\/schema\/person\/2b1cf3cd81a31e3cd26889ca66d677f1","name":"cfeditorfr"}]}},"_links":{"self":[{"href":"https:\/\/www.africa-press.net\/togo\/wp-json\/wp\/v2\/posts\/17018","targetHints":{"allow":["GET"]}}],"collection":[{"href":"https:\/\/www.africa-press.net\/togo\/wp-json\/wp\/v2\/posts"}],"about":[{"href":"https:\/\/www.africa-press.net\/togo\/wp-json\/wp\/v2\/types\/post"}],"author":[{"embeddable":true,"href":"https:\/\/www.africa-press.net\/togo\/wp-json\/wp\/v2\/users\/82"}],"replies":[{"embeddable":true,"href":"https:\/\/www.africa-press.net\/togo\/wp-json\/wp\/v2\/comments?post=17018"}],"version-history":[{"count":0,"href":"https:\/\/www.africa-press.net\/togo\/wp-json\/wp\/v2\/posts\/17018\/revisions"}],"wp:featuredmedia":[{"embeddable":true,"href":"https:\/\/www.africa-press.net\/togo\/wp-json\/wp\/v2\/media\/17016"}],"wp:attachment":[{"href":"https:\/\/www.africa-press.net\/togo\/wp-json\/wp\/v2\/media?parent=17018"}],"wp:term":[{"taxonomy":"category","embeddable":true,"href":"https:\/\/www.africa-press.net\/togo\/wp-json\/wp\/v2\/categories?post=17018"},{"taxonomy":"post_tag","embeddable":true,"href":"https:\/\/www.africa-press.net\/togo\/wp-json\/wp\/v2\/tags?post=17018"}],"curies":[{"name":"wp","href":"https:\/\/api.w.org\/{rel}","templated":true}]}}