{"id":17021,"date":"2023-02-10T12:16:40","date_gmt":"2023-02-10T12:16:40","guid":{"rendered":"https:\/\/www.africa-press.net\/togo\/politique\/seisme-en-turquie-un-togolais-raconte-un-evenement-apocalyptique"},"modified":"2023-02-10T14:20:55","modified_gmt":"2023-02-10T14:20:55","slug":"seisme-en-turquie-un-togolais-raconte-un-evenement-apocalyptique","status":"publish","type":"post","link":"https:\/\/www.africa-press.net\/togo\/toutes-les-actualites\/seisme-en-turquie-un-togolais-raconte-un-evenement-apocalyptique","title":{"rendered":"S\u00e9isme en Turquie : un Togolais raconte un \u00e9v\u00e9nement apocalyptique"},"content":{"rendered":"<p><span style=\"color: #ff6600\"><strong>Africa-Press &#8211; Togo. <\/strong><\/span><b>Le nombre de morts en Turquie est passe\u0301 a\u0300 18 342 suite au tremblement de terre qui a frappe\u0301 le pays en de\u0301but de semaine. Selon un rescape\u0301 togolais, l\u2019expe\u0301rience est ine\u0301dite.<\/b><\/p>\n<p>BBC Focus on Africa s\u2019est adresse\u0301 aux Africains vivant en Turquie touche\u0301s par le tremblement de terre de\u0301vastateur. Sherif du Togo a parle\u0301 a\u0300 Bola Mosuro depuis son lieu de refuge a\u0300 Gaziantep ou\u0300 lui et sa femme ont rejoint cinq autres familles.<\/p>\n<p>\u00ab Nous avons essaye\u0301 de survivre avec le strict minimum \u00bb, a de\u0301clare\u0301 Sherif qui vit actuellement avec sa femme dans un refuge avec cinq autres familles a\u0300 Gaziantep apre\u0300s la destruction de sa maison. La ville est la plus proche de l\u2019e\u0301picentre du se\u0301isme de magnitude 7,8 qui a frappe\u0301 lundi.<\/p>\n<p>\u00ab L\u2019expe\u0301rience e\u0301tait sans pre\u0301ce\u0301dent \u00bb, a-t-il de\u0301clare\u0301 a\u0300 propos de la panique qu\u2019il a ressentie au de\u0301but. \u00ab Les choses e\u0301taient en train de s\u2019effondrer. Les ba\u0302timents tremblaient. Quand nous sommes sortis, il neigeait et nous avons marche\u0301 sur la glace. Nous e\u0301tions dehors par un temps extre\u0302mement froid et glacial.<\/p>\n<p>Au de\u0301but, nous ne savions pas ou\u0300 aller ni quoi faire. La situation e\u0301tait apocalyptique. Nous avons du\u0302 trouver nos propres moyens. La catastrophe a tue\u0301 plus de 5 000 personnes jusqu\u2019a\u0300 pre\u0301sent, mais il y a des avertissements que le nombre de morts pourrait continuer a\u0300 augmenter\u00bb, a ajoute\u0301 le compatriote.<\/p>\n<p>Selon les dernie\u0300res mises a\u0300 jour en provenance de Syrie, 3 377 personnes y sont mortes. Le nombre de morts en Turquie s\u2019e\u0301levant a\u0300 18 342, a porte\u0301 le nombre total de personnes tue\u0301es a\u0300 21 719.<\/p>\n<p><strong>Pour plus d&rsquo;informations et d&rsquo;analyses sur la <a href=\"https:\/\/www.africa-press.net\/togo\">Togo<\/a>, suivez <a href=\"https:\/\/www.africa-press.net\/\">Africa-Press<\/a><\/strong><\/p>\n","protected":false},"excerpt":{"rendered":"<p>Africa-Press &#8211; Togo. Le nombre de morts en Turquie est passe\u0301 a\u0300 18 342 suite au tremblement de terre qui a frappe\u0301 le pays en de\u0301but de semaine. Selon un rescape\u0301 togolais, l\u2019expe\u0301rience est ine\u0301dite. BBC Focus on Africa s\u2019est adresse\u0301 aux Africains vivant en Turquie touche\u0301s par le tremblement de terre de\u0301vastateur. Sherif du [&hellip;]<\/p>\n","protected":false},"author":82,"featured_media":17020,"comment_status":"open","ping_status":"closed","sticky":false,"template":"","format":"standard","meta":{"footnotes":""},"categories":[21,10],"tags":[36,49,50],"class_list":["post-17021","post","type-post","status-publish","format-standard","has-post-thumbnail","hentry","category-communaute","category-toutes-les-actualites","tag-africa-press","tag-africa-press-togo","tag-togo"],"yoast_head":"<!-- This site is optimized with the Yoast SEO Premium plugin v26.1 (Yoast SEO v27.0) - https:\/\/yoast.com\/product\/yoast-seo-premium-wordpress\/ -->\n<title>S\u00e9isme en Turquie : un Togolais raconte un \u00e9v\u00e9nement apocalyptique - Togo<\/title>\n<meta name=\"description\" content=\"Le nombre de morts en Turquie est passe\u0301 a\u0300 18 342 suite au tremblement de terre qui a frappe\u0301 le pays en de\u0301but de s ...\" \/>\n<meta name=\"robots\" content=\"index, follow, max-snippet:-1, max-image-preview:large, max-video-preview:-1\" \/>\n<link rel=\"canonical\" href=\"https:\/\/www.africa-press.net\/togo\/toutes-les-actualites\/seisme-en-turquie-un-togolais-raconte-un-evenement-apocalyptique\" \/>\n<meta property=\"og:locale\" content=\"fr_FR\" \/>\n<meta property=\"og:type\" content=\"article\" \/>\n<meta property=\"og:title\" content=\"S\u00e9isme en Turquie : un Togolais raconte un \u00e9v\u00e9nement apocalyptique\" \/>\n<meta property=\"og:description\" content=\"Le nombre de morts en Turquie est passe\u0301 a\u0300 18 342 suite au tremblement de terre qui a frappe\u0301 le pays en de\u0301but de s ...\" \/>\n<meta property=\"og:url\" content=\"https:\/\/www.africa-press.net\/togo\/toutes-les-actualites\/seisme-en-turquie-un-togolais-raconte-un-evenement-apocalyptique\" \/>\n<meta property=\"og:site_name\" content=\"Togo\" \/>\n<meta property=\"article:published_time\" content=\"2023-02-10T12:16:40+00:00\" \/>\n<meta property=\"article:modified_time\" content=\"2023-02-10T14:20:55+00:00\" \/>\n<meta property=\"og:image\" content=\"https:\/\/static.africa-press.net\/togo\/sites\/58\/2023\/02\/postQueueImg_1676018803.45.jpg\" \/>\n\t<meta property=\"og:image:width\" content=\"1600\" \/>\n\t<meta property=\"og:image:height\" content=\"1086\" \/>\n\t<meta property=\"og:image:type\" content=\"image\/jpeg\" \/>\n<meta name=\"author\" content=\"cfeditorfr\" \/>\n<meta name=\"twitter:card\" content=\"summary_large_image\" \/>\n<meta name=\"twitter:label1\" content=\"\u00c9crit par\" \/>\n\t<meta name=\"twitter:data1\" content=\"cfeditorfr\" \/>\n\t<meta name=\"twitter:label2\" content=\"Dur\u00e9e de lecture estim\u00e9e\" \/>\n\t<meta name=\"twitter:data2\" content=\"1 minute\" \/>\n<script type=\"application\/ld+json\" class=\"yoast-schema-graph\">{\"@context\":\"https:\/\/schema.org\",\"@graph\":[{\"@type\":\"Article\",\"@id\":\"https:\/\/www.africa-press.net\/togo\/toutes-les-actualites\/seisme-en-turquie-un-togolais-raconte-un-evenement-apocalyptique#article\",\"isPartOf\":{\"@id\":\"https:\/\/www.africa-press.net\/togo\/toutes-les-actualites\/seisme-en-turquie-un-togolais-raconte-un-evenement-apocalyptique\"},\"author\":{\"name\":\"cfeditorfr\",\"@id\":\"https:\/\/www.africa-press.net\/togo\/#\/schema\/person\/2b1cf3cd81a31e3cd26889ca66d677f1\"},\"headline\":\"S\u00e9isme en Turquie : un Togolais raconte un \u00e9v\u00e9nement apocalyptique\",\"datePublished\":\"2023-02-10T12:16:40+00:00\",\"dateModified\":\"2023-02-10T14:20:55+00:00\",\"mainEntityOfPage\":{\"@id\":\"https:\/\/www.africa-press.net\/togo\/toutes-les-actualites\/seisme-en-turquie-un-togolais-raconte-un-evenement-apocalyptique\"},\"wordCount\":311,\"commentCount\":0,\"image\":{\"@id\":\"https:\/\/www.africa-press.net\/togo\/toutes-les-actualites\/seisme-en-turquie-un-togolais-raconte-un-evenement-apocalyptique#primaryimage\"},\"thumbnailUrl\":\"https:\/\/static.africa-press.net\/togo\/sites\/58\/2023\/02\/postQueueImg_1676018803.45.jpg\",\"keywords\":[\"Africa Press\",\"Africa Press-Togo\",\"Togo\"],\"articleSection\":[\"Communaut\u00e9\",\"Toutes les actualit\u00e9s\"],\"inLanguage\":\"fr-FR\",\"potentialAction\":[{\"@type\":\"CommentAction\",\"name\":\"Comment\",\"target\":[\"https:\/\/www.africa-press.net\/togo\/toutes-les-actualites\/seisme-en-turquie-un-togolais-raconte-un-evenement-apocalyptique#respond\"]}]},{\"@type\":\"WebPage\",\"@id\":\"https:\/\/www.africa-press.net\/togo\/toutes-les-actualites\/seisme-en-turquie-un-togolais-raconte-un-evenement-apocalyptique\",\"url\":\"https:\/\/www.africa-press.net\/togo\/toutes-les-actualites\/seisme-en-turquie-un-togolais-raconte-un-evenement-apocalyptique\",\"name\":\"S\u00e9isme en Turquie : un Togolais raconte un \u00e9v\u00e9nement apocalyptique - Togo\",\"isPartOf\":{\"@id\":\"https:\/\/www.africa-press.net\/togo\/#website\"},\"primaryImageOfPage\":{\"@id\":\"https:\/\/www.africa-press.net\/togo\/toutes-les-actualites\/seisme-en-turquie-un-togolais-raconte-un-evenement-apocalyptique#primaryimage\"},\"image\":{\"@id\":\"https:\/\/www.africa-press.net\/togo\/toutes-les-actualites\/seisme-en-turquie-un-togolais-raconte-un-evenement-apocalyptique#primaryimage\"},\"thumbnailUrl\":\"https:\/\/static.africa-press.net\/togo\/sites\/58\/2023\/02\/postQueueImg_1676018803.45.jpg\",\"datePublished\":\"2023-02-10T12:16:40+00:00\",\"dateModified\":\"2023-02-10T14:20:55+00:00\",\"author\":{\"@id\":\"https:\/\/www.africa-press.net\/togo\/#\/schema\/person\/2b1cf3cd81a31e3cd26889ca66d677f1\"},\"description\":\"Le nombre de morts en Turquie est passe\u0301 a\u0300 18 342 suite au tremblement de terre qui a frappe\u0301 le pays en de\u0301but de s ...\",\"breadcrumb\":{\"@id\":\"https:\/\/www.africa-press.net\/togo\/toutes-les-actualites\/seisme-en-turquie-un-togolais-raconte-un-evenement-apocalyptique#breadcrumb\"},\"inLanguage\":\"fr-FR\",\"potentialAction\":[{\"@type\":\"ReadAction\",\"target\":[\"https:\/\/www.africa-press.net\/togo\/toutes-les-actualites\/seisme-en-turquie-un-togolais-raconte-un-evenement-apocalyptique\"]}]},{\"@type\":\"ImageObject\",\"inLanguage\":\"fr-FR\",\"@id\":\"https:\/\/www.africa-press.net\/togo\/toutes-les-actualites\/seisme-en-turquie-un-togolais-raconte-un-evenement-apocalyptique#primaryimage\",\"url\":\"https:\/\/static.africa-press.net\/togo\/sites\/58\/2023\/02\/postQueueImg_1676018803.45.jpg\",\"contentUrl\":\"https:\/\/static.africa-press.net\/togo\/sites\/58\/2023\/02\/postQueueImg_1676018803.45.jpg\",\"width\":1600,\"height\":1086,\"caption\":\"S\u00e9isme en Turquie : un Togolais raconte un \u00e9v\u00e9nement apocalyptique\"},{\"@type\":\"BreadcrumbList\",\"@id\":\"https:\/\/www.africa-press.net\/togo\/toutes-les-actualites\/seisme-en-turquie-un-togolais-raconte-un-evenement-apocalyptique#breadcrumb\",\"itemListElement\":[{\"@type\":\"ListItem\",\"position\":1,\"name\":\"Accueil\",\"item\":\"https:\/\/www.africa-press.net\/togo\/\"},{\"@type\":\"ListItem\",\"position\":2,\"name\":\"S\u00e9isme en Turquie : un Togolais raconte un \u00e9v\u00e9nement apocalyptique\"}]},{\"@type\":\"WebSite\",\"@id\":\"https:\/\/www.africa-press.net\/togo\/#website\",\"url\":\"https:\/\/www.africa-press.net\/togo\/\",\"name\":\"Togo\",\"description\":\"Just another Africa News Agency Sites site\",\"potentialAction\":[{\"@type\":\"SearchAction\",\"target\":{\"@type\":\"EntryPoint\",\"urlTemplate\":\"https:\/\/www.africa-press.net\/togo\/?s={search_term_string}\"},\"query-input\":{\"@type\":\"PropertyValueSpecification\",\"valueRequired\":true,\"valueName\":\"search_term_string\"}}],\"inLanguage\":\"fr-FR\"},{\"@type\":\"Person\",\"@id\":\"https:\/\/www.africa-press.net\/togo\/#\/schema\/person\/2b1cf3cd81a31e3cd26889ca66d677f1\",\"name\":\"cfeditorfr\"}]}<\/script>\n<!-- \/ Yoast SEO Premium plugin. -->","yoast_head_json":{"title":"S\u00e9isme en Turquie : un Togolais raconte un \u00e9v\u00e9nement apocalyptique - Togo","description":"Le nombre de morts en Turquie est passe\u0301 a\u0300 18 342 suite au tremblement de terre qui a frappe\u0301 le pays en de\u0301but de s ...","robots":{"index":"index","follow":"follow","max-snippet":"max-snippet:-1","max-image-preview":"max-image-preview:large","max-video-preview":"max-video-preview:-1"},"canonical":"https:\/\/www.africa-press.net\/togo\/toutes-les-actualites\/seisme-en-turquie-un-togolais-raconte-un-evenement-apocalyptique","og_locale":"fr_FR","og_type":"article","og_title":"S\u00e9isme en Turquie : un Togolais raconte un \u00e9v\u00e9nement apocalyptique","og_description":"Le nombre de morts en Turquie est passe\u0301 a\u0300 18 342 suite au tremblement de terre qui a frappe\u0301 le pays en de\u0301but de s ...","og_url":"https:\/\/www.africa-press.net\/togo\/toutes-les-actualites\/seisme-en-turquie-un-togolais-raconte-un-evenement-apocalyptique","og_site_name":"Togo","article_published_time":"2023-02-10T12:16:40+00:00","article_modified_time":"2023-02-10T14:20:55+00:00","og_image":[{"width":1600,"height":1086,"url":"https:\/\/static.africa-press.net\/togo\/sites\/58\/2023\/02\/postQueueImg_1676018803.45.jpg","type":"image\/jpeg"}],"author":"cfeditorfr","twitter_card":"summary_large_image","twitter_misc":{"\u00c9crit par":"cfeditorfr","Dur\u00e9e de lecture estim\u00e9e":"1 minute"},"schema":{"@context":"https:\/\/schema.org","@graph":[{"@type":"Article","@id":"https:\/\/www.africa-press.net\/togo\/toutes-les-actualites\/seisme-en-turquie-un-togolais-raconte-un-evenement-apocalyptique#article","isPartOf":{"@id":"https:\/\/www.africa-press.net\/togo\/toutes-les-actualites\/seisme-en-turquie-un-togolais-raconte-un-evenement-apocalyptique"},"author":{"name":"cfeditorfr","@id":"https:\/\/www.africa-press.net\/togo\/#\/schema\/person\/2b1cf3cd81a31e3cd26889ca66d677f1"},"headline":"S\u00e9isme en Turquie : un Togolais raconte un \u00e9v\u00e9nement apocalyptique","datePublished":"2023-02-10T12:16:40+00:00","dateModified":"2023-02-10T14:20:55+00:00","mainEntityOfPage":{"@id":"https:\/\/www.africa-press.net\/togo\/toutes-les-actualites\/seisme-en-turquie-un-togolais-raconte-un-evenement-apocalyptique"},"wordCount":311,"commentCount":0,"image":{"@id":"https:\/\/www.africa-press.net\/togo\/toutes-les-actualites\/seisme-en-turquie-un-togolais-raconte-un-evenement-apocalyptique#primaryimage"},"thumbnailUrl":"https:\/\/static.africa-press.net\/togo\/sites\/58\/2023\/02\/postQueueImg_1676018803.45.jpg","keywords":["Africa Press","Africa Press-Togo","Togo"],"articleSection":["Communaut\u00e9","Toutes les actualit\u00e9s"],"inLanguage":"fr-FR","potentialAction":[{"@type":"CommentAction","name":"Comment","target":["https:\/\/www.africa-press.net\/togo\/toutes-les-actualites\/seisme-en-turquie-un-togolais-raconte-un-evenement-apocalyptique#respond"]}]},{"@type":"WebPage","@id":"https:\/\/www.africa-press.net\/togo\/toutes-les-actualites\/seisme-en-turquie-un-togolais-raconte-un-evenement-apocalyptique","url":"https:\/\/www.africa-press.net\/togo\/toutes-les-actualites\/seisme-en-turquie-un-togolais-raconte-un-evenement-apocalyptique","name":"S\u00e9isme en Turquie : un Togolais raconte un \u00e9v\u00e9nement apocalyptique - Togo","isPartOf":{"@id":"https:\/\/www.africa-press.net\/togo\/#website"},"primaryImageOfPage":{"@id":"https:\/\/www.africa-press.net\/togo\/toutes-les-actualites\/seisme-en-turquie-un-togolais-raconte-un-evenement-apocalyptique#primaryimage"},"image":{"@id":"https:\/\/www.africa-press.net\/togo\/toutes-les-actualites\/seisme-en-turquie-un-togolais-raconte-un-evenement-apocalyptique#primaryimage"},"thumbnailUrl":"https:\/\/static.africa-press.net\/togo\/sites\/58\/2023\/02\/postQueueImg_1676018803.45.jpg","datePublished":"2023-02-10T12:16:40+00:00","dateModified":"2023-02-10T14:20:55+00:00","author":{"@id":"https:\/\/www.africa-press.net\/togo\/#\/schema\/person\/2b1cf3cd81a31e3cd26889ca66d677f1"},"description":"Le nombre de morts en Turquie est passe\u0301 a\u0300 18 342 suite au tremblement de terre qui a frappe\u0301 le pays en de\u0301but de s ...","breadcrumb":{"@id":"https:\/\/www.africa-press.net\/togo\/toutes-les-actualites\/seisme-en-turquie-un-togolais-raconte-un-evenement-apocalyptique#breadcrumb"},"inLanguage":"fr-FR","potentialAction":[{"@type":"ReadAction","target":["https:\/\/www.africa-press.net\/togo\/toutes-les-actualites\/seisme-en-turquie-un-togolais-raconte-un-evenement-apocalyptique"]}]},{"@type":"ImageObject","inLanguage":"fr-FR","@id":"https:\/\/www.africa-press.net\/togo\/toutes-les-actualites\/seisme-en-turquie-un-togolais-raconte-un-evenement-apocalyptique#primaryimage","url":"https:\/\/static.africa-press.net\/togo\/sites\/58\/2023\/02\/postQueueImg_1676018803.45.jpg","contentUrl":"https:\/\/static.africa-press.net\/togo\/sites\/58\/2023\/02\/postQueueImg_1676018803.45.jpg","width":1600,"height":1086,"caption":"S\u00e9isme en Turquie : un Togolais raconte un \u00e9v\u00e9nement apocalyptique"},{"@type":"BreadcrumbList","@id":"https:\/\/www.africa-press.net\/togo\/toutes-les-actualites\/seisme-en-turquie-un-togolais-raconte-un-evenement-apocalyptique#breadcrumb","itemListElement":[{"@type":"ListItem","position":1,"name":"Accueil","item":"https:\/\/www.africa-press.net\/togo\/"},{"@type":"ListItem","position":2,"name":"S\u00e9isme en Turquie : un Togolais raconte un \u00e9v\u00e9nement apocalyptique"}]},{"@type":"WebSite","@id":"https:\/\/www.africa-press.net\/togo\/#website","url":"https:\/\/www.africa-press.net\/togo\/","name":"Togo","description":"Just another Africa News Agency Sites site","potentialAction":[{"@type":"SearchAction","target":{"@type":"EntryPoint","urlTemplate":"https:\/\/www.africa-press.net\/togo\/?s={search_term_string}"},"query-input":{"@type":"PropertyValueSpecification","valueRequired":true,"valueName":"search_term_string"}}],"inLanguage":"fr-FR"},{"@type":"Person","@id":"https:\/\/www.africa-press.net\/togo\/#\/schema\/person\/2b1cf3cd81a31e3cd26889ca66d677f1","name":"cfeditorfr"}]}},"_links":{"self":[{"href":"https:\/\/www.africa-press.net\/togo\/wp-json\/wp\/v2\/posts\/17021","targetHints":{"allow":["GET"]}}],"collection":[{"href":"https:\/\/www.africa-press.net\/togo\/wp-json\/wp\/v2\/posts"}],"about":[{"href":"https:\/\/www.africa-press.net\/togo\/wp-json\/wp\/v2\/types\/post"}],"author":[{"embeddable":true,"href":"https:\/\/www.africa-press.net\/togo\/wp-json\/wp\/v2\/users\/82"}],"replies":[{"embeddable":true,"href":"https:\/\/www.africa-press.net\/togo\/wp-json\/wp\/v2\/comments?post=17021"}],"version-history":[{"count":0,"href":"https:\/\/www.africa-press.net\/togo\/wp-json\/wp\/v2\/posts\/17021\/revisions"}],"wp:featuredmedia":[{"embeddable":true,"href":"https:\/\/www.africa-press.net\/togo\/wp-json\/wp\/v2\/media\/17020"}],"wp:attachment":[{"href":"https:\/\/www.africa-press.net\/togo\/wp-json\/wp\/v2\/media?parent=17021"}],"wp:term":[{"taxonomy":"category","embeddable":true,"href":"https:\/\/www.africa-press.net\/togo\/wp-json\/wp\/v2\/categories?post=17021"},{"taxonomy":"post_tag","embeddable":true,"href":"https:\/\/www.africa-press.net\/togo\/wp-json\/wp\/v2\/tags?post=17021"}],"curies":[{"name":"wp","href":"https:\/\/api.w.org\/{rel}","templated":true}]}}