{"id":17053,"date":"2023-02-10T17:24:55","date_gmt":"2023-02-10T17:24:55","guid":{"rendered":"https:\/\/www.africa-press.net\/togo\/politique\/seisme-en-turquie-le-togo-envoie-un-autre-message"},"modified":"2023-02-10T18:52:25","modified_gmt":"2023-02-10T18:52:25","slug":"seisme-en-turquie-le-togo-envoie-un-autre-message","status":"publish","type":"post","link":"https:\/\/www.africa-press.net\/togo\/politique\/seisme-en-turquie-le-togo-envoie-un-autre-message","title":{"rendered":"S\u00e9isme en Turquie : Le Togo envoie un autre message"},"content":{"rendered":"<p><span style=\"color: #ff6600\"><strong>Africa-Press &#8211; Togo. <\/strong><\/span><b>Le Secre\u0301taire ge\u0301ne\u0301ral du ministe\u0300re des Affaires e\u0301trange\u0300res de l\u2019Inte\u0301gration re\u0301gionale et des Togolais de l\u2019exte\u0301rieur, Salifou Afo vient de visiter l\u2019Ambassade de Turquie a\u0300 Lome\u0301 afin de de\u0301livrer le message de condole\u0301ances pour les victimes des se\u0301ismes<\/b>.<\/p>\n<p>Le message a e\u0301te\u0301 de\u0301livre\u0301 au nom du chef de la diplomatie togolaise, Prof. Robert Dussey, ainsi que du gouvernement et du peuple togolais.<\/p>\n<p>Cela fait suite a\u0300 une re\u0301action de Faure Gnassingbe\u0301 il y a quelques jours pendant que les Turcs tentent toujours de secourir les victimes.<\/p>\n<p>Jusqu\u2019a\u0300 pre\u0301sent, plus de 21 000 personnes sont de\u0301ce\u0301de\u0301es apre\u0300s les tremblements de terre de lundi dans le sud de la Turquie et le nord de la Syrie.<\/p>\n<p><strong>Pour plus d&rsquo;informations et d&rsquo;analyses sur la <a href=\"https:\/\/www.africa-press.net\/togo\">Togo<\/a>, suivez <a href=\"https:\/\/www.africa-press.net\/\">Africa-Press<\/a><\/strong><\/p>\n","protected":false},"excerpt":{"rendered":"<p>Africa-Press &#8211; Togo. Le Secre\u0301taire ge\u0301ne\u0301ral du ministe\u0300re des Affaires e\u0301trange\u0300res de l\u2019Inte\u0301gration re\u0301gionale et des Togolais de l\u2019exte\u0301rieur, Salifou Afo vient de visiter l\u2019Ambassade de Turquie a\u0300 Lome\u0301 afin de de\u0301livrer le message de condole\u0301ances pour les victimes des se\u0301ismes. Le message a e\u0301te\u0301 de\u0301livre\u0301 au nom du chef de la diplomatie togolaise, Prof. [&hellip;]<\/p>\n","protected":false},"author":82,"featured_media":17052,"comment_status":"open","ping_status":"closed","sticky":false,"template":"","format":"standard","meta":{"footnotes":""},"categories":[2,10],"tags":[36,49,50],"class_list":["post-17053","post","type-post","status-publish","format-standard","has-post-thumbnail","hentry","category-politique","category-toutes-les-actualites","tag-africa-press","tag-africa-press-togo","tag-togo"],"yoast_head":"<!-- This site is optimized with the Yoast SEO Premium plugin v26.1 (Yoast SEO v27.0) - https:\/\/yoast.com\/product\/yoast-seo-premium-wordpress\/ -->\n<title>S\u00e9isme en Turquie : Le Togo envoie un autre message - Togo<\/title>\n<meta name=\"description\" content=\"Le Secre\u0301taire ge\u0301ne\u0301ral du ministe\u0300re des Affaires e\u0301trange\u0300res de l\u2019Inte\u0301gration re\u0301gionale et des Togolais de l\u2019ex ...\" \/>\n<meta name=\"robots\" content=\"index, follow, max-snippet:-1, max-image-preview:large, max-video-preview:-1\" \/>\n<link rel=\"canonical\" href=\"https:\/\/www.africa-press.net\/togo\/politique\/seisme-en-turquie-le-togo-envoie-un-autre-message\" \/>\n<meta property=\"og:locale\" content=\"fr_FR\" \/>\n<meta property=\"og:type\" content=\"article\" \/>\n<meta property=\"og:title\" content=\"S\u00e9isme en Turquie : Le Togo envoie un autre message\" \/>\n<meta property=\"og:description\" content=\"Le Secre\u0301taire ge\u0301ne\u0301ral du ministe\u0300re des Affaires e\u0301trange\u0300res de l\u2019Inte\u0301gration re\u0301gionale et des Togolais de l\u2019ex ...\" \/>\n<meta property=\"og:url\" content=\"https:\/\/www.africa-press.net\/togo\/politique\/seisme-en-turquie-le-togo-envoie-un-autre-message\" \/>\n<meta property=\"og:site_name\" content=\"Togo\" \/>\n<meta property=\"article:published_time\" content=\"2023-02-10T17:24:55+00:00\" \/>\n<meta property=\"article:modified_time\" content=\"2023-02-10T18:52:25+00:00\" \/>\n<meta property=\"og:image\" content=\"https:\/\/static.africa-press.net\/togo\/sites\/58\/2023\/02\/postQueueImg_1676037299.20.jpg\" \/>\n\t<meta property=\"og:image:width\" content=\"1556\" \/>\n\t<meta property=\"og:image:height\" content=\"1167\" \/>\n\t<meta property=\"og:image:type\" content=\"image\/jpeg\" \/>\n<meta name=\"author\" content=\"cfeditorfr\" \/>\n<meta name=\"twitter:card\" content=\"summary_large_image\" \/>\n<meta name=\"twitter:label1\" content=\"\u00c9crit par\" \/>\n\t<meta name=\"twitter:data1\" content=\"cfeditorfr\" \/>\n\t<meta name=\"twitter:label2\" content=\"Dur\u00e9e de lecture estim\u00e9e\" \/>\n\t<meta name=\"twitter:data2\" content=\"1 minute\" \/>\n<script type=\"application\/ld+json\" class=\"yoast-schema-graph\">{\"@context\":\"https:\/\/schema.org\",\"@graph\":[{\"@type\":\"Article\",\"@id\":\"https:\/\/www.africa-press.net\/togo\/politique\/seisme-en-turquie-le-togo-envoie-un-autre-message#article\",\"isPartOf\":{\"@id\":\"https:\/\/www.africa-press.net\/togo\/politique\/seisme-en-turquie-le-togo-envoie-un-autre-message\"},\"author\":{\"name\":\"cfeditorfr\",\"@id\":\"https:\/\/www.africa-press.net\/togo\/#\/schema\/person\/2b1cf3cd81a31e3cd26889ca66d677f1\"},\"headline\":\"S\u00e9isme en Turquie : Le Togo envoie un autre message\",\"datePublished\":\"2023-02-10T17:24:55+00:00\",\"dateModified\":\"2023-02-10T18:52:25+00:00\",\"mainEntityOfPage\":{\"@id\":\"https:\/\/www.africa-press.net\/togo\/politique\/seisme-en-turquie-le-togo-envoie-un-autre-message\"},\"wordCount\":161,\"commentCount\":0,\"image\":{\"@id\":\"https:\/\/www.africa-press.net\/togo\/politique\/seisme-en-turquie-le-togo-envoie-un-autre-message#primaryimage\"},\"thumbnailUrl\":\"https:\/\/static.africa-press.net\/togo\/sites\/58\/2023\/02\/postQueueImg_1676037299.20.jpg\",\"keywords\":[\"Africa Press\",\"Africa Press-Togo\",\"Togo\"],\"articleSection\":[\"Politique\",\"Toutes les actualit\u00e9s\"],\"inLanguage\":\"fr-FR\",\"potentialAction\":[{\"@type\":\"CommentAction\",\"name\":\"Comment\",\"target\":[\"https:\/\/www.africa-press.net\/togo\/politique\/seisme-en-turquie-le-togo-envoie-un-autre-message#respond\"]}]},{\"@type\":\"WebPage\",\"@id\":\"https:\/\/www.africa-press.net\/togo\/politique\/seisme-en-turquie-le-togo-envoie-un-autre-message\",\"url\":\"https:\/\/www.africa-press.net\/togo\/politique\/seisme-en-turquie-le-togo-envoie-un-autre-message\",\"name\":\"S\u00e9isme en Turquie : Le Togo envoie un autre message - Togo\",\"isPartOf\":{\"@id\":\"https:\/\/www.africa-press.net\/togo\/#website\"},\"primaryImageOfPage\":{\"@id\":\"https:\/\/www.africa-press.net\/togo\/politique\/seisme-en-turquie-le-togo-envoie-un-autre-message#primaryimage\"},\"image\":{\"@id\":\"https:\/\/www.africa-press.net\/togo\/politique\/seisme-en-turquie-le-togo-envoie-un-autre-message#primaryimage\"},\"thumbnailUrl\":\"https:\/\/static.africa-press.net\/togo\/sites\/58\/2023\/02\/postQueueImg_1676037299.20.jpg\",\"datePublished\":\"2023-02-10T17:24:55+00:00\",\"dateModified\":\"2023-02-10T18:52:25+00:00\",\"author\":{\"@id\":\"https:\/\/www.africa-press.net\/togo\/#\/schema\/person\/2b1cf3cd81a31e3cd26889ca66d677f1\"},\"description\":\"Le Secre\u0301taire ge\u0301ne\u0301ral du ministe\u0300re des Affaires e\u0301trange\u0300res de l\u2019Inte\u0301gration re\u0301gionale et des Togolais de l\u2019ex ...\",\"breadcrumb\":{\"@id\":\"https:\/\/www.africa-press.net\/togo\/politique\/seisme-en-turquie-le-togo-envoie-un-autre-message#breadcrumb\"},\"inLanguage\":\"fr-FR\",\"potentialAction\":[{\"@type\":\"ReadAction\",\"target\":[\"https:\/\/www.africa-press.net\/togo\/politique\/seisme-en-turquie-le-togo-envoie-un-autre-message\"]}]},{\"@type\":\"ImageObject\",\"inLanguage\":\"fr-FR\",\"@id\":\"https:\/\/www.africa-press.net\/togo\/politique\/seisme-en-turquie-le-togo-envoie-un-autre-message#primaryimage\",\"url\":\"https:\/\/static.africa-press.net\/togo\/sites\/58\/2023\/02\/postQueueImg_1676037299.20.jpg\",\"contentUrl\":\"https:\/\/static.africa-press.net\/togo\/sites\/58\/2023\/02\/postQueueImg_1676037299.20.jpg\",\"width\":1556,\"height\":1167,\"caption\":\"S\u00e9isme en Turquie : Le Togo envoie un autre message\"},{\"@type\":\"BreadcrumbList\",\"@id\":\"https:\/\/www.africa-press.net\/togo\/politique\/seisme-en-turquie-le-togo-envoie-un-autre-message#breadcrumb\",\"itemListElement\":[{\"@type\":\"ListItem\",\"position\":1,\"name\":\"Accueil\",\"item\":\"https:\/\/www.africa-press.net\/togo\/\"},{\"@type\":\"ListItem\",\"position\":2,\"name\":\"S\u00e9isme en Turquie : Le Togo envoie un autre message\"}]},{\"@type\":\"WebSite\",\"@id\":\"https:\/\/www.africa-press.net\/togo\/#website\",\"url\":\"https:\/\/www.africa-press.net\/togo\/\",\"name\":\"Togo\",\"description\":\"Just another Africa News Agency Sites site\",\"potentialAction\":[{\"@type\":\"SearchAction\",\"target\":{\"@type\":\"EntryPoint\",\"urlTemplate\":\"https:\/\/www.africa-press.net\/togo\/?s={search_term_string}\"},\"query-input\":{\"@type\":\"PropertyValueSpecification\",\"valueRequired\":true,\"valueName\":\"search_term_string\"}}],\"inLanguage\":\"fr-FR\"},{\"@type\":\"Person\",\"@id\":\"https:\/\/www.africa-press.net\/togo\/#\/schema\/person\/2b1cf3cd81a31e3cd26889ca66d677f1\",\"name\":\"cfeditorfr\"}]}<\/script>\n<!-- \/ Yoast SEO Premium plugin. -->","yoast_head_json":{"title":"S\u00e9isme en Turquie : Le Togo envoie un autre message - Togo","description":"Le Secre\u0301taire ge\u0301ne\u0301ral du ministe\u0300re des Affaires e\u0301trange\u0300res de l\u2019Inte\u0301gration re\u0301gionale et des Togolais de l\u2019ex ...","robots":{"index":"index","follow":"follow","max-snippet":"max-snippet:-1","max-image-preview":"max-image-preview:large","max-video-preview":"max-video-preview:-1"},"canonical":"https:\/\/www.africa-press.net\/togo\/politique\/seisme-en-turquie-le-togo-envoie-un-autre-message","og_locale":"fr_FR","og_type":"article","og_title":"S\u00e9isme en Turquie : Le Togo envoie un autre message","og_description":"Le Secre\u0301taire ge\u0301ne\u0301ral du ministe\u0300re des Affaires e\u0301trange\u0300res de l\u2019Inte\u0301gration re\u0301gionale et des Togolais de l\u2019ex ...","og_url":"https:\/\/www.africa-press.net\/togo\/politique\/seisme-en-turquie-le-togo-envoie-un-autre-message","og_site_name":"Togo","article_published_time":"2023-02-10T17:24:55+00:00","article_modified_time":"2023-02-10T18:52:25+00:00","og_image":[{"width":1556,"height":1167,"url":"https:\/\/static.africa-press.net\/togo\/sites\/58\/2023\/02\/postQueueImg_1676037299.20.jpg","type":"image\/jpeg"}],"author":"cfeditorfr","twitter_card":"summary_large_image","twitter_misc":{"\u00c9crit par":"cfeditorfr","Dur\u00e9e de lecture estim\u00e9e":"1 minute"},"schema":{"@context":"https:\/\/schema.org","@graph":[{"@type":"Article","@id":"https:\/\/www.africa-press.net\/togo\/politique\/seisme-en-turquie-le-togo-envoie-un-autre-message#article","isPartOf":{"@id":"https:\/\/www.africa-press.net\/togo\/politique\/seisme-en-turquie-le-togo-envoie-un-autre-message"},"author":{"name":"cfeditorfr","@id":"https:\/\/www.africa-press.net\/togo\/#\/schema\/person\/2b1cf3cd81a31e3cd26889ca66d677f1"},"headline":"S\u00e9isme en Turquie : Le Togo envoie un autre message","datePublished":"2023-02-10T17:24:55+00:00","dateModified":"2023-02-10T18:52:25+00:00","mainEntityOfPage":{"@id":"https:\/\/www.africa-press.net\/togo\/politique\/seisme-en-turquie-le-togo-envoie-un-autre-message"},"wordCount":161,"commentCount":0,"image":{"@id":"https:\/\/www.africa-press.net\/togo\/politique\/seisme-en-turquie-le-togo-envoie-un-autre-message#primaryimage"},"thumbnailUrl":"https:\/\/static.africa-press.net\/togo\/sites\/58\/2023\/02\/postQueueImg_1676037299.20.jpg","keywords":["Africa Press","Africa Press-Togo","Togo"],"articleSection":["Politique","Toutes les actualit\u00e9s"],"inLanguage":"fr-FR","potentialAction":[{"@type":"CommentAction","name":"Comment","target":["https:\/\/www.africa-press.net\/togo\/politique\/seisme-en-turquie-le-togo-envoie-un-autre-message#respond"]}]},{"@type":"WebPage","@id":"https:\/\/www.africa-press.net\/togo\/politique\/seisme-en-turquie-le-togo-envoie-un-autre-message","url":"https:\/\/www.africa-press.net\/togo\/politique\/seisme-en-turquie-le-togo-envoie-un-autre-message","name":"S\u00e9isme en Turquie : Le Togo envoie un autre message - Togo","isPartOf":{"@id":"https:\/\/www.africa-press.net\/togo\/#website"},"primaryImageOfPage":{"@id":"https:\/\/www.africa-press.net\/togo\/politique\/seisme-en-turquie-le-togo-envoie-un-autre-message#primaryimage"},"image":{"@id":"https:\/\/www.africa-press.net\/togo\/politique\/seisme-en-turquie-le-togo-envoie-un-autre-message#primaryimage"},"thumbnailUrl":"https:\/\/static.africa-press.net\/togo\/sites\/58\/2023\/02\/postQueueImg_1676037299.20.jpg","datePublished":"2023-02-10T17:24:55+00:00","dateModified":"2023-02-10T18:52:25+00:00","author":{"@id":"https:\/\/www.africa-press.net\/togo\/#\/schema\/person\/2b1cf3cd81a31e3cd26889ca66d677f1"},"description":"Le Secre\u0301taire ge\u0301ne\u0301ral du ministe\u0300re des Affaires e\u0301trange\u0300res de l\u2019Inte\u0301gration re\u0301gionale et des Togolais de l\u2019ex ...","breadcrumb":{"@id":"https:\/\/www.africa-press.net\/togo\/politique\/seisme-en-turquie-le-togo-envoie-un-autre-message#breadcrumb"},"inLanguage":"fr-FR","potentialAction":[{"@type":"ReadAction","target":["https:\/\/www.africa-press.net\/togo\/politique\/seisme-en-turquie-le-togo-envoie-un-autre-message"]}]},{"@type":"ImageObject","inLanguage":"fr-FR","@id":"https:\/\/www.africa-press.net\/togo\/politique\/seisme-en-turquie-le-togo-envoie-un-autre-message#primaryimage","url":"https:\/\/static.africa-press.net\/togo\/sites\/58\/2023\/02\/postQueueImg_1676037299.20.jpg","contentUrl":"https:\/\/static.africa-press.net\/togo\/sites\/58\/2023\/02\/postQueueImg_1676037299.20.jpg","width":1556,"height":1167,"caption":"S\u00e9isme en Turquie : Le Togo envoie un autre message"},{"@type":"BreadcrumbList","@id":"https:\/\/www.africa-press.net\/togo\/politique\/seisme-en-turquie-le-togo-envoie-un-autre-message#breadcrumb","itemListElement":[{"@type":"ListItem","position":1,"name":"Accueil","item":"https:\/\/www.africa-press.net\/togo\/"},{"@type":"ListItem","position":2,"name":"S\u00e9isme en Turquie : Le Togo envoie un autre message"}]},{"@type":"WebSite","@id":"https:\/\/www.africa-press.net\/togo\/#website","url":"https:\/\/www.africa-press.net\/togo\/","name":"Togo","description":"Just another Africa News Agency Sites site","potentialAction":[{"@type":"SearchAction","target":{"@type":"EntryPoint","urlTemplate":"https:\/\/www.africa-press.net\/togo\/?s={search_term_string}"},"query-input":{"@type":"PropertyValueSpecification","valueRequired":true,"valueName":"search_term_string"}}],"inLanguage":"fr-FR"},{"@type":"Person","@id":"https:\/\/www.africa-press.net\/togo\/#\/schema\/person\/2b1cf3cd81a31e3cd26889ca66d677f1","name":"cfeditorfr"}]}},"_links":{"self":[{"href":"https:\/\/www.africa-press.net\/togo\/wp-json\/wp\/v2\/posts\/17053","targetHints":{"allow":["GET"]}}],"collection":[{"href":"https:\/\/www.africa-press.net\/togo\/wp-json\/wp\/v2\/posts"}],"about":[{"href":"https:\/\/www.africa-press.net\/togo\/wp-json\/wp\/v2\/types\/post"}],"author":[{"embeddable":true,"href":"https:\/\/www.africa-press.net\/togo\/wp-json\/wp\/v2\/users\/82"}],"replies":[{"embeddable":true,"href":"https:\/\/www.africa-press.net\/togo\/wp-json\/wp\/v2\/comments?post=17053"}],"version-history":[{"count":0,"href":"https:\/\/www.africa-press.net\/togo\/wp-json\/wp\/v2\/posts\/17053\/revisions"}],"wp:featuredmedia":[{"embeddable":true,"href":"https:\/\/www.africa-press.net\/togo\/wp-json\/wp\/v2\/media\/17052"}],"wp:attachment":[{"href":"https:\/\/www.africa-press.net\/togo\/wp-json\/wp\/v2\/media?parent=17053"}],"wp:term":[{"taxonomy":"category","embeddable":true,"href":"https:\/\/www.africa-press.net\/togo\/wp-json\/wp\/v2\/categories?post=17053"},{"taxonomy":"post_tag","embeddable":true,"href":"https:\/\/www.africa-press.net\/togo\/wp-json\/wp\/v2\/tags?post=17053"}],"curies":[{"name":"wp","href":"https:\/\/api.w.org\/{rel}","templated":true}]}}