{"id":17077,"date":"2023-02-11T10:47:41","date_gmt":"2023-02-11T10:47:41","guid":{"rendered":"https:\/\/www.africa-press.net\/togo\/politique\/togo-le-meeting-de-lanc-est-interdit"},"modified":"2023-02-11T11:07:03","modified_gmt":"2023-02-11T11:07:03","slug":"togo-le-meeting-de-lanc-est-interdit","status":"publish","type":"post","link":"https:\/\/www.africa-press.net\/togo\/politique\/togo-le-meeting-de-lanc-est-interdit","title":{"rendered":"Togo- Le meeting de l\u2019ANC est interdit"},"content":{"rendered":"<p><span style=\"color: #ff6600\"><strong>Africa-Press &#8211; Togo. <\/strong><\/span><b>Le meeting de mobilisation et de sensibilisation pre\u0301vu ce dimanche 12 fe\u0301vrier 2023 a\u0300 Agoe\u0300-Nyive\u0301 par l\u2019Alliance nationale pour le changement (ANC) n\u2019aura plus lieu. Il a e\u0301te\u0301 interdit par les autorite\u0301s togolaises.<\/b><\/p>\n<p>L\u2019ANC ne pourra plus tenir son meeting ce dimanche. Dans une lettre en date du 7 fe\u0301vrier, le ministre Payadowa Boukpessi de l\u2019Administration Territoriale, de la De\u0301centralisation et du De\u0301veloppement des Territoires a tout simplement interdit cette manifestation politique, arguant qu\u2019elle pourrait causer un encombrement de la voie publique, la Nationale N\u00b01.<\/p>\n<p>\u00ab J\u2019accuse re\u0301ception de votre lettre par laquelle vous m\u2019informez de la programmation par votre parti politique d\u2019organiser une rencontre de mobilisation et de sensibilisation des populations d\u2019Agoe\u0300-Nyive\u0301 et de ses environs le dimanche 12 fe\u0301vrier 2023 a\u0300 partir de 14h a\u0300 la place publique en face de l\u2019Eglise Evange\u0301lique Presbyte\u0301rienne du Togo, Paroisse Agoe\u0300-Nyive\u0301 Centre. Comme vous le savez, cette place jouxte la route nationale N\u00b01 et elle n\u2019est pas clo\u0302ture\u0301e. Dans ces conditions, le risque que la foule de\u0301borde sur la nationale N\u00b01 est fort probable, ce qui conduirait a\u0300 violer la loi qui interdit les manifestations sur les routes nationales. Par conse\u0301quent, votre manifestation du dimanche 12 fe\u0301vrier 2023 sur cette place n\u2019est pas accepte\u0301e \u00bb, peut-on lire dans la lettre.<\/p>\n<p>Encore une manifestation de l\u2019ANC interdite par le re\u0301gime RPT-UNIR par des raisons tire\u0301es par les cheveux.<\/p>\n<p><strong>Pour plus d&rsquo;informations et d&rsquo;analyses sur la <a href=\"https:\/\/www.africa-press.net\/togo\">Togo<\/a>, suivez <a href=\"https:\/\/www.africa-press.net\/\">Africa-Press<\/a><\/strong><\/p>\n","protected":false},"excerpt":{"rendered":"<p>Africa-Press &#8211; Togo. Le meeting de mobilisation et de sensibilisation pre\u0301vu ce dimanche 12 fe\u0301vrier 2023 a\u0300 Agoe\u0300-Nyive\u0301 par l\u2019Alliance nationale pour le changement (ANC) n\u2019aura plus lieu. Il a e\u0301te\u0301 interdit par les autorite\u0301s togolaises. L\u2019ANC ne pourra plus tenir son meeting ce dimanche. Dans une lettre en date du 7 fe\u0301vrier, le ministre [&hellip;]<\/p>\n","protected":false},"author":82,"featured_media":17076,"comment_status":"open","ping_status":"closed","sticky":false,"template":"","format":"standard","meta":{"footnotes":""},"categories":[2,10],"tags":[36,49,50],"class_list":["post-17077","post","type-post","status-publish","format-standard","has-post-thumbnail","hentry","category-politique","category-toutes-les-actualites","tag-africa-press","tag-africa-press-togo","tag-togo"],"yoast_head":"<!-- This site is optimized with the Yoast SEO Premium plugin v26.1 (Yoast SEO v27.0) - https:\/\/yoast.com\/product\/yoast-seo-premium-wordpress\/ -->\n<title>Togo- Le meeting de l\u2019ANC est interdit - Togo<\/title>\n<meta name=\"description\" content=\"Le meeting de mobilisation et de sensibilisation pre\u0301vu ce dimanche 12 fe\u0301vrier 2023 a\u0300 Agoe\u0300-Nyive\u0301 par l\u2019Alliance n ...\" \/>\n<meta name=\"robots\" content=\"index, follow, max-snippet:-1, max-image-preview:large, max-video-preview:-1\" \/>\n<link rel=\"canonical\" href=\"https:\/\/www.africa-press.net\/togo\/politique\/togo-le-meeting-de-lanc-est-interdit\" \/>\n<meta property=\"og:locale\" content=\"fr_FR\" \/>\n<meta property=\"og:type\" content=\"article\" \/>\n<meta property=\"og:title\" content=\"Togo- Le meeting de l\u2019ANC est interdit\" \/>\n<meta property=\"og:description\" content=\"Le meeting de mobilisation et de sensibilisation pre\u0301vu ce dimanche 12 fe\u0301vrier 2023 a\u0300 Agoe\u0300-Nyive\u0301 par l\u2019Alliance n ...\" \/>\n<meta property=\"og:url\" content=\"https:\/\/www.africa-press.net\/togo\/politique\/togo-le-meeting-de-lanc-est-interdit\" \/>\n<meta property=\"og:site_name\" content=\"Togo\" \/>\n<meta property=\"article:published_time\" content=\"2023-02-11T10:47:41+00:00\" \/>\n<meta property=\"article:modified_time\" content=\"2023-02-11T11:07:03+00:00\" \/>\n<meta property=\"og:image\" content=\"https:\/\/static.africa-press.net\/togo\/sites\/58\/2023\/02\/postQueueImg_1676099870.18.jpg\" \/>\n\t<meta property=\"og:image:width\" content=\"1280\" \/>\n\t<meta property=\"og:image:height\" content=\"800\" \/>\n\t<meta property=\"og:image:type\" content=\"image\/jpeg\" \/>\n<meta name=\"author\" content=\"cfeditorfr\" \/>\n<meta name=\"twitter:card\" content=\"summary_large_image\" \/>\n<meta name=\"twitter:label1\" content=\"\u00c9crit par\" \/>\n\t<meta name=\"twitter:data1\" content=\"cfeditorfr\" \/>\n\t<meta name=\"twitter:label2\" content=\"Dur\u00e9e de lecture estim\u00e9e\" \/>\n\t<meta name=\"twitter:data2\" content=\"1 minute\" \/>\n<script type=\"application\/ld+json\" class=\"yoast-schema-graph\">{\"@context\":\"https:\/\/schema.org\",\"@graph\":[{\"@type\":\"Article\",\"@id\":\"https:\/\/www.africa-press.net\/togo\/politique\/togo-le-meeting-de-lanc-est-interdit#article\",\"isPartOf\":{\"@id\":\"https:\/\/www.africa-press.net\/togo\/politique\/togo-le-meeting-de-lanc-est-interdit\"},\"author\":{\"name\":\"cfeditorfr\",\"@id\":\"https:\/\/www.africa-press.net\/togo\/#\/schema\/person\/2b1cf3cd81a31e3cd26889ca66d677f1\"},\"headline\":\"Togo- Le meeting de l\u2019ANC est interdit\",\"datePublished\":\"2023-02-11T10:47:41+00:00\",\"dateModified\":\"2023-02-11T11:07:03+00:00\",\"mainEntityOfPage\":{\"@id\":\"https:\/\/www.africa-press.net\/togo\/politique\/togo-le-meeting-de-lanc-est-interdit\"},\"wordCount\":275,\"commentCount\":0,\"image\":{\"@id\":\"https:\/\/www.africa-press.net\/togo\/politique\/togo-le-meeting-de-lanc-est-interdit#primaryimage\"},\"thumbnailUrl\":\"https:\/\/static.africa-press.net\/togo\/sites\/58\/2023\/02\/postQueueImg_1676099870.18.jpg\",\"keywords\":[\"Africa Press\",\"Africa Press-Togo\",\"Togo\"],\"articleSection\":[\"Politique\",\"Toutes les actualit\u00e9s\"],\"inLanguage\":\"fr-FR\",\"potentialAction\":[{\"@type\":\"CommentAction\",\"name\":\"Comment\",\"target\":[\"https:\/\/www.africa-press.net\/togo\/politique\/togo-le-meeting-de-lanc-est-interdit#respond\"]}]},{\"@type\":\"WebPage\",\"@id\":\"https:\/\/www.africa-press.net\/togo\/politique\/togo-le-meeting-de-lanc-est-interdit\",\"url\":\"https:\/\/www.africa-press.net\/togo\/politique\/togo-le-meeting-de-lanc-est-interdit\",\"name\":\"Togo- Le meeting de l\u2019ANC est interdit - Togo\",\"isPartOf\":{\"@id\":\"https:\/\/www.africa-press.net\/togo\/#website\"},\"primaryImageOfPage\":{\"@id\":\"https:\/\/www.africa-press.net\/togo\/politique\/togo-le-meeting-de-lanc-est-interdit#primaryimage\"},\"image\":{\"@id\":\"https:\/\/www.africa-press.net\/togo\/politique\/togo-le-meeting-de-lanc-est-interdit#primaryimage\"},\"thumbnailUrl\":\"https:\/\/static.africa-press.net\/togo\/sites\/58\/2023\/02\/postQueueImg_1676099870.18.jpg\",\"datePublished\":\"2023-02-11T10:47:41+00:00\",\"dateModified\":\"2023-02-11T11:07:03+00:00\",\"author\":{\"@id\":\"https:\/\/www.africa-press.net\/togo\/#\/schema\/person\/2b1cf3cd81a31e3cd26889ca66d677f1\"},\"description\":\"Le meeting de mobilisation et de sensibilisation pre\u0301vu ce dimanche 12 fe\u0301vrier 2023 a\u0300 Agoe\u0300-Nyive\u0301 par l\u2019Alliance n ...\",\"breadcrumb\":{\"@id\":\"https:\/\/www.africa-press.net\/togo\/politique\/togo-le-meeting-de-lanc-est-interdit#breadcrumb\"},\"inLanguage\":\"fr-FR\",\"potentialAction\":[{\"@type\":\"ReadAction\",\"target\":[\"https:\/\/www.africa-press.net\/togo\/politique\/togo-le-meeting-de-lanc-est-interdit\"]}]},{\"@type\":\"ImageObject\",\"inLanguage\":\"fr-FR\",\"@id\":\"https:\/\/www.africa-press.net\/togo\/politique\/togo-le-meeting-de-lanc-est-interdit#primaryimage\",\"url\":\"https:\/\/static.africa-press.net\/togo\/sites\/58\/2023\/02\/postQueueImg_1676099870.18.jpg\",\"contentUrl\":\"https:\/\/static.africa-press.net\/togo\/sites\/58\/2023\/02\/postQueueImg_1676099870.18.jpg\",\"width\":1280,\"height\":800,\"caption\":\"Togo- Le meeting de l\u2019ANC est interdit\"},{\"@type\":\"BreadcrumbList\",\"@id\":\"https:\/\/www.africa-press.net\/togo\/politique\/togo-le-meeting-de-lanc-est-interdit#breadcrumb\",\"itemListElement\":[{\"@type\":\"ListItem\",\"position\":1,\"name\":\"Accueil\",\"item\":\"https:\/\/www.africa-press.net\/togo\/\"},{\"@type\":\"ListItem\",\"position\":2,\"name\":\"Togo- Le meeting de l\u2019ANC est interdit\"}]},{\"@type\":\"WebSite\",\"@id\":\"https:\/\/www.africa-press.net\/togo\/#website\",\"url\":\"https:\/\/www.africa-press.net\/togo\/\",\"name\":\"Togo\",\"description\":\"Just another Africa News Agency Sites site\",\"potentialAction\":[{\"@type\":\"SearchAction\",\"target\":{\"@type\":\"EntryPoint\",\"urlTemplate\":\"https:\/\/www.africa-press.net\/togo\/?s={search_term_string}\"},\"query-input\":{\"@type\":\"PropertyValueSpecification\",\"valueRequired\":true,\"valueName\":\"search_term_string\"}}],\"inLanguage\":\"fr-FR\"},{\"@type\":\"Person\",\"@id\":\"https:\/\/www.africa-press.net\/togo\/#\/schema\/person\/2b1cf3cd81a31e3cd26889ca66d677f1\",\"name\":\"cfeditorfr\"}]}<\/script>\n<!-- \/ Yoast SEO Premium plugin. -->","yoast_head_json":{"title":"Togo- Le meeting de l\u2019ANC est interdit - Togo","description":"Le meeting de mobilisation et de sensibilisation pre\u0301vu ce dimanche 12 fe\u0301vrier 2023 a\u0300 Agoe\u0300-Nyive\u0301 par l\u2019Alliance n ...","robots":{"index":"index","follow":"follow","max-snippet":"max-snippet:-1","max-image-preview":"max-image-preview:large","max-video-preview":"max-video-preview:-1"},"canonical":"https:\/\/www.africa-press.net\/togo\/politique\/togo-le-meeting-de-lanc-est-interdit","og_locale":"fr_FR","og_type":"article","og_title":"Togo- Le meeting de l\u2019ANC est interdit","og_description":"Le meeting de mobilisation et de sensibilisation pre\u0301vu ce dimanche 12 fe\u0301vrier 2023 a\u0300 Agoe\u0300-Nyive\u0301 par l\u2019Alliance n ...","og_url":"https:\/\/www.africa-press.net\/togo\/politique\/togo-le-meeting-de-lanc-est-interdit","og_site_name":"Togo","article_published_time":"2023-02-11T10:47:41+00:00","article_modified_time":"2023-02-11T11:07:03+00:00","og_image":[{"width":1280,"height":800,"url":"https:\/\/static.africa-press.net\/togo\/sites\/58\/2023\/02\/postQueueImg_1676099870.18.jpg","type":"image\/jpeg"}],"author":"cfeditorfr","twitter_card":"summary_large_image","twitter_misc":{"\u00c9crit par":"cfeditorfr","Dur\u00e9e de lecture estim\u00e9e":"1 minute"},"schema":{"@context":"https:\/\/schema.org","@graph":[{"@type":"Article","@id":"https:\/\/www.africa-press.net\/togo\/politique\/togo-le-meeting-de-lanc-est-interdit#article","isPartOf":{"@id":"https:\/\/www.africa-press.net\/togo\/politique\/togo-le-meeting-de-lanc-est-interdit"},"author":{"name":"cfeditorfr","@id":"https:\/\/www.africa-press.net\/togo\/#\/schema\/person\/2b1cf3cd81a31e3cd26889ca66d677f1"},"headline":"Togo- Le meeting de l\u2019ANC est interdit","datePublished":"2023-02-11T10:47:41+00:00","dateModified":"2023-02-11T11:07:03+00:00","mainEntityOfPage":{"@id":"https:\/\/www.africa-press.net\/togo\/politique\/togo-le-meeting-de-lanc-est-interdit"},"wordCount":275,"commentCount":0,"image":{"@id":"https:\/\/www.africa-press.net\/togo\/politique\/togo-le-meeting-de-lanc-est-interdit#primaryimage"},"thumbnailUrl":"https:\/\/static.africa-press.net\/togo\/sites\/58\/2023\/02\/postQueueImg_1676099870.18.jpg","keywords":["Africa Press","Africa Press-Togo","Togo"],"articleSection":["Politique","Toutes les actualit\u00e9s"],"inLanguage":"fr-FR","potentialAction":[{"@type":"CommentAction","name":"Comment","target":["https:\/\/www.africa-press.net\/togo\/politique\/togo-le-meeting-de-lanc-est-interdit#respond"]}]},{"@type":"WebPage","@id":"https:\/\/www.africa-press.net\/togo\/politique\/togo-le-meeting-de-lanc-est-interdit","url":"https:\/\/www.africa-press.net\/togo\/politique\/togo-le-meeting-de-lanc-est-interdit","name":"Togo- Le meeting de l\u2019ANC est interdit - Togo","isPartOf":{"@id":"https:\/\/www.africa-press.net\/togo\/#website"},"primaryImageOfPage":{"@id":"https:\/\/www.africa-press.net\/togo\/politique\/togo-le-meeting-de-lanc-est-interdit#primaryimage"},"image":{"@id":"https:\/\/www.africa-press.net\/togo\/politique\/togo-le-meeting-de-lanc-est-interdit#primaryimage"},"thumbnailUrl":"https:\/\/static.africa-press.net\/togo\/sites\/58\/2023\/02\/postQueueImg_1676099870.18.jpg","datePublished":"2023-02-11T10:47:41+00:00","dateModified":"2023-02-11T11:07:03+00:00","author":{"@id":"https:\/\/www.africa-press.net\/togo\/#\/schema\/person\/2b1cf3cd81a31e3cd26889ca66d677f1"},"description":"Le meeting de mobilisation et de sensibilisation pre\u0301vu ce dimanche 12 fe\u0301vrier 2023 a\u0300 Agoe\u0300-Nyive\u0301 par l\u2019Alliance n ...","breadcrumb":{"@id":"https:\/\/www.africa-press.net\/togo\/politique\/togo-le-meeting-de-lanc-est-interdit#breadcrumb"},"inLanguage":"fr-FR","potentialAction":[{"@type":"ReadAction","target":["https:\/\/www.africa-press.net\/togo\/politique\/togo-le-meeting-de-lanc-est-interdit"]}]},{"@type":"ImageObject","inLanguage":"fr-FR","@id":"https:\/\/www.africa-press.net\/togo\/politique\/togo-le-meeting-de-lanc-est-interdit#primaryimage","url":"https:\/\/static.africa-press.net\/togo\/sites\/58\/2023\/02\/postQueueImg_1676099870.18.jpg","contentUrl":"https:\/\/static.africa-press.net\/togo\/sites\/58\/2023\/02\/postQueueImg_1676099870.18.jpg","width":1280,"height":800,"caption":"Togo- Le meeting de l\u2019ANC est interdit"},{"@type":"BreadcrumbList","@id":"https:\/\/www.africa-press.net\/togo\/politique\/togo-le-meeting-de-lanc-est-interdit#breadcrumb","itemListElement":[{"@type":"ListItem","position":1,"name":"Accueil","item":"https:\/\/www.africa-press.net\/togo\/"},{"@type":"ListItem","position":2,"name":"Togo- Le meeting de l\u2019ANC est interdit"}]},{"@type":"WebSite","@id":"https:\/\/www.africa-press.net\/togo\/#website","url":"https:\/\/www.africa-press.net\/togo\/","name":"Togo","description":"Just another Africa News Agency Sites site","potentialAction":[{"@type":"SearchAction","target":{"@type":"EntryPoint","urlTemplate":"https:\/\/www.africa-press.net\/togo\/?s={search_term_string}"},"query-input":{"@type":"PropertyValueSpecification","valueRequired":true,"valueName":"search_term_string"}}],"inLanguage":"fr-FR"},{"@type":"Person","@id":"https:\/\/www.africa-press.net\/togo\/#\/schema\/person\/2b1cf3cd81a31e3cd26889ca66d677f1","name":"cfeditorfr"}]}},"_links":{"self":[{"href":"https:\/\/www.africa-press.net\/togo\/wp-json\/wp\/v2\/posts\/17077","targetHints":{"allow":["GET"]}}],"collection":[{"href":"https:\/\/www.africa-press.net\/togo\/wp-json\/wp\/v2\/posts"}],"about":[{"href":"https:\/\/www.africa-press.net\/togo\/wp-json\/wp\/v2\/types\/post"}],"author":[{"embeddable":true,"href":"https:\/\/www.africa-press.net\/togo\/wp-json\/wp\/v2\/users\/82"}],"replies":[{"embeddable":true,"href":"https:\/\/www.africa-press.net\/togo\/wp-json\/wp\/v2\/comments?post=17077"}],"version-history":[{"count":0,"href":"https:\/\/www.africa-press.net\/togo\/wp-json\/wp\/v2\/posts\/17077\/revisions"}],"wp:featuredmedia":[{"embeddable":true,"href":"https:\/\/www.africa-press.net\/togo\/wp-json\/wp\/v2\/media\/17076"}],"wp:attachment":[{"href":"https:\/\/www.africa-press.net\/togo\/wp-json\/wp\/v2\/media?parent=17077"}],"wp:term":[{"taxonomy":"category","embeddable":true,"href":"https:\/\/www.africa-press.net\/togo\/wp-json\/wp\/v2\/categories?post=17077"},{"taxonomy":"post_tag","embeddable":true,"href":"https:\/\/www.africa-press.net\/togo\/wp-json\/wp\/v2\/tags?post=17077"}],"curies":[{"name":"wp","href":"https:\/\/api.w.org\/{rel}","templated":true}]}}