{"id":17104,"date":"2023-02-12T11:45:00","date_gmt":"2023-02-12T11:45:00","guid":{"rendered":"https:\/\/www.africa-press.net\/togo\/politique\/togo-celebration-du-13-janvier-24-janvier-etc-la-division-toujours-profonde-au-togo"},"modified":"2023-02-12T11:45:00","modified_gmt":"2023-02-12T11:45:00","slug":"togo-celebration-du-13-janvier-24-janvier-etc-la-division-toujours-profonde-au-togo","status":"publish","type":"post","link":"https:\/\/www.africa-press.net\/togo\/politique\/togo-celebration-du-13-janvier-24-janvier-etc-la-division-toujours-profonde-au-togo","title":{"rendered":"Togo-C\u00e9l\u00e9bration du 13 janvier, 24 janvier, etc. : La division toujours profonde au Togo"},"content":{"rendered":"<p><span style=\"color: #ff6600\"><strong>Africa-Press &#8211; Togo. <\/strong><\/span><b>Onze jours apre\u0300s la comme\u0301moration du 60e\u0300me anniversaire de l\u2019assassinat de Sylvanus Olympio, le pouvoir ce\u0301le\u0300bre le 49e\u0300me anniversaire de l\u2019attentat de Sarakawa. Deux ce\u0301le\u0301brations qui marquent la profonde division d\u2019un pays pre\u0301sente\u0301 comme re\u0301concilie\u0301.<\/b><\/p>\n<p>Le 13 janvier 2023, a e\u0301te\u0301 comme\u0301more\u0301 le 60e\u0300me anniversaire de l\u2019assassinat du pe\u0300re de l\u2019inde\u0301pendance du Togo, feu Sylvanus Epiphanio Kwami Olympio. Dans le cadre de cette ce\u0301le\u0301bration, une messe a e\u0301te\u0301 dite a\u0300 la Cathe\u0301drale Sacre\u0301-C\u0153ur de Lome\u0301 par Monseigneur Nicode\u0300me Barrigah-Be\u0301nissan, Archeve\u0302que de Lome\u0301. Dans son home\u0301lie, le leader religieux a rappele\u0301 que Sylvanus Olympio e\u0301tait un panafricaniste visionnaire dont le nom figure, en bonne place, sur la liste des hommes politiques intre\u0301pides qui ont su de\u0301fendre notre continent. \u00ab Les proble\u0300mes actuels d\u2019inse\u0301curite\u0301 que nous peinons a\u0300 combattre de manie\u0300re efficace, de pauvrete\u0301 ende\u0301mique de notre continent, de corruptions tentaculaires qui alimentent les conflits sur nos terres ou encore de dignite\u0301 bafoue\u0301e contre laquelle se dressent nos populations confirment bien sa vision d\u2019une Afrique unie et forte, enracine\u0301e dans les valeurs qui font les grands peuples ; une Afrique fie\u0300re de marcher vers son avenir \u00bb, a souligne\u0301 l\u2019Archeve\u0302que.<\/p>\n<p>De nombreux responsables politiques, principalement ceux de l\u2019Union des Forces de changement (UFC) et de l\u2019Alliance nationale pour le changement (ANC) ainsi que du Mouvement du Peuple pour la Liberte\u0301 (MPL) ont pris part a\u0300 cette action d\u2019hommage. La diaspora togolaise y e\u0301tait e\u0301galement repre\u0301sente\u0301e. Le lendemain, une autre messe a e\u0301te\u0301 dite en hommage a\u0300 l\u2019illustre disparu, a\u0300 l\u2019initiative des partis et associations membres de la Dynamique Monseigneur Kpodzro (DMK) et leurs allie\u0301s. Certaines organisations de la socie\u0301te\u0301 civile togolaise ont marque\u0301 l\u2019e\u0301ve\u0301nement par des rencontres de re\u0301flexions. Bien e\u0301videmment, c\u2019e\u0301tait le silence du co\u0302te\u0301 de ceux qui semblent porter l\u2019he\u0301ritage de cette disparition.<\/p>\n<p>Une fois encore depuis le fameux accord RPT-UFC, le re\u0301gime s\u2019est pour sa part abstenu de toute manifestation en ce jour qui e\u0301tait jadis fe\u0302te\u0301 comme journe\u0301e de la libe\u0301ration nationale par feu Gnassingbe\u0301 Eyade\u0301ma. Une dizaine de jours apre\u0300s la comme\u0301moration de l\u2019assassinat de Sylvanus Olympio, celui qui est pre\u0301sente\u0301, selon diverses sources, comme son assassin sera lui aussi ce\u0301le\u0301bre\u0301. Ce 24 janvier 2023, Faure Gnassingbe\u0301 est annonce\u0301 a\u0300 Kara, sa ville d\u2019origine, dans le cadre de la ce\u0301le\u0301bration du 49e\u0300me anniversaire de l\u2019attentat de Sarakawa. \u00ab Le 24 janvier 1974, le DC3 dans lequel se trouve le pre\u0301sident Gnassingbe\u0301 Eyadema s\u2019e\u0301crase a\u0300 Sarakawa. Un sabotage impute\u0301 aux milieux financiers e\u0301trangers hostiles au projet de nationalisation de la socie\u0301te\u0301 des mines de phosphates. La re\u0301action est imme\u0301diate. Le 2 fe\u0301vrier 1974, Gnassingbe\u0301 Eyadema, sorti miraculeusement indemne du crash, annonce la nationalisation de la Compagnie togolaise des mines du Be\u0301nin. Le Togo, de\u0300s lors, va plus que jamais s\u2019affirmer soucieux de son inde\u0301pendance e\u0301conomique et, plus ge\u0301ne\u0301ralement, de son authenticite\u0301. Au nom de ce retour aux sources, les noms de certaines villes sont africanise\u0301es et de nombreux togolais renoncent a\u0300 leurs pre\u0301noms e\u0301trangers \u2013 Franc\u0327ais principalement \u2013 au profit de pre\u0301noms typiquement africains. Ainsi, le pre\u0301sident lui-me\u0302me abandonne Etienne au profit d\u2019Eyadema. L\u2019anne\u0301e 1974 est qualifie\u0301e de \u2018trois glorieuses\u2019 dans l\u2019histoire du Togo \u00bb, raconte republicoftogo dans un article consacre\u0301 au sujet.<\/p>\n<p>Selon les informations, cheffe et membres du gouvernement ainsi que responsables des institutions de la Re\u0301publique et des forces arme\u0301es togolaises (FAT) sont attendus. De\u0301pute\u0301s de la re\u0301gion de la Kara, maires et adjoints aux maires, pre\u0301fets et chefs traditionnels sont invite\u0301s, entre autres. Le de\u0301po\u0302t de gerbe se fera sur place, mais aussi dans les diffe\u0301rentes villes du pays. Une ce\u0301le\u0301bration aux allures de fe\u0302te nationale. Il ne manquait que la de\u0301claration de la journe\u0301e comme fe\u0301rie\u0301e, cho\u0302me\u0301e et paye\u0301e pour donner un caracte\u0300re national a\u0300 cette comme\u0301moration. Celle de Sylvanus Olympio n\u2019a pas suscite\u0301 autant de mobilisations de la part des officiels.<\/p>\n<p>Dans tous les cas, il s\u2019agit de deux ce\u0301le\u0301brations en l\u2019espace de deux semaines avec deux \u00ab he\u0301ros \u00bb diffe\u0301rents par deux diffe\u0301rentes parties des composantes de la socie\u0301te\u0301 togolaise. Si l\u2019un est inde\u0301niablement un he\u0301ros, l\u2019autre pose toujours une e\u0301quation irre\u0301solue. Au moins dans le sens d\u2019une contribution positive a\u0300 la vie de la nation togolaise. Bref, a\u0300 chaque bord politique ou a\u0300 chaque togolais sa fe\u0302te. Et au-dela\u0300 de tout ce que ces ce\u0301le\u0301brations peuvent susciter en termes de re\u0301actions, elles renseignent sur l\u2019e\u0301chec du processus de re\u0301conciliation mis en \u0153uvre par le pouvoir en place.<\/p>\n<p>De la cre\u0301ation de la Commission Ve\u0301rite\u0301, Justice et Re\u0301conciliation (CVJR) a\u0300 la mise en place du Haut-Commissariat a\u0300 la re\u0301conciliation et au renforcement de l\u2019unite\u0301 nationale (HCRRUN) en passant par la publication du livret blanc, le processus de re\u0301conciliation a e\u0301te\u0301 un ve\u0301ritable fiasco. Les Togolais sont de plus en plus divise\u0301s. Sylvanus Olympio et Gnassingbe\u0301 Eyade\u0301ma ont e\u0301te\u0301 tous deux dirigeants de ce pays, avec des bilans et fortunes divers. Dans un pays re\u0301concilie\u0301, l\u2019e\u0301vocation de leurs noms ne devrait pas susciter des re\u0301actions de tension. Mais ce qui se passe au Togo montre que nous sommes encore loin de cet ide\u0301al qu\u2019est la re\u0301conciliation. Et les actes que pose l\u2019exe\u0301cutif ne participent pas a\u0300 l\u2019apaisement.<\/p>\n<p><strong>Pour plus d&rsquo;informations et d&rsquo;analyses sur la <a href=\"https:\/\/www.africa-press.net\/togo\">Togo<\/a>, suivez <a href=\"https:\/\/www.africa-press.net\/\">Africa-Press<\/a><\/strong><\/p>\n","protected":false},"excerpt":{"rendered":"<p>Africa-Press &#8211; Togo. Onze jours apre\u0300s la comme\u0301moration du 60e\u0300me anniversaire de l\u2019assassinat de Sylvanus Olympio, le pouvoir ce\u0301le\u0300bre le 49e\u0300me anniversaire de l\u2019attentat de Sarakawa. Deux ce\u0301le\u0301brations qui marquent la profonde division d\u2019un pays pre\u0301sente\u0301 comme re\u0301concilie\u0301. Le 13 janvier 2023, a e\u0301te\u0301 comme\u0301more\u0301 le 60e\u0300me anniversaire de l\u2019assassinat du pe\u0300re de l\u2019inde\u0301pendance du [&hellip;]<\/p>\n","protected":false},"author":82,"featured_media":17103,"comment_status":"open","ping_status":"closed","sticky":false,"template":"","format":"standard","meta":{"footnotes":""},"categories":[2,20,10],"tags":[36,49,50],"class_list":["post-17104","post","type-post","status-publish","format-standard","has-post-thumbnail","hentry","category-politique","category-top-nouvelles","category-toutes-les-actualites","tag-africa-press","tag-africa-press-togo","tag-togo"],"yoast_head":"<!-- This site is optimized with the Yoast SEO Premium plugin v26.1 (Yoast SEO v27.0) - https:\/\/yoast.com\/product\/yoast-seo-premium-wordpress\/ -->\n<title>Togo-C\u00e9l\u00e9bration du 13 janvier, 24 janvier, etc. : La division toujours profonde au Togo - Togo<\/title>\n<meta name=\"robots\" content=\"index, follow, max-snippet:-1, max-image-preview:large, max-video-preview:-1\" \/>\n<link rel=\"canonical\" href=\"https:\/\/www.africa-press.net\/togo\/politique\/togo-celebration-du-13-janvier-24-janvier-etc-la-division-toujours-profonde-au-togo\" \/>\n<meta property=\"og:locale\" content=\"fr_FR\" \/>\n<meta property=\"og:type\" content=\"article\" \/>\n<meta property=\"og:title\" content=\"Togo-C\u00e9l\u00e9bration du 13 janvier, 24 janvier, etc. : La division toujours profonde au Togo\" \/>\n<meta property=\"og:description\" content=\"Africa-Press &#8211; Togo. Onze jours apre\u0300s la comme\u0301moration du 60e\u0300me anniversaire de l\u2019assassinat de Sylvanus Olympio, le pouvoir ce\u0301le\u0300bre le 49e\u0300me anniversaire de l\u2019attentat de Sarakawa. Deux ce\u0301le\u0301brations qui marquent la profonde division d\u2019un pays pre\u0301sente\u0301 comme re\u0301concilie\u0301. Le 13 janvier 2023, a e\u0301te\u0301 comme\u0301more\u0301 le 60e\u0300me anniversaire de l\u2019assassinat du pe\u0300re de l\u2019inde\u0301pendance du [&hellip;]\" \/>\n<meta property=\"og:url\" content=\"https:\/\/www.africa-press.net\/togo\/politique\/togo-celebration-du-13-janvier-24-janvier-etc-la-division-toujours-profonde-au-togo\" \/>\n<meta property=\"og:site_name\" content=\"Togo\" \/>\n<meta property=\"article:published_time\" content=\"2023-02-12T11:45:00+00:00\" \/>\n<meta name=\"author\" content=\"cfeditorfr\" \/>\n<meta name=\"twitter:card\" content=\"summary_large_image\" \/>\n<meta name=\"twitter:label1\" content=\"\u00c9crit par\" \/>\n\t<meta name=\"twitter:data1\" content=\"cfeditorfr\" \/>\n\t<meta name=\"twitter:label2\" content=\"Dur\u00e9e de lecture estim\u00e9e\" \/>\n\t<meta name=\"twitter:data2\" content=\"5 minutes\" \/>\n<script type=\"application\/ld+json\" class=\"yoast-schema-graph\">{\"@context\":\"https:\/\/schema.org\",\"@graph\":[{\"@type\":\"Article\",\"@id\":\"https:\/\/www.africa-press.net\/togo\/politique\/togo-celebration-du-13-janvier-24-janvier-etc-la-division-toujours-profonde-au-togo#article\",\"isPartOf\":{\"@id\":\"https:\/\/www.africa-press.net\/togo\/politique\/togo-celebration-du-13-janvier-24-janvier-etc-la-division-toujours-profonde-au-togo\"},\"author\":{\"name\":\"cfeditorfr\",\"@id\":\"https:\/\/www.africa-press.net\/togo\/#\/schema\/person\/2b1cf3cd81a31e3cd26889ca66d677f1\"},\"headline\":\"Togo-C\u00e9l\u00e9bration du 13 janvier, 24 janvier, etc. : La division toujours profonde au Togo\",\"datePublished\":\"2023-02-12T11:45:00+00:00\",\"mainEntityOfPage\":{\"@id\":\"https:\/\/www.africa-press.net\/togo\/politique\/togo-celebration-du-13-janvier-24-janvier-etc-la-division-toujours-profonde-au-togo\"},\"wordCount\":1032,\"commentCount\":0,\"image\":{\"@id\":\"https:\/\/www.africa-press.net\/togo\/politique\/togo-celebration-du-13-janvier-24-janvier-etc-la-division-toujours-profonde-au-togo#primaryimage\"},\"thumbnailUrl\":\"https:\/\/static.africa-press.net\/togo\/sites\/58\/2023\/02\/QasimFR1676189701.831521.jpg\",\"keywords\":[\"Africa Press\",\"Africa Press-Togo\",\"Togo\"],\"articleSection\":[\"Politique\",\"Top Nouvelles\",\"Toutes les actualit\u00e9s\"],\"inLanguage\":\"fr-FR\",\"potentialAction\":[{\"@type\":\"CommentAction\",\"name\":\"Comment\",\"target\":[\"https:\/\/www.africa-press.net\/togo\/politique\/togo-celebration-du-13-janvier-24-janvier-etc-la-division-toujours-profonde-au-togo#respond\"]}]},{\"@type\":\"WebPage\",\"@id\":\"https:\/\/www.africa-press.net\/togo\/politique\/togo-celebration-du-13-janvier-24-janvier-etc-la-division-toujours-profonde-au-togo\",\"url\":\"https:\/\/www.africa-press.net\/togo\/politique\/togo-celebration-du-13-janvier-24-janvier-etc-la-division-toujours-profonde-au-togo\",\"name\":\"Togo-C\u00e9l\u00e9bration du 13 janvier, 24 janvier, etc. : La division toujours profonde au Togo - Togo\",\"isPartOf\":{\"@id\":\"https:\/\/www.africa-press.net\/togo\/#website\"},\"primaryImageOfPage\":{\"@id\":\"https:\/\/www.africa-press.net\/togo\/politique\/togo-celebration-du-13-janvier-24-janvier-etc-la-division-toujours-profonde-au-togo#primaryimage\"},\"image\":{\"@id\":\"https:\/\/www.africa-press.net\/togo\/politique\/togo-celebration-du-13-janvier-24-janvier-etc-la-division-toujours-profonde-au-togo#primaryimage\"},\"thumbnailUrl\":\"https:\/\/static.africa-press.net\/togo\/sites\/58\/2023\/02\/QasimFR1676189701.831521.jpg\",\"datePublished\":\"2023-02-12T11:45:00+00:00\",\"author\":{\"@id\":\"https:\/\/www.africa-press.net\/togo\/#\/schema\/person\/2b1cf3cd81a31e3cd26889ca66d677f1\"},\"breadcrumb\":{\"@id\":\"https:\/\/www.africa-press.net\/togo\/politique\/togo-celebration-du-13-janvier-24-janvier-etc-la-division-toujours-profonde-au-togo#breadcrumb\"},\"inLanguage\":\"fr-FR\",\"potentialAction\":[{\"@type\":\"ReadAction\",\"target\":[\"https:\/\/www.africa-press.net\/togo\/politique\/togo-celebration-du-13-janvier-24-janvier-etc-la-division-toujours-profonde-au-togo\"]}]},{\"@type\":\"ImageObject\",\"inLanguage\":\"fr-FR\",\"@id\":\"https:\/\/www.africa-press.net\/togo\/politique\/togo-celebration-du-13-janvier-24-janvier-etc-la-division-toujours-profonde-au-togo#primaryimage\",\"url\":\"https:\/\/static.africa-press.net\/togo\/sites\/58\/2023\/02\/QasimFR1676189701.831521.jpg\",\"contentUrl\":\"https:\/\/static.africa-press.net\/togo\/sites\/58\/2023\/02\/QasimFR1676189701.831521.jpg\",\"width\":640,\"height\":402,\"caption\":\"Togo-C\u00e9l\u00e9bration du 13 janvier, 24 janvier, etc. : La division toujours profonde au Togo\"},{\"@type\":\"BreadcrumbList\",\"@id\":\"https:\/\/www.africa-press.net\/togo\/politique\/togo-celebration-du-13-janvier-24-janvier-etc-la-division-toujours-profonde-au-togo#breadcrumb\",\"itemListElement\":[{\"@type\":\"ListItem\",\"position\":1,\"name\":\"Accueil\",\"item\":\"https:\/\/www.africa-press.net\/togo\/\"},{\"@type\":\"ListItem\",\"position\":2,\"name\":\"Togo-C\u00e9l\u00e9bration du 13 janvier, 24 janvier, etc. : La division toujours profonde au Togo\"}]},{\"@type\":\"WebSite\",\"@id\":\"https:\/\/www.africa-press.net\/togo\/#website\",\"url\":\"https:\/\/www.africa-press.net\/togo\/\",\"name\":\"Togo\",\"description\":\"Just another Africa News Agency Sites site\",\"potentialAction\":[{\"@type\":\"SearchAction\",\"target\":{\"@type\":\"EntryPoint\",\"urlTemplate\":\"https:\/\/www.africa-press.net\/togo\/?s={search_term_string}\"},\"query-input\":{\"@type\":\"PropertyValueSpecification\",\"valueRequired\":true,\"valueName\":\"search_term_string\"}}],\"inLanguage\":\"fr-FR\"},{\"@type\":\"Person\",\"@id\":\"https:\/\/www.africa-press.net\/togo\/#\/schema\/person\/2b1cf3cd81a31e3cd26889ca66d677f1\",\"name\":\"cfeditorfr\"}]}<\/script>\n<!-- \/ Yoast SEO Premium plugin. -->","yoast_head_json":{"title":"Togo-C\u00e9l\u00e9bration du 13 janvier, 24 janvier, etc. : La division toujours profonde au Togo - Togo","robots":{"index":"index","follow":"follow","max-snippet":"max-snippet:-1","max-image-preview":"max-image-preview:large","max-video-preview":"max-video-preview:-1"},"canonical":"https:\/\/www.africa-press.net\/togo\/politique\/togo-celebration-du-13-janvier-24-janvier-etc-la-division-toujours-profonde-au-togo","og_locale":"fr_FR","og_type":"article","og_title":"Togo-C\u00e9l\u00e9bration du 13 janvier, 24 janvier, etc. : La division toujours profonde au Togo","og_description":"Africa-Press &#8211; Togo. Onze jours apre\u0300s la comme\u0301moration du 60e\u0300me anniversaire de l\u2019assassinat de Sylvanus Olympio, le pouvoir ce\u0301le\u0300bre le 49e\u0300me anniversaire de l\u2019attentat de Sarakawa. Deux ce\u0301le\u0301brations qui marquent la profonde division d\u2019un pays pre\u0301sente\u0301 comme re\u0301concilie\u0301. Le 13 janvier 2023, a e\u0301te\u0301 comme\u0301more\u0301 le 60e\u0300me anniversaire de l\u2019assassinat du pe\u0300re de l\u2019inde\u0301pendance du [&hellip;]","og_url":"https:\/\/www.africa-press.net\/togo\/politique\/togo-celebration-du-13-janvier-24-janvier-etc-la-division-toujours-profonde-au-togo","og_site_name":"Togo","article_published_time":"2023-02-12T11:45:00+00:00","author":"cfeditorfr","twitter_card":"summary_large_image","twitter_misc":{"\u00c9crit par":"cfeditorfr","Dur\u00e9e de lecture estim\u00e9e":"5 minutes"},"schema":{"@context":"https:\/\/schema.org","@graph":[{"@type":"Article","@id":"https:\/\/www.africa-press.net\/togo\/politique\/togo-celebration-du-13-janvier-24-janvier-etc-la-division-toujours-profonde-au-togo#article","isPartOf":{"@id":"https:\/\/www.africa-press.net\/togo\/politique\/togo-celebration-du-13-janvier-24-janvier-etc-la-division-toujours-profonde-au-togo"},"author":{"name":"cfeditorfr","@id":"https:\/\/www.africa-press.net\/togo\/#\/schema\/person\/2b1cf3cd81a31e3cd26889ca66d677f1"},"headline":"Togo-C\u00e9l\u00e9bration du 13 janvier, 24 janvier, etc. : La division toujours profonde au Togo","datePublished":"2023-02-12T11:45:00+00:00","mainEntityOfPage":{"@id":"https:\/\/www.africa-press.net\/togo\/politique\/togo-celebration-du-13-janvier-24-janvier-etc-la-division-toujours-profonde-au-togo"},"wordCount":1032,"commentCount":0,"image":{"@id":"https:\/\/www.africa-press.net\/togo\/politique\/togo-celebration-du-13-janvier-24-janvier-etc-la-division-toujours-profonde-au-togo#primaryimage"},"thumbnailUrl":"https:\/\/static.africa-press.net\/togo\/sites\/58\/2023\/02\/QasimFR1676189701.831521.jpg","keywords":["Africa Press","Africa Press-Togo","Togo"],"articleSection":["Politique","Top Nouvelles","Toutes les actualit\u00e9s"],"inLanguage":"fr-FR","potentialAction":[{"@type":"CommentAction","name":"Comment","target":["https:\/\/www.africa-press.net\/togo\/politique\/togo-celebration-du-13-janvier-24-janvier-etc-la-division-toujours-profonde-au-togo#respond"]}]},{"@type":"WebPage","@id":"https:\/\/www.africa-press.net\/togo\/politique\/togo-celebration-du-13-janvier-24-janvier-etc-la-division-toujours-profonde-au-togo","url":"https:\/\/www.africa-press.net\/togo\/politique\/togo-celebration-du-13-janvier-24-janvier-etc-la-division-toujours-profonde-au-togo","name":"Togo-C\u00e9l\u00e9bration du 13 janvier, 24 janvier, etc. : La division toujours profonde au Togo - Togo","isPartOf":{"@id":"https:\/\/www.africa-press.net\/togo\/#website"},"primaryImageOfPage":{"@id":"https:\/\/www.africa-press.net\/togo\/politique\/togo-celebration-du-13-janvier-24-janvier-etc-la-division-toujours-profonde-au-togo#primaryimage"},"image":{"@id":"https:\/\/www.africa-press.net\/togo\/politique\/togo-celebration-du-13-janvier-24-janvier-etc-la-division-toujours-profonde-au-togo#primaryimage"},"thumbnailUrl":"https:\/\/static.africa-press.net\/togo\/sites\/58\/2023\/02\/QasimFR1676189701.831521.jpg","datePublished":"2023-02-12T11:45:00+00:00","author":{"@id":"https:\/\/www.africa-press.net\/togo\/#\/schema\/person\/2b1cf3cd81a31e3cd26889ca66d677f1"},"breadcrumb":{"@id":"https:\/\/www.africa-press.net\/togo\/politique\/togo-celebration-du-13-janvier-24-janvier-etc-la-division-toujours-profonde-au-togo#breadcrumb"},"inLanguage":"fr-FR","potentialAction":[{"@type":"ReadAction","target":["https:\/\/www.africa-press.net\/togo\/politique\/togo-celebration-du-13-janvier-24-janvier-etc-la-division-toujours-profonde-au-togo"]}]},{"@type":"ImageObject","inLanguage":"fr-FR","@id":"https:\/\/www.africa-press.net\/togo\/politique\/togo-celebration-du-13-janvier-24-janvier-etc-la-division-toujours-profonde-au-togo#primaryimage","url":"https:\/\/static.africa-press.net\/togo\/sites\/58\/2023\/02\/QasimFR1676189701.831521.jpg","contentUrl":"https:\/\/static.africa-press.net\/togo\/sites\/58\/2023\/02\/QasimFR1676189701.831521.jpg","width":640,"height":402,"caption":"Togo-C\u00e9l\u00e9bration du 13 janvier, 24 janvier, etc. : La division toujours profonde au Togo"},{"@type":"BreadcrumbList","@id":"https:\/\/www.africa-press.net\/togo\/politique\/togo-celebration-du-13-janvier-24-janvier-etc-la-division-toujours-profonde-au-togo#breadcrumb","itemListElement":[{"@type":"ListItem","position":1,"name":"Accueil","item":"https:\/\/www.africa-press.net\/togo\/"},{"@type":"ListItem","position":2,"name":"Togo-C\u00e9l\u00e9bration du 13 janvier, 24 janvier, etc. : La division toujours profonde au Togo"}]},{"@type":"WebSite","@id":"https:\/\/www.africa-press.net\/togo\/#website","url":"https:\/\/www.africa-press.net\/togo\/","name":"Togo","description":"Just another Africa News Agency Sites site","potentialAction":[{"@type":"SearchAction","target":{"@type":"EntryPoint","urlTemplate":"https:\/\/www.africa-press.net\/togo\/?s={search_term_string}"},"query-input":{"@type":"PropertyValueSpecification","valueRequired":true,"valueName":"search_term_string"}}],"inLanguage":"fr-FR"},{"@type":"Person","@id":"https:\/\/www.africa-press.net\/togo\/#\/schema\/person\/2b1cf3cd81a31e3cd26889ca66d677f1","name":"cfeditorfr"}]}},"_links":{"self":[{"href":"https:\/\/www.africa-press.net\/togo\/wp-json\/wp\/v2\/posts\/17104","targetHints":{"allow":["GET"]}}],"collection":[{"href":"https:\/\/www.africa-press.net\/togo\/wp-json\/wp\/v2\/posts"}],"about":[{"href":"https:\/\/www.africa-press.net\/togo\/wp-json\/wp\/v2\/types\/post"}],"author":[{"embeddable":true,"href":"https:\/\/www.africa-press.net\/togo\/wp-json\/wp\/v2\/users\/82"}],"replies":[{"embeddable":true,"href":"https:\/\/www.africa-press.net\/togo\/wp-json\/wp\/v2\/comments?post=17104"}],"version-history":[{"count":0,"href":"https:\/\/www.africa-press.net\/togo\/wp-json\/wp\/v2\/posts\/17104\/revisions"}],"wp:featuredmedia":[{"embeddable":true,"href":"https:\/\/www.africa-press.net\/togo\/wp-json\/wp\/v2\/media\/17103"}],"wp:attachment":[{"href":"https:\/\/www.africa-press.net\/togo\/wp-json\/wp\/v2\/media?parent=17104"}],"wp:term":[{"taxonomy":"category","embeddable":true,"href":"https:\/\/www.africa-press.net\/togo\/wp-json\/wp\/v2\/categories?post=17104"},{"taxonomy":"post_tag","embeddable":true,"href":"https:\/\/www.africa-press.net\/togo\/wp-json\/wp\/v2\/tags?post=17104"}],"curies":[{"name":"wp","href":"https:\/\/api.w.org\/{rel}","templated":true}]}}