{"id":17108,"date":"2023-02-12T19:00:33","date_gmt":"2023-02-12T19:00:33","guid":{"rendered":"https:\/\/www.africa-press.net\/togo\/politique\/togo-lucien-matty-un-laic-devoue-a-leveche-de-lome-et-engage-contre-la-misere"},"modified":"2023-02-12T19:29:13","modified_gmt":"2023-02-12T19:29:13","slug":"togo-lucien-matty-un-laic-devoue-a-leveche-de-lome-et-engage-contre-la-misere","status":"publish","type":"post","link":"https:\/\/www.africa-press.net\/togo\/toutes-les-actualites\/togo-lucien-matty-un-laic-devoue-a-leveche-de-lome-et-engage-contre-la-misere","title":{"rendered":"Togo : Lucien Matty, un la\u00efc d\u00e9vou\u00e9 \u00e0 l\u2019\u00e9v\u00each\u00e9 de Lom\u00e9 et engag\u00e9 contre la mis\u00e8re"},"content":{"rendered":"<p><span style=\"color: #ff6600\"><strong>Africa-Press &#8211; Togo. <\/strong><\/span><b>Au Togo, l\u2019E\u0301glise catholique a ce\u0301le\u0301bre\u0301 dimanche 5 fe\u0301vrier, la 34e Journe\u0301e nationale du lai\u0308cat sous le the\u0300me \u00ab Rede\u0301couvrez votre mission dans l\u2019E\u0301glise et dans le monde a\u0300 la lumie\u0300re de christifideles laici \u00bb. Au lendemain de cet e\u0301ve\u0301nement La Croix Africa propose le portrait d\u2019un lai\u0308c, Lucien Matty, secre\u0301taire a\u0300 l\u2019archeve\u0302che\u0301 de Lome\u0301.<\/b><\/p>\n<p>Les habitue\u0301s de l\u2019e\u0301ve\u0302che\u0301 de Lome\u0301 ont sans doute de\u0301ja\u0300 rencontre\u0301 dans l\u2019un des bureaux du secre\u0301tariat, un homme aux cheveux aujourd\u2019hui grisonnants, environ 1,60 m. Il s\u2019agit de Lucien Matty, 59 ans, secre\u0301taire dans cet e\u0301ve\u0302che\u0301 depuis 24 ans. A\u0300 ce poste, il a de\u0301ja\u0300 servi trois archeve\u0302ques dont l\u2019actuel, Mgr Nicode\u0300me Barrigah-Be\u0301nissan, successeur de Mgr Denis Amuzu-Dzakpah.<\/p>\n<p>\u00ab J\u2019ai e\u0301te\u0301 embauche\u0301 secre\u0301taire a\u0300 l\u2019archeve\u0302che\u0301 par la providence, et mon travail est pour moi comme un appel de Dieu \u00bb, confie Lucien a\u0300 La Croix Africa. En effet, il occupe ce poste depuis 1999, apre\u0300s douze mois comme gardien de nuit dans le me\u0302me service. A\u0300 l\u2019e\u0301poque, le jeune Matty, membre de la Le\u0301gion de Marie, e\u0301tait cate\u0301chiste sur la paroisse Immacule\u0301e Conception de Nye\u0301konakpoe\u0300, a\u0300 Lome\u0301, une e\u0301glise en face de laquelle se trouvait la maison des S\u0153urs Notre-Dame de la Trinite\u0301 ou\u0300 re\u0301sidait, Mgr Philippe Kpodzro, archeve\u0302que de Lome\u0301. C\u2019est la\u0300 qu\u2019il apprend que l\u2019e\u0301ve\u0302che\u0301 cherchait un gardien.<\/p>\n<p>\u00ab J\u2019e\u0301tais gardien la nuit et allais suivre une formation en dactylographie et bureautique, puis en informatique, pendant la journe\u0301e \u00bb, explique-t-il. Un matin, il a eu un entretien tre\u0300s fort avec son e\u0301ve\u0302que, a\u0300 l\u2019invitation de ce dernier. \u00ab Je cherche un secre\u0301taire depuis longtemps, je n\u2019en trouve pas (&#8230;) Mais je te vois e\u0301crire tous les soirs, est-ce que tu as e\u0301te\u0301 un peu a\u0300 l\u2019e\u0301cole ? \u00bb, lui demande Mgr Kpodzro. Alors, le jeune gardien, lui de\u0301crit son parcours jusqu\u2019a\u0300 la licence en anglais obtenue a\u0300 l\u2019Universite\u0301 du Be\u0301nin, actuelle Universite\u0301 de Lome\u0301, ainsi que ses formations comple\u0301mentaires.<\/p>\n<p>Travailler comme secre\u0301taire de l\u2019e\u0301ve\u0302que est ve\u0301cu par ce lai\u0308c comme un appel. \u00ab Un jour, He\u0301le\u0300ne Gabrie\u0301 (Franc\u0327aise, NDLR) m\u2019a convie\u0301 a\u0300 son anniversaire, se souvient Lucien. A\u0300 un moment, elle demande ma date anniversaire. Je re\u0301ponds : \u201d 8 janvier 1964\u201d. Tre\u0300s surprise, elle me dit : \u201d c\u2019est le me\u0302me jour et la me\u0302me anne\u0301e, que j\u2019ai embarque\u0301 dans un bateau a\u0300 destination de Lome\u0301 comme secre\u0301taire de Mgr Robert Dosseh\u201d (premier archeve\u0302que togolais de Lome\u0301, NDLR)\u00bb.<\/p>\n<p>\u00ab Lucien est une personne dynamique, tre\u0300s engage\u0301e et travaille beaucoup \u00bb, de\u0301clare Dominique Avewouame, cuisinier a\u0300 l\u2019e\u0301ve\u0302che\u0301. \u00ab C\u2019est un lai\u0308c engage\u0301 et vraiment de\u0301voue\u0301 dans ses ta\u0302ches et responsabilite\u0301s \u00bb, confirme Benoi\u0302t Folly, le\u0301gionnaire.<\/p>\n<p>C\u2019est a\u0300 Agou, a\u0300 105 km au nord-ouest de Lome\u0301 et a\u0300 15 km de Kpalime\u0301, que Lucien Matty a rec\u0327u son bapte\u0302me quelques semaines apre\u0300s sa naissance, puis les sacrements d\u2019initiation chre\u0301tienne : la communion en 1977, suivie de la confirmation en 1978. A\u0300 29 ans, pendant qu\u2019il e\u0301tait encore e\u0301tudiant a\u0300 Lome\u0301, il e\u0301pouse Bernadette Ablavi Gadjehoun.<\/p>\n<p>Sur ses paroisses a\u0300 Agou, Nye\u0301konapoe\u0300 et actuellement a\u0300 Se\u0301gbe\u0301, a\u0300 20 km de son lieu de travail, Lucien pourtant discret, manifeste son attachement a\u0300 la justice, son combat contre la mise\u0300re et pour le bien-e\u0302tre. Aussi a-t-il, avec d\u2019autres collaborateurs, fonde\u0301 en 2013, l\u2019Association des employe\u0301s lai\u0308cs de l\u2019E\u0301glise catholique au Togo (Aelec-Togo), dont il est l\u2019actuel secre\u0301taire ge\u0301ne\u0301ral. \u00ab Je vais souvent lui demander conseil concernant mes conditions de travail \u00bb, confie une employe\u0301e de l\u2019E\u0301glise membre de cette association qui \u0153uvre depuis dix ans pour l\u2019ame\u0301lioration des conditions des travailleurs de l\u2019E\u0301glise.<\/p>\n<p><strong>Pour plus d&rsquo;informations et d&rsquo;analyses sur la <a href=\"https:\/\/www.africa-press.net\/togo\">Togo<\/a>, suivez <a href=\"https:\/\/www.africa-press.net\/\">Africa-Press<\/a><\/strong><\/p>\n","protected":false},"excerpt":{"rendered":"<p>Africa-Press &#8211; Togo. Au Togo, l\u2019E\u0301glise catholique a ce\u0301le\u0301bre\u0301 dimanche 5 fe\u0301vrier, la 34e Journe\u0301e nationale du lai\u0308cat sous le the\u0300me \u00ab Rede\u0301couvrez votre mission dans l\u2019E\u0301glise et dans le monde a\u0300 la lumie\u0300re de christifideles laici \u00bb. Au lendemain de cet e\u0301ve\u0301nement La Croix Africa propose le portrait d\u2019un lai\u0308c, Lucien Matty, secre\u0301taire a\u0300 [&hellip;]<\/p>\n","protected":false},"author":82,"featured_media":17107,"comment_status":"open","ping_status":"closed","sticky":false,"template":"","format":"standard","meta":{"footnotes":""},"categories":[21,10],"tags":[36,49,50],"class_list":["post-17108","post","type-post","status-publish","format-standard","has-post-thumbnail","hentry","category-communaute","category-toutes-les-actualites","tag-africa-press","tag-africa-press-togo","tag-togo"],"yoast_head":"<!-- This site is optimized with the Yoast SEO Premium plugin v26.1 (Yoast SEO v27.0) - https:\/\/yoast.com\/product\/yoast-seo-premium-wordpress\/ -->\n<title>Togo : Lucien Matty, un la\u00efc d\u00e9vou\u00e9 \u00e0 l\u2019\u00e9v\u00each\u00e9 de Lom\u00e9 et engag\u00e9 contre la mis\u00e8re - Togo<\/title>\n<meta name=\"description\" content=\"Au Togo, l\u2019E\u0301glise catholique a ce\u0301le\u0301bre\u0301 dimanche 5 fe\u0301vrier, la 34e Journe\u0301e nationale du lai\u0308cat sous le the\u0300me \u00ab ...\" \/>\n<meta name=\"robots\" content=\"index, follow, max-snippet:-1, max-image-preview:large, max-video-preview:-1\" \/>\n<link rel=\"canonical\" href=\"https:\/\/www.africa-press.net\/togo\/toutes-les-actualites\/togo-lucien-matty-un-laic-devoue-a-leveche-de-lome-et-engage-contre-la-misere\" \/>\n<meta property=\"og:locale\" content=\"fr_FR\" \/>\n<meta property=\"og:type\" content=\"article\" \/>\n<meta property=\"og:title\" content=\"Togo : Lucien Matty, un la\u00efc d\u00e9vou\u00e9 \u00e0 l\u2019\u00e9v\u00each\u00e9 de Lom\u00e9 et engag\u00e9 contre la mis\u00e8re\" \/>\n<meta property=\"og:description\" content=\"Au Togo, l\u2019E\u0301glise catholique a ce\u0301le\u0301bre\u0301 dimanche 5 fe\u0301vrier, la 34e Journe\u0301e nationale du lai\u0308cat sous le the\u0300me \u00ab ...\" \/>\n<meta property=\"og:url\" content=\"https:\/\/www.africa-press.net\/togo\/toutes-les-actualites\/togo-lucien-matty-un-laic-devoue-a-leveche-de-lome-et-engage-contre-la-misere\" \/>\n<meta property=\"og:site_name\" content=\"Togo\" \/>\n<meta property=\"article:published_time\" content=\"2023-02-12T19:00:33+00:00\" \/>\n<meta property=\"article:modified_time\" content=\"2023-02-12T19:29:13+00:00\" \/>\n<meta property=\"og:image\" content=\"https:\/\/static.africa-press.net\/togo\/sites\/58\/2023\/02\/postQueueImg_1676215840.01.jpg\" \/>\n\t<meta property=\"og:image:width\" content=\"1280\" \/>\n\t<meta property=\"og:image:height\" content=\"800\" \/>\n\t<meta property=\"og:image:type\" content=\"image\/jpeg\" \/>\n<meta name=\"author\" content=\"cfeditorfr\" \/>\n<meta name=\"twitter:card\" content=\"summary_large_image\" \/>\n<meta name=\"twitter:label1\" content=\"\u00c9crit par\" \/>\n\t<meta name=\"twitter:data1\" content=\"cfeditorfr\" \/>\n\t<meta name=\"twitter:label2\" content=\"Dur\u00e9e de lecture estim\u00e9e\" \/>\n\t<meta name=\"twitter:data2\" content=\"3 minutes\" \/>\n<script type=\"application\/ld+json\" class=\"yoast-schema-graph\">{\"@context\":\"https:\/\/schema.org\",\"@graph\":[{\"@type\":\"Article\",\"@id\":\"https:\/\/www.africa-press.net\/togo\/toutes-les-actualites\/togo-lucien-matty-un-laic-devoue-a-leveche-de-lome-et-engage-contre-la-misere#article\",\"isPartOf\":{\"@id\":\"https:\/\/www.africa-press.net\/togo\/toutes-les-actualites\/togo-lucien-matty-un-laic-devoue-a-leveche-de-lome-et-engage-contre-la-misere\"},\"author\":{\"name\":\"cfeditorfr\",\"@id\":\"https:\/\/www.africa-press.net\/togo\/#\/schema\/person\/2b1cf3cd81a31e3cd26889ca66d677f1\"},\"headline\":\"Togo : Lucien Matty, un la\u00efc d\u00e9vou\u00e9 \u00e0 l\u2019\u00e9v\u00each\u00e9 de Lom\u00e9 et engag\u00e9 contre la mis\u00e8re\",\"datePublished\":\"2023-02-12T19:00:33+00:00\",\"dateModified\":\"2023-02-12T19:29:13+00:00\",\"mainEntityOfPage\":{\"@id\":\"https:\/\/www.africa-press.net\/togo\/toutes-les-actualites\/togo-lucien-matty-un-laic-devoue-a-leveche-de-lome-et-engage-contre-la-misere\"},\"wordCount\":725,\"commentCount\":0,\"image\":{\"@id\":\"https:\/\/www.africa-press.net\/togo\/toutes-les-actualites\/togo-lucien-matty-un-laic-devoue-a-leveche-de-lome-et-engage-contre-la-misere#primaryimage\"},\"thumbnailUrl\":\"https:\/\/static.africa-press.net\/togo\/sites\/58\/2023\/02\/postQueueImg_1676215840.01.jpg\",\"keywords\":[\"Africa Press\",\"Africa Press-Togo\",\"Togo\"],\"articleSection\":[\"Communaut\u00e9\",\"Toutes les actualit\u00e9s\"],\"inLanguage\":\"fr-FR\",\"potentialAction\":[{\"@type\":\"CommentAction\",\"name\":\"Comment\",\"target\":[\"https:\/\/www.africa-press.net\/togo\/toutes-les-actualites\/togo-lucien-matty-un-laic-devoue-a-leveche-de-lome-et-engage-contre-la-misere#respond\"]}]},{\"@type\":\"WebPage\",\"@id\":\"https:\/\/www.africa-press.net\/togo\/toutes-les-actualites\/togo-lucien-matty-un-laic-devoue-a-leveche-de-lome-et-engage-contre-la-misere\",\"url\":\"https:\/\/www.africa-press.net\/togo\/toutes-les-actualites\/togo-lucien-matty-un-laic-devoue-a-leveche-de-lome-et-engage-contre-la-misere\",\"name\":\"Togo : Lucien Matty, un la\u00efc d\u00e9vou\u00e9 \u00e0 l\u2019\u00e9v\u00each\u00e9 de Lom\u00e9 et engag\u00e9 contre la mis\u00e8re - Togo\",\"isPartOf\":{\"@id\":\"https:\/\/www.africa-press.net\/togo\/#website\"},\"primaryImageOfPage\":{\"@id\":\"https:\/\/www.africa-press.net\/togo\/toutes-les-actualites\/togo-lucien-matty-un-laic-devoue-a-leveche-de-lome-et-engage-contre-la-misere#primaryimage\"},\"image\":{\"@id\":\"https:\/\/www.africa-press.net\/togo\/toutes-les-actualites\/togo-lucien-matty-un-laic-devoue-a-leveche-de-lome-et-engage-contre-la-misere#primaryimage\"},\"thumbnailUrl\":\"https:\/\/static.africa-press.net\/togo\/sites\/58\/2023\/02\/postQueueImg_1676215840.01.jpg\",\"datePublished\":\"2023-02-12T19:00:33+00:00\",\"dateModified\":\"2023-02-12T19:29:13+00:00\",\"author\":{\"@id\":\"https:\/\/www.africa-press.net\/togo\/#\/schema\/person\/2b1cf3cd81a31e3cd26889ca66d677f1\"},\"description\":\"Au Togo, l\u2019E\u0301glise catholique a ce\u0301le\u0301bre\u0301 dimanche 5 fe\u0301vrier, la 34e Journe\u0301e nationale du lai\u0308cat sous le the\u0300me \u00ab ...\",\"breadcrumb\":{\"@id\":\"https:\/\/www.africa-press.net\/togo\/toutes-les-actualites\/togo-lucien-matty-un-laic-devoue-a-leveche-de-lome-et-engage-contre-la-misere#breadcrumb\"},\"inLanguage\":\"fr-FR\",\"potentialAction\":[{\"@type\":\"ReadAction\",\"target\":[\"https:\/\/www.africa-press.net\/togo\/toutes-les-actualites\/togo-lucien-matty-un-laic-devoue-a-leveche-de-lome-et-engage-contre-la-misere\"]}]},{\"@type\":\"ImageObject\",\"inLanguage\":\"fr-FR\",\"@id\":\"https:\/\/www.africa-press.net\/togo\/toutes-les-actualites\/togo-lucien-matty-un-laic-devoue-a-leveche-de-lome-et-engage-contre-la-misere#primaryimage\",\"url\":\"https:\/\/static.africa-press.net\/togo\/sites\/58\/2023\/02\/postQueueImg_1676215840.01.jpg\",\"contentUrl\":\"https:\/\/static.africa-press.net\/togo\/sites\/58\/2023\/02\/postQueueImg_1676215840.01.jpg\",\"width\":1280,\"height\":800,\"caption\":\"Togo : Lucien Matty, un la\u00efc d\u00e9vou\u00e9 \u00e0 l\u2019\u00e9v\u00each\u00e9 de Lom\u00e9 et engag\u00e9 contre la mis\u00e8re\"},{\"@type\":\"BreadcrumbList\",\"@id\":\"https:\/\/www.africa-press.net\/togo\/toutes-les-actualites\/togo-lucien-matty-un-laic-devoue-a-leveche-de-lome-et-engage-contre-la-misere#breadcrumb\",\"itemListElement\":[{\"@type\":\"ListItem\",\"position\":1,\"name\":\"Accueil\",\"item\":\"https:\/\/www.africa-press.net\/togo\/\"},{\"@type\":\"ListItem\",\"position\":2,\"name\":\"Togo : Lucien Matty, un la\u00efc d\u00e9vou\u00e9 \u00e0 l\u2019\u00e9v\u00each\u00e9 de Lom\u00e9 et engag\u00e9 contre la mis\u00e8re\"}]},{\"@type\":\"WebSite\",\"@id\":\"https:\/\/www.africa-press.net\/togo\/#website\",\"url\":\"https:\/\/www.africa-press.net\/togo\/\",\"name\":\"Togo\",\"description\":\"Just another Africa News Agency Sites site\",\"potentialAction\":[{\"@type\":\"SearchAction\",\"target\":{\"@type\":\"EntryPoint\",\"urlTemplate\":\"https:\/\/www.africa-press.net\/togo\/?s={search_term_string}\"},\"query-input\":{\"@type\":\"PropertyValueSpecification\",\"valueRequired\":true,\"valueName\":\"search_term_string\"}}],\"inLanguage\":\"fr-FR\"},{\"@type\":\"Person\",\"@id\":\"https:\/\/www.africa-press.net\/togo\/#\/schema\/person\/2b1cf3cd81a31e3cd26889ca66d677f1\",\"name\":\"cfeditorfr\"}]}<\/script>\n<!-- \/ Yoast SEO Premium plugin. -->","yoast_head_json":{"title":"Togo : Lucien Matty, un la\u00efc d\u00e9vou\u00e9 \u00e0 l\u2019\u00e9v\u00each\u00e9 de Lom\u00e9 et engag\u00e9 contre la mis\u00e8re - Togo","description":"Au Togo, l\u2019E\u0301glise catholique a ce\u0301le\u0301bre\u0301 dimanche 5 fe\u0301vrier, la 34e Journe\u0301e nationale du lai\u0308cat sous le the\u0300me \u00ab ...","robots":{"index":"index","follow":"follow","max-snippet":"max-snippet:-1","max-image-preview":"max-image-preview:large","max-video-preview":"max-video-preview:-1"},"canonical":"https:\/\/www.africa-press.net\/togo\/toutes-les-actualites\/togo-lucien-matty-un-laic-devoue-a-leveche-de-lome-et-engage-contre-la-misere","og_locale":"fr_FR","og_type":"article","og_title":"Togo : Lucien Matty, un la\u00efc d\u00e9vou\u00e9 \u00e0 l\u2019\u00e9v\u00each\u00e9 de Lom\u00e9 et engag\u00e9 contre la mis\u00e8re","og_description":"Au Togo, l\u2019E\u0301glise catholique a ce\u0301le\u0301bre\u0301 dimanche 5 fe\u0301vrier, la 34e Journe\u0301e nationale du lai\u0308cat sous le the\u0300me \u00ab ...","og_url":"https:\/\/www.africa-press.net\/togo\/toutes-les-actualites\/togo-lucien-matty-un-laic-devoue-a-leveche-de-lome-et-engage-contre-la-misere","og_site_name":"Togo","article_published_time":"2023-02-12T19:00:33+00:00","article_modified_time":"2023-02-12T19:29:13+00:00","og_image":[{"width":1280,"height":800,"url":"https:\/\/static.africa-press.net\/togo\/sites\/58\/2023\/02\/postQueueImg_1676215840.01.jpg","type":"image\/jpeg"}],"author":"cfeditorfr","twitter_card":"summary_large_image","twitter_misc":{"\u00c9crit par":"cfeditorfr","Dur\u00e9e de lecture estim\u00e9e":"3 minutes"},"schema":{"@context":"https:\/\/schema.org","@graph":[{"@type":"Article","@id":"https:\/\/www.africa-press.net\/togo\/toutes-les-actualites\/togo-lucien-matty-un-laic-devoue-a-leveche-de-lome-et-engage-contre-la-misere#article","isPartOf":{"@id":"https:\/\/www.africa-press.net\/togo\/toutes-les-actualites\/togo-lucien-matty-un-laic-devoue-a-leveche-de-lome-et-engage-contre-la-misere"},"author":{"name":"cfeditorfr","@id":"https:\/\/www.africa-press.net\/togo\/#\/schema\/person\/2b1cf3cd81a31e3cd26889ca66d677f1"},"headline":"Togo : Lucien Matty, un la\u00efc d\u00e9vou\u00e9 \u00e0 l\u2019\u00e9v\u00each\u00e9 de Lom\u00e9 et engag\u00e9 contre la mis\u00e8re","datePublished":"2023-02-12T19:00:33+00:00","dateModified":"2023-02-12T19:29:13+00:00","mainEntityOfPage":{"@id":"https:\/\/www.africa-press.net\/togo\/toutes-les-actualites\/togo-lucien-matty-un-laic-devoue-a-leveche-de-lome-et-engage-contre-la-misere"},"wordCount":725,"commentCount":0,"image":{"@id":"https:\/\/www.africa-press.net\/togo\/toutes-les-actualites\/togo-lucien-matty-un-laic-devoue-a-leveche-de-lome-et-engage-contre-la-misere#primaryimage"},"thumbnailUrl":"https:\/\/static.africa-press.net\/togo\/sites\/58\/2023\/02\/postQueueImg_1676215840.01.jpg","keywords":["Africa Press","Africa Press-Togo","Togo"],"articleSection":["Communaut\u00e9","Toutes les actualit\u00e9s"],"inLanguage":"fr-FR","potentialAction":[{"@type":"CommentAction","name":"Comment","target":["https:\/\/www.africa-press.net\/togo\/toutes-les-actualites\/togo-lucien-matty-un-laic-devoue-a-leveche-de-lome-et-engage-contre-la-misere#respond"]}]},{"@type":"WebPage","@id":"https:\/\/www.africa-press.net\/togo\/toutes-les-actualites\/togo-lucien-matty-un-laic-devoue-a-leveche-de-lome-et-engage-contre-la-misere","url":"https:\/\/www.africa-press.net\/togo\/toutes-les-actualites\/togo-lucien-matty-un-laic-devoue-a-leveche-de-lome-et-engage-contre-la-misere","name":"Togo : Lucien Matty, un la\u00efc d\u00e9vou\u00e9 \u00e0 l\u2019\u00e9v\u00each\u00e9 de Lom\u00e9 et engag\u00e9 contre la mis\u00e8re - Togo","isPartOf":{"@id":"https:\/\/www.africa-press.net\/togo\/#website"},"primaryImageOfPage":{"@id":"https:\/\/www.africa-press.net\/togo\/toutes-les-actualites\/togo-lucien-matty-un-laic-devoue-a-leveche-de-lome-et-engage-contre-la-misere#primaryimage"},"image":{"@id":"https:\/\/www.africa-press.net\/togo\/toutes-les-actualites\/togo-lucien-matty-un-laic-devoue-a-leveche-de-lome-et-engage-contre-la-misere#primaryimage"},"thumbnailUrl":"https:\/\/static.africa-press.net\/togo\/sites\/58\/2023\/02\/postQueueImg_1676215840.01.jpg","datePublished":"2023-02-12T19:00:33+00:00","dateModified":"2023-02-12T19:29:13+00:00","author":{"@id":"https:\/\/www.africa-press.net\/togo\/#\/schema\/person\/2b1cf3cd81a31e3cd26889ca66d677f1"},"description":"Au Togo, l\u2019E\u0301glise catholique a ce\u0301le\u0301bre\u0301 dimanche 5 fe\u0301vrier, la 34e Journe\u0301e nationale du lai\u0308cat sous le the\u0300me \u00ab ...","breadcrumb":{"@id":"https:\/\/www.africa-press.net\/togo\/toutes-les-actualites\/togo-lucien-matty-un-laic-devoue-a-leveche-de-lome-et-engage-contre-la-misere#breadcrumb"},"inLanguage":"fr-FR","potentialAction":[{"@type":"ReadAction","target":["https:\/\/www.africa-press.net\/togo\/toutes-les-actualites\/togo-lucien-matty-un-laic-devoue-a-leveche-de-lome-et-engage-contre-la-misere"]}]},{"@type":"ImageObject","inLanguage":"fr-FR","@id":"https:\/\/www.africa-press.net\/togo\/toutes-les-actualites\/togo-lucien-matty-un-laic-devoue-a-leveche-de-lome-et-engage-contre-la-misere#primaryimage","url":"https:\/\/static.africa-press.net\/togo\/sites\/58\/2023\/02\/postQueueImg_1676215840.01.jpg","contentUrl":"https:\/\/static.africa-press.net\/togo\/sites\/58\/2023\/02\/postQueueImg_1676215840.01.jpg","width":1280,"height":800,"caption":"Togo : Lucien Matty, un la\u00efc d\u00e9vou\u00e9 \u00e0 l\u2019\u00e9v\u00each\u00e9 de Lom\u00e9 et engag\u00e9 contre la mis\u00e8re"},{"@type":"BreadcrumbList","@id":"https:\/\/www.africa-press.net\/togo\/toutes-les-actualites\/togo-lucien-matty-un-laic-devoue-a-leveche-de-lome-et-engage-contre-la-misere#breadcrumb","itemListElement":[{"@type":"ListItem","position":1,"name":"Accueil","item":"https:\/\/www.africa-press.net\/togo\/"},{"@type":"ListItem","position":2,"name":"Togo : Lucien Matty, un la\u00efc d\u00e9vou\u00e9 \u00e0 l\u2019\u00e9v\u00each\u00e9 de Lom\u00e9 et engag\u00e9 contre la mis\u00e8re"}]},{"@type":"WebSite","@id":"https:\/\/www.africa-press.net\/togo\/#website","url":"https:\/\/www.africa-press.net\/togo\/","name":"Togo","description":"Just another Africa News Agency Sites site","potentialAction":[{"@type":"SearchAction","target":{"@type":"EntryPoint","urlTemplate":"https:\/\/www.africa-press.net\/togo\/?s={search_term_string}"},"query-input":{"@type":"PropertyValueSpecification","valueRequired":true,"valueName":"search_term_string"}}],"inLanguage":"fr-FR"},{"@type":"Person","@id":"https:\/\/www.africa-press.net\/togo\/#\/schema\/person\/2b1cf3cd81a31e3cd26889ca66d677f1","name":"cfeditorfr"}]}},"_links":{"self":[{"href":"https:\/\/www.africa-press.net\/togo\/wp-json\/wp\/v2\/posts\/17108","targetHints":{"allow":["GET"]}}],"collection":[{"href":"https:\/\/www.africa-press.net\/togo\/wp-json\/wp\/v2\/posts"}],"about":[{"href":"https:\/\/www.africa-press.net\/togo\/wp-json\/wp\/v2\/types\/post"}],"author":[{"embeddable":true,"href":"https:\/\/www.africa-press.net\/togo\/wp-json\/wp\/v2\/users\/82"}],"replies":[{"embeddable":true,"href":"https:\/\/www.africa-press.net\/togo\/wp-json\/wp\/v2\/comments?post=17108"}],"version-history":[{"count":0,"href":"https:\/\/www.africa-press.net\/togo\/wp-json\/wp\/v2\/posts\/17108\/revisions"}],"wp:featuredmedia":[{"embeddable":true,"href":"https:\/\/www.africa-press.net\/togo\/wp-json\/wp\/v2\/media\/17107"}],"wp:attachment":[{"href":"https:\/\/www.africa-press.net\/togo\/wp-json\/wp\/v2\/media?parent=17108"}],"wp:term":[{"taxonomy":"category","embeddable":true,"href":"https:\/\/www.africa-press.net\/togo\/wp-json\/wp\/v2\/categories?post=17108"},{"taxonomy":"post_tag","embeddable":true,"href":"https:\/\/www.africa-press.net\/togo\/wp-json\/wp\/v2\/tags?post=17108"}],"curies":[{"name":"wp","href":"https:\/\/api.w.org\/{rel}","templated":true}]}}