{"id":17118,"date":"2023-02-12T19:02:50","date_gmt":"2023-02-12T19:02:50","guid":{"rendered":"https:\/\/www.africa-press.net\/togo\/politique\/togo-kimelabalou-aba-remplace-wiyao-essohana-a-la-tete-de-la-haplucia-cette-fois-ci-cest-la-bonne-2"},"modified":"2023-02-12T19:37:56","modified_gmt":"2023-02-12T19:37:56","slug":"togo-kimelabalou-aba-remplace-wiyao-essohana-a-la-tete-de-la-haplucia-cette-fois-ci-cest-la-bonne-2","status":"publish","type":"post","link":"https:\/\/www.africa-press.net\/togo\/politique\/togo-kimelabalou-aba-remplace-wiyao-essohana-a-la-tete-de-la-haplucia-cette-fois-ci-cest-la-bonne-2","title":{"rendered":"Togo\/Kimelabalou Aba remplace Wiyao Essohana \u00e0 la t\u00eate de la HAPLUCIA : Cette fois-ci, c\u2019est la bonne ?"},"content":{"rendered":"<p><span style=\"color: #ff6600\"><strong>Africa-Press &#8211; Togo. <\/strong><\/span>C\u2019est par un de\u0301cret pris par Faure Gnassingbe\u0301 le 24 Covidbusiness mise a\u0300 nu janvier dernier, et sur rapport du ministre des Droits de l\u2019homme, Christian Trimua, que les Togolais ont appris que Wiyao, Essohana n\u2019est plus aux commandes de la Haute autorite\u0301 de pre\u0301vention et de lutte contre la corruption et les infractions assimile\u0301es (HAPLUCIA).<\/p>\n<p>En lieu et place, un nouveau visage, en la personne de Aba Kimelabalou, juge de son e\u0301tat. Il faut dire que le background de ce dernier plaide et pour lui et la nouvelle casquette qu\u2019il a d\u2019ores et de\u0301ja\u0300 enfourche\u0301e, lui qui a fait ses preuves a\u0300 la Cour africaine des droits de l\u2019homme, cet autre principal organe de lutte contre le blanchiment de capitaux, la cybercriminalite\u0301, le financement du terrorisme, les criminalite\u0301s transfrontalie\u0300res, dans l\u2019espace CEDEAO, qu\u2019il pre\u0301sidait depuis fe\u0301vrier 2018, laissant ainsi le plancher a\u0300 Edwin Harris le 1er aou\u0302t 2022. Voila\u0300 ce qui s\u2019appelle e\u0302tre blanchi sous le harnois. Nous nous garderons d\u2019e\u0301piloguer sur le bilan d\u2019Aba Kimelabalou quand il avait les cle\u0301s de la Cour africaine des droits de l\u2019homme, mais quand on est passe\u0301 dans une juridiction internationale re\u0301gionale spe\u0301cialise\u0301e en droits de l\u2019homme et e\u0301tablie par les membres de l\u2019Union africaine (UA), on ne peut qu\u2019admettre qu\u2019il a la gueule de son nouvel emploi, et nul doute que les attentes sont d\u2019autant plus grandes.<\/p>\n<p>Mais jusqu\u2019ou\u0300 va-t-il aller ? Saura-t-il se de\u0301marquer de Wiyao Essohana qui a commis durant son bail plus de faux pas qu\u2019une mer ne saurait contenir de poissons ? Tient-on enfin celui qui va nettoyer l\u2019e\u0301curie d\u2019Augias ? Ou aurons-nous droit a\u0300 un Wiyao Essohana bis ? Qu\u2019est-ce qu\u2019on n\u2019a pas dit des qualite\u0301s du de\u0301sormais ex-pre\u0301sident de la HAPLUCIA ? On avait vendu a\u0300 l\u2019opinion que le fait que Wiyao soit nanti d\u2019une mai\u0302trise en droit des affaires de l\u2019Universite\u0301 de Lome\u0301 et d\u2019un diplo\u0302me de magistrature obtenu a\u0300 l\u2019E\u0301cole nationale d\u2019administration de Lome\u0301, il e\u0301tait a\u0300 me\u0302me de tenir la drage\u0301e aux fieffe\u0301s pre\u0301varicateurs ; que le seul fait qu\u2019il soit connu du monde des magistrats depuis le 17 janvier 1995, qu\u2019il ait e\u0301te\u0301 successivement pre\u0301sident des tribunaux de premie\u0300re instance de Sokode\u0301 et de Mango, juge puis doyen des juges d\u2019instruction au tribunal de premie\u0300re instance de Lome\u0301, ferait de lui la be\u0302te du Ge\u0301vaudan qui devrait mettre en de\u0301route tous les convaincus de corruption et autres Mozart de la pre\u0301varication. Force est de constater que celui qui e\u0301tait depuis 2009 substitut ge\u0301ne\u0301ral au Parquet ge\u0301ne\u0301ral pre\u0300s la Cour d\u2019appel de Lome\u0301 ne s\u2019est que piteusement signale\u0301 aux yeux de tous, allant jusqu\u2019a\u0300 pre\u0302ter le flanc aux de\u0301risions les plus de\u0301sobligeantes.<\/p>\n<p>En rendant son tablier, notre tigre de papier a laisse\u0301 intacte la \u00ab volonte\u0301 politique du gouvernement de combattre ce fle\u0301au \u00bb qui, dit-on, s\u2019est mate\u0301rialise\u0301e par l\u2019adoption de la loi n\u00b02015-006 du 28 juillet 2015 portant cre\u0301ation de la Haute Autorite\u0301 de pre\u0301vention et de lutte contre la corruption et les infractions assimile\u0301es (HAPLUCIA). Loin de nous l\u2019ide\u0301e de charger la barque sur le cas Wiyao Essohana, mais on ne peut re\u0301sister a\u0300 l\u2019envie de dire qu\u2019il est la preuve que l\u2019habit ne fait pas le magistrat, pas plus qu\u2019il ne fait le de\u0301fenseur des causes justes. Sous ce rapport, Aba Kimelabalou n\u2019a pas a\u0300 se montrer a\u0300 son avantage, car il n\u2019impressionnera pas, a\u0300 moins d\u2019avoir prouve\u0301 durant son magiste\u0300re qu\u2019il n\u2019est pas magistrat a\u0300 avoir froid aux yeux, qu\u2019il saura faire face quoi qu\u2019il arrive, qu\u2019il mettra les points sur les i, les barres sur les T. Appeler un chat un pangolin comme l\u2019a fait son pre\u0301de\u0301cesseur ne fera que pa\u0302lir son image. A lui de prouver aux Togolais qu\u2019il en a dans le ventre.<\/p>\n<p><strong>Pour plus d&rsquo;informations et d&rsquo;analyses sur la <a href=\"https:\/\/www.africa-press.net\/togo\">Togo<\/a>, suivez <a href=\"https:\/\/www.africa-press.net\/\">Africa-Press<\/a><\/strong><\/p>\n","protected":false},"excerpt":{"rendered":"<p>Africa-Press &#8211; Togo. C\u2019est par un de\u0301cret pris par Faure Gnassingbe\u0301 le 24 Covidbusiness mise a\u0300 nu janvier dernier, et sur rapport du ministre des Droits de l\u2019homme, Christian Trimua, que les Togolais ont appris que Wiyao, Essohana n\u2019est plus aux commandes de la Haute autorite\u0301 de pre\u0301vention et de lutte contre la corruption et [&hellip;]<\/p>\n","protected":false},"author":82,"featured_media":17117,"comment_status":"open","ping_status":"closed","sticky":false,"template":"","format":"standard","meta":{"footnotes":""},"categories":[2,10],"tags":[36,49,2419,50],"class_list":["post-17118","post","type-post","status-publish","format-standard","has-post-thumbnail","hentry","category-politique","category-toutes-les-actualites","tag-africa-press","tag-africa-press-togo","tag-haplucia","tag-togo"],"yoast_head":"<!-- This site is optimized with the Yoast SEO Premium plugin v26.1 (Yoast SEO v27.0) - https:\/\/yoast.com\/product\/yoast-seo-premium-wordpress\/ -->\n<title>Togo\/Kimelabalou Aba remplace Wiyao Essohana \u00e0 la t\u00eate de la HAPLUCIA : Cette fois-ci, c\u2019est la bonne ? - Togo<\/title>\n<meta name=\"description\" content=\"C\u2019est par un de\u0301cret pris par Faure Gnassingbe\u0301 le 24 Covidbusiness mise a\u0300 nu janvier dernier, et sur rapport du minist ...\" \/>\n<meta name=\"robots\" content=\"index, follow, max-snippet:-1, max-image-preview:large, max-video-preview:-1\" \/>\n<link rel=\"canonical\" href=\"https:\/\/www.africa-press.net\/togo\/politique\/togo-kimelabalou-aba-remplace-wiyao-essohana-a-la-tete-de-la-haplucia-cette-fois-ci-cest-la-bonne-2\" \/>\n<meta property=\"og:locale\" content=\"fr_FR\" \/>\n<meta property=\"og:type\" content=\"article\" \/>\n<meta property=\"og:title\" content=\"Togo\/Kimelabalou Aba remplace Wiyao Essohana \u00e0 la t\u00eate de la HAPLUCIA : Cette fois-ci, c\u2019est la bonne ?\" \/>\n<meta property=\"og:description\" content=\"C\u2019est par un de\u0301cret pris par Faure Gnassingbe\u0301 le 24 Covidbusiness mise a\u0300 nu janvier dernier, et sur rapport du minist ...\" \/>\n<meta property=\"og:url\" content=\"https:\/\/www.africa-press.net\/togo\/politique\/togo-kimelabalou-aba-remplace-wiyao-essohana-a-la-tete-de-la-haplucia-cette-fois-ci-cest-la-bonne-2\" \/>\n<meta property=\"og:site_name\" content=\"Togo\" \/>\n<meta property=\"article:published_time\" content=\"2023-02-12T19:02:50+00:00\" \/>\n<meta property=\"article:modified_time\" content=\"2023-02-12T19:37:56+00:00\" \/>\n<meta property=\"og:image\" content=\"https:\/\/static.africa-press.net\/togo\/sites\/58\/2023\/02\/postQueueImg_1676215975.78.jpg\" \/>\n\t<meta property=\"og:image:width\" content=\"720\" \/>\n\t<meta property=\"og:image:height\" content=\"479\" \/>\n\t<meta property=\"og:image:type\" content=\"image\/jpeg\" \/>\n<meta name=\"author\" content=\"cfeditorfr\" \/>\n<meta name=\"twitter:card\" content=\"summary_large_image\" \/>\n<meta name=\"twitter:label1\" content=\"\u00c9crit par\" \/>\n\t<meta name=\"twitter:data1\" content=\"cfeditorfr\" \/>\n\t<meta name=\"twitter:label2\" content=\"Dur\u00e9e de lecture estim\u00e9e\" \/>\n\t<meta name=\"twitter:data2\" content=\"4 minutes\" \/>\n<script type=\"application\/ld+json\" class=\"yoast-schema-graph\">{\"@context\":\"https:\/\/schema.org\",\"@graph\":[{\"@type\":\"Article\",\"@id\":\"https:\/\/www.africa-press.net\/togo\/politique\/togo-kimelabalou-aba-remplace-wiyao-essohana-a-la-tete-de-la-haplucia-cette-fois-ci-cest-la-bonne-2#article\",\"isPartOf\":{\"@id\":\"https:\/\/www.africa-press.net\/togo\/politique\/togo-kimelabalou-aba-remplace-wiyao-essohana-a-la-tete-de-la-haplucia-cette-fois-ci-cest-la-bonne-2\"},\"author\":{\"name\":\"cfeditorfr\",\"@id\":\"https:\/\/www.africa-press.net\/togo\/#\/schema\/person\/2b1cf3cd81a31e3cd26889ca66d677f1\"},\"headline\":\"Togo\/Kimelabalou Aba remplace Wiyao Essohana \u00e0 la t\u00eate de la HAPLUCIA : Cette fois-ci, c\u2019est la bonne ?\",\"datePublished\":\"2023-02-12T19:02:50+00:00\",\"dateModified\":\"2023-02-12T19:37:56+00:00\",\"mainEntityOfPage\":{\"@id\":\"https:\/\/www.africa-press.net\/togo\/politique\/togo-kimelabalou-aba-remplace-wiyao-essohana-a-la-tete-de-la-haplucia-cette-fois-ci-cest-la-bonne-2\"},\"wordCount\":750,\"commentCount\":0,\"image\":{\"@id\":\"https:\/\/www.africa-press.net\/togo\/politique\/togo-kimelabalou-aba-remplace-wiyao-essohana-a-la-tete-de-la-haplucia-cette-fois-ci-cest-la-bonne-2#primaryimage\"},\"thumbnailUrl\":\"https:\/\/static.africa-press.net\/togo\/sites\/58\/2023\/02\/postQueueImg_1676215975.78.jpg\",\"keywords\":[\"Africa Press\",\"Africa Press-Togo\",\"HAPLUCIA\",\"Togo\"],\"articleSection\":[\"Politique\",\"Toutes les actualit\u00e9s\"],\"inLanguage\":\"fr-FR\",\"potentialAction\":[{\"@type\":\"CommentAction\",\"name\":\"Comment\",\"target\":[\"https:\/\/www.africa-press.net\/togo\/politique\/togo-kimelabalou-aba-remplace-wiyao-essohana-a-la-tete-de-la-haplucia-cette-fois-ci-cest-la-bonne-2#respond\"]}]},{\"@type\":\"WebPage\",\"@id\":\"https:\/\/www.africa-press.net\/togo\/politique\/togo-kimelabalou-aba-remplace-wiyao-essohana-a-la-tete-de-la-haplucia-cette-fois-ci-cest-la-bonne-2\",\"url\":\"https:\/\/www.africa-press.net\/togo\/politique\/togo-kimelabalou-aba-remplace-wiyao-essohana-a-la-tete-de-la-haplucia-cette-fois-ci-cest-la-bonne-2\",\"name\":\"Togo\/Kimelabalou Aba remplace Wiyao Essohana \u00e0 la t\u00eate de la HAPLUCIA : Cette fois-ci, c\u2019est la bonne ? - Togo\",\"isPartOf\":{\"@id\":\"https:\/\/www.africa-press.net\/togo\/#website\"},\"primaryImageOfPage\":{\"@id\":\"https:\/\/www.africa-press.net\/togo\/politique\/togo-kimelabalou-aba-remplace-wiyao-essohana-a-la-tete-de-la-haplucia-cette-fois-ci-cest-la-bonne-2#primaryimage\"},\"image\":{\"@id\":\"https:\/\/www.africa-press.net\/togo\/politique\/togo-kimelabalou-aba-remplace-wiyao-essohana-a-la-tete-de-la-haplucia-cette-fois-ci-cest-la-bonne-2#primaryimage\"},\"thumbnailUrl\":\"https:\/\/static.africa-press.net\/togo\/sites\/58\/2023\/02\/postQueueImg_1676215975.78.jpg\",\"datePublished\":\"2023-02-12T19:02:50+00:00\",\"dateModified\":\"2023-02-12T19:37:56+00:00\",\"author\":{\"@id\":\"https:\/\/www.africa-press.net\/togo\/#\/schema\/person\/2b1cf3cd81a31e3cd26889ca66d677f1\"},\"description\":\"C\u2019est par un de\u0301cret pris par Faure Gnassingbe\u0301 le 24 Covidbusiness mise a\u0300 nu janvier dernier, et sur rapport du minist ...\",\"breadcrumb\":{\"@id\":\"https:\/\/www.africa-press.net\/togo\/politique\/togo-kimelabalou-aba-remplace-wiyao-essohana-a-la-tete-de-la-haplucia-cette-fois-ci-cest-la-bonne-2#breadcrumb\"},\"inLanguage\":\"fr-FR\",\"potentialAction\":[{\"@type\":\"ReadAction\",\"target\":[\"https:\/\/www.africa-press.net\/togo\/politique\/togo-kimelabalou-aba-remplace-wiyao-essohana-a-la-tete-de-la-haplucia-cette-fois-ci-cest-la-bonne-2\"]}]},{\"@type\":\"ImageObject\",\"inLanguage\":\"fr-FR\",\"@id\":\"https:\/\/www.africa-press.net\/togo\/politique\/togo-kimelabalou-aba-remplace-wiyao-essohana-a-la-tete-de-la-haplucia-cette-fois-ci-cest-la-bonne-2#primaryimage\",\"url\":\"https:\/\/static.africa-press.net\/togo\/sites\/58\/2023\/02\/postQueueImg_1676215975.78.jpg\",\"contentUrl\":\"https:\/\/static.africa-press.net\/togo\/sites\/58\/2023\/02\/postQueueImg_1676215975.78.jpg\",\"width\":720,\"height\":479,\"caption\":\"Togo\/Kimelabalou Aba remplace Wiyao Essohana \u00e0 la t\u00eate de la HAPLUCIA : Cette fois-ci, c\u2019est la bonne ?\"},{\"@type\":\"BreadcrumbList\",\"@id\":\"https:\/\/www.africa-press.net\/togo\/politique\/togo-kimelabalou-aba-remplace-wiyao-essohana-a-la-tete-de-la-haplucia-cette-fois-ci-cest-la-bonne-2#breadcrumb\",\"itemListElement\":[{\"@type\":\"ListItem\",\"position\":1,\"name\":\"Accueil\",\"item\":\"https:\/\/www.africa-press.net\/togo\/\"},{\"@type\":\"ListItem\",\"position\":2,\"name\":\"Togo\/Kimelabalou Aba remplace Wiyao Essohana \u00e0 la t\u00eate de la HAPLUCIA : Cette fois-ci, c\u2019est la bonne ?\"}]},{\"@type\":\"WebSite\",\"@id\":\"https:\/\/www.africa-press.net\/togo\/#website\",\"url\":\"https:\/\/www.africa-press.net\/togo\/\",\"name\":\"Togo\",\"description\":\"Just another Africa News Agency Sites site\",\"potentialAction\":[{\"@type\":\"SearchAction\",\"target\":{\"@type\":\"EntryPoint\",\"urlTemplate\":\"https:\/\/www.africa-press.net\/togo\/?s={search_term_string}\"},\"query-input\":{\"@type\":\"PropertyValueSpecification\",\"valueRequired\":true,\"valueName\":\"search_term_string\"}}],\"inLanguage\":\"fr-FR\"},{\"@type\":\"Person\",\"@id\":\"https:\/\/www.africa-press.net\/togo\/#\/schema\/person\/2b1cf3cd81a31e3cd26889ca66d677f1\",\"name\":\"cfeditorfr\"}]}<\/script>\n<!-- \/ Yoast SEO Premium plugin. -->","yoast_head_json":{"title":"Togo\/Kimelabalou Aba remplace Wiyao Essohana \u00e0 la t\u00eate de la HAPLUCIA : Cette fois-ci, c\u2019est la bonne ? - Togo","description":"C\u2019est par un de\u0301cret pris par Faure Gnassingbe\u0301 le 24 Covidbusiness mise a\u0300 nu janvier dernier, et sur rapport du minist ...","robots":{"index":"index","follow":"follow","max-snippet":"max-snippet:-1","max-image-preview":"max-image-preview:large","max-video-preview":"max-video-preview:-1"},"canonical":"https:\/\/www.africa-press.net\/togo\/politique\/togo-kimelabalou-aba-remplace-wiyao-essohana-a-la-tete-de-la-haplucia-cette-fois-ci-cest-la-bonne-2","og_locale":"fr_FR","og_type":"article","og_title":"Togo\/Kimelabalou Aba remplace Wiyao Essohana \u00e0 la t\u00eate de la HAPLUCIA : Cette fois-ci, c\u2019est la bonne ?","og_description":"C\u2019est par un de\u0301cret pris par Faure Gnassingbe\u0301 le 24 Covidbusiness mise a\u0300 nu janvier dernier, et sur rapport du minist ...","og_url":"https:\/\/www.africa-press.net\/togo\/politique\/togo-kimelabalou-aba-remplace-wiyao-essohana-a-la-tete-de-la-haplucia-cette-fois-ci-cest-la-bonne-2","og_site_name":"Togo","article_published_time":"2023-02-12T19:02:50+00:00","article_modified_time":"2023-02-12T19:37:56+00:00","og_image":[{"width":720,"height":479,"url":"https:\/\/static.africa-press.net\/togo\/sites\/58\/2023\/02\/postQueueImg_1676215975.78.jpg","type":"image\/jpeg"}],"author":"cfeditorfr","twitter_card":"summary_large_image","twitter_misc":{"\u00c9crit par":"cfeditorfr","Dur\u00e9e de lecture estim\u00e9e":"4 minutes"},"schema":{"@context":"https:\/\/schema.org","@graph":[{"@type":"Article","@id":"https:\/\/www.africa-press.net\/togo\/politique\/togo-kimelabalou-aba-remplace-wiyao-essohana-a-la-tete-de-la-haplucia-cette-fois-ci-cest-la-bonne-2#article","isPartOf":{"@id":"https:\/\/www.africa-press.net\/togo\/politique\/togo-kimelabalou-aba-remplace-wiyao-essohana-a-la-tete-de-la-haplucia-cette-fois-ci-cest-la-bonne-2"},"author":{"name":"cfeditorfr","@id":"https:\/\/www.africa-press.net\/togo\/#\/schema\/person\/2b1cf3cd81a31e3cd26889ca66d677f1"},"headline":"Togo\/Kimelabalou Aba remplace Wiyao Essohana \u00e0 la t\u00eate de la HAPLUCIA : Cette fois-ci, c\u2019est la bonne ?","datePublished":"2023-02-12T19:02:50+00:00","dateModified":"2023-02-12T19:37:56+00:00","mainEntityOfPage":{"@id":"https:\/\/www.africa-press.net\/togo\/politique\/togo-kimelabalou-aba-remplace-wiyao-essohana-a-la-tete-de-la-haplucia-cette-fois-ci-cest-la-bonne-2"},"wordCount":750,"commentCount":0,"image":{"@id":"https:\/\/www.africa-press.net\/togo\/politique\/togo-kimelabalou-aba-remplace-wiyao-essohana-a-la-tete-de-la-haplucia-cette-fois-ci-cest-la-bonne-2#primaryimage"},"thumbnailUrl":"https:\/\/static.africa-press.net\/togo\/sites\/58\/2023\/02\/postQueueImg_1676215975.78.jpg","keywords":["Africa Press","Africa Press-Togo","HAPLUCIA","Togo"],"articleSection":["Politique","Toutes les actualit\u00e9s"],"inLanguage":"fr-FR","potentialAction":[{"@type":"CommentAction","name":"Comment","target":["https:\/\/www.africa-press.net\/togo\/politique\/togo-kimelabalou-aba-remplace-wiyao-essohana-a-la-tete-de-la-haplucia-cette-fois-ci-cest-la-bonne-2#respond"]}]},{"@type":"WebPage","@id":"https:\/\/www.africa-press.net\/togo\/politique\/togo-kimelabalou-aba-remplace-wiyao-essohana-a-la-tete-de-la-haplucia-cette-fois-ci-cest-la-bonne-2","url":"https:\/\/www.africa-press.net\/togo\/politique\/togo-kimelabalou-aba-remplace-wiyao-essohana-a-la-tete-de-la-haplucia-cette-fois-ci-cest-la-bonne-2","name":"Togo\/Kimelabalou Aba remplace Wiyao Essohana \u00e0 la t\u00eate de la HAPLUCIA : Cette fois-ci, c\u2019est la bonne ? - Togo","isPartOf":{"@id":"https:\/\/www.africa-press.net\/togo\/#website"},"primaryImageOfPage":{"@id":"https:\/\/www.africa-press.net\/togo\/politique\/togo-kimelabalou-aba-remplace-wiyao-essohana-a-la-tete-de-la-haplucia-cette-fois-ci-cest-la-bonne-2#primaryimage"},"image":{"@id":"https:\/\/www.africa-press.net\/togo\/politique\/togo-kimelabalou-aba-remplace-wiyao-essohana-a-la-tete-de-la-haplucia-cette-fois-ci-cest-la-bonne-2#primaryimage"},"thumbnailUrl":"https:\/\/static.africa-press.net\/togo\/sites\/58\/2023\/02\/postQueueImg_1676215975.78.jpg","datePublished":"2023-02-12T19:02:50+00:00","dateModified":"2023-02-12T19:37:56+00:00","author":{"@id":"https:\/\/www.africa-press.net\/togo\/#\/schema\/person\/2b1cf3cd81a31e3cd26889ca66d677f1"},"description":"C\u2019est par un de\u0301cret pris par Faure Gnassingbe\u0301 le 24 Covidbusiness mise a\u0300 nu janvier dernier, et sur rapport du minist ...","breadcrumb":{"@id":"https:\/\/www.africa-press.net\/togo\/politique\/togo-kimelabalou-aba-remplace-wiyao-essohana-a-la-tete-de-la-haplucia-cette-fois-ci-cest-la-bonne-2#breadcrumb"},"inLanguage":"fr-FR","potentialAction":[{"@type":"ReadAction","target":["https:\/\/www.africa-press.net\/togo\/politique\/togo-kimelabalou-aba-remplace-wiyao-essohana-a-la-tete-de-la-haplucia-cette-fois-ci-cest-la-bonne-2"]}]},{"@type":"ImageObject","inLanguage":"fr-FR","@id":"https:\/\/www.africa-press.net\/togo\/politique\/togo-kimelabalou-aba-remplace-wiyao-essohana-a-la-tete-de-la-haplucia-cette-fois-ci-cest-la-bonne-2#primaryimage","url":"https:\/\/static.africa-press.net\/togo\/sites\/58\/2023\/02\/postQueueImg_1676215975.78.jpg","contentUrl":"https:\/\/static.africa-press.net\/togo\/sites\/58\/2023\/02\/postQueueImg_1676215975.78.jpg","width":720,"height":479,"caption":"Togo\/Kimelabalou Aba remplace Wiyao Essohana \u00e0 la t\u00eate de la HAPLUCIA : Cette fois-ci, c\u2019est la bonne ?"},{"@type":"BreadcrumbList","@id":"https:\/\/www.africa-press.net\/togo\/politique\/togo-kimelabalou-aba-remplace-wiyao-essohana-a-la-tete-de-la-haplucia-cette-fois-ci-cest-la-bonne-2#breadcrumb","itemListElement":[{"@type":"ListItem","position":1,"name":"Accueil","item":"https:\/\/www.africa-press.net\/togo\/"},{"@type":"ListItem","position":2,"name":"Togo\/Kimelabalou Aba remplace Wiyao Essohana \u00e0 la t\u00eate de la HAPLUCIA : Cette fois-ci, c\u2019est la bonne ?"}]},{"@type":"WebSite","@id":"https:\/\/www.africa-press.net\/togo\/#website","url":"https:\/\/www.africa-press.net\/togo\/","name":"Togo","description":"Just another Africa News Agency Sites site","potentialAction":[{"@type":"SearchAction","target":{"@type":"EntryPoint","urlTemplate":"https:\/\/www.africa-press.net\/togo\/?s={search_term_string}"},"query-input":{"@type":"PropertyValueSpecification","valueRequired":true,"valueName":"search_term_string"}}],"inLanguage":"fr-FR"},{"@type":"Person","@id":"https:\/\/www.africa-press.net\/togo\/#\/schema\/person\/2b1cf3cd81a31e3cd26889ca66d677f1","name":"cfeditorfr"}]}},"_links":{"self":[{"href":"https:\/\/www.africa-press.net\/togo\/wp-json\/wp\/v2\/posts\/17118","targetHints":{"allow":["GET"]}}],"collection":[{"href":"https:\/\/www.africa-press.net\/togo\/wp-json\/wp\/v2\/posts"}],"about":[{"href":"https:\/\/www.africa-press.net\/togo\/wp-json\/wp\/v2\/types\/post"}],"author":[{"embeddable":true,"href":"https:\/\/www.africa-press.net\/togo\/wp-json\/wp\/v2\/users\/82"}],"replies":[{"embeddable":true,"href":"https:\/\/www.africa-press.net\/togo\/wp-json\/wp\/v2\/comments?post=17118"}],"version-history":[{"count":0,"href":"https:\/\/www.africa-press.net\/togo\/wp-json\/wp\/v2\/posts\/17118\/revisions"}],"wp:featuredmedia":[{"embeddable":true,"href":"https:\/\/www.africa-press.net\/togo\/wp-json\/wp\/v2\/media\/17117"}],"wp:attachment":[{"href":"https:\/\/www.africa-press.net\/togo\/wp-json\/wp\/v2\/media?parent=17118"}],"wp:term":[{"taxonomy":"category","embeddable":true,"href":"https:\/\/www.africa-press.net\/togo\/wp-json\/wp\/v2\/categories?post=17118"},{"taxonomy":"post_tag","embeddable":true,"href":"https:\/\/www.africa-press.net\/togo\/wp-json\/wp\/v2\/tags?post=17118"}],"curies":[{"name":"wp","href":"https:\/\/api.w.org\/{rel}","templated":true}]}}