{"id":17170,"date":"2023-02-14T17:53:19","date_gmt":"2023-02-14T17:53:19","guid":{"rendered":"https:\/\/www.africa-press.net\/togo\/politique\/togo-senegal-management-of-covid-19-funds-who-to-take-action"},"modified":"2023-02-14T18:57:59","modified_gmt":"2023-02-14T18:57:59","slug":"togo-senegal-management-of-covid-19-funds-who-to-take-action","status":"publish","type":"post","link":"https:\/\/www.africa-press.net\/togo\/toutes-les-actualites\/togo-senegal-management-of-covid-19-funds-who-to-take-action","title":{"rendered":"Togo\/Senegal-Management of COVID-19 funds : WHO to take action ?"},"content":{"rendered":"<p><span style=\"color: #ff6600\"><strong>Africa-Press &#8211; Togo. <\/strong><\/span><b>The African branch of the World Health Organization (WHO) reacted following the publication of the reports of the Courts of Auditors of Senegal and Togo, revealing irregularities in the management of funds for COVID-19.<\/b><\/p>\n<p>While the governments of these two West African nations say the opposite, the WHO reaffirms its position of intolerance to financial embezzlement.<\/p>\n<p>The topic was once again raised during a press video conference held on February 9 by WHO Africa between media and health professionals.<\/p>\n<p>\u201cWHO, we have indeed learned information relating to the financial management of funds allocated to the fight against COVID-19 in these African countries\u201d, said Dr Thierno Balde, the head of Covid response operations of the WHO Africa Regional Office.<\/p>\n<p>\u201cObviously, the WHO has a policy of zero tolerance with regard to the mismanagement of these funds, and we encourage countries to have a very rigorous management of the resources which partners and we mobilize and make available to them in order to be able to respond to the various public health issues,\u201d he added.<\/p>\n<p>Despite these statements, it is unclear whether rigorous and independent investigations will be conducted by the relevant organizations to shed light on this case.<\/p>\n<p>Since December 2022, Senegal has been shaken by demonstrations linked to suspicions of embezzlement and overbilling in the financial management of the health crisis.<\/p>\n<p>Meanwhile, in the country of Faure Gnassingbe\u0301, the government has expressed its satisfaction with the report of the Court of Auditors, and this, despite the general indignation aroused by staggering expenses for subjects totally unrelated to the health crisis or difficult to justify.<\/p>\n<p><strong>Pour plus d&rsquo;informations et d&rsquo;analyses sur la <a href=\"https:\/\/www.africa-press.net\/togo\">Togo<\/a>, suivez <a href=\"https:\/\/www.africa-press.net\/\">Africa-Press<\/a><\/strong><\/p>\n","protected":false},"excerpt":{"rendered":"<p>Africa-Press &#8211; Togo. The African branch of the World Health Organization (WHO) reacted following the publication of the reports of the Courts of Auditors of Senegal and Togo, revealing irregularities in the management of funds for COVID-19. While the governments of these two West African nations say the opposite, the WHO reaffirms its position of [&hellip;]<\/p>\n","protected":false},"author":82,"featured_media":17169,"comment_status":"open","ping_status":"closed","sticky":false,"template":"","format":"standard","meta":{"footnotes":""},"categories":[21,10],"tags":[36,49,50],"class_list":["post-17170","post","type-post","status-publish","format-standard","has-post-thumbnail","hentry","category-communaute","category-toutes-les-actualites","tag-africa-press","tag-africa-press-togo","tag-togo"],"yoast_head":"<!-- This site is optimized with the Yoast SEO Premium plugin v26.1 (Yoast SEO v27.0) - https:\/\/yoast.com\/product\/yoast-seo-premium-wordpress\/ -->\n<title>Togo\/Senegal-Management of COVID-19 funds : WHO to take action ? - Togo<\/title>\n<meta name=\"description\" content=\"The African branch of the World Health Organization (WHO) reacted following the publication of the reports of the Cou ...\" \/>\n<meta name=\"robots\" content=\"index, follow, max-snippet:-1, max-image-preview:large, max-video-preview:-1\" \/>\n<link rel=\"canonical\" href=\"https:\/\/www.africa-press.net\/togo\/toutes-les-actualites\/togo-senegal-management-of-covid-19-funds-who-to-take-action\" \/>\n<meta property=\"og:locale\" content=\"fr_FR\" \/>\n<meta property=\"og:type\" content=\"article\" \/>\n<meta property=\"og:title\" content=\"Togo\/Senegal-Management of COVID-19 funds : WHO to take action ?\" \/>\n<meta property=\"og:description\" content=\"The African branch of the World Health Organization (WHO) reacted following the publication of the reports of the Cou ...\" \/>\n<meta property=\"og:url\" content=\"https:\/\/www.africa-press.net\/togo\/toutes-les-actualites\/togo-senegal-management-of-covid-19-funds-who-to-take-action\" \/>\n<meta property=\"og:site_name\" content=\"Togo\" \/>\n<meta property=\"article:published_time\" content=\"2023-02-14T17:53:19+00:00\" \/>\n<meta property=\"article:modified_time\" content=\"2023-02-14T18:57:59+00:00\" \/>\n<meta property=\"og:image\" content=\"https:\/\/static.africa-press.net\/togo\/sites\/58\/2023\/02\/postQueueImg_1676384602.62.jpg\" \/>\n\t<meta property=\"og:image:width\" content=\"750\" \/>\n\t<meta property=\"og:image:height\" content=\"500\" \/>\n\t<meta property=\"og:image:type\" content=\"image\/jpeg\" \/>\n<meta name=\"author\" content=\"cfeditorfr\" \/>\n<meta name=\"twitter:card\" content=\"summary_large_image\" \/>\n<meta name=\"twitter:label1\" content=\"\u00c9crit par\" \/>\n\t<meta name=\"twitter:data1\" content=\"cfeditorfr\" \/>\n\t<meta name=\"twitter:label2\" content=\"Dur\u00e9e de lecture estim\u00e9e\" \/>\n\t<meta name=\"twitter:data2\" content=\"2 minutes\" \/>\n<script type=\"application\/ld+json\" class=\"yoast-schema-graph\">{\"@context\":\"https:\/\/schema.org\",\"@graph\":[{\"@type\":\"Article\",\"@id\":\"https:\/\/www.africa-press.net\/togo\/toutes-les-actualites\/togo-senegal-management-of-covid-19-funds-who-to-take-action#article\",\"isPartOf\":{\"@id\":\"https:\/\/www.africa-press.net\/togo\/toutes-les-actualites\/togo-senegal-management-of-covid-19-funds-who-to-take-action\"},\"author\":{\"name\":\"cfeditorfr\",\"@id\":\"https:\/\/www.africa-press.net\/togo\/#\/schema\/person\/2b1cf3cd81a31e3cd26889ca66d677f1\"},\"headline\":\"Togo\/Senegal-Management of COVID-19 funds : WHO to take action ?\",\"datePublished\":\"2023-02-14T17:53:19+00:00\",\"dateModified\":\"2023-02-14T18:57:59+00:00\",\"mainEntityOfPage\":{\"@id\":\"https:\/\/www.africa-press.net\/togo\/toutes-les-actualites\/togo-senegal-management-of-covid-19-funds-who-to-take-action\"},\"wordCount\":286,\"commentCount\":0,\"image\":{\"@id\":\"https:\/\/www.africa-press.net\/togo\/toutes-les-actualites\/togo-senegal-management-of-covid-19-funds-who-to-take-action#primaryimage\"},\"thumbnailUrl\":\"https:\/\/static.africa-press.net\/togo\/sites\/58\/2023\/02\/postQueueImg_1676384602.62.jpg\",\"keywords\":[\"Africa Press\",\"Africa Press-Togo\",\"Togo\"],\"articleSection\":[\"Communaut\u00e9\",\"Toutes les actualit\u00e9s\"],\"inLanguage\":\"fr-FR\",\"potentialAction\":[{\"@type\":\"CommentAction\",\"name\":\"Comment\",\"target\":[\"https:\/\/www.africa-press.net\/togo\/toutes-les-actualites\/togo-senegal-management-of-covid-19-funds-who-to-take-action#respond\"]}]},{\"@type\":\"WebPage\",\"@id\":\"https:\/\/www.africa-press.net\/togo\/toutes-les-actualites\/togo-senegal-management-of-covid-19-funds-who-to-take-action\",\"url\":\"https:\/\/www.africa-press.net\/togo\/toutes-les-actualites\/togo-senegal-management-of-covid-19-funds-who-to-take-action\",\"name\":\"Togo\/Senegal-Management of COVID-19 funds : WHO to take action ? - Togo\",\"isPartOf\":{\"@id\":\"https:\/\/www.africa-press.net\/togo\/#website\"},\"primaryImageOfPage\":{\"@id\":\"https:\/\/www.africa-press.net\/togo\/toutes-les-actualites\/togo-senegal-management-of-covid-19-funds-who-to-take-action#primaryimage\"},\"image\":{\"@id\":\"https:\/\/www.africa-press.net\/togo\/toutes-les-actualites\/togo-senegal-management-of-covid-19-funds-who-to-take-action#primaryimage\"},\"thumbnailUrl\":\"https:\/\/static.africa-press.net\/togo\/sites\/58\/2023\/02\/postQueueImg_1676384602.62.jpg\",\"datePublished\":\"2023-02-14T17:53:19+00:00\",\"dateModified\":\"2023-02-14T18:57:59+00:00\",\"author\":{\"@id\":\"https:\/\/www.africa-press.net\/togo\/#\/schema\/person\/2b1cf3cd81a31e3cd26889ca66d677f1\"},\"description\":\"The African branch of the World Health Organization (WHO) reacted following the publication of the reports of the Cou ...\",\"breadcrumb\":{\"@id\":\"https:\/\/www.africa-press.net\/togo\/toutes-les-actualites\/togo-senegal-management-of-covid-19-funds-who-to-take-action#breadcrumb\"},\"inLanguage\":\"fr-FR\",\"potentialAction\":[{\"@type\":\"ReadAction\",\"target\":[\"https:\/\/www.africa-press.net\/togo\/toutes-les-actualites\/togo-senegal-management-of-covid-19-funds-who-to-take-action\"]}]},{\"@type\":\"ImageObject\",\"inLanguage\":\"fr-FR\",\"@id\":\"https:\/\/www.africa-press.net\/togo\/toutes-les-actualites\/togo-senegal-management-of-covid-19-funds-who-to-take-action#primaryimage\",\"url\":\"https:\/\/static.africa-press.net\/togo\/sites\/58\/2023\/02\/postQueueImg_1676384602.62.jpg\",\"contentUrl\":\"https:\/\/static.africa-press.net\/togo\/sites\/58\/2023\/02\/postQueueImg_1676384602.62.jpg\",\"width\":750,\"height\":500,\"caption\":\"Togo\/Senegal-Management of COVID-19 funds : WHO to take action ?\"},{\"@type\":\"BreadcrumbList\",\"@id\":\"https:\/\/www.africa-press.net\/togo\/toutes-les-actualites\/togo-senegal-management-of-covid-19-funds-who-to-take-action#breadcrumb\",\"itemListElement\":[{\"@type\":\"ListItem\",\"position\":1,\"name\":\"Accueil\",\"item\":\"https:\/\/www.africa-press.net\/togo\/\"},{\"@type\":\"ListItem\",\"position\":2,\"name\":\"Togo\/Senegal-Management of COVID-19 funds : WHO to take action ?\"}]},{\"@type\":\"WebSite\",\"@id\":\"https:\/\/www.africa-press.net\/togo\/#website\",\"url\":\"https:\/\/www.africa-press.net\/togo\/\",\"name\":\"Togo\",\"description\":\"Just another Africa News Agency Sites site\",\"potentialAction\":[{\"@type\":\"SearchAction\",\"target\":{\"@type\":\"EntryPoint\",\"urlTemplate\":\"https:\/\/www.africa-press.net\/togo\/?s={search_term_string}\"},\"query-input\":{\"@type\":\"PropertyValueSpecification\",\"valueRequired\":true,\"valueName\":\"search_term_string\"}}],\"inLanguage\":\"fr-FR\"},{\"@type\":\"Person\",\"@id\":\"https:\/\/www.africa-press.net\/togo\/#\/schema\/person\/2b1cf3cd81a31e3cd26889ca66d677f1\",\"name\":\"cfeditorfr\"}]}<\/script>\n<!-- \/ Yoast SEO Premium plugin. -->","yoast_head_json":{"title":"Togo\/Senegal-Management of COVID-19 funds : WHO to take action ? - Togo","description":"The African branch of the World Health Organization (WHO) reacted following the publication of the reports of the Cou ...","robots":{"index":"index","follow":"follow","max-snippet":"max-snippet:-1","max-image-preview":"max-image-preview:large","max-video-preview":"max-video-preview:-1"},"canonical":"https:\/\/www.africa-press.net\/togo\/toutes-les-actualites\/togo-senegal-management-of-covid-19-funds-who-to-take-action","og_locale":"fr_FR","og_type":"article","og_title":"Togo\/Senegal-Management of COVID-19 funds : WHO to take action ?","og_description":"The African branch of the World Health Organization (WHO) reacted following the publication of the reports of the Cou ...","og_url":"https:\/\/www.africa-press.net\/togo\/toutes-les-actualites\/togo-senegal-management-of-covid-19-funds-who-to-take-action","og_site_name":"Togo","article_published_time":"2023-02-14T17:53:19+00:00","article_modified_time":"2023-02-14T18:57:59+00:00","og_image":[{"width":750,"height":500,"url":"https:\/\/static.africa-press.net\/togo\/sites\/58\/2023\/02\/postQueueImg_1676384602.62.jpg","type":"image\/jpeg"}],"author":"cfeditorfr","twitter_card":"summary_large_image","twitter_misc":{"\u00c9crit par":"cfeditorfr","Dur\u00e9e de lecture estim\u00e9e":"2 minutes"},"schema":{"@context":"https:\/\/schema.org","@graph":[{"@type":"Article","@id":"https:\/\/www.africa-press.net\/togo\/toutes-les-actualites\/togo-senegal-management-of-covid-19-funds-who-to-take-action#article","isPartOf":{"@id":"https:\/\/www.africa-press.net\/togo\/toutes-les-actualites\/togo-senegal-management-of-covid-19-funds-who-to-take-action"},"author":{"name":"cfeditorfr","@id":"https:\/\/www.africa-press.net\/togo\/#\/schema\/person\/2b1cf3cd81a31e3cd26889ca66d677f1"},"headline":"Togo\/Senegal-Management of COVID-19 funds : WHO to take action ?","datePublished":"2023-02-14T17:53:19+00:00","dateModified":"2023-02-14T18:57:59+00:00","mainEntityOfPage":{"@id":"https:\/\/www.africa-press.net\/togo\/toutes-les-actualites\/togo-senegal-management-of-covid-19-funds-who-to-take-action"},"wordCount":286,"commentCount":0,"image":{"@id":"https:\/\/www.africa-press.net\/togo\/toutes-les-actualites\/togo-senegal-management-of-covid-19-funds-who-to-take-action#primaryimage"},"thumbnailUrl":"https:\/\/static.africa-press.net\/togo\/sites\/58\/2023\/02\/postQueueImg_1676384602.62.jpg","keywords":["Africa Press","Africa Press-Togo","Togo"],"articleSection":["Communaut\u00e9","Toutes les actualit\u00e9s"],"inLanguage":"fr-FR","potentialAction":[{"@type":"CommentAction","name":"Comment","target":["https:\/\/www.africa-press.net\/togo\/toutes-les-actualites\/togo-senegal-management-of-covid-19-funds-who-to-take-action#respond"]}]},{"@type":"WebPage","@id":"https:\/\/www.africa-press.net\/togo\/toutes-les-actualites\/togo-senegal-management-of-covid-19-funds-who-to-take-action","url":"https:\/\/www.africa-press.net\/togo\/toutes-les-actualites\/togo-senegal-management-of-covid-19-funds-who-to-take-action","name":"Togo\/Senegal-Management of COVID-19 funds : WHO to take action ? - Togo","isPartOf":{"@id":"https:\/\/www.africa-press.net\/togo\/#website"},"primaryImageOfPage":{"@id":"https:\/\/www.africa-press.net\/togo\/toutes-les-actualites\/togo-senegal-management-of-covid-19-funds-who-to-take-action#primaryimage"},"image":{"@id":"https:\/\/www.africa-press.net\/togo\/toutes-les-actualites\/togo-senegal-management-of-covid-19-funds-who-to-take-action#primaryimage"},"thumbnailUrl":"https:\/\/static.africa-press.net\/togo\/sites\/58\/2023\/02\/postQueueImg_1676384602.62.jpg","datePublished":"2023-02-14T17:53:19+00:00","dateModified":"2023-02-14T18:57:59+00:00","author":{"@id":"https:\/\/www.africa-press.net\/togo\/#\/schema\/person\/2b1cf3cd81a31e3cd26889ca66d677f1"},"description":"The African branch of the World Health Organization (WHO) reacted following the publication of the reports of the Cou ...","breadcrumb":{"@id":"https:\/\/www.africa-press.net\/togo\/toutes-les-actualites\/togo-senegal-management-of-covid-19-funds-who-to-take-action#breadcrumb"},"inLanguage":"fr-FR","potentialAction":[{"@type":"ReadAction","target":["https:\/\/www.africa-press.net\/togo\/toutes-les-actualites\/togo-senegal-management-of-covid-19-funds-who-to-take-action"]}]},{"@type":"ImageObject","inLanguage":"fr-FR","@id":"https:\/\/www.africa-press.net\/togo\/toutes-les-actualites\/togo-senegal-management-of-covid-19-funds-who-to-take-action#primaryimage","url":"https:\/\/static.africa-press.net\/togo\/sites\/58\/2023\/02\/postQueueImg_1676384602.62.jpg","contentUrl":"https:\/\/static.africa-press.net\/togo\/sites\/58\/2023\/02\/postQueueImg_1676384602.62.jpg","width":750,"height":500,"caption":"Togo\/Senegal-Management of COVID-19 funds : WHO to take action ?"},{"@type":"BreadcrumbList","@id":"https:\/\/www.africa-press.net\/togo\/toutes-les-actualites\/togo-senegal-management-of-covid-19-funds-who-to-take-action#breadcrumb","itemListElement":[{"@type":"ListItem","position":1,"name":"Accueil","item":"https:\/\/www.africa-press.net\/togo\/"},{"@type":"ListItem","position":2,"name":"Togo\/Senegal-Management of COVID-19 funds : WHO to take action ?"}]},{"@type":"WebSite","@id":"https:\/\/www.africa-press.net\/togo\/#website","url":"https:\/\/www.africa-press.net\/togo\/","name":"Togo","description":"Just another Africa News Agency Sites site","potentialAction":[{"@type":"SearchAction","target":{"@type":"EntryPoint","urlTemplate":"https:\/\/www.africa-press.net\/togo\/?s={search_term_string}"},"query-input":{"@type":"PropertyValueSpecification","valueRequired":true,"valueName":"search_term_string"}}],"inLanguage":"fr-FR"},{"@type":"Person","@id":"https:\/\/www.africa-press.net\/togo\/#\/schema\/person\/2b1cf3cd81a31e3cd26889ca66d677f1","name":"cfeditorfr"}]}},"_links":{"self":[{"href":"https:\/\/www.africa-press.net\/togo\/wp-json\/wp\/v2\/posts\/17170","targetHints":{"allow":["GET"]}}],"collection":[{"href":"https:\/\/www.africa-press.net\/togo\/wp-json\/wp\/v2\/posts"}],"about":[{"href":"https:\/\/www.africa-press.net\/togo\/wp-json\/wp\/v2\/types\/post"}],"author":[{"embeddable":true,"href":"https:\/\/www.africa-press.net\/togo\/wp-json\/wp\/v2\/users\/82"}],"replies":[{"embeddable":true,"href":"https:\/\/www.africa-press.net\/togo\/wp-json\/wp\/v2\/comments?post=17170"}],"version-history":[{"count":0,"href":"https:\/\/www.africa-press.net\/togo\/wp-json\/wp\/v2\/posts\/17170\/revisions"}],"wp:featuredmedia":[{"embeddable":true,"href":"https:\/\/www.africa-press.net\/togo\/wp-json\/wp\/v2\/media\/17169"}],"wp:attachment":[{"href":"https:\/\/www.africa-press.net\/togo\/wp-json\/wp\/v2\/media?parent=17170"}],"wp:term":[{"taxonomy":"category","embeddable":true,"href":"https:\/\/www.africa-press.net\/togo\/wp-json\/wp\/v2\/categories?post=17170"},{"taxonomy":"post_tag","embeddable":true,"href":"https:\/\/www.africa-press.net\/togo\/wp-json\/wp\/v2\/tags?post=17170"}],"curies":[{"name":"wp","href":"https:\/\/api.w.org\/{rel}","templated":true}]}}