{"id":17174,"date":"2023-02-14T17:53:37","date_gmt":"2023-02-14T17:53:37","guid":{"rendered":"https:\/\/www.africa-press.net\/togo\/politique\/togo-covidgate-faure-gnassingbe-interpelle"},"modified":"2023-02-14T18:59:19","modified_gmt":"2023-02-14T18:59:19","slug":"togo-covidgate-faure-gnassingbe-interpelle","status":"publish","type":"post","link":"https:\/\/www.africa-press.net\/togo\/toutes-les-actualites\/togo-covidgate-faure-gnassingbe-interpelle","title":{"rendered":"Togo-Covidgate: Faure Gnassingb\u00e9 interpell\u00e9"},"content":{"rendered":"<p><span style=\"color: #ff6600\"><strong>Africa-Press &#8211; Togo. <\/strong><\/span><b>Un collectif d\u2019organisation de la socie\u0301te\u0301 civile re\u0301agit au rapport de la Cour des Comptes sur la gestion des fonds de la Covid-19. Dans une de\u0301claration, le collectif invite Faure Gnassingbe\u0301 a\u0300 prendre ses responsabilite\u0301s constitutionnelles pour restituer au peuple ce qui lui a e\u0301te\u0301 pille\u0301 et poursuivre toutes les personnes implique\u0301es dans cet e\u0301nie\u0300me scandale financier. Lecture !<\/b><br \/>\n<b>DECLARATION LIMINAIRE DES ORGANISATIONS DE LA SOCIETE CIVILE CONSECUTIVE A LA PUBLICATION DU RAPPORT DE LA COUR DES COMPTES CONCERNANT LA GESTION DES FONDS DE COVID-19 ET A LA SUSPENSION DU TOGO A L\u2019ITIE<\/b><\/p>\n<p>Les phe\u0301nome\u0300nes du de\u0301tournement de fonds public, de la gabegie et de la corruption ont envahi profonde\u0301ment notre pays et ont atteint des proportions inimaginables, des dimensions qui ont franchi le seuil de l\u2019indignite\u0301 que pouvait se permettre un syste\u0300me de gouvernance dans une socie\u0301te\u0301.<\/p>\n<p>En effet, dans un rapport d\u2019audit de conformite\u0301 des comptes de gestion de COVID-19 rendu public par la Cour des comptes, les organisations de la socie\u0301te\u0301 civile, les consommateurs et l\u2019ensemble des populations ont constate\u0301 des observations des auditeurs qui contrastent avec la re\u0301alite\u0301 en matie\u0300re d\u2019engagement des de\u0301penses publiques d\u2019une part, et qui sont loin de refle\u0301ter la since\u0301rite\u0301 desdites de\u0301penses d\u2019autre part.<\/p>\n<p>En ce qui concerne la forme de la publication du rapport d\u2019audit de la cour des comptes, les organisations signataires de la pre\u0301sente de\u0301claration sont fie\u0300res du re\u0301veil de cette institution de son long sommeil et adressent leurs vives fe\u0301licitations a\u0300 la cour des comptes car, comme le dit-on souvent, il n\u2019est pas tard pour mieux faire. Nous estimons qu\u2019a\u0300 partir de cette sortie de la Cour des comptes les autres pe\u0301riodes couvertes par la gestion Covid-19 seront audite\u0301es.<\/p>\n<p>Dans la foule\u0301e des indignations ge\u0301ne\u0301ralise\u0301es au sein de toutes les couches sociopolitiques, le gouvernement sort un communique\u0301 ou\u0300 il semble banaliser l\u2019ampleur des observations faites par les auditeurs du rapport alors que sous d\u2019autres cieux, des gouvernants soucieux des inte\u0301re\u0302ts des populations et pre\u0301occupe\u0301s par la bonne gouvernance, s\u2019indigneraient autant que les populations et instruiraient le Parquet a\u0300 ouvrir des informations a\u0300 ce sujet, ceci dans le but de rassurer les citoyens de leur bonne foi en attendant que la justice ne situe les responsabilite\u0301s.<\/p>\n<p>Pendant ce temps, l\u2019appareil judiciaire est reste\u0301 dans son e\u0301tat comateux. Au moment ou\u0300 pour les me\u0302mes faits, certains Procureurs de la Re\u0301publique ont pris leurs responsabilite\u0301s pour poursuivre les mis en cause, le procureur de la Re\u0301publique garde ici le silence. Ceci repose le ve\u0301ritable proble\u0300me de l\u2019inde\u0301pendance de la justice vis-a\u0300-vis de l\u2019influence de l\u2019Exe\u0301cutif au Togo.<\/p>\n<p>Tre\u0300s e\u0301tonne\u0301es par la re\u0301action du gouvernement, les organisations signataires s\u2019interrogent, entre autres, sur la since\u0301rite\u0301 des frais de conception d\u2019un logo a\u0300 hauteur de 15 550 000 ou encore de l\u2019achat d\u2019un laboratoire mobile a\u0300 plus de 4.9 milliards, ou de l\u2019ame\u0301nagement des bureaux de la force anti-covid-19 autour de 57 millions.<\/p>\n<p>Nos Organisations invitent l\u2019opinion nationale et internationale a\u0300 repenser aux re\u0301formes pertinentes ne\u0301cessaires pour gue\u0301rir les maux qui empe\u0302chent la justice togolaise d\u2019e\u0302tre ve\u0301ritablement inde\u0301pendante.<\/p>\n<p>Me\u0302me si toute l\u2019opinion nationale s\u2019accorde a\u0300 dire que la corruption releve\u0301e dans le rapport de la cour des comptes n\u2019est que la face visible de l\u2019iceberg, il convient de reconnai\u0302tre que cette fois- ci le rubicond de la me\u0301chancete\u0301 a e\u0301te\u0301 franchie pour des raisons suivantes :<\/p>\n<p>Eu e\u0301gard a\u0300 des morts que le passage de cette pande\u0301mie a laisse\u0301 et le vide impossible a\u0300 combler pour certaines familles endeuille\u0301es.<\/p>\n<p>Alors qu\u2019on demandait aux populations de serrer la ceinture, d\u2019observer la mesure de confinement avec les bavures policie\u0300res qui s\u2019en sont suivies, et me\u0302me de de\u0301bourser de l\u2019argent pour faire des tests avant de voyager, les autorite\u0301s gouvernementales se sucraient proprement sur le dos des pauvres populations.<\/p>\n<p>En tenant compte de ce triste constat, et en conside\u0301rant toutes les douloureuses conse\u0301quences de la mauvaise gouvernance qui a caracte\u0301rise\u0301 la gestion des fonds de riposte a\u0300 la Covid-19, il convient de rappeler encore une fois au Chef de l\u2019E\u0301tat, la ne\u0301cessite\u0301 de prendre ses responsabilite\u0301s constitutionnelles pour restituer au peuple ce qui lui a e\u0301te\u0301 pille\u0301.<\/p>\n<p>Comme les signes de re\u0301ve\u0301lations des pratiques de corruptions et de manque de transparence dans la gestion de la chose publique n\u2019en finissent pas, nous apprenons la suspension du Togo de l\u2019Initiative pour la Transparence des Industries Extractives (ITIE), un indicateur cre\u0301dible internationalement reconnu.<\/p>\n<p>Nos Organisations constatent que notre justice dans sa passivite\u0301 complice a, e\u0301norme\u0301ment contribue\u0301 a\u0300 ce que la situation demeure ainsi d\u2019autant plus qu\u2019aucune autorite\u0301 ne craint plus la justice, car rassure\u0301e qu\u2019elle leur assurera protection.<\/p>\n<p>Nous invitons donc le gouvernement togolais a\u0300 instruire le parquet dirige\u0301 par le Procureur de la Re\u0301publique pour poursuivre toutes les personnes mises en cause par le rapport de la cour des comptes.<\/p>\n<p>Fait a\u0300 Lome\u0301, le 13 Fe\u0301vrier 2023<\/p>\n<p>Pour les Organisations,<\/p>\n<p>Le Pre\u0301sident de la LCT,<\/p>\n<p>Dr. Emmanuel SOGADJI<\/p>\n<p>PS: Mouvements et Associations signataires, ALCADES, ASVITTO, GAGL, GCD, GLOB, FDP, LCT, LTDH, MCM, MJS, SEET<\/p>\n<p><strong>Pour plus d&rsquo;informations et d&rsquo;analyses sur la <a href=\"https:\/\/www.africa-press.net\/togo\">Togo<\/a>, suivez <a href=\"https:\/\/www.africa-press.net\/\">Africa-Press<\/a><\/strong><\/p>\n","protected":false},"excerpt":{"rendered":"<p>Africa-Press &#8211; Togo. Un collectif d\u2019organisation de la socie\u0301te\u0301 civile re\u0301agit au rapport de la Cour des Comptes sur la gestion des fonds de la Covid-19. Dans une de\u0301claration, le collectif invite Faure Gnassingbe\u0301 a\u0300 prendre ses responsabilite\u0301s constitutionnelles pour restituer au peuple ce qui lui a e\u0301te\u0301 pille\u0301 et poursuivre toutes les personnes implique\u0301es [&hellip;]<\/p>\n","protected":false},"author":82,"featured_media":17173,"comment_status":"open","ping_status":"closed","sticky":false,"template":"","format":"standard","meta":{"footnotes":""},"categories":[21,10],"tags":[36,49,50],"class_list":["post-17174","post","type-post","status-publish","format-standard","has-post-thumbnail","hentry","category-communaute","category-toutes-les-actualites","tag-africa-press","tag-africa-press-togo","tag-togo"],"yoast_head":"<!-- This site is optimized with the Yoast SEO Premium plugin v26.1 (Yoast SEO v27.0) - https:\/\/yoast.com\/product\/yoast-seo-premium-wordpress\/ -->\n<title>Togo-Covidgate: Faure Gnassingb\u00e9 interpell\u00e9 - Togo<\/title>\n<meta name=\"description\" content=\"Un collectif d\u2019organisation de la socie\u0301te\u0301 civile re\u0301agit au rapport de la Cour des Comptes sur la gestion des fonds ...\" \/>\n<meta name=\"robots\" content=\"index, follow, max-snippet:-1, max-image-preview:large, max-video-preview:-1\" \/>\n<link rel=\"canonical\" href=\"https:\/\/www.africa-press.net\/togo\/toutes-les-actualites\/togo-covidgate-faure-gnassingbe-interpelle\" \/>\n<meta property=\"og:locale\" content=\"fr_FR\" \/>\n<meta property=\"og:type\" content=\"article\" \/>\n<meta property=\"og:title\" content=\"Togo-Covidgate: Faure Gnassingb\u00e9 interpell\u00e9\" \/>\n<meta property=\"og:description\" content=\"Un collectif d\u2019organisation de la socie\u0301te\u0301 civile re\u0301agit au rapport de la Cour des Comptes sur la gestion des fonds ...\" \/>\n<meta property=\"og:url\" content=\"https:\/\/www.africa-press.net\/togo\/toutes-les-actualites\/togo-covidgate-faure-gnassingbe-interpelle\" \/>\n<meta property=\"og:site_name\" content=\"Togo\" \/>\n<meta property=\"article:published_time\" content=\"2023-02-14T17:53:37+00:00\" \/>\n<meta property=\"article:modified_time\" content=\"2023-02-14T18:59:19+00:00\" \/>\n<meta property=\"og:image\" content=\"https:\/\/static.africa-press.net\/togo\/sites\/58\/2023\/02\/postQueueImg_1676384621.89.jpg\" \/>\n\t<meta property=\"og:image:width\" content=\"1292\" \/>\n\t<meta property=\"og:image:height\" content=\"800\" \/>\n\t<meta property=\"og:image:type\" content=\"image\/jpeg\" \/>\n<meta name=\"author\" content=\"cfeditorfr\" \/>\n<meta name=\"twitter:card\" content=\"summary_large_image\" \/>\n<meta name=\"twitter:label1\" content=\"\u00c9crit par\" \/>\n\t<meta name=\"twitter:data1\" content=\"cfeditorfr\" \/>\n\t<meta name=\"twitter:label2\" content=\"Dur\u00e9e de lecture estim\u00e9e\" \/>\n\t<meta name=\"twitter:data2\" content=\"5 minutes\" \/>\n<script type=\"application\/ld+json\" class=\"yoast-schema-graph\">{\"@context\":\"https:\/\/schema.org\",\"@graph\":[{\"@type\":\"Article\",\"@id\":\"https:\/\/www.africa-press.net\/togo\/toutes-les-actualites\/togo-covidgate-faure-gnassingbe-interpelle#article\",\"isPartOf\":{\"@id\":\"https:\/\/www.africa-press.net\/togo\/toutes-les-actualites\/togo-covidgate-faure-gnassingbe-interpelle\"},\"author\":{\"name\":\"cfeditorfr\",\"@id\":\"https:\/\/www.africa-press.net\/togo\/#\/schema\/person\/2b1cf3cd81a31e3cd26889ca66d677f1\"},\"headline\":\"Togo-Covidgate: Faure Gnassingb\u00e9 interpell\u00e9\",\"datePublished\":\"2023-02-14T17:53:37+00:00\",\"dateModified\":\"2023-02-14T18:59:19+00:00\",\"mainEntityOfPage\":{\"@id\":\"https:\/\/www.africa-press.net\/togo\/toutes-les-actualites\/togo-covidgate-faure-gnassingbe-interpelle\"},\"wordCount\":963,\"commentCount\":0,\"image\":{\"@id\":\"https:\/\/www.africa-press.net\/togo\/toutes-les-actualites\/togo-covidgate-faure-gnassingbe-interpelle#primaryimage\"},\"thumbnailUrl\":\"https:\/\/static.africa-press.net\/togo\/sites\/58\/2023\/02\/postQueueImg_1676384621.89.jpg\",\"keywords\":[\"Africa Press\",\"Africa Press-Togo\",\"Togo\"],\"articleSection\":[\"Communaut\u00e9\",\"Toutes les actualit\u00e9s\"],\"inLanguage\":\"fr-FR\",\"potentialAction\":[{\"@type\":\"CommentAction\",\"name\":\"Comment\",\"target\":[\"https:\/\/www.africa-press.net\/togo\/toutes-les-actualites\/togo-covidgate-faure-gnassingbe-interpelle#respond\"]}]},{\"@type\":\"WebPage\",\"@id\":\"https:\/\/www.africa-press.net\/togo\/toutes-les-actualites\/togo-covidgate-faure-gnassingbe-interpelle\",\"url\":\"https:\/\/www.africa-press.net\/togo\/toutes-les-actualites\/togo-covidgate-faure-gnassingbe-interpelle\",\"name\":\"Togo-Covidgate: Faure Gnassingb\u00e9 interpell\u00e9 - Togo\",\"isPartOf\":{\"@id\":\"https:\/\/www.africa-press.net\/togo\/#website\"},\"primaryImageOfPage\":{\"@id\":\"https:\/\/www.africa-press.net\/togo\/toutes-les-actualites\/togo-covidgate-faure-gnassingbe-interpelle#primaryimage\"},\"image\":{\"@id\":\"https:\/\/www.africa-press.net\/togo\/toutes-les-actualites\/togo-covidgate-faure-gnassingbe-interpelle#primaryimage\"},\"thumbnailUrl\":\"https:\/\/static.africa-press.net\/togo\/sites\/58\/2023\/02\/postQueueImg_1676384621.89.jpg\",\"datePublished\":\"2023-02-14T17:53:37+00:00\",\"dateModified\":\"2023-02-14T18:59:19+00:00\",\"author\":{\"@id\":\"https:\/\/www.africa-press.net\/togo\/#\/schema\/person\/2b1cf3cd81a31e3cd26889ca66d677f1\"},\"description\":\"Un collectif d\u2019organisation de la socie\u0301te\u0301 civile re\u0301agit au rapport de la Cour des Comptes sur la gestion des fonds ...\",\"breadcrumb\":{\"@id\":\"https:\/\/www.africa-press.net\/togo\/toutes-les-actualites\/togo-covidgate-faure-gnassingbe-interpelle#breadcrumb\"},\"inLanguage\":\"fr-FR\",\"potentialAction\":[{\"@type\":\"ReadAction\",\"target\":[\"https:\/\/www.africa-press.net\/togo\/toutes-les-actualites\/togo-covidgate-faure-gnassingbe-interpelle\"]}]},{\"@type\":\"ImageObject\",\"inLanguage\":\"fr-FR\",\"@id\":\"https:\/\/www.africa-press.net\/togo\/toutes-les-actualites\/togo-covidgate-faure-gnassingbe-interpelle#primaryimage\",\"url\":\"https:\/\/static.africa-press.net\/togo\/sites\/58\/2023\/02\/postQueueImg_1676384621.89.jpg\",\"contentUrl\":\"https:\/\/static.africa-press.net\/togo\/sites\/58\/2023\/02\/postQueueImg_1676384621.89.jpg\",\"width\":1292,\"height\":800,\"caption\":\"Togo-Covidgate: Faure Gnassingb\u00e9 interpell\u00e9\"},{\"@type\":\"BreadcrumbList\",\"@id\":\"https:\/\/www.africa-press.net\/togo\/toutes-les-actualites\/togo-covidgate-faure-gnassingbe-interpelle#breadcrumb\",\"itemListElement\":[{\"@type\":\"ListItem\",\"position\":1,\"name\":\"Accueil\",\"item\":\"https:\/\/www.africa-press.net\/togo\/\"},{\"@type\":\"ListItem\",\"position\":2,\"name\":\"Togo-Covidgate: Faure Gnassingb\u00e9 interpell\u00e9\"}]},{\"@type\":\"WebSite\",\"@id\":\"https:\/\/www.africa-press.net\/togo\/#website\",\"url\":\"https:\/\/www.africa-press.net\/togo\/\",\"name\":\"Togo\",\"description\":\"Just another Africa News Agency Sites site\",\"potentialAction\":[{\"@type\":\"SearchAction\",\"target\":{\"@type\":\"EntryPoint\",\"urlTemplate\":\"https:\/\/www.africa-press.net\/togo\/?s={search_term_string}\"},\"query-input\":{\"@type\":\"PropertyValueSpecification\",\"valueRequired\":true,\"valueName\":\"search_term_string\"}}],\"inLanguage\":\"fr-FR\"},{\"@type\":\"Person\",\"@id\":\"https:\/\/www.africa-press.net\/togo\/#\/schema\/person\/2b1cf3cd81a31e3cd26889ca66d677f1\",\"name\":\"cfeditorfr\"}]}<\/script>\n<!-- \/ Yoast SEO Premium plugin. -->","yoast_head_json":{"title":"Togo-Covidgate: Faure Gnassingb\u00e9 interpell\u00e9 - Togo","description":"Un collectif d\u2019organisation de la socie\u0301te\u0301 civile re\u0301agit au rapport de la Cour des Comptes sur la gestion des fonds ...","robots":{"index":"index","follow":"follow","max-snippet":"max-snippet:-1","max-image-preview":"max-image-preview:large","max-video-preview":"max-video-preview:-1"},"canonical":"https:\/\/www.africa-press.net\/togo\/toutes-les-actualites\/togo-covidgate-faure-gnassingbe-interpelle","og_locale":"fr_FR","og_type":"article","og_title":"Togo-Covidgate: Faure Gnassingb\u00e9 interpell\u00e9","og_description":"Un collectif d\u2019organisation de la socie\u0301te\u0301 civile re\u0301agit au rapport de la Cour des Comptes sur la gestion des fonds ...","og_url":"https:\/\/www.africa-press.net\/togo\/toutes-les-actualites\/togo-covidgate-faure-gnassingbe-interpelle","og_site_name":"Togo","article_published_time":"2023-02-14T17:53:37+00:00","article_modified_time":"2023-02-14T18:59:19+00:00","og_image":[{"width":1292,"height":800,"url":"https:\/\/static.africa-press.net\/togo\/sites\/58\/2023\/02\/postQueueImg_1676384621.89.jpg","type":"image\/jpeg"}],"author":"cfeditorfr","twitter_card":"summary_large_image","twitter_misc":{"\u00c9crit par":"cfeditorfr","Dur\u00e9e de lecture estim\u00e9e":"5 minutes"},"schema":{"@context":"https:\/\/schema.org","@graph":[{"@type":"Article","@id":"https:\/\/www.africa-press.net\/togo\/toutes-les-actualites\/togo-covidgate-faure-gnassingbe-interpelle#article","isPartOf":{"@id":"https:\/\/www.africa-press.net\/togo\/toutes-les-actualites\/togo-covidgate-faure-gnassingbe-interpelle"},"author":{"name":"cfeditorfr","@id":"https:\/\/www.africa-press.net\/togo\/#\/schema\/person\/2b1cf3cd81a31e3cd26889ca66d677f1"},"headline":"Togo-Covidgate: Faure Gnassingb\u00e9 interpell\u00e9","datePublished":"2023-02-14T17:53:37+00:00","dateModified":"2023-02-14T18:59:19+00:00","mainEntityOfPage":{"@id":"https:\/\/www.africa-press.net\/togo\/toutes-les-actualites\/togo-covidgate-faure-gnassingbe-interpelle"},"wordCount":963,"commentCount":0,"image":{"@id":"https:\/\/www.africa-press.net\/togo\/toutes-les-actualites\/togo-covidgate-faure-gnassingbe-interpelle#primaryimage"},"thumbnailUrl":"https:\/\/static.africa-press.net\/togo\/sites\/58\/2023\/02\/postQueueImg_1676384621.89.jpg","keywords":["Africa Press","Africa Press-Togo","Togo"],"articleSection":["Communaut\u00e9","Toutes les actualit\u00e9s"],"inLanguage":"fr-FR","potentialAction":[{"@type":"CommentAction","name":"Comment","target":["https:\/\/www.africa-press.net\/togo\/toutes-les-actualites\/togo-covidgate-faure-gnassingbe-interpelle#respond"]}]},{"@type":"WebPage","@id":"https:\/\/www.africa-press.net\/togo\/toutes-les-actualites\/togo-covidgate-faure-gnassingbe-interpelle","url":"https:\/\/www.africa-press.net\/togo\/toutes-les-actualites\/togo-covidgate-faure-gnassingbe-interpelle","name":"Togo-Covidgate: Faure Gnassingb\u00e9 interpell\u00e9 - Togo","isPartOf":{"@id":"https:\/\/www.africa-press.net\/togo\/#website"},"primaryImageOfPage":{"@id":"https:\/\/www.africa-press.net\/togo\/toutes-les-actualites\/togo-covidgate-faure-gnassingbe-interpelle#primaryimage"},"image":{"@id":"https:\/\/www.africa-press.net\/togo\/toutes-les-actualites\/togo-covidgate-faure-gnassingbe-interpelle#primaryimage"},"thumbnailUrl":"https:\/\/static.africa-press.net\/togo\/sites\/58\/2023\/02\/postQueueImg_1676384621.89.jpg","datePublished":"2023-02-14T17:53:37+00:00","dateModified":"2023-02-14T18:59:19+00:00","author":{"@id":"https:\/\/www.africa-press.net\/togo\/#\/schema\/person\/2b1cf3cd81a31e3cd26889ca66d677f1"},"description":"Un collectif d\u2019organisation de la socie\u0301te\u0301 civile re\u0301agit au rapport de la Cour des Comptes sur la gestion des fonds ...","breadcrumb":{"@id":"https:\/\/www.africa-press.net\/togo\/toutes-les-actualites\/togo-covidgate-faure-gnassingbe-interpelle#breadcrumb"},"inLanguage":"fr-FR","potentialAction":[{"@type":"ReadAction","target":["https:\/\/www.africa-press.net\/togo\/toutes-les-actualites\/togo-covidgate-faure-gnassingbe-interpelle"]}]},{"@type":"ImageObject","inLanguage":"fr-FR","@id":"https:\/\/www.africa-press.net\/togo\/toutes-les-actualites\/togo-covidgate-faure-gnassingbe-interpelle#primaryimage","url":"https:\/\/static.africa-press.net\/togo\/sites\/58\/2023\/02\/postQueueImg_1676384621.89.jpg","contentUrl":"https:\/\/static.africa-press.net\/togo\/sites\/58\/2023\/02\/postQueueImg_1676384621.89.jpg","width":1292,"height":800,"caption":"Togo-Covidgate: Faure Gnassingb\u00e9 interpell\u00e9"},{"@type":"BreadcrumbList","@id":"https:\/\/www.africa-press.net\/togo\/toutes-les-actualites\/togo-covidgate-faure-gnassingbe-interpelle#breadcrumb","itemListElement":[{"@type":"ListItem","position":1,"name":"Accueil","item":"https:\/\/www.africa-press.net\/togo\/"},{"@type":"ListItem","position":2,"name":"Togo-Covidgate: Faure Gnassingb\u00e9 interpell\u00e9"}]},{"@type":"WebSite","@id":"https:\/\/www.africa-press.net\/togo\/#website","url":"https:\/\/www.africa-press.net\/togo\/","name":"Togo","description":"Just another Africa News Agency Sites site","potentialAction":[{"@type":"SearchAction","target":{"@type":"EntryPoint","urlTemplate":"https:\/\/www.africa-press.net\/togo\/?s={search_term_string}"},"query-input":{"@type":"PropertyValueSpecification","valueRequired":true,"valueName":"search_term_string"}}],"inLanguage":"fr-FR"},{"@type":"Person","@id":"https:\/\/www.africa-press.net\/togo\/#\/schema\/person\/2b1cf3cd81a31e3cd26889ca66d677f1","name":"cfeditorfr"}]}},"_links":{"self":[{"href":"https:\/\/www.africa-press.net\/togo\/wp-json\/wp\/v2\/posts\/17174","targetHints":{"allow":["GET"]}}],"collection":[{"href":"https:\/\/www.africa-press.net\/togo\/wp-json\/wp\/v2\/posts"}],"about":[{"href":"https:\/\/www.africa-press.net\/togo\/wp-json\/wp\/v2\/types\/post"}],"author":[{"embeddable":true,"href":"https:\/\/www.africa-press.net\/togo\/wp-json\/wp\/v2\/users\/82"}],"replies":[{"embeddable":true,"href":"https:\/\/www.africa-press.net\/togo\/wp-json\/wp\/v2\/comments?post=17174"}],"version-history":[{"count":0,"href":"https:\/\/www.africa-press.net\/togo\/wp-json\/wp\/v2\/posts\/17174\/revisions"}],"wp:featuredmedia":[{"embeddable":true,"href":"https:\/\/www.africa-press.net\/togo\/wp-json\/wp\/v2\/media\/17173"}],"wp:attachment":[{"href":"https:\/\/www.africa-press.net\/togo\/wp-json\/wp\/v2\/media?parent=17174"}],"wp:term":[{"taxonomy":"category","embeddable":true,"href":"https:\/\/www.africa-press.net\/togo\/wp-json\/wp\/v2\/categories?post=17174"},{"taxonomy":"post_tag","embeddable":true,"href":"https:\/\/www.africa-press.net\/togo\/wp-json\/wp\/v2\/tags?post=17174"}],"curies":[{"name":"wp","href":"https:\/\/api.w.org\/{rel}","templated":true}]}}