{"id":17178,"date":"2023-02-14T17:54:16","date_gmt":"2023-02-14T17:54:16","guid":{"rendered":"https:\/\/www.africa-press.net\/togo\/politique\/ldc-psg-bayern-les-compositions-probables"},"modified":"2023-02-14T19:00:37","modified_gmt":"2023-02-14T19:00:37","slug":"ldc-psg-bayern-les-compositions-probables","status":"publish","type":"post","link":"https:\/\/www.africa-press.net\/togo\/sports\/ldc-psg-bayern-les-compositions-probables","title":{"rendered":"LDC-PSG-Bayern : les compositions probables"},"content":{"rendered":"<p><span style=\"color: #ff6600\"><strong>Africa-Press &#8211; Togo. <\/strong><\/span><b>La Coupe aux grandes oreilles reprend ce mardi 14 fe\u0301vrier 2023 avec l\u2019e\u0301tape des 8e\u0300 de finale. Le PSG rec\u0327oit le Bayern Munich au Parc des princes. Voici les compositions probables.<\/b><\/p>\n<p>Ce mardi a\u0300 partir de 20 heures (TU), le Paris Saint-Germain (PSG) joue devant ses supporters les Allemands de Bayern Munich. Une affaire certes alle\u0301chante, mais les deux coaches sont prive\u0301s de certains de leurs atouts.<\/p>\n<p>Tour d\u2019horizon des joueurs qui pourraient e\u0302tre aligne\u0301s.<\/p>\n<p>Au PSG, le gardien Donnarumma est intouchable. Devant lui, seraient aligne\u0301s Hakimi, Marquinhos (cap), Ramos et Mendes. Au milieu de terrain, Verratti, Zai\u0308re-Emery, Danilo et Soler. On notera ici l\u2019absence de Presnel Kimpembe. Ce dernier est revenu de blessure et n\u2019est pas encore a\u0300 1010% de sa forme.<\/p>\n<p>L\u2019attaque sera anime\u0301e par le duo Messi-Neymar. Bien qu\u2019il ait repris les se\u0301ances collectives d\u2019entrai\u0302nement, tout porte a\u0300 croire que Kylian Mbappe\u0301 ne de\u0301buterait pas cette rencontre de\u0301cisive au Parc des princes.<\/p>\n<p>En face, les visiteurs aligneraient : Sommer \u2013 Cancelo, Upamecano, De Ligt, Davies \u2013 Kimmich, Musiala \u2013 Mu\u0308ller, Sane\u0301, Coman \u2013 Choupo-Moting. C\u2019est l\u2019e\u0301quipe type qui joue ensemble depuis quelques rencontres. Un peu malmene\u0301s en championnat, les Bavarois semblent avoir retrouve\u0301 leur hargne. Le Se\u0301ne\u0301gal Sadio Mane\u0301, blesse\u0301, suivra le match a\u0300 la te\u0301le\u0301vision.<\/p>\n<p><strong>Pour plus d&rsquo;informations et d&rsquo;analyses sur la <a href=\"https:\/\/www.africa-press.net\/togo\">Togo<\/a>, suivez <a href=\"https:\/\/www.africa-press.net\/\">Africa-Press<\/a><\/strong><\/p>\n","protected":false},"excerpt":{"rendered":"<p>Africa-Press &#8211; Togo. La Coupe aux grandes oreilles reprend ce mardi 14 fe\u0301vrier 2023 avec l\u2019e\u0301tape des 8e\u0300 de finale. Le PSG rec\u0327oit le Bayern Munich au Parc des princes. Voici les compositions probables. Ce mardi a\u0300 partir de 20 heures (TU), le Paris Saint-Germain (PSG) joue devant ses supporters les Allemands de Bayern Munich. [&hellip;]<\/p>\n","protected":false},"author":82,"featured_media":17177,"comment_status":"open","ping_status":"closed","sticky":false,"template":"","format":"standard","meta":{"footnotes":""},"categories":[6,10],"tags":[36,49,50],"class_list":["post-17178","post","type-post","status-publish","format-standard","has-post-thumbnail","hentry","category-sports","category-toutes-les-actualites","tag-africa-press","tag-africa-press-togo","tag-togo"],"yoast_head":"<!-- This site is optimized with the Yoast SEO Premium plugin v26.1 (Yoast SEO v27.0) - https:\/\/yoast.com\/product\/yoast-seo-premium-wordpress\/ -->\n<title>LDC-PSG-Bayern : les compositions probables - Togo<\/title>\n<meta name=\"description\" content=\"La Coupe aux grandes oreilles reprend ce mardi 14 fe\u0301vrier 2023 avec l\u2019e\u0301tape des 8e\u0300 de finale. Le PSG rec\u0327oit le Ba ...\" \/>\n<meta name=\"robots\" content=\"index, follow, max-snippet:-1, max-image-preview:large, max-video-preview:-1\" \/>\n<link rel=\"canonical\" href=\"https:\/\/www.africa-press.net\/togo\/sports\/ldc-psg-bayern-les-compositions-probables\" \/>\n<meta property=\"og:locale\" content=\"fr_FR\" \/>\n<meta property=\"og:type\" content=\"article\" \/>\n<meta property=\"og:title\" content=\"LDC-PSG-Bayern : les compositions probables\" \/>\n<meta property=\"og:description\" content=\"La Coupe aux grandes oreilles reprend ce mardi 14 fe\u0301vrier 2023 avec l\u2019e\u0301tape des 8e\u0300 de finale. Le PSG rec\u0327oit le Ba ...\" \/>\n<meta property=\"og:url\" content=\"https:\/\/www.africa-press.net\/togo\/sports\/ldc-psg-bayern-les-compositions-probables\" \/>\n<meta property=\"og:site_name\" content=\"Togo\" \/>\n<meta property=\"article:published_time\" content=\"2023-02-14T17:54:16+00:00\" \/>\n<meta property=\"article:modified_time\" content=\"2023-02-14T19:00:37+00:00\" \/>\n<meta property=\"og:image\" content=\"https:\/\/static.africa-press.net\/togo\/sites\/58\/2023\/02\/postQueueImg_1676384660.81.jpg\" \/>\n\t<meta property=\"og:image:width\" content=\"1280\" \/>\n\t<meta property=\"og:image:height\" content=\"800\" \/>\n\t<meta property=\"og:image:type\" content=\"image\/jpeg\" \/>\n<meta name=\"author\" content=\"cfeditorfr\" \/>\n<meta name=\"twitter:card\" content=\"summary_large_image\" \/>\n<meta name=\"twitter:label1\" content=\"\u00c9crit par\" \/>\n\t<meta name=\"twitter:data1\" content=\"cfeditorfr\" \/>\n\t<meta name=\"twitter:label2\" content=\"Dur\u00e9e de lecture estim\u00e9e\" \/>\n\t<meta name=\"twitter:data2\" content=\"2 minutes\" \/>\n<script type=\"application\/ld+json\" class=\"yoast-schema-graph\">{\"@context\":\"https:\/\/schema.org\",\"@graph\":[{\"@type\":\"Article\",\"@id\":\"https:\/\/www.africa-press.net\/togo\/sports\/ldc-psg-bayern-les-compositions-probables#article\",\"isPartOf\":{\"@id\":\"https:\/\/www.africa-press.net\/togo\/sports\/ldc-psg-bayern-les-compositions-probables\"},\"author\":{\"name\":\"cfeditorfr\",\"@id\":\"https:\/\/www.africa-press.net\/togo\/#\/schema\/person\/2b1cf3cd81a31e3cd26889ca66d677f1\"},\"headline\":\"LDC-PSG-Bayern : les compositions probables\",\"datePublished\":\"2023-02-14T17:54:16+00:00\",\"dateModified\":\"2023-02-14T19:00:37+00:00\",\"mainEntityOfPage\":{\"@id\":\"https:\/\/www.africa-press.net\/togo\/sports\/ldc-psg-bayern-les-compositions-probables\"},\"wordCount\":249,\"commentCount\":0,\"image\":{\"@id\":\"https:\/\/www.africa-press.net\/togo\/sports\/ldc-psg-bayern-les-compositions-probables#primaryimage\"},\"thumbnailUrl\":\"https:\/\/static.africa-press.net\/togo\/sites\/58\/2023\/02\/postQueueImg_1676384660.81.jpg\",\"keywords\":[\"Africa Press\",\"Africa Press-Togo\",\"Togo\"],\"articleSection\":[\"Sports\",\"Toutes les actualit\u00e9s\"],\"inLanguage\":\"fr-FR\",\"potentialAction\":[{\"@type\":\"CommentAction\",\"name\":\"Comment\",\"target\":[\"https:\/\/www.africa-press.net\/togo\/sports\/ldc-psg-bayern-les-compositions-probables#respond\"]}]},{\"@type\":\"WebPage\",\"@id\":\"https:\/\/www.africa-press.net\/togo\/sports\/ldc-psg-bayern-les-compositions-probables\",\"url\":\"https:\/\/www.africa-press.net\/togo\/sports\/ldc-psg-bayern-les-compositions-probables\",\"name\":\"LDC-PSG-Bayern : les compositions probables - Togo\",\"isPartOf\":{\"@id\":\"https:\/\/www.africa-press.net\/togo\/#website\"},\"primaryImageOfPage\":{\"@id\":\"https:\/\/www.africa-press.net\/togo\/sports\/ldc-psg-bayern-les-compositions-probables#primaryimage\"},\"image\":{\"@id\":\"https:\/\/www.africa-press.net\/togo\/sports\/ldc-psg-bayern-les-compositions-probables#primaryimage\"},\"thumbnailUrl\":\"https:\/\/static.africa-press.net\/togo\/sites\/58\/2023\/02\/postQueueImg_1676384660.81.jpg\",\"datePublished\":\"2023-02-14T17:54:16+00:00\",\"dateModified\":\"2023-02-14T19:00:37+00:00\",\"author\":{\"@id\":\"https:\/\/www.africa-press.net\/togo\/#\/schema\/person\/2b1cf3cd81a31e3cd26889ca66d677f1\"},\"description\":\"La Coupe aux grandes oreilles reprend ce mardi 14 fe\u0301vrier 2023 avec l\u2019e\u0301tape des 8e\u0300 de finale. Le PSG rec\u0327oit le Ba ...\",\"breadcrumb\":{\"@id\":\"https:\/\/www.africa-press.net\/togo\/sports\/ldc-psg-bayern-les-compositions-probables#breadcrumb\"},\"inLanguage\":\"fr-FR\",\"potentialAction\":[{\"@type\":\"ReadAction\",\"target\":[\"https:\/\/www.africa-press.net\/togo\/sports\/ldc-psg-bayern-les-compositions-probables\"]}]},{\"@type\":\"ImageObject\",\"inLanguage\":\"fr-FR\",\"@id\":\"https:\/\/www.africa-press.net\/togo\/sports\/ldc-psg-bayern-les-compositions-probables#primaryimage\",\"url\":\"https:\/\/static.africa-press.net\/togo\/sites\/58\/2023\/02\/postQueueImg_1676384660.81.jpg\",\"contentUrl\":\"https:\/\/static.africa-press.net\/togo\/sites\/58\/2023\/02\/postQueueImg_1676384660.81.jpg\",\"width\":1280,\"height\":800,\"caption\":\"LDC-PSG-Bayern : les compositions probables\"},{\"@type\":\"BreadcrumbList\",\"@id\":\"https:\/\/www.africa-press.net\/togo\/sports\/ldc-psg-bayern-les-compositions-probables#breadcrumb\",\"itemListElement\":[{\"@type\":\"ListItem\",\"position\":1,\"name\":\"Accueil\",\"item\":\"https:\/\/www.africa-press.net\/togo\/\"},{\"@type\":\"ListItem\",\"position\":2,\"name\":\"LDC-PSG-Bayern : les compositions probables\"}]},{\"@type\":\"WebSite\",\"@id\":\"https:\/\/www.africa-press.net\/togo\/#website\",\"url\":\"https:\/\/www.africa-press.net\/togo\/\",\"name\":\"Togo\",\"description\":\"Just another Africa News Agency Sites site\",\"potentialAction\":[{\"@type\":\"SearchAction\",\"target\":{\"@type\":\"EntryPoint\",\"urlTemplate\":\"https:\/\/www.africa-press.net\/togo\/?s={search_term_string}\"},\"query-input\":{\"@type\":\"PropertyValueSpecification\",\"valueRequired\":true,\"valueName\":\"search_term_string\"}}],\"inLanguage\":\"fr-FR\"},{\"@type\":\"Person\",\"@id\":\"https:\/\/www.africa-press.net\/togo\/#\/schema\/person\/2b1cf3cd81a31e3cd26889ca66d677f1\",\"name\":\"cfeditorfr\"}]}<\/script>\n<!-- \/ Yoast SEO Premium plugin. -->","yoast_head_json":{"title":"LDC-PSG-Bayern : les compositions probables - Togo","description":"La Coupe aux grandes oreilles reprend ce mardi 14 fe\u0301vrier 2023 avec l\u2019e\u0301tape des 8e\u0300 de finale. Le PSG rec\u0327oit le Ba ...","robots":{"index":"index","follow":"follow","max-snippet":"max-snippet:-1","max-image-preview":"max-image-preview:large","max-video-preview":"max-video-preview:-1"},"canonical":"https:\/\/www.africa-press.net\/togo\/sports\/ldc-psg-bayern-les-compositions-probables","og_locale":"fr_FR","og_type":"article","og_title":"LDC-PSG-Bayern : les compositions probables","og_description":"La Coupe aux grandes oreilles reprend ce mardi 14 fe\u0301vrier 2023 avec l\u2019e\u0301tape des 8e\u0300 de finale. Le PSG rec\u0327oit le Ba ...","og_url":"https:\/\/www.africa-press.net\/togo\/sports\/ldc-psg-bayern-les-compositions-probables","og_site_name":"Togo","article_published_time":"2023-02-14T17:54:16+00:00","article_modified_time":"2023-02-14T19:00:37+00:00","og_image":[{"width":1280,"height":800,"url":"https:\/\/static.africa-press.net\/togo\/sites\/58\/2023\/02\/postQueueImg_1676384660.81.jpg","type":"image\/jpeg"}],"author":"cfeditorfr","twitter_card":"summary_large_image","twitter_misc":{"\u00c9crit par":"cfeditorfr","Dur\u00e9e de lecture estim\u00e9e":"2 minutes"},"schema":{"@context":"https:\/\/schema.org","@graph":[{"@type":"Article","@id":"https:\/\/www.africa-press.net\/togo\/sports\/ldc-psg-bayern-les-compositions-probables#article","isPartOf":{"@id":"https:\/\/www.africa-press.net\/togo\/sports\/ldc-psg-bayern-les-compositions-probables"},"author":{"name":"cfeditorfr","@id":"https:\/\/www.africa-press.net\/togo\/#\/schema\/person\/2b1cf3cd81a31e3cd26889ca66d677f1"},"headline":"LDC-PSG-Bayern : les compositions probables","datePublished":"2023-02-14T17:54:16+00:00","dateModified":"2023-02-14T19:00:37+00:00","mainEntityOfPage":{"@id":"https:\/\/www.africa-press.net\/togo\/sports\/ldc-psg-bayern-les-compositions-probables"},"wordCount":249,"commentCount":0,"image":{"@id":"https:\/\/www.africa-press.net\/togo\/sports\/ldc-psg-bayern-les-compositions-probables#primaryimage"},"thumbnailUrl":"https:\/\/static.africa-press.net\/togo\/sites\/58\/2023\/02\/postQueueImg_1676384660.81.jpg","keywords":["Africa Press","Africa Press-Togo","Togo"],"articleSection":["Sports","Toutes les actualit\u00e9s"],"inLanguage":"fr-FR","potentialAction":[{"@type":"CommentAction","name":"Comment","target":["https:\/\/www.africa-press.net\/togo\/sports\/ldc-psg-bayern-les-compositions-probables#respond"]}]},{"@type":"WebPage","@id":"https:\/\/www.africa-press.net\/togo\/sports\/ldc-psg-bayern-les-compositions-probables","url":"https:\/\/www.africa-press.net\/togo\/sports\/ldc-psg-bayern-les-compositions-probables","name":"LDC-PSG-Bayern : les compositions probables - Togo","isPartOf":{"@id":"https:\/\/www.africa-press.net\/togo\/#website"},"primaryImageOfPage":{"@id":"https:\/\/www.africa-press.net\/togo\/sports\/ldc-psg-bayern-les-compositions-probables#primaryimage"},"image":{"@id":"https:\/\/www.africa-press.net\/togo\/sports\/ldc-psg-bayern-les-compositions-probables#primaryimage"},"thumbnailUrl":"https:\/\/static.africa-press.net\/togo\/sites\/58\/2023\/02\/postQueueImg_1676384660.81.jpg","datePublished":"2023-02-14T17:54:16+00:00","dateModified":"2023-02-14T19:00:37+00:00","author":{"@id":"https:\/\/www.africa-press.net\/togo\/#\/schema\/person\/2b1cf3cd81a31e3cd26889ca66d677f1"},"description":"La Coupe aux grandes oreilles reprend ce mardi 14 fe\u0301vrier 2023 avec l\u2019e\u0301tape des 8e\u0300 de finale. Le PSG rec\u0327oit le Ba ...","breadcrumb":{"@id":"https:\/\/www.africa-press.net\/togo\/sports\/ldc-psg-bayern-les-compositions-probables#breadcrumb"},"inLanguage":"fr-FR","potentialAction":[{"@type":"ReadAction","target":["https:\/\/www.africa-press.net\/togo\/sports\/ldc-psg-bayern-les-compositions-probables"]}]},{"@type":"ImageObject","inLanguage":"fr-FR","@id":"https:\/\/www.africa-press.net\/togo\/sports\/ldc-psg-bayern-les-compositions-probables#primaryimage","url":"https:\/\/static.africa-press.net\/togo\/sites\/58\/2023\/02\/postQueueImg_1676384660.81.jpg","contentUrl":"https:\/\/static.africa-press.net\/togo\/sites\/58\/2023\/02\/postQueueImg_1676384660.81.jpg","width":1280,"height":800,"caption":"LDC-PSG-Bayern : les compositions probables"},{"@type":"BreadcrumbList","@id":"https:\/\/www.africa-press.net\/togo\/sports\/ldc-psg-bayern-les-compositions-probables#breadcrumb","itemListElement":[{"@type":"ListItem","position":1,"name":"Accueil","item":"https:\/\/www.africa-press.net\/togo\/"},{"@type":"ListItem","position":2,"name":"LDC-PSG-Bayern : les compositions probables"}]},{"@type":"WebSite","@id":"https:\/\/www.africa-press.net\/togo\/#website","url":"https:\/\/www.africa-press.net\/togo\/","name":"Togo","description":"Just another Africa News Agency Sites site","potentialAction":[{"@type":"SearchAction","target":{"@type":"EntryPoint","urlTemplate":"https:\/\/www.africa-press.net\/togo\/?s={search_term_string}"},"query-input":{"@type":"PropertyValueSpecification","valueRequired":true,"valueName":"search_term_string"}}],"inLanguage":"fr-FR"},{"@type":"Person","@id":"https:\/\/www.africa-press.net\/togo\/#\/schema\/person\/2b1cf3cd81a31e3cd26889ca66d677f1","name":"cfeditorfr"}]}},"_links":{"self":[{"href":"https:\/\/www.africa-press.net\/togo\/wp-json\/wp\/v2\/posts\/17178","targetHints":{"allow":["GET"]}}],"collection":[{"href":"https:\/\/www.africa-press.net\/togo\/wp-json\/wp\/v2\/posts"}],"about":[{"href":"https:\/\/www.africa-press.net\/togo\/wp-json\/wp\/v2\/types\/post"}],"author":[{"embeddable":true,"href":"https:\/\/www.africa-press.net\/togo\/wp-json\/wp\/v2\/users\/82"}],"replies":[{"embeddable":true,"href":"https:\/\/www.africa-press.net\/togo\/wp-json\/wp\/v2\/comments?post=17178"}],"version-history":[{"count":0,"href":"https:\/\/www.africa-press.net\/togo\/wp-json\/wp\/v2\/posts\/17178\/revisions"}],"wp:featuredmedia":[{"embeddable":true,"href":"https:\/\/www.africa-press.net\/togo\/wp-json\/wp\/v2\/media\/17177"}],"wp:attachment":[{"href":"https:\/\/www.africa-press.net\/togo\/wp-json\/wp\/v2\/media?parent=17178"}],"wp:term":[{"taxonomy":"category","embeddable":true,"href":"https:\/\/www.africa-press.net\/togo\/wp-json\/wp\/v2\/categories?post=17178"},{"taxonomy":"post_tag","embeddable":true,"href":"https:\/\/www.africa-press.net\/togo\/wp-json\/wp\/v2\/tags?post=17178"}],"curies":[{"name":"wp","href":"https:\/\/api.w.org\/{rel}","templated":true}]}}